{"id":13221,"date":"2021-02-23T15:24:22","date_gmt":"2021-02-23T21:24:22","guid":{"rendered":"https:\/\/soy.usac.edu.gt\/?p=13221"},"modified":"2021-02-24T08:54:14","modified_gmt":"2021-02-24T14:54:14","slug":"estas-son-las-posturas-de-los-aspirantes-a-magistrados-ante-la-cc-sobre-diversos-temas-de-interes-nacional-y-sus-respuestas-a-las-impugnaciones","status":"publish","type":"post","link":"https:\/\/soy.usac.edu.gt\/?p=13221","title":{"rendered":"Estas son las posturas de los aspirantes a magistrados ante la CC sobre diversos temas de inter\u00e9s nacional y sus respuestas a se\u00f1alamientos"},"content":{"rendered":"\n<p style=\"text-align: right;\"><strong><em>Los siete candidatos tuvieron un per\u00edodo de 15 minutos para presentarse y 45 minutos para resolver preguntas directas y abiertas del Consejo Superior Universitario (CSU).<\/em><\/strong><\/p>\n<p style=\"text-align: justify;\"><strong>Por Ingrid C\u00e1rdenas y Claudia Rodr\u00edguez<\/strong><\/p>\n<p style=\"text-align: justify;\"><strong>Fotos: Edson Lozano <\/strong><\/p>\n<p style=\"text-align: justify;\">El Rector Ing. Murphy Paiz destac\u00f3 que estas entrevistas le permitieron al Consejo Superior Universitario (CSU) conocer caracter\u00edsticas y capacidades; comprender sus visiones y agendas de trabajo para la construcci\u00f3n del Estado de derecho, respeto a las garant\u00edas constitucionales y derechos humanos. \u201cContamos con elementos para analizar, evaluar y dise\u00f1ar el modelo de votaci\u00f3n, que ser\u00e1 abierto, de viva voz, el viernes\u201d, a\u00f1adi\u00f3.\u00a0\u00a0<\/p>\n<p style=\"text-align: justify;\">Esta actividad fue de car\u00e1cter p\u00fablico, abierta a la cr\u00edtica, evaluaci\u00f3n y la auditor\u00eda social. \u201cEsto nos da m\u00e1s capacidad de respuesta para la asignaci\u00f3n, que es lo m\u00e1s digno y representativo para este privilegio universitario de apoyar a la poblaci\u00f3n guatemalteca\u201d, asever\u00f3 Paiz.<\/p>\n<div>\n<div>\n<div>\n<div>\n<div class=\"block-editor-block-list__layout\">\n<div id=\"block-3866b73d-0a70-414a-8ba4-2102d97b42e7\" class=\"wp-block block-editor-block-list__block has-selected-ui\" tabindex=\"0\" role=\"group\" data-block=\"3866b73d-0a70-414a-8ba4-2102d97b42e7\" data-type=\"core\/heading\" aria-label=\"Bloque: Encabezado\">\n<h2 class=\"rich-text block-editor-rich-text__editable\" role=\"textbox\" aria-multiline=\"true\" aria-label=\"Escribe el encabezado\u2026\">A continuaci\u00f3n se presenta una s\u00edntesis de los perfiles y principales temas abordados por cada aspirante:<\/h2>\n<\/div>\n<div id=\"block-24317776-feb3-4d16-bedc-5b526a3f2053\" class=\"wp-block block-editor-block-list__block has-selected-ui\" tabindex=\"0\" role=\"group\" data-block=\"24317776-feb3-4d16-bedc-5b526a3f2053\" data-type=\"core\/heading\" aria-label=\"Bloque: Encabezado\">\n<h2 class=\"rich-text block-editor-rich-text__editable\" role=\"textbox\" aria-multiline=\"true\" aria-label=\"Escribe el encabezado\u2026\"><strong>Juan Carlos God\u00ednez Rodr\u00edguez<\/strong><\/h2>\n<\/div>\n<div id=\"block-48f9267e-8907-49ec-b89c-1e9c488cd461\" class=\"wp-block block-editor-block-list__block has-selected-ui\" tabindex=\"0\" role=\"group\" data-block=\"48f9267e-8907-49ec-b89c-1e9c488cd461\" data-type=\"core\/image\" aria-label=\"Bloque: Imagen\">\n<figure class=\"wp-block-image size-large\">\n<div>\n<div class=\"components-resizable-box__container\"><img decoding=\"async\" src=\"https:\/\/soy.usac.edu.gt\/wp-content\/uploads\/2021\/02\/photo5017484338715011512-1024x682.jpg\" alt=\"La imagen tiene un atributo ALT vac\u00edo; su nombre de archivo es photo5017484338715011512-1024x682.jpg\" \/><\/div>\n<div class=\"__resizable_base__\">\u00a0<\/div>\n<\/div>\n<\/figure>\n<div class=\"components-drop-zone\">\u00a0<\/div>\n<\/div>\n<div id=\"block-0e36f1aa-cf04-4cbd-8791-961d606302e1\" class=\"wp-block block-editor-block-list__block has-selected-ui\" tabindex=\"0\" role=\"group\" data-block=\"0e36f1aa-cf04-4cbd-8791-961d606302e1\" data-type=\"tadv\/classic-paragraph\" aria-label=\"Bloque: P\u00e1rrafo cl\u00e1sico\">\n<div id=\"editor-0e36f1aa-cf04-4cbd-8791-961d606302e1\" class=\"wp-block-freeform block-library-rich-text__tinymce tma-classic-paragraph mce-content-body html5-captions\" contenteditable=\"true\">\n<ul>\n<li><strong>47 a\u00f1os. Abogado y notario. Doctor en Ciencias Penales, es integrante del Consejo Superior Universitario, representante del Colegio de Profesionales.<\/strong><\/li>\n<li><strong>Posee un postdoctorado en g\u00e9nero y sistema penal por el Centro de Estudios Superiores en Ciencias Jur\u00eddicas y Criminol\u00f3gicas.<\/strong><\/li>\n<\/ul>\n<p style=\"text-align: justify;\">En su intervenci\u00f3n manifest\u00f3 que ejerce la profesi\u00f3n de abogado en una oficina propia, el a\u00f1o pasado declar\u00f3 en promedio la facturaci\u00f3n de Q 35,000 a 40,000 mensuales. Como parte de su perfil psicol\u00f3gico, enumer\u00f3 rasgos como la honradez, independencia, honorabilidad, empat\u00eda, perseverancia y agilidad para resolver conflictos.\u00a0 Exterioriz\u00f3 no creer en la pena de muerte y estar en contra del aborto. Con respecto al tema de los costos elevados de medicamentos, expuso que deben atacarse los monopolios, los cuales designan precios sobreestimados; asimismo, destac\u00f3 que en Guatemala existe personal capacitado para producir medicina.\u00a0<\/p>\n<p style=\"text-align: justify;\">Ha sido asesor del exalcalde de Mixco Am\u00edlcar Rivera y del alcalde actual, Neto Bran. Tambi\u00e9n ha trabajado como abogado defensor de Gustavo Alejos y Gustavo Herrera, expres\u00f3 que de acuerdo con los derechos humanos y normativa internacional, no puede ser ligado a las causas que defiende en el ejercicio de su profesi\u00f3n. Al ser preguntado acerca de una reuni\u00f3n con Gustavo Alejos, aclar\u00f3 que fue a visitarlo a un sanatorio, mientras esperaban a otro abogado; el motivo fue exclusivamente profesional.<\/p>\n<p style=\"text-align: justify;\">Si fuera electo como magistrado titular o suplente ante la Corte de Constitucionalidad, no se abstendr\u00eda de resolver los procedimientos seg\u00fan los plazos legales, menos para su casa de estudios, como ha ocurrido con los recursos de aclaraci\u00f3n y ampliaci\u00f3n para que a la USAC le sea asignado el presupuesto constitucional.<\/p>\n<p style=\"text-align: justify;\">Acerca de los se\u00f1alamientos sobre su relaci\u00f3n con el grupo Los Huistas, explic\u00f3 que \u00e9l no pudo haber figurado en el juzgado donde se daba seguimiento al caso, puesto que como integrante del Tribunal de Honor, ten\u00eda que tomar una decisi\u00f3n acerca del juzgador que deb\u00eda resolver el caso.<\/p>\n<\/div>\n<\/div>\n<div id=\"block-30f9657d-f664-4251-a425-554787403c91\" class=\"wp-block block-editor-block-list__block has-selected-ui\" tabindex=\"0\" role=\"group\" data-block=\"30f9657d-f664-4251-a425-554787403c91\" data-type=\"core\/heading\" aria-label=\"Bloque: Encabezado\">\n<h2 class=\"rich-text block-editor-rich-text__editable\" role=\"textbox\" aria-multiline=\"true\" aria-label=\"Escribe el encabezado\u2026\"><strong>Delia Marina D\u00e1vila Salazar<\/strong><\/h2>\n<\/div>\n<div id=\"block-932021c4-8223-468a-9032-57f15bcff3eb\" class=\"wp-block block-editor-block-list__block has-selected-ui\" tabindex=\"0\" role=\"group\" data-block=\"932021c4-8223-468a-9032-57f15bcff3eb\" data-type=\"core\/image\" aria-label=\"Bloque: Imagen\">\n<figure class=\"wp-block-image size-large\">\n<div>\n<div class=\"components-resizable-box__container\"><img decoding=\"async\" src=\"https:\/\/soy.usac.edu.gt\/wp-content\/uploads\/2021\/02\/photo5017484338715011510-1-1024x682.jpg\" alt=\"La imagen tiene un atributo ALT vac\u00edo; su nombre de archivo es photo5017484338715011510-1-1024x682.jpg\" \/><\/div>\n<div class=\"__resizable_base__\">\u00a0<\/div>\n<\/div>\n<\/figure>\n<div class=\"components-drop-zone\">\u00a0<\/div>\n<\/div>\n<div id=\"block-f0388a8c-0e75-43bf-aaba-86f17a6632be\" class=\"wp-block block-editor-block-list__block has-selected-ui\" tabindex=\"0\" role=\"group\" data-block=\"f0388a8c-0e75-43bf-aaba-86f17a6632be\" data-type=\"tadv\/classic-paragraph\" aria-label=\"Bloque: P\u00e1rrafo cl\u00e1sico\">\n<div id=\"editor-f0388a8c-0e75-43bf-aaba-86f17a6632be\" class=\"wp-block-freeform block-library-rich-text__tinymce tma-classic-paragraph mce-content-body html5-captions\" contenteditable=\"true\">\n<ul>\n<li><strong>61 a\u00f1os. Abogada y notaria. Es magistrada titular de la Corte Suprema de Justicia.<\/strong><\/li>\n<li><strong>Doctora en Derecho por la USAC; mag\u00edster en g\u00e9nero y justicia por la Universidad Mariano G\u00e1lvez.<\/strong><\/li>\n<\/ul>\n<p style=\"text-align: justify;\">Sobre el aporte constitucional para la USAC, expres\u00f3 que en su plan har\u00e1 un diagn\u00f3stico para revisar todos los casos con mora judicial, asegur\u00f3 dar cumplimiento constitucional. \u201cSe debe proporcionar el aporte de acuerdo con las necesidades de la poblaci\u00f3n estudiantil, la cual ha crecido, el presupuesto puede ser incluso mayor del 5 %\u201d.<\/p>\n<p style=\"text-align: justify;\">Manifest\u00f3 la necesidad de que se superen todas las debilidades que se encuentren al momento de iniciar el cargo. \u201cYo garantizo que lo que expreso aqu\u00ed lo voy a cumplir\u201d, enfatiz\u00f3.<\/p>\n<p style=\"text-align: justify;\">Sobre la activaci\u00f3n de la pena de muerte, mencion\u00f3 que ha sido un discurso populista. \u201cNuestra Constituci\u00f3n, en el art\u00edculo 18, la regula, sin embargo, tiene tendencia abolicionista, no es una pena general, sino que tiene varias excepciones. En el Pacto de San Jos\u00e9, art\u00edculo 4, se invita a los Estados que han ratificado la convenci\u00f3n a la abolici\u00f3n de la pena de muerte, para aplicarla deben concluirse otras v\u00edas, hasta el indulto, en Guatemala esto no est\u00e1 regulado, por lo que no puede aplicarse\u201d.<\/p>\n<p style=\"text-align: justify;\">Acerca de la legalizaci\u00f3n del aborto, expres\u00f3 que hay cerca de 80,000 ni\u00f1as que quedan embarazadas, a quienes se les destruyen los planes de vida, por lo que debe trabajarse en la deconstrucci\u00f3n machista para que las ni\u00f1as tengan una vida libre de violencia.<\/p>\n<p style=\"text-align: justify;\">Sobre la cooptaci\u00f3n de la justicia, respondi\u00f3 que hay libertad en el ejercicio de la profesi\u00f3n, pero podr\u00eda haber conflicto de intereses cuando se litiga y luego se es juez.<\/p>\n<\/div>\n<\/div>\n<div id=\"block-640ef54b-ea29-46de-9b8f-7c9fdb3f2224\" class=\"wp-block block-editor-block-list__block has-selected-ui\" tabindex=\"0\" role=\"group\" data-block=\"640ef54b-ea29-46de-9b8f-7c9fdb3f2224\" data-type=\"core\/heading\" aria-label=\"Bloque: Encabezado\">\n<h2 class=\"rich-text block-editor-rich-text__editable\" role=\"textbox\" aria-multiline=\"true\" aria-label=\"Escribe el encabezado\u2026\"><strong>Mynor Eduardo Gonz\u00e1lez M\u00e9ndez<\/strong><\/h2>\n<\/div>\n<div id=\"block-f7b86004-20a5-45f2-94d9-6c416cb518a8\" class=\"wp-block block-editor-block-list__block has-selected-ui\" tabindex=\"0\" role=\"group\" data-block=\"f7b86004-20a5-45f2-94d9-6c416cb518a8\" data-type=\"core\/image\" aria-label=\"Bloque: Imagen\">\n<figure class=\"wp-block-image size-large\">\n<div>\n<div class=\"components-resizable-box__container\"><img decoding=\"async\" src=\"https:\/\/soy.usac.edu.gt\/wp-content\/uploads\/2021\/02\/photo5017484338715011509-1024x682.jpg\" alt=\"La imagen tiene un atributo ALT vac\u00edo; su nombre de archivo es photo5017484338715011509-1024x682.jpg\" \/><\/div>\n<div class=\"__resizable_base__\">\u00a0<\/div>\n<\/div>\n<\/figure>\n<div class=\"components-drop-zone\">\u00a0<\/div>\n<\/div>\n<div id=\"block-e0b64294-cc83-480b-84ac-8ce658115071\" class=\"wp-block block-editor-block-list__block has-selected-ui\" tabindex=\"0\" role=\"group\" data-block=\"e0b64294-cc83-480b-84ac-8ce658115071\" data-type=\"tadv\/classic-paragraph\" aria-label=\"Bloque: P\u00e1rrafo cl\u00e1sico\">\n<div id=\"editor-e0b64294-cc83-480b-84ac-8ce658115071\" class=\"wp-block-freeform block-library-rich-text__tinymce tma-classic-paragraph mce-content-body html5-captions\" contenteditable=\"true\">\n<ul>\n<li><strong>50 a\u00f1os. Abogado y notario. Es litigante y docente universitario.<\/strong><\/li>\n<li><strong>Es doctor en Derecho Penal y Procesal Penal por la Universidad Da Vinci. Tiene estudios de postdoctorado en g\u00e9nero y sistema penal en M\u00e9xico.<\/strong><\/li>\n<li><strong>En 2008 fue quinto viceministro de Gobernaci\u00f3n (gobierno de la UNE).<\/strong><\/li>\n<\/ul>\n<p style=\"text-align: justify;\">Propone implementar la figura de suspensi\u00f3n definitiva del amparo, cuando esta acci\u00f3n sea interpuesta para entorpecer los procesos o para evadir responsabilidades que violentan derechos humanos.<\/p>\n<p style=\"text-align: justify;\">Con respecto al acceso a medicamentos para toda la poblaci\u00f3n y su visi\u00f3n de los monopolios farmac\u00e9uticos, expres\u00f3 que el derecho a la salud es universal. Agreg\u00f3 que el IGSS ha interpuesto amparos para no prestar servicios y queda a decisi\u00f3n de un funcionario resolver, para lo cual pueden pasar a\u00f1os, por lo que a veces los enfermos mueren sin que se les proporcionen tratamientos o medicinas.<\/p>\n<p style=\"text-align: justify;\">\u201cMi postura ser\u00e1 que se respeten los derechos humanos. Hay que dictar las resoluciones correspondientes, no puede dejarse en manos de funcionarios la vida de las personas. La suspensi\u00f3n definitiva del amparo reducir\u00eda su interposici\u00f3n en un 50 % y la resoluci\u00f3n ser\u00e1 m\u00e1s r\u00e1pida\u201d.<\/p>\n<p style=\"text-align: justify;\">Con respecto a la salida de la CICIG del pa\u00eds, se le\u00a0 pregunt\u00f3 si aprobar\u00eda otro \u00f3rgano similar, a lo que respondi\u00f3: \u201cSomos capaces en Guatemala, tenemos suficientes profesionales, lo que necesitamos es apoyo de la comunidad internacional, pero debemos exigir respeto a nuestra independencia. El apoyo para atacar la corrupci\u00f3n es excelente y lo debemos recibir, hay que tener la visi\u00f3n de reducir al m\u00ednimo la corrupci\u00f3n\u201d.<\/p>\n<p style=\"text-align: justify;\">Ante los cuestionamientos sobre si apoya el matrimonio igualitario, expres\u00f3 no estar de acuerdo. Sobre la pena de muerte y la legalizaci\u00f3n del aborto, indic\u00f3 que personalmente no est\u00e1 a favor; sin embargo, en casos concretos, esa decisi\u00f3n se tomar\u00eda a trav\u00e9s del pleno de magistrados.<\/p>\n<p style=\"text-align: justify;\">En cuanto al presupuesto adecuado para la USAC, cit\u00f3 que el porcentaje constitucional se le debe asignar.\u00a0 \u201cMi apoyo ser\u00e1 contra la corrupci\u00f3n. Me comprometo a ser un velante y uno de los precursores para impulsar que se le entregue el aporte a la USAC y que se certifique lo conducente cuando los funcionarios no cumplan su trabajo\u201d, afirm\u00f3.<\/p>\n<\/div>\n<\/div>\n<div id=\"block-dfe587c5-85c8-4328-b000-24c0639be2f3\" class=\"wp-block block-editor-block-list__block has-selected-ui\" tabindex=\"0\" role=\"group\" data-block=\"dfe587c5-85c8-4328-b000-24c0639be2f3\" data-type=\"core\/heading\" aria-label=\"Bloque: Encabezado\">\n<h2 class=\"rich-text block-editor-rich-text__editable\" role=\"textbox\" aria-multiline=\"true\" aria-label=\"Escribe el encabezado\u2026\"><strong>William Gilberto Bobadilla L\u00f3pez<\/strong><\/h2>\n<\/div>\n<div id=\"block-79742963-4679-42d6-8cc9-5f1ad28e67a0\" class=\"wp-block block-editor-block-list__block has-selected-ui\" tabindex=\"0\" role=\"group\" data-block=\"79742963-4679-42d6-8cc9-5f1ad28e67a0\" data-type=\"core\/image\" aria-label=\"Bloque: Imagen\">\n<figure class=\"wp-block-image size-large\">\n<div>\n<div class=\"components-resizable-box__container\"><img decoding=\"async\" src=\"https:\/\/soy.usac.edu.gt\/wp-content\/uploads\/2021\/02\/photo5017484338715011513-1024x682.jpg\" alt=\"La imagen tiene un atributo ALT vac\u00edo; su nombre de archivo es photo5017484338715011513-1024x682.jpg\" \/><\/div>\n<div class=\"__resizable_base__\">\u00a0<\/div>\n<\/div>\n<\/figure>\n<div class=\"components-drop-zone\">\u00a0<\/div>\n<\/div>\n<div id=\"block-752569fa-018d-4662-b1d8-027b06b61aa5\" class=\"wp-block block-editor-block-list__block has-selected-ui\" tabindex=\"0\" role=\"group\" data-block=\"752569fa-018d-4662-b1d8-027b06b61aa5\" data-type=\"tadv\/classic-paragraph\" aria-label=\"Bloque: P\u00e1rrafo cl\u00e1sico\">\n<div id=\"editor-752569fa-018d-4662-b1d8-027b06b61aa5\" class=\"wp-block-freeform block-library-rich-text__tinymce tma-classic-paragraph mce-content-body html5-captions\" contenteditable=\"true\">\n<ul>\n<li><strong>Abogado y notario. Es docente universitario. <\/strong><\/li>\n<li><strong>Tiene doctorados en Derecho, Ciencias Pol\u00edticas y Sociales, y en Educaci\u00f3n y Seguridad Estrat\u00e9gica por la USAC y la Universidad Pontificia de Salamanca.<\/strong><\/li>\n<\/ul>\n<p style=\"text-align: justify;\"><strong>\u00a0<\/strong>Fue el cuarto entrevistado por parte del CSU. Cit\u00f3 que dentro de su estrategia para fortalecer la CC, est\u00e1 retomar la misi\u00f3n y visi\u00f3n original, esto implica que no debe haber intervencionismo pol\u00edtico, sino desempe\u00f1o t\u00e9cnico, para lograr el bien com\u00fan. Adem\u00e1s de observar la Constituci\u00f3n y las leyes, la CC debe ser respetuosa de las facultades de los otros \u00f3rganos estatales. Se\u00f1al\u00f3 que urge un cambio en la CC, porque el pa\u00eds est\u00e1 en una disyuntiva: va al desarrollo o a la debacle.<\/p>\n<p style=\"text-align: justify;\">Al preguntarle si considera importante que se establezcan m\u00e1s universidades p\u00fablicas, mencion\u00f3 que se necesita un nuevo modelo de pa\u00eds y un nuevo sistema de educaci\u00f3n superior, propuso el modelo alem\u00e1n.<\/p>\n<p style=\"text-align: justify;\">En el tema del presupuesto universitario, asegur\u00f3 que la Constituci\u00f3n es clara. \u201cYo fui sancarlista y es evidente que simpatizo con esa idea. Considero que los magistrados deber\u00edan tomar una postura de favorecer a la universidad para que se le otorgue el presupuesto, sin educaci\u00f3n no puede haber desarrollo\u201d.<\/p>\n<p style=\"text-align: justify;\">Sobre el tema del aborto y la pena de muerte mencion\u00f3 que la Constituci\u00f3n protege a la vida desde su concepci\u00f3n, pero habr\u00eda que analizar los casos concretos. \u201cNuestra Constituci\u00f3n tiene inspiraci\u00f3n tomista, donde se faculta quitar la vida en ciertos casos, el derecho internacional no proh\u00edbe la pena de muerte, contempla que se aplique solo en casos exclusivos\u201d.<\/p>\n<p style=\"text-align: justify;\">Entre las preguntas directas realizadas por parte de los miembros del CSU, se le cuestion\u00f3 si cree que una persona que ha cooptado la justicia y se ha involucrado con el narcotr\u00e1fico puede optar a cargos en la CC. \u201cEn ocasiones ciertos profesionales pueden ser miembros de redes il\u00edcitas que tienen como fin la cooptaci\u00f3n y reestructuraci\u00f3n de los organismos, pero existe la presunci\u00f3n de inocencia, no nos conviene caer en la descalificaci\u00f3n a la ligera. Tiene que haber evidencias, elementos que\u00a0 comprueben los hechos\u201d.<\/p>\n<\/div>\n<\/div>\n<div id=\"block-ab85dbee-00b6-497d-aef2-9beb4f370055\" class=\"wp-block block-editor-block-list__block has-selected-ui\" tabindex=\"0\" role=\"group\" data-block=\"ab85dbee-00b6-497d-aef2-9beb4f370055\" data-type=\"core\/heading\" aria-label=\"Bloque: Encabezado\">\n<h2 class=\"rich-text block-editor-rich-text__editable\" role=\"textbox\" aria-multiline=\"true\" aria-label=\"Escribe el encabezado\u2026\"><strong>Omar Ricardo Barrios Osorio<\/strong><\/h2>\n<\/div>\n<div id=\"block-1b8f17c7-4a48-43e7-bbe5-07521d230eaa\" class=\"wp-block block-editor-block-list__block has-selected-ui\" tabindex=\"0\" role=\"group\" data-block=\"1b8f17c7-4a48-43e7-bbe5-07521d230eaa\" data-type=\"core\/image\" aria-label=\"Bloque: Imagen\">\n<figure class=\"wp-block-image size-large\">\n<div>\n<div class=\"components-resizable-box__container\"><img decoding=\"async\" src=\"https:\/\/soy.usac.edu.gt\/wp-content\/uploads\/2021\/02\/photo5017484338715011511-1024x682.jpg\" alt=\"La imagen tiene un atributo ALT vac\u00edo; su nombre de archivo es photo5017484338715011511-1024x682.jpg\" \/><\/div>\n<div class=\"__resizable_base__\">\u00a0<\/div>\n<\/div>\n<\/figure>\n<div class=\"components-drop-zone\">\u00a0<\/div>\n<\/div>\n<div id=\"block-109af09d-f727-443a-8eeb-821f90ede34f\" class=\"wp-block block-editor-block-list__block has-selected-ui\" tabindex=\"0\" role=\"group\" data-block=\"109af09d-f727-443a-8eeb-821f90ede34f\" data-type=\"tadv\/classic-paragraph\" aria-label=\"Bloque: P\u00e1rrafo cl\u00e1sico\">\n<div id=\"editor-109af09d-f727-443a-8eeb-821f90ede34f\" class=\"wp-block-freeform block-library-rich-text__tinymce tma-classic-paragraph mce-content-body html5-captions\" contenteditable=\"true\">\n<ul>\n<li><strong>51 a\u00f1os. Abogado y notario. Es litigante y docente universitario.<\/strong><\/li>\n<li><strong>Tiene estudios de postgrado en materia constitucional. Es docente titular en Derecho en la USAC.<\/strong><\/li>\n<li><strong>Barrios tambi\u00e9n ha prestado asesor\u00edas en instituciones p\u00fablicas en el actual gobierno.<\/strong><\/li>\n<\/ul>\n<p style=\"text-align: justify;\">En cuanto a su propuesta de trabajo en la Corte de Constitucionalidad, indic\u00f3 que le interesa recuperar la ciencia del derecho, ya que existen errores en muchas decisiones. \u201cEs necesario debatir las sentencias, cuestionarlas y analizarlas\u201d, plantea que existan instituciones con personal capacitado, con conocimiento y experiencia que se encarguen de esto.<\/p>\n<p style=\"text-align: justify;\">Destac\u00f3 la necesidad de que los funcionarios que designa la USAC rindan cuentas, as\u00ed como fomentar la cultura del conocimiento constitucional, para que este no sea elitista.<\/p>\n<p style=\"text-align: justify;\">Ante los se\u00f1alamientos de una posible vinculaci\u00f3n con hechos de corrupci\u00f3n y su trabajo como abogado defensor del Rector, explic\u00f3 que su trayectoria profesional ha sido intachable y es un derecho ejercer la profesi\u00f3n sin que se le asocie con la participaci\u00f3n en las causas que defiende. \u201cNo se puede satanizar mi calidad por defender a determinadas personas de la universidad\u201d, asever\u00f3.<\/p>\n<p style=\"text-align: justify;\">Expres\u00f3 que la defensa en el caso del Rector no influir\u00eda en su gesti\u00f3n como magistrado de la CC, puesto que aqu\u00ed no se conocen casos penales y no existen conflictos de inter\u00e9s, su trabajo ha sido l\u00edcito y no existe impedimento para participar. Al ser cuestionado sobre su amistad con el juez Lester Castellanos, indic\u00f3 que no litiga en Quetzaltenango y no tiene participaci\u00f3n en ning\u00fan caso.<\/p>\n<p style=\"text-align: justify;\">Sobre el se\u00f1alamiento de que cooptar\u00eda la CC porque tiene como antecedente una asesor\u00eda en el Estado durante el gobierno actual, expuso: \u201cYo no soy funcionario o empleado p\u00fablico, a m\u00ed me llaman para atender casos como la pandemia, cumplo la funci\u00f3n de asesor.\u00bb<\/p>\n<p style=\"text-align: justify;\">En cuanto al presupuesto para la USAC afirm\u00f3 que se ha defendido desde la c\u00e1tedra un monto no menor al 5 % de acuerdo con el esp\u00edritu de la norma que lo estableci\u00f3, ya que en la pr\u00e1ctica se ha buscado hacer el c\u00e1lculo de acuerdo con las leyes actuales, lo cual perjudica a la Universidad.<\/p>\n<p style=\"text-align: justify;\">Sobre el objetivo de ser magistrado, coment\u00f3: \u201cMi intenci\u00f3n es demostrar que el sistema funciona, se puede recuperar si escogemos personas id\u00f3neas. Yo me siento competente para este cargo, para representar a la USAC, mi c\u00e1tedra ha sido intachable\u201d.<\/p>\n<p style=\"text-align: justify;\">Destac\u00f3 que ante una propuesta de reforma constitucional planteada por la CICIG y la PDH, se exclu\u00eda a la USAC y al Colegio de Abogados para otorgarle m\u00e1s poder al Congreso de la Rep\u00fablica; \u00e9l se pronunci\u00f3 en defensa de la USAC y el Colegio para que esto no ocurriera.\u00a0<\/p>\n<\/div>\n<\/div>\n<div id=\"block-217dea83-3c66-4507-ae58-ea8dc2d72880\" class=\"wp-block block-editor-block-list__block has-selected-ui\" tabindex=\"0\" role=\"group\" data-block=\"217dea83-3c66-4507-ae58-ea8dc2d72880\" data-type=\"core\/heading\" aria-label=\"Bloque: Encabezado\">\n<h2 class=\"rich-text block-editor-rich-text__editable\" role=\"textbox\" aria-multiline=\"true\" aria-label=\"Escribe el encabezado\u2026\"><strong>Gloria Patricia Porras Escobar<\/strong><\/h2>\n<\/div>\n<div id=\"block-c211198a-8c0d-4d69-b34e-80ffb3af7090\" class=\"wp-block block-editor-block-list__block has-selected-ui\" tabindex=\"0\" role=\"group\" data-block=\"c211198a-8c0d-4d69-b34e-80ffb3af7090\" data-type=\"core\/image\" aria-label=\"Bloque: Imagen\">\n<figure class=\"wp-block-image size-large\">\n<div>\n<div class=\"components-resizable-box__container\"><img decoding=\"async\" src=\"https:\/\/soy.usac.edu.gt\/wp-content\/uploads\/2021\/02\/photo5017484338715011507-1024x682.jpg\" alt=\"La imagen tiene un atributo ALT vac\u00edo; su nombre de archivo es photo5017484338715011507-1024x682.jpg\" \/><\/div>\n<div class=\"__resizable_base__\">\u00a0<\/div>\n<\/div>\n<\/figure>\n<div class=\"components-drop-zone\">\u00a0<\/div>\n<\/div>\n<div id=\"block-a216cdc0-8a56-485c-9ae0-74754a4a848b\" class=\"wp-block block-editor-block-list__block has-selected-ui\" tabindex=\"0\" role=\"group\" data-block=\"a216cdc0-8a56-485c-9ae0-74754a4a848b\" data-type=\"tadv\/classic-paragraph\" aria-label=\"Bloque: P\u00e1rrafo cl\u00e1sico\">\n<div id=\"editor-a216cdc0-8a56-485c-9ae0-74754a4a848b\" class=\"wp-block-freeform block-library-rich-text__tinymce tma-classic-paragraph mce-content-body html5-captions\" contenteditable=\"true\">\n<ul>\n<li><strong>60 a\u00f1os. Abogada y notaria. Magistrada titular de la CC, busca ocupar el cargo por tercera ocasi\u00f3n. La primera vez fue nombrada por \u00c1lvaro Colom.<\/strong><\/li>\n<li><strong>Es licenciada en Ciencias Jur\u00eddicas y Sociales y posee una maestr\u00eda en Derecho Internacional por la USAC.<\/strong><\/li>\n<\/ul>\n<p style=\"text-align: justify;\">Durante su intervenci\u00f3n, present\u00f3 sus logros como planificadora en la CC durante su magistratura, destac\u00f3 que su trayectoria como docente le ha servido para desarrollar esa labor que requiere de organizaci\u00f3n.<\/p>\n<p style=\"text-align: justify;\">Con respecto a los se\u00f1alamientos de encabezar expedientes, asever\u00f3 que durante su gesti\u00f3n m\u00e1s bien ha \u201cdesencabezado\u201d alrededor de 5,000 expedientes.<\/p>\n<p style=\"text-align: justify;\">Sobre la permanencia de la CICIG en el pa\u00eds, indic\u00f3 que este organismo tuvo importancia para desarrollar m\u00e9todos de investigaci\u00f3n especial que contribuyen a resolver casos de corrupci\u00f3n organizada, una de las herramientas m\u00e1s importantes han sido las escuchas telef\u00f3nicas.<\/p>\n<p style=\"text-align: justify;\">\u201cSe obtuvieron muchos avances en materia de justicia. Creo que a\u00fan no estamos preparados para seguir solos, pero tampoco puede haber un acompa\u00f1amiento eterno. Creo firmemente que si no es a trav\u00e9s de la misma figura, puede aceptarse el acompa\u00f1amiento de otras instancias para combatir este flagelo de impunidad y corrupci\u00f3n\u201d, afirm\u00f3. \u00a0<\/p>\n<p style=\"text-align: justify;\">Coment\u00f3 que como parte de su curr\u00edculo, ha estado en dependencias del sector justicia por medio de las cuales ha podido conocer los sectores m\u00e1s vulnerables del pa\u00eds. \u201cLos ni\u00f1os no son el futuro, sino el presente de este pa\u00eds. Son la raz\u00f3n de que participe en estos procesos. Me inspira proteger a los grupos vulnerables\u201d.<\/p>\n<p style=\"text-align: justify;\">Se considera una docente por naturaleza: \u201cNo tener una contrataci\u00f3n en esta casa de estudios no me inhabilita ni me impide decir con propiedad que soy una mujer y docente con capacidad, experiencia, integridad e independencia para realizar mis funciones\u201d. \u00a0<\/p>\n<p style=\"text-align: justify;\">Con respecto al cumplimiento del reglamento de precursores y sustancias qu\u00edmicas, expuso: \u201cLas decisiones de la Corte de Constitucionalidad son vinculantes y de cumplimiento obligatorio para el poder p\u00fablico, durante la s\u00e9ptima magistratura, ha existido un desaf\u00edo p\u00fablico para dar cumplimiento a fallos que afectan la justicia del pa\u00eds\u201d.<\/p>\n<\/div>\n<\/div>\n<div id=\"block-181ec023-2869-4bfe-a0b3-b9bcb85d4412\" class=\"wp-block block-editor-block-list__block has-selected-ui\" tabindex=\"0\" role=\"group\" data-block=\"181ec023-2869-4bfe-a0b3-b9bcb85d4412\" data-type=\"core\/heading\" aria-label=\"Bloque: Encabezado\">\n<h2 class=\"rich-text block-editor-rich-text__editable\" role=\"textbox\" aria-multiline=\"true\" aria-label=\"Escribe el encabezado\u2026\"><strong>\u00a0Jos\u00e9 Alfredo Aguilar Orellana<\/strong><\/h2>\n<\/div>\n<div id=\"block-5487a1da-6fb2-4677-9edb-e908b6da0641\" class=\"wp-block block-editor-block-list__block has-selected-ui\" tabindex=\"0\" role=\"group\" data-block=\"5487a1da-6fb2-4677-9edb-e908b6da0641\" data-type=\"core\/image\" aria-label=\"Bloque: Imagen\">\n<figure class=\"wp-block-image size-large\">\n<div>\n<div class=\"components-resizable-box__container\"><img decoding=\"async\" src=\"https:\/\/soy.usac.edu.gt\/wp-content\/uploads\/2021\/02\/photo5017484338715011508-1024x682.jpg\" alt=\"La imagen tiene un atributo ALT vac\u00edo; su nombre de archivo es photo5017484338715011508-1024x682.jpg\" \/><\/div>\n<div class=\"__resizable_base__\">\u00a0<\/div>\n<\/div>\n<\/figure>\n<div class=\"components-drop-zone\">\u00a0<\/div>\n<\/div>\n<div id=\"block-1bc10611-426f-44af-bb80-d5738ac73bdf\" class=\"wp-block block-editor-block-list__block has-selected-ui\" tabindex=\"0\" role=\"group\" data-block=\"1bc10611-426f-44af-bb80-d5738ac73bdf\" data-type=\"tadv\/classic-paragraph\" aria-label=\"Bloque: P\u00e1rrafo cl\u00e1sico\">\n<div id=\"editor-1bc10611-426f-44af-bb80-d5738ac73bdf\" class=\"wp-block-freeform block-library-rich-text__tinymce tma-classic-paragraph mce-content-body html5-captions\" contenteditable=\"true\">\n<ul>\n<li><strong>54 a\u00f1os. Abogado y notario. Es candidato a magistrado titular y suplente.<\/strong><\/li>\n<li><strong>Tiene estudios de doctorado en Derecho y maestr\u00eda en la rama constitucional por la Universidad Castilla de La Mancha.<\/strong><\/li>\n<\/ul>\n<p style=\"text-align: justify;\">El tema del aborto lo focaliz\u00f3 desde el punto de vista constitucional, donde se protege la vida desde la concepci\u00f3n. Con respecto a los casos de ni\u00f1as embarazadas, coment\u00f3 que son grupos vulnerables que deben protegerse y el Estado debe encargarse de proveer los mecanismos para resolver esta situaci\u00f3n. \u201cEl problema m\u00e1s que jur\u00eddico es estructural\u201d.<\/p>\n<p style=\"text-align: justify;\">Acerca de la pena de muerte, sugiri\u00f3 que el tema se estudiara en el contexto donde se regul\u00f3. \u201cDentro de la historia institucional y la historia legal, vamos a determinar que la pena de muerte ha estado presente hasta nuestros d\u00edas, est\u00e1 regulada, pero tambi\u00e9n fueron abandonados los conceptos para aplicarla, estos han evolucionado.<\/p>\n<p style=\"text-align: justify;\">Tendr\u00e1 que hacerse un an\u00e1lisis para ver si se ampl\u00eda su aplicaci\u00f3n, desde mi punto de vista, no podr\u00eda aplicarse a otros delitos, si se trata de la muerte de una ni\u00f1a, no estamos ante un asesinato o una ejecuci\u00f3n extrajudicial, estamos viendo un femicidio; si pensamos que se debe aplicar a este delito, estar\u00edamos vulnerando los compromisos estatales\u201d.<\/p>\n<p style=\"text-align: justify;\">Agreg\u00f3 que comparte el principio de progresividad de los derechos humanos, donde se encuentra el derecho a la vida. \u201cA mi criterio, con fines realmente preventivos, la pena de muerte no ha solucionado los m\u00e1rgenes de criminalidad, creo que una pol\u00edtica general debiese orientarse directamente a resolver problemas estructurales. No comparto la aplicaci\u00f3n de la pena capital o severa\u201d.<\/p>\n<p style=\"text-align: justify;\">Sobre el trabajo de la CICIG opin\u00f3: \u201cLa CICIG gener\u00f3 una log\u00edstica y un baluarte para el sistema de justicia, que deb\u00eda haber sido transmitido directamente al Ministerio P\u00fablico,\u00a0 quien tiene el ejercicio de la acci\u00f3n penal; todo ese bagaje deb\u00eda quedar en sus manos. Hacia el futuro puede venir otra comisi\u00f3n, pero de acuerdo con la objetividad y la necesidad de lo que no poseamos\u201d.<\/p>\n<p style=\"text-align: justify;\">Manifest\u00f3 estar de acuerdo con que se le otorgue el 5 % del presupuesto general de ingresos y egresos del Estado a la USAC: \u201cHay una obligaci\u00f3n constitucional, creo que se avanz\u00f3 bastante con el fallo emitido por la CC, la visi\u00f3n es que deben\u00a0 resolverse los recursos de ampliaci\u00f3n y aclaraci\u00f3n. Vale decir que de lo que a m\u00ed corresponda, realmente voy a agendarlo y convocarlo para darle una soluci\u00f3n espec\u00edfica\u201d.<\/p>\n<p style=\"text-align: justify;\">\u00a0\u201cAgradezco este espacio para poder expresarme ante ustedes y tener la seguridad de que es un proceso transparente, estamos de cara ante la ciudadan\u00eda, no escondemos nada, estamos abiertos a cualquier pregunta. La selecci\u00f3n queda en sus manos, que sea de personas honestas y probas; de alguna manera, la sociedad los reconocer\u00e1\u201d, concluy\u00f3.<\/p>\n<p>\u00a0<\/p>\n<\/div>\n<\/div>\n<div class=\"block-list-appender\" tabindex=\"-1\">\u00a0<\/div>\n<\/div>\n<\/div>\n<\/div>\n<\/div>\n<\/div>\n<div tabindex=\"0\">\u00a0<\/div>\n\n\n\n<figure class=\"wp-block-image size-large\"><img loading=\"lazy\" decoding=\"async\" width=\"1024\" height=\"400\" src=\"https:\/\/soy.usac.edu.gt\/wp-content\/uploads\/2021\/02\/Cr\u00e9ditos-prensa-INGRID-1024x400.jpg\" alt=\"\" class=\"wp-image-13224\" srcset=\"https:\/\/soy.usac.edu.gt\/wp-content\/uploads\/2021\/02\/Cr\u00e9ditos-prensa-INGRID-1024x400.jpg 1024w, https:\/\/soy.usac.edu.gt\/wp-content\/uploads\/2021\/02\/Cr\u00e9ditos-prensa-INGRID-300x117.jpg 300w, https:\/\/soy.usac.edu.gt\/wp-content\/uploads\/2021\/02\/Cr\u00e9ditos-prensa-INGRID-768x300.jpg 768w, https:\/\/soy.usac.edu.gt\/wp-content\/uploads\/2021\/02\/Cr\u00e9ditos-prensa-INGRID-1536x600.jpg 1536w, https:\/\/soy.usac.edu.gt\/wp-content\/uploads\/2021\/02\/Cr\u00e9ditos-prensa-INGRID-2048x800.jpg 2048w, https:\/\/soy.usac.edu.gt\/wp-content\/uploads\/2021\/02\/Cr\u00e9ditos-prensa-INGRID-1075x420.jpg 1075w, https:\/\/soy.usac.edu.gt\/wp-content\/uploads\/2021\/02\/Cr\u00e9ditos-prensa-INGRID-640x250.jpg 640w, https:\/\/soy.usac.edu.gt\/wp-content\/uploads\/2021\/02\/Cr\u00e9ditos-prensa-INGRID-681x266.jpg 681w\" sizes=\"auto, (max-width: 1024px) 100vw, 1024px\" \/><\/figure>\n","protected":false},"excerpt":{"rendered":"<p>Los siete candidatos tuvieron un per\u00edodo de 15 minutos para presentarse y 45 minutos para resolver preguntas directas y abiertas del Consejo Superior Universitario (CSU).<\/p>\n","protected":false},"author":1,"featured_media":13188,"comment_status":"closed","ping_status":"open","sticky":false,"template":"","format":"standard","meta":{"_exactmetrics_skip_tracking":false,"_exactmetrics_sitenote_active":false,"_exactmetrics_sitenote_note":"","_exactmetrics_sitenote_category":0,"_jetpack_memberships_contains_paid_content":false,"footnotes":""},"categories":[29],"tags":[317,642,661],"class_list":["post-13221","post","type-post","status-publish","format-standard","has-post-thumbnail","hentry","category-noticias","tag-consejo-superior-universitario","tag-corte-de-constitucionalidad","tag-designacion-de-magistrado-titular-y-suplente-a-la-corte-de-constitucionalidad"],"aioseo_notices":[],"jetpack_featured_media_url":"https:\/\/soy.usac.edu.gt\/wp-content\/uploads\/2021\/02\/todos-los-entrevistados-1.jpeg","views":"","jetpack-related-posts":[{"id":13988,"url":"https:\/\/soy.usac.edu.gt\/?p=13988","url_meta":{"origin":13221,"position":0},"title":"Comunicado del CSU a la poblaci\u00f3n en general","author":"Divisi\u00f3n de Publicidad","date":"26 abril, 2021","format":false,"excerpt":"El Consejo Superior Universitario y \u00a0El Rector en funciones, Dr. Jorge Fernando Orellana Oliva, de la\u00a0Universidad de San Carlos de Guatemala Ante la resoluci\u00f3n de fecha 12 de abril de 2021, de la Sala Primera de lo Contencioso Administrativo, constituida en tribunal de amparo, dentro del Amparo 01011-2021-00083 que otorg\u00f3\u2026","rel":"","context":"En \u00abSin categor\u00eda\u00bb","block_context":{"text":"Sin categor\u00eda","link":"https:\/\/soy.usac.edu.gt\/?cat=1"},"img":{"alt_text":"","src":"https:\/\/i0.wp.com\/soy.usac.edu.gt\/wp-content\/uploads\/2021\/02\/COMUNICADO-IMAGEN-WEB.jpeg?resize=350%2C200&ssl=1","width":350,"height":200,"srcset":"https:\/\/i0.wp.com\/soy.usac.edu.gt\/wp-content\/uploads\/2021\/02\/COMUNICADO-IMAGEN-WEB.jpeg?resize=350%2C200&ssl=1 1x, https:\/\/i0.wp.com\/soy.usac.edu.gt\/wp-content\/uploads\/2021\/02\/COMUNICADO-IMAGEN-WEB.jpeg?resize=525%2C300&ssl=1 1.5x, https:\/\/i0.wp.com\/soy.usac.edu.gt\/wp-content\/uploads\/2021\/02\/COMUNICADO-IMAGEN-WEB.jpeg?resize=700%2C400&ssl=1 2x"},"classes":[]},{"id":14042,"url":"https:\/\/soy.usac.edu.gt\/?p=14042","url_meta":{"origin":13221,"position":1},"title":"En relaci\u00f3n al Proceso de Designaci\u00f3n de Magistrados  Titular y Suplente por el CSU ante la CC","author":"Divisi\u00f3n de Publicidad","date":"26 febrero, 2021","format":false,"excerpt":"En relaci\u00f3n al Proceso de Designaci\u00f3n de Magistrados (as) Titular y Suplente por el Consejo Superior Universitario de la Universidad de San Carlos de Guatemala ante la Corte de Constitucionalidad, per\u00edodo 2021-2026,","rel":"","context":"En \u00abNoticias\u00bb","block_context":{"text":"Noticias","link":"https:\/\/soy.usac.edu.gt\/?cat=29"},"img":{"alt_text":"","src":"https:\/\/i0.wp.com\/soy.usac.edu.gt\/wp-content\/uploads\/2021\/02\/COMUNICADO-IMAGEN-WEB.jpeg?resize=350%2C200&ssl=1","width":350,"height":200,"srcset":"https:\/\/i0.wp.com\/soy.usac.edu.gt\/wp-content\/uploads\/2021\/02\/COMUNICADO-IMAGEN-WEB.jpeg?resize=350%2C200&ssl=1 1x, https:\/\/i0.wp.com\/soy.usac.edu.gt\/wp-content\/uploads\/2021\/02\/COMUNICADO-IMAGEN-WEB.jpeg?resize=525%2C300&ssl=1 1.5x, https:\/\/i0.wp.com\/soy.usac.edu.gt\/wp-content\/uploads\/2021\/02\/COMUNICADO-IMAGEN-WEB.jpeg?resize=700%2C400&ssl=1 2x"},"classes":[]},{"id":17708,"url":"https:\/\/soy.usac.edu.gt\/?p=17708","url_meta":{"origin":13221,"position":2},"title":"H\u00e9ctor Hugo P\u00e9rez Aguilera asume como magistrado titular de la CC","author":"Divisi\u00f3n de Publicidad","date":"19 julio, 2022","format":false,"excerpt":"El profesional fue designado por el Consejo Superior Universitario (CSU) el pasado 21 de junio. Hoy se realiz\u00f3 el acto con el cual ocupar\u00e1 oficialmente la VII magistratura para el periodo 2021-2026.","rel":"","context":"En \u00abSin categor\u00eda\u00bb","block_context":{"text":"Sin categor\u00eda","link":"https:\/\/soy.usac.edu.gt\/?cat=1"},"img":{"alt_text":"","src":"https:\/\/i0.wp.com\/soy.usac.edu.gt\/wp-content\/uploads\/2022\/07\/WhatsApp-Image-2022-07-19-at-8.54.55-PM.jpeg?resize=350%2C200&ssl=1","width":350,"height":200,"srcset":"https:\/\/i0.wp.com\/soy.usac.edu.gt\/wp-content\/uploads\/2022\/07\/WhatsApp-Image-2022-07-19-at-8.54.55-PM.jpeg?resize=350%2C200&ssl=1 1x, https:\/\/i0.wp.com\/soy.usac.edu.gt\/wp-content\/uploads\/2022\/07\/WhatsApp-Image-2022-07-19-at-8.54.55-PM.jpeg?resize=525%2C300&ssl=1 1.5x, https:\/\/i0.wp.com\/soy.usac.edu.gt\/wp-content\/uploads\/2022\/07\/WhatsApp-Image-2022-07-19-at-8.54.55-PM.jpeg?resize=700%2C400&ssl=1 2x, https:\/\/i0.wp.com\/soy.usac.edu.gt\/wp-content\/uploads\/2022\/07\/WhatsApp-Image-2022-07-19-at-8.54.55-PM.jpeg?resize=1050%2C600&ssl=1 3x"},"classes":[]},{"id":13167,"url":"https:\/\/soy.usac.edu.gt\/?p=13167","url_meta":{"origin":13221,"position":3},"title":"CSU escucha a organizaciones sociales antes de entrevistar a postulantes para la CC","author":"Divisi\u00f3n de Publicidad","date":"23 febrero, 2021","format":false,"excerpt":"Ayer, el Consejo Superior Universitario (CSU) entrevist\u00f3 a los siete postulantes a magistrados de la Corte de Constitucionalidad. Este mi\u00e9rcoles 24 de febrero se llevar\u00e1 a cabo un foro, donde los candidatos podr\u00e1n debatir entre s\u00ed, responder preguntas de los observadores y del CSU. Presentamos un resumen sobre las actividades\u2026","rel":"","context":"En \u00abNoticias\u00bb","block_context":{"text":"Noticias","link":"https:\/\/soy.usac.edu.gt\/?cat=29"},"img":{"alt_text":"","src":"https:\/\/i0.wp.com\/soy.usac.edu.gt\/wp-content\/uploads\/2021\/02\/organizaciones-tres.jpeg?resize=350%2C200&ssl=1","width":350,"height":200,"srcset":"https:\/\/i0.wp.com\/soy.usac.edu.gt\/wp-content\/uploads\/2021\/02\/organizaciones-tres.jpeg?resize=350%2C200&ssl=1 1x, https:\/\/i0.wp.com\/soy.usac.edu.gt\/wp-content\/uploads\/2021\/02\/organizaciones-tres.jpeg?resize=525%2C300&ssl=1 1.5x, https:\/\/i0.wp.com\/soy.usac.edu.gt\/wp-content\/uploads\/2021\/02\/organizaciones-tres.jpeg?resize=700%2C400&ssl=1 2x, https:\/\/i0.wp.com\/soy.usac.edu.gt\/wp-content\/uploads\/2021\/02\/organizaciones-tres.jpeg?resize=1050%2C600&ssl=1 3x"},"classes":[]},{"id":14004,"url":"https:\/\/soy.usac.edu.gt\/?p=14004","url_meta":{"origin":13221,"position":4},"title":"CSU rechaza  acciones promovidas en su contra","author":"Divisi\u00f3n de Publicidad","date":"28 abril, 2021","format":false,"excerpt":"La labor de los miembros que integran este cuerpo colegiado, que por mandato constitucional debe designar a un Magistrado Titular y Suplente ante la CC,","rel":"","context":"En \u00abNoticias\u00bb","block_context":{"text":"Noticias","link":"https:\/\/soy.usac.edu.gt\/?cat=29"},"img":{"alt_text":"","src":"https:\/\/i0.wp.com\/soy.usac.edu.gt\/wp-content\/uploads\/2021\/02\/COMUNICADO-IMAGEN-WEB.jpeg?resize=350%2C200&ssl=1","width":350,"height":200,"srcset":"https:\/\/i0.wp.com\/soy.usac.edu.gt\/wp-content\/uploads\/2021\/02\/COMUNICADO-IMAGEN-WEB.jpeg?resize=350%2C200&ssl=1 1x, https:\/\/i0.wp.com\/soy.usac.edu.gt\/wp-content\/uploads\/2021\/02\/COMUNICADO-IMAGEN-WEB.jpeg?resize=525%2C300&ssl=1 1.5x, https:\/\/i0.wp.com\/soy.usac.edu.gt\/wp-content\/uploads\/2021\/02\/COMUNICADO-IMAGEN-WEB.jpeg?resize=700%2C400&ssl=1 2x"},"classes":[]},{"id":13133,"url":"https:\/\/soy.usac.edu.gt\/?p=13133","url_meta":{"origin":13221,"position":5},"title":"Entre siete aspirantes, el Consejo Superior Universitario (CSU) elegir\u00e1 al Magistrado Titular y Suplente para la Corte de Constitucionalidad (CC).","author":"Divisi\u00f3n de Publicidad","date":"11 febrero, 2021","format":false,"excerpt":"En total se recibieron 19 expedientes, de los cuales se seleccionaron 7 para participar en la designaci\u00f3n de los cargos.","rel":"","context":"En \u00abNoticias\u00bb","block_context":{"text":"Noticias","link":"https:\/\/soy.usac.edu.gt\/?cat=29"},"img":{"alt_text":"","src":"https:\/\/i0.wp.com\/soy.usac.edu.gt\/wp-content\/uploads\/2021\/02\/WhatsApp-Image-2021-02-09-at-9.33.10-PM-2.jpeg?resize=350%2C200&ssl=1","width":350,"height":200,"srcset":"https:\/\/i0.wp.com\/soy.usac.edu.gt\/wp-content\/uploads\/2021\/02\/WhatsApp-Image-2021-02-09-at-9.33.10-PM-2.jpeg?resize=350%2C200&ssl=1 1x, https:\/\/i0.wp.com\/soy.usac.edu.gt\/wp-content\/uploads\/2021\/02\/WhatsApp-Image-2021-02-09-at-9.33.10-PM-2.jpeg?resize=525%2C300&ssl=1 1.5x, https:\/\/i0.wp.com\/soy.usac.edu.gt\/wp-content\/uploads\/2021\/02\/WhatsApp-Image-2021-02-09-at-9.33.10-PM-2.jpeg?resize=700%2C400&ssl=1 2x, https:\/\/i0.wp.com\/soy.usac.edu.gt\/wp-content\/uploads\/2021\/02\/WhatsApp-Image-2021-02-09-at-9.33.10-PM-2.jpeg?resize=1050%2C600&ssl=1 3x"},"classes":[]}],"jetpack_sharing_enabled":true,"_links":{"self":[{"href":"https:\/\/soy.usac.edu.gt\/index.php?rest_route=\/wp\/v2\/posts\/13221","targetHints":{"allow":["GET"]}}],"collection":[{"href":"https:\/\/soy.usac.edu.gt\/index.php?rest_route=\/wp\/v2\/posts"}],"about":[{"href":"https:\/\/soy.usac.edu.gt\/index.php?rest_route=\/wp\/v2\/types\/post"}],"author":[{"embeddable":true,"href":"https:\/\/soy.usac.edu.gt\/index.php?rest_route=\/wp\/v2\/users\/1"}],"replies":[{"embeddable":true,"href":"https:\/\/soy.usac.edu.gt\/index.php?rest_route=%2Fwp%2Fv2%2Fcomments&post=13221"}],"version-history":[{"count":34,"href":"https:\/\/soy.usac.edu.gt\/index.php?rest_route=\/wp\/v2\/posts\/13221\/revisions"}],"predecessor-version":[{"id":13261,"href":"https:\/\/soy.usac.edu.gt\/index.php?rest_route=\/wp\/v2\/posts\/13221\/revisions\/13261"}],"wp:featuredmedia":[{"embeddable":true,"href":"https:\/\/soy.usac.edu.gt\/index.php?rest_route=\/wp\/v2\/media\/13188"}],"wp:attachment":[{"href":"https:\/\/soy.usac.edu.gt\/index.php?rest_route=%2Fwp%2Fv2%2Fmedia&parent=13221"}],"wp:term":[{"taxonomy":"category","embeddable":true,"href":"https:\/\/soy.usac.edu.gt\/index.php?rest_route=%2Fwp%2Fv2%2Fcategories&post=13221"},{"taxonomy":"post_tag","embeddable":true,"href":"https:\/\/soy.usac.edu.gt\/index.php?rest_route=%2Fwp%2Fv2%2Ftags&post=13221"}],"curies":[{"name":"wp","href":"https:\/\/api.w.org\/{rel}","templated":true}]}}