{"id":13263,"date":"2021-02-25T15:57:54","date_gmt":"2021-02-25T21:57:54","guid":{"rendered":"https:\/\/soy.usac.edu.gt\/?p=13263"},"modified":"2021-02-25T15:57:54","modified_gmt":"2021-02-25T21:57:54","slug":"lista-de-candidatos-para-elegir-magistrados-titular-y-suplente-por-usac-sube-a-10","status":"publish","type":"post","link":"https:\/\/soy.usac.edu.gt\/?p=13263","title":{"rendered":"Lista de candidatos para elegir Magistrados Titular y Suplente por USAC sube a 10"},"content":{"rendered":"\n<p><em><strong>Amparos interpuestos permiten que candidatos subsanen errores.<\/strong><\/em><\/p>\n<p><strong>Por Francis Urbina\u00a0<\/strong><\/p>\n<p style=\"text-align: justify;\">El Consejo Superior Universitario (CSU) decidi\u00f3 el mi\u00e9rcoles 24 de febrero, en horas de la noche, que acatar\u00eda la orden de la Sala Sexta de lo Contencioso Administrativo, constituida en Tribunal de Amparo, quien estableci\u00f3 que a tres de los candidatos a magistrados que hab\u00edan quedado excluidos del proceso se les diera la oportunidad de corregir sus errores en los expedientes y conformaran el listado oficial de los postulantes a Magistrados Titular y Suplente ante la Corte de Constitucionalidad (CC), en representaci\u00f3n de la Universidad.<\/p>\n<p style=\"text-align: justify;\">Los tres candidatos amparados fueron Rodolfo Geovani Celis L\u00f3pez, Mar\u00eda Elisa Sandoval Argueta y Edwin Rolando Rueda Masaya, con quienes se comunicaron el mismo mi\u00e9rcoles en la noche para informarles que deb\u00edan presentarse al sal\u00f3n Madrid del Hotel Tikal Futura para completar sus expedientes. \u00a0Con ello, la lista de los postulantes sube a 10.<\/p>\n<p style=\"text-align: justify;\">Los candidatos adicionales hicieron valer su derecho y se presentaron la ma\u00f1ana del jueves 25 de febrero a rubricar, colocar \u00edndice y ordenar los expedientes; adem\u00e1s, la USAC deber\u00e1 entregar un informe a la Sala Sexta para dar a conocer que se cumpli\u00f3 la orden judicial.<\/p>\n<p style=\"text-align: justify;\">El jueves 25 de febrero el CSU se volver\u00e1 a reunir a las 17 horas, ya que hay varios recursos de reposici\u00f3n que deber\u00e1n conocer, los cuales fueron interpuestos por No\u00e9 Adalberto Ventura Loyo y Carlos Abraham Calder\u00f3n Paz, dichos recursos ingresaron por la v\u00eda administrativa. \u00a0Se har\u00e1 un an\u00e1lisis jur\u00eddico y luego el CSU, en sesi\u00f3n extraordinaria, decidir\u00e1 si acepta que ingresen al proceso.<\/p>\n<p style=\"text-align: justify;\">El CSU tambi\u00e9n decidi\u00f3 que la elecci\u00f3n definitiva de los Magistrados Titular y Suplente sigue firme para el viernes 26 de febrero a las 9:00 horas, tal como lo ten\u00edan establecido en el calendario trabajo, pues el proceso no se interrumpe.<\/p>\n<div id='gallery-1' class='gallery galleryid-13263 gallery-columns-3 gallery-size-thumbnail'><figure class='gallery-item'>\n\t\t\t<div class='gallery-icon landscape'>\n\t\t\t\t<a href='https:\/\/soy.usac.edu.gt\/?attachment_id=13269'><img loading=\"lazy\" decoding=\"async\" width=\"150\" height=\"150\" src=\"https:\/\/soy.usac.edu.gt\/wp-content\/uploads\/2021\/02\/WhatsApp-Image-2021-02-25-at-2.38.37-PM-150x150.jpeg\" class=\"attachment-thumbnail size-thumbnail\" alt=\"\" \/><\/a>\n\t\t\t<\/div><\/figure><figure class='gallery-item'>\n\t\t\t<div class='gallery-icon landscape'>\n\t\t\t\t<a href='https:\/\/soy.usac.edu.gt\/?attachment_id=13267'><img loading=\"lazy\" decoding=\"async\" width=\"150\" height=\"150\" src=\"https:\/\/soy.usac.edu.gt\/wp-content\/uploads\/2021\/02\/WhatsApp-Image-2021-02-25-at-2.37.48-PM-150x150.jpeg\" class=\"attachment-thumbnail size-thumbnail\" alt=\"\" \/><\/a>\n\t\t\t<\/div><\/figure><figure class='gallery-item'>\n\t\t\t<div class='gallery-icon landscape'>\n\t\t\t\t<a href='https:\/\/soy.usac.edu.gt\/?attachment_id=13265'><img loading=\"lazy\" decoding=\"async\" width=\"150\" height=\"150\" src=\"https:\/\/soy.usac.edu.gt\/wp-content\/uploads\/2021\/02\/WhatsApp-Image-2021-02-25-at-2.37.00-PM-150x150.jpeg\" class=\"attachment-thumbnail size-thumbnail\" alt=\"\" \/><\/a>\n\t\t\t<\/div><\/figure>\n\t\t<\/div>\n\n<p>\u00a0<\/p>\n\n\n\n<h2 class=\"wp-block-heading\">Otros amparos no otorgados:<\/h2>\n\n\n\n<p>\u00a0<\/p>\n<ul>\n<li>Alfonso Carillo Marroqu\u00edn, denegado por la Sala Primera.<\/li>\n<li>Roberto Estuardo Morales G\u00f3mez, la sala no lo ampar\u00f3, solo solicit\u00f3 al CSU un informe, para lo cual se fij\u00f3 un plazo de 48 horas.<\/li>\n<\/ul>\n","protected":false},"excerpt":{"rendered":"<p>Amparos interpuestos permiten que candidatos subsanen errores.<\/p>\n","protected":false},"author":1,"featured_media":13272,"comment_status":"closed","ping_status":"open","sticky":false,"template":"","format":"standard","meta":{"_exactmetrics_skip_tracking":false,"_exactmetrics_sitenote_active":false,"_exactmetrics_sitenote_note":"","_exactmetrics_sitenote_category":0,"_jetpack_memberships_contains_paid_content":false,"footnotes":""},"categories":[29],"tags":[],"class_list":["post-13263","post","type-post","status-publish","format-standard","has-post-thumbnail","hentry","category-noticias"],"aioseo_notices":[],"jetpack_featured_media_url":"https:\/\/soy.usac.edu.gt\/wp-content\/uploads\/2021\/02\/WhatsApp-Image-2021-02-25-at-3.54.19-PM.jpeg","views":"","jetpack-related-posts":[{"id":14042,"url":"https:\/\/soy.usac.edu.gt\/?p=14042","url_meta":{"origin":13263,"position":0},"title":"En relaci\u00f3n al Proceso de Designaci\u00f3n de Magistrados  Titular y Suplente por el CSU ante la CC","author":"Divisi\u00f3n de Publicidad","date":"26 febrero, 2021","format":false,"excerpt":"En relaci\u00f3n al Proceso de Designaci\u00f3n de Magistrados (as) Titular y Suplente por el Consejo Superior Universitario de la Universidad de San Carlos de Guatemala ante la Corte de Constitucionalidad, per\u00edodo 2021-2026,","rel":"","context":"En \u00abNoticias\u00bb","block_context":{"text":"Noticias","link":"https:\/\/soy.usac.edu.gt\/?cat=29"},"img":{"alt_text":"","src":"https:\/\/i0.wp.com\/soy.usac.edu.gt\/wp-content\/uploads\/2021\/02\/COMUNICADO-IMAGEN-WEB.jpeg?resize=350%2C200&ssl=1","width":350,"height":200,"srcset":"https:\/\/i0.wp.com\/soy.usac.edu.gt\/wp-content\/uploads\/2021\/02\/COMUNICADO-IMAGEN-WEB.jpeg?resize=350%2C200&ssl=1 1x, https:\/\/i0.wp.com\/soy.usac.edu.gt\/wp-content\/uploads\/2021\/02\/COMUNICADO-IMAGEN-WEB.jpeg?resize=525%2C300&ssl=1 1.5x, https:\/\/i0.wp.com\/soy.usac.edu.gt\/wp-content\/uploads\/2021\/02\/COMUNICADO-IMAGEN-WEB.jpeg?resize=700%2C400&ssl=1 2x"},"classes":[]},{"id":13020,"url":"https:\/\/soy.usac.edu.gt\/?p=13020","url_meta":{"origin":13263,"position":1},"title":"Convocatoria para designaci\u00f3n de Magistrado titular y suplente por el CSU ante la Corte de Constitucionalidad","author":"Divisi\u00f3n de Publicidad","date":"29 enero, 2021","format":false,"excerpt":"El Consejo Superior Universitario, en cumplimiento de lo que establecen los art\u00edculos 269 y 270 de la Constituci\u00f3n Pol\u00edtica de la Rep\u00fablica de Guatemala","rel":"","context":"En \u00abBecas y Convocatorias\u00bb","block_context":{"text":"Becas y Convocatorias","link":"https:\/\/soy.usac.edu.gt\/?cat=127"},"img":{"alt_text":"","src":"https:\/\/i0.wp.com\/soy.usac.edu.gt\/wp-content\/uploads\/2021\/01\/convocatoria_Mesa-de-trabajo-1.jpg?resize=350%2C200&ssl=1","width":350,"height":200,"srcset":"https:\/\/i0.wp.com\/soy.usac.edu.gt\/wp-content\/uploads\/2021\/01\/convocatoria_Mesa-de-trabajo-1.jpg?resize=350%2C200&ssl=1 1x, https:\/\/i0.wp.com\/soy.usac.edu.gt\/wp-content\/uploads\/2021\/01\/convocatoria_Mesa-de-trabajo-1.jpg?resize=525%2C300&ssl=1 1.5x, https:\/\/i0.wp.com\/soy.usac.edu.gt\/wp-content\/uploads\/2021\/01\/convocatoria_Mesa-de-trabajo-1.jpg?resize=700%2C400&ssl=1 2x, https:\/\/i0.wp.com\/soy.usac.edu.gt\/wp-content\/uploads\/2021\/01\/convocatoria_Mesa-de-trabajo-1.jpg?resize=1050%2C600&ssl=1 3x, https:\/\/i0.wp.com\/soy.usac.edu.gt\/wp-content\/uploads\/2021\/01\/convocatoria_Mesa-de-trabajo-1.jpg?resize=1400%2C800&ssl=1 4x"},"classes":[]},{"id":13277,"url":"https:\/\/soy.usac.edu.gt\/?p=13277","url_meta":{"origin":13263,"position":2},"title":"Ampliaci\u00f3n de convocatoria para designaci\u00f3n de Magistrado  Titular y Suplente por el CSU ante la CC","author":"Divisi\u00f3n de Publicidad","date":"1 marzo, 2021","format":false,"excerpt":"Integrar a los siguientes profesionales al listado de postulantes admitidos en el proceso de designaci\u00f3n de Magistrado (a) Titular y Suplente por el Consejo Superior Universitario ante la Corte de Constitucionalidad, per\u00edodo 2021-2026:","rel":"","context":"En \u00abBecas y convocatorias\u00bb","block_context":{"text":"Becas y convocatorias","link":"https:\/\/soy.usac.edu.gt\/?cat=233"},"img":{"alt_text":"","src":"https:\/\/i0.wp.com\/soy.usac.edu.gt\/wp-content\/uploads\/2021\/01\/convocatoria_Mesa-de-trabajo-1.jpg?resize=350%2C200&ssl=1","width":350,"height":200,"srcset":"https:\/\/i0.wp.com\/soy.usac.edu.gt\/wp-content\/uploads\/2021\/01\/convocatoria_Mesa-de-trabajo-1.jpg?resize=350%2C200&ssl=1 1x, https:\/\/i0.wp.com\/soy.usac.edu.gt\/wp-content\/uploads\/2021\/01\/convocatoria_Mesa-de-trabajo-1.jpg?resize=525%2C300&ssl=1 1.5x, https:\/\/i0.wp.com\/soy.usac.edu.gt\/wp-content\/uploads\/2021\/01\/convocatoria_Mesa-de-trabajo-1.jpg?resize=700%2C400&ssl=1 2x, https:\/\/i0.wp.com\/soy.usac.edu.gt\/wp-content\/uploads\/2021\/01\/convocatoria_Mesa-de-trabajo-1.jpg?resize=1050%2C600&ssl=1 3x, https:\/\/i0.wp.com\/soy.usac.edu.gt\/wp-content\/uploads\/2021\/01\/convocatoria_Mesa-de-trabajo-1.jpg?resize=1400%2C800&ssl=1 4x"},"classes":[]},{"id":13988,"url":"https:\/\/soy.usac.edu.gt\/?p=13988","url_meta":{"origin":13263,"position":3},"title":"Comunicado del CSU a la poblaci\u00f3n en general","author":"Divisi\u00f3n de Publicidad","date":"26 abril, 2021","format":false,"excerpt":"El Consejo Superior Universitario y \u00a0El Rector en funciones, Dr. Jorge Fernando Orellana Oliva, de la\u00a0Universidad de San Carlos de Guatemala Ante la resoluci\u00f3n de fecha 12 de abril de 2021, de la Sala Primera de lo Contencioso Administrativo, constituida en tribunal de amparo, dentro del Amparo 01011-2021-00083 que otorg\u00f3\u2026","rel":"","context":"En \u00abSin categor\u00eda\u00bb","block_context":{"text":"Sin categor\u00eda","link":"https:\/\/soy.usac.edu.gt\/?cat=1"},"img":{"alt_text":"","src":"https:\/\/i0.wp.com\/soy.usac.edu.gt\/wp-content\/uploads\/2021\/02\/COMUNICADO-IMAGEN-WEB.jpeg?resize=350%2C200&ssl=1","width":350,"height":200,"srcset":"https:\/\/i0.wp.com\/soy.usac.edu.gt\/wp-content\/uploads\/2021\/02\/COMUNICADO-IMAGEN-WEB.jpeg?resize=350%2C200&ssl=1 1x, https:\/\/i0.wp.com\/soy.usac.edu.gt\/wp-content\/uploads\/2021\/02\/COMUNICADO-IMAGEN-WEB.jpeg?resize=525%2C300&ssl=1 1.5x, https:\/\/i0.wp.com\/soy.usac.edu.gt\/wp-content\/uploads\/2021\/02\/COMUNICADO-IMAGEN-WEB.jpeg?resize=700%2C400&ssl=1 2x"},"classes":[]},{"id":13167,"url":"https:\/\/soy.usac.edu.gt\/?p=13167","url_meta":{"origin":13263,"position":4},"title":"CSU escucha a organizaciones sociales antes de entrevistar a postulantes para la CC","author":"Divisi\u00f3n de Publicidad","date":"23 febrero, 2021","format":false,"excerpt":"Ayer, el Consejo Superior Universitario (CSU) entrevist\u00f3 a los siete postulantes a magistrados de la Corte de Constitucionalidad. Este mi\u00e9rcoles 24 de febrero se llevar\u00e1 a cabo un foro, donde los candidatos podr\u00e1n debatir entre s\u00ed, responder preguntas de los observadores y del CSU. Presentamos un resumen sobre las actividades\u2026","rel":"","context":"En \u00abNoticias\u00bb","block_context":{"text":"Noticias","link":"https:\/\/soy.usac.edu.gt\/?cat=29"},"img":{"alt_text":"","src":"https:\/\/i0.wp.com\/soy.usac.edu.gt\/wp-content\/uploads\/2021\/02\/organizaciones-tres.jpeg?resize=350%2C200&ssl=1","width":350,"height":200,"srcset":"https:\/\/i0.wp.com\/soy.usac.edu.gt\/wp-content\/uploads\/2021\/02\/organizaciones-tres.jpeg?resize=350%2C200&ssl=1 1x, https:\/\/i0.wp.com\/soy.usac.edu.gt\/wp-content\/uploads\/2021\/02\/organizaciones-tres.jpeg?resize=525%2C300&ssl=1 1.5x, https:\/\/i0.wp.com\/soy.usac.edu.gt\/wp-content\/uploads\/2021\/02\/organizaciones-tres.jpeg?resize=700%2C400&ssl=1 2x, https:\/\/i0.wp.com\/soy.usac.edu.gt\/wp-content\/uploads\/2021\/02\/organizaciones-tres.jpeg?resize=1050%2C600&ssl=1 3x"},"classes":[]},{"id":13133,"url":"https:\/\/soy.usac.edu.gt\/?p=13133","url_meta":{"origin":13263,"position":5},"title":"Entre siete aspirantes, el Consejo Superior Universitario (CSU) elegir\u00e1 al Magistrado Titular y Suplente para la Corte de Constitucionalidad (CC).","author":"Divisi\u00f3n de Publicidad","date":"11 febrero, 2021","format":false,"excerpt":"En total se recibieron 19 expedientes, de los cuales se seleccionaron 7 para participar en la designaci\u00f3n de los cargos.","rel":"","context":"En \u00abNoticias\u00bb","block_context":{"text":"Noticias","link":"https:\/\/soy.usac.edu.gt\/?cat=29"},"img":{"alt_text":"","src":"https:\/\/i0.wp.com\/soy.usac.edu.gt\/wp-content\/uploads\/2021\/02\/WhatsApp-Image-2021-02-09-at-9.33.10-PM-2.jpeg?resize=350%2C200&ssl=1","width":350,"height":200,"srcset":"https:\/\/i0.wp.com\/soy.usac.edu.gt\/wp-content\/uploads\/2021\/02\/WhatsApp-Image-2021-02-09-at-9.33.10-PM-2.jpeg?resize=350%2C200&ssl=1 1x, https:\/\/i0.wp.com\/soy.usac.edu.gt\/wp-content\/uploads\/2021\/02\/WhatsApp-Image-2021-02-09-at-9.33.10-PM-2.jpeg?resize=525%2C300&ssl=1 1.5x, https:\/\/i0.wp.com\/soy.usac.edu.gt\/wp-content\/uploads\/2021\/02\/WhatsApp-Image-2021-02-09-at-9.33.10-PM-2.jpeg?resize=700%2C400&ssl=1 2x, https:\/\/i0.wp.com\/soy.usac.edu.gt\/wp-content\/uploads\/2021\/02\/WhatsApp-Image-2021-02-09-at-9.33.10-PM-2.jpeg?resize=1050%2C600&ssl=1 3x"},"classes":[]}],"jetpack_sharing_enabled":true,"_links":{"self":[{"href":"https:\/\/soy.usac.edu.gt\/index.php?rest_route=\/wp\/v2\/posts\/13263","targetHints":{"allow":["GET"]}}],"collection":[{"href":"https:\/\/soy.usac.edu.gt\/index.php?rest_route=\/wp\/v2\/posts"}],"about":[{"href":"https:\/\/soy.usac.edu.gt\/index.php?rest_route=\/wp\/v2\/types\/post"}],"author":[{"embeddable":true,"href":"https:\/\/soy.usac.edu.gt\/index.php?rest_route=\/wp\/v2\/users\/1"}],"replies":[{"embeddable":true,"href":"https:\/\/soy.usac.edu.gt\/index.php?rest_route=%2Fwp%2Fv2%2Fcomments&post=13263"}],"version-history":[{"count":3,"href":"https:\/\/soy.usac.edu.gt\/index.php?rest_route=\/wp\/v2\/posts\/13263\/revisions"}],"predecessor-version":[{"id":13273,"href":"https:\/\/soy.usac.edu.gt\/index.php?rest_route=\/wp\/v2\/posts\/13263\/revisions\/13273"}],"wp:featuredmedia":[{"embeddable":true,"href":"https:\/\/soy.usac.edu.gt\/index.php?rest_route=\/wp\/v2\/media\/13272"}],"wp:attachment":[{"href":"https:\/\/soy.usac.edu.gt\/index.php?rest_route=%2Fwp%2Fv2%2Fmedia&parent=13263"}],"wp:term":[{"taxonomy":"category","embeddable":true,"href":"https:\/\/soy.usac.edu.gt\/index.php?rest_route=%2Fwp%2Fv2%2Fcategories&post=13263"},{"taxonomy":"post_tag","embeddable":true,"href":"https:\/\/soy.usac.edu.gt\/index.php?rest_route=%2Fwp%2Fv2%2Ftags&post=13263"}],"curies":[{"name":"wp","href":"https:\/\/api.w.org\/{rel}","templated":true}]}}