{"id":13486,"date":"2021-03-19T10:19:01","date_gmt":"2021-03-19T16:19:01","guid":{"rendered":"https:\/\/soy.usac.edu.gt\/?p=13486"},"modified":"2021-03-19T15:06:18","modified_gmt":"2021-03-19T21:06:18","slug":"revista-de-la-universidad-de-san-carlos-no-48","status":"publish","type":"post","link":"https:\/\/soy.usac.edu.gt\/?p=13486","title":{"rendered":"Revista de la Universidad de San Carlos No. 48"},"content":{"rendered":"\n<div style=\"text-align: center;\">\n<div style=\"margin: 8px 0px 4px;\"><a href=\"https:\/\/www.calameo.com\/books\/006338926bf007f9feed3\" target=\"_blank\" rel=\"noopener noreferrer\">Revista No. 48<\/a><\/div>\n<iframe loading=\"lazy\" style=\"margin: 0 auto;\" src=\"\/\/v.calameo.com\/?bkcode=006338926bf007f9feed3\" width=\"300\" height=\"194\" frameborder=\"0\" scrolling=\"no\" allowfullscreen=\"allowfullscreen\"><\/iframe>\n<div style=\"margin: 4px 0px 8px;\"><a href=\"http:\/\/www.calameo.com\/\">Publish at Calameo<\/a><\/div>\n<\/div>\n\n\n\n<div class=\"wp-block-media-text alignwide is-stacked-on-mobile\"><figure class=\"wp-block-media-text__media\"><img loading=\"lazy\" decoding=\"async\" width=\"789\" height=\"1024\" src=\"https:\/\/soy.usac.edu.gt\/wp-content\/uploads\/2021\/03\/Captura-de-Pantalla-2021-03-19-a-las-09.52.58-1-789x1024.png\" alt=\"\" class=\"wp-image-13489\" srcset=\"https:\/\/soy.usac.edu.gt\/wp-content\/uploads\/2021\/03\/Captura-de-Pantalla-2021-03-19-a-las-09.52.58-1-789x1024.png 789w, https:\/\/soy.usac.edu.gt\/wp-content\/uploads\/2021\/03\/Captura-de-Pantalla-2021-03-19-a-las-09.52.58-1-231x300.png 231w, https:\/\/soy.usac.edu.gt\/wp-content\/uploads\/2021\/03\/Captura-de-Pantalla-2021-03-19-a-las-09.52.58-1-768x997.png 768w, https:\/\/soy.usac.edu.gt\/wp-content\/uploads\/2021\/03\/Captura-de-Pantalla-2021-03-19-a-las-09.52.58-1-1183x1536.png 1183w, https:\/\/soy.usac.edu.gt\/wp-content\/uploads\/2021\/03\/Captura-de-Pantalla-2021-03-19-a-las-09.52.58-1-1578x2048.png 1578w, https:\/\/soy.usac.edu.gt\/wp-content\/uploads\/2021\/03\/Captura-de-Pantalla-2021-03-19-a-las-09.52.58-1.png 1732w\" sizes=\"auto, (max-width: 789px) 100vw, 789px\" \/><\/figure><div class=\"wp-block-media-text__content\">\n<p><\/p>\n\n\n\n<p class=\"has-large-font-size\"><em><strong>En esta edici\u00f3n podr\u00e1s leer<\/strong><\/em><\/p>\n\n\n\n<div><strong>Ensayos<\/strong><\/div>\n<div>\u00a0<\/div>\n<div><strong>Juguete y clase en Am\u00e9rica Latina<\/strong><\/div>\n<div>Francisco G\u00f3mez Carpinteiro<\/div>\n<div>\u00a0<\/div>\n<div><strong>Con la alimentaci\u00f3n en contra<\/strong><\/div>\n<div>Ruth Piedrasanta Herrera<\/div>\n<div>\u00a0<\/div>\n<div><strong>Rompan todo y los silencios del m\u00e1s ac\u00e1<\/strong><\/div>\n<div>Mario Casta\u00f1eda<\/div>\n<div>\u00a0<\/div>\n<div><strong>Letras<\/strong><\/div>\n<div>\u00a0<\/div>\n<div>Poemas<\/div>\n<div>\u00a0Krisma Manc\u00eda<\/div>\n<div>\u00a0<\/div>\n<div>Prosa<\/div>\n<div>Carlos Boj\u00f3rquez Urzaiz<\/div>\n<div>\u00a0<\/div>\n<div>Poemas<\/div>\n<div>\u00a0Sabino Esteban<\/div>\n<div>\u00a0<\/div>\n<div>Relatos<\/div>\n<div>\u00c1lvaro S\u00e1nchez<\/div>\n<div>\u00a0<\/div>\n<div>Prosa<\/div>\n<div>Rafael Guti\u00e9rrez<\/div>\n<div>\u00a0<\/div>\n<div><strong>Entrevista<\/strong><\/div>\n<div>\u00a0<\/div>\n<div><strong>Traduciendo el fuego: Entrevista a Laurent Bouisset<\/strong><\/div>\n<div>Lester Oliveros<\/div>\n<div>\u00a0<\/div>\n<div><strong>Arte<\/strong><\/div>\n<div>\u00a0<\/div>\n<div>Max Leiva: El gesto del escultor \u00a0 \u00a0\u00a0<\/div>\n<div>Karen Ponciano<\/div>\n<div>\u00a0<\/div>\n<div><strong>Comentario<\/strong><\/div>\n<div>\u00a0<\/div>\n<div>Guatemala: Linaje y racismo \u00a0 \u00a0 \u00a0 \u00a0 \u00a0 \u00a0 \u00a0 \u00a0 \u00a0 \u00a0 \u00a0 \u00a0 \u00a0 \u00a0 \u00a0 \u00a0 \u00a0 \u00a0 \u00a0 \u00a0 \u00a0 \u00a0 \u00a0 \u00a0 \u00a0 \u00a0 \u00a0 \u00a0 \u00a0 Camilo Villatoro<\/div>\n<div>\u00a0<\/div>\n<div>\u00a0<\/div>\n<\/div><\/div>\n\n\n\n<div class=\"wp-block-buttons is-layout-flex wp-block-buttons-is-layout-flex\">\n<div class=\"wp-block-button\"><a class=\"wp-block-button__link has-background has-vivid-cyan-blue-background-color\" href=\"\" target=\"_blank\" rel=\"noreferrer noopener\">DESCARGA<\/a><\/div>\n<\/div>\n","protected":false},"excerpt":{"rendered":"<p>En est\u00e1 edici\u00f3n podr\u00e1s leer ensayos De Francisco G\u00f3mez Carpinteiro, Ruth Piedrasanta Herrera y Mario Casta\u00f1eda. <\/p>\n","protected":false},"author":1,"featured_media":13487,"comment_status":"closed","ping_status":"open","sticky":false,"template":"","format":"standard","meta":{"_exactmetrics_skip_tracking":false,"_exactmetrics_sitenote_active":false,"_exactmetrics_sitenote_note":"","_exactmetrics_sitenote_category":0,"_jetpack_memberships_contains_paid_content":false,"footnotes":""},"categories":[97,123,29,399],"tags":[400],"class_list":["post-13486","post","type-post","status-publish","format-standard","has-post-thumbnail","hentry","category-cultura-noticias","category-cultura-mas","category-noticias","category-revista-de-la-universidad","tag-revista-de-la-universidad-de-san-carlos"],"aioseo_notices":[],"jetpack_featured_media_url":"https:\/\/soy.usac.edu.gt\/wp-content\/uploads\/2021\/03\/Captura-de-Pantalla-2021-03-19-a-las-09.52.29.png","views":"","jetpack-related-posts":[{"id":12513,"url":"https:\/\/soy.usac.edu.gt\/?p=12513","url_meta":{"origin":13486,"position":0},"title":"Revista de la Universidad de San Carlos No. 46","author":"Divisi\u00f3n de Publicidad","date":"10 octubre, 2020","format":false,"excerpt":"Le\u00e9 ac\u00e1 la m\u00e1s reciente Revista de la Universidad de San Carlos","rel":"","context":"En \u00abCultura\u00bb","block_context":{"text":"Cultura","link":"https:\/\/soy.usac.edu.gt\/?cat=97"},"img":{"alt_text":"","src":"https:\/\/i0.wp.com\/soy.usac.edu.gt\/wp-content\/uploads\/2020\/10\/Captura-de-Pantalla-2020-10-10-a-las-11.50.28.png?resize=350%2C200&ssl=1","width":350,"height":200,"srcset":"https:\/\/i0.wp.com\/soy.usac.edu.gt\/wp-content\/uploads\/2020\/10\/Captura-de-Pantalla-2020-10-10-a-las-11.50.28.png?resize=350%2C200&ssl=1 1x, https:\/\/i0.wp.com\/soy.usac.edu.gt\/wp-content\/uploads\/2020\/10\/Captura-de-Pantalla-2020-10-10-a-las-11.50.28.png?resize=525%2C300&ssl=1 1.5x, https:\/\/i0.wp.com\/soy.usac.edu.gt\/wp-content\/uploads\/2020\/10\/Captura-de-Pantalla-2020-10-10-a-las-11.50.28.png?resize=700%2C400&ssl=1 2x, https:\/\/i0.wp.com\/soy.usac.edu.gt\/wp-content\/uploads\/2020\/10\/Captura-de-Pantalla-2020-10-10-a-las-11.50.28.png?resize=1050%2C600&ssl=1 3x, https:\/\/i0.wp.com\/soy.usac.edu.gt\/wp-content\/uploads\/2020\/10\/Captura-de-Pantalla-2020-10-10-a-las-11.50.28.png?resize=1400%2C800&ssl=1 4x"},"classes":[]},{"id":12113,"url":"https:\/\/soy.usac.edu.gt\/?p=12113","url_meta":{"origin":13486,"position":1},"title":"Revista de la Universidad de San Carlos No. 43","author":"Divisi\u00f3n de Publicidad","date":"20 julio, 2020","format":false,"excerpt":"Revista de arte y cultura de la USAC.","rel":"","context":"En \u00abCultura\u00bb","block_context":{"text":"Cultura","link":"https:\/\/soy.usac.edu.gt\/?cat=97"},"img":{"alt_text":"","src":"https:\/\/i0.wp.com\/soy.usac.edu.gt\/wp-content\/uploads\/2020\/08\/Captura-de-Pantalla-2020-08-03-a-las-11.14.35.png?resize=350%2C200&ssl=1","width":350,"height":200,"srcset":"https:\/\/i0.wp.com\/soy.usac.edu.gt\/wp-content\/uploads\/2020\/08\/Captura-de-Pantalla-2020-08-03-a-las-11.14.35.png?resize=350%2C200&ssl=1 1x, https:\/\/i0.wp.com\/soy.usac.edu.gt\/wp-content\/uploads\/2020\/08\/Captura-de-Pantalla-2020-08-03-a-las-11.14.35.png?resize=525%2C300&ssl=1 1.5x, https:\/\/i0.wp.com\/soy.usac.edu.gt\/wp-content\/uploads\/2020\/08\/Captura-de-Pantalla-2020-08-03-a-las-11.14.35.png?resize=700%2C400&ssl=1 2x, https:\/\/i0.wp.com\/soy.usac.edu.gt\/wp-content\/uploads\/2020\/08\/Captura-de-Pantalla-2020-08-03-a-las-11.14.35.png?resize=1050%2C600&ssl=1 3x, https:\/\/i0.wp.com\/soy.usac.edu.gt\/wp-content\/uploads\/2020\/08\/Captura-de-Pantalla-2020-08-03-a-las-11.14.35.png?resize=1400%2C800&ssl=1 4x"},"classes":[]},{"id":12967,"url":"https:\/\/soy.usac.edu.gt\/?p=12967","url_meta":{"origin":13486,"position":2},"title":"Revista de la Universidad de San Carlos No. 47","author":"Divisi\u00f3n de Publicidad","date":"26 noviembre, 2020","format":false,"excerpt":"Revista de arte y cultura de la universidad.","rel":"","context":"En \u00abNoticias\u00bb","block_context":{"text":"Noticias","link":"https:\/\/soy.usac.edu.gt\/?cat=29"},"img":{"alt_text":"","src":"https:\/\/i0.wp.com\/soy.usac.edu.gt\/wp-content\/uploads\/2020\/11\/Captura-de-Pantalla-2020-11-26-a-las-08.54.06.png?resize=350%2C200&ssl=1","width":350,"height":200,"srcset":"https:\/\/i0.wp.com\/soy.usac.edu.gt\/wp-content\/uploads\/2020\/11\/Captura-de-Pantalla-2020-11-26-a-las-08.54.06.png?resize=350%2C200&ssl=1 1x, https:\/\/i0.wp.com\/soy.usac.edu.gt\/wp-content\/uploads\/2020\/11\/Captura-de-Pantalla-2020-11-26-a-las-08.54.06.png?resize=525%2C300&ssl=1 1.5x, https:\/\/i0.wp.com\/soy.usac.edu.gt\/wp-content\/uploads\/2020\/11\/Captura-de-Pantalla-2020-11-26-a-las-08.54.06.png?resize=700%2C400&ssl=1 2x, https:\/\/i0.wp.com\/soy.usac.edu.gt\/wp-content\/uploads\/2020\/11\/Captura-de-Pantalla-2020-11-26-a-las-08.54.06.png?resize=1050%2C600&ssl=1 3x, https:\/\/i0.wp.com\/soy.usac.edu.gt\/wp-content\/uploads\/2020\/11\/Captura-de-Pantalla-2020-11-26-a-las-08.54.06.png?resize=1400%2C800&ssl=1 4x"},"classes":[]},{"id":12241,"url":"https:\/\/soy.usac.edu.gt\/?p=12241","url_meta":{"origin":13486,"position":3},"title":"Revista de la Universidad de San Carlos No. 45","author":"Divisi\u00f3n de Publicidad","date":"22 agosto, 2020","format":false,"excerpt":"En est\u00e1 edici\u00f3n podr\u00e1s leer; Ensayos, Control y vigilancia en tiempos del coronavirus\/ Linda Romero Ordun\u0303a","rel":"","context":"En \u00abCultura\u00bb","block_context":{"text":"Cultura","link":"https:\/\/soy.usac.edu.gt\/?cat=97"},"img":{"alt_text":"","src":"https:\/\/i0.wp.com\/soy.usac.edu.gt\/wp-content\/uploads\/2020\/08\/revista-destacada.jpg?resize=350%2C200&ssl=1","width":350,"height":200,"srcset":"https:\/\/i0.wp.com\/soy.usac.edu.gt\/wp-content\/uploads\/2020\/08\/revista-destacada.jpg?resize=350%2C200&ssl=1 1x, https:\/\/i0.wp.com\/soy.usac.edu.gt\/wp-content\/uploads\/2020\/08\/revista-destacada.jpg?resize=525%2C300&ssl=1 1.5x, https:\/\/i0.wp.com\/soy.usac.edu.gt\/wp-content\/uploads\/2020\/08\/revista-destacada.jpg?resize=700%2C400&ssl=1 2x, https:\/\/i0.wp.com\/soy.usac.edu.gt\/wp-content\/uploads\/2020\/08\/revista-destacada.jpg?resize=1050%2C600&ssl=1 3x"},"classes":[]},{"id":12099,"url":"https:\/\/soy.usac.edu.gt\/?p=12099","url_meta":{"origin":13486,"position":4},"title":"Revista de la Universidad de San Carlos No. 44","author":"Divisi\u00f3n de Publicidad","date":"27 julio, 2020","format":false,"excerpt":"En esta edici\u00f3n podr\u00e1s leer ensayos, poes\u00eda, cuentos, entrevistas y comentarios.","rel":"","context":"En \u00abCultura\u00bb","block_context":{"text":"Cultura","link":"https:\/\/soy.usac.edu.gt\/?cat=123"},"img":{"alt_text":"","src":"https:\/\/i0.wp.com\/soy.usac.edu.gt\/wp-content\/uploads\/2020\/07\/destacada-revista-44.jpg?resize=350%2C200&ssl=1","width":350,"height":200,"srcset":"https:\/\/i0.wp.com\/soy.usac.edu.gt\/wp-content\/uploads\/2020\/07\/destacada-revista-44.jpg?resize=350%2C200&ssl=1 1x, https:\/\/i0.wp.com\/soy.usac.edu.gt\/wp-content\/uploads\/2020\/07\/destacada-revista-44.jpg?resize=525%2C300&ssl=1 1.5x, https:\/\/i0.wp.com\/soy.usac.edu.gt\/wp-content\/uploads\/2020\/07\/destacada-revista-44.jpg?resize=700%2C400&ssl=1 2x"},"classes":[]},{"id":6163,"url":"https:\/\/soy.usac.edu.gt\/?p=6163","url_meta":{"origin":13486,"position":5},"title":"Revista de la Universidad de San Carlos No. 40","author":"Divisi\u00f3n de Publicidad","date":"17 mayo, 2019","format":false,"excerpt":"En esta edici\u00f3n podr\u00e1s leer ensayos, poes\u00eda, art\u00edculos, entre ellos:Bajo las piedras de C\u00e9sar Vallejo\/ De Jaime Barrios CarrilloPoder y etnicidad en el arte contempor\u00e1neo guatemalteco\/ De Mario Roberto Morales.Hasta pronto, Humberto Ak\u2019abal\/ De Jonathan Van Der Henst.","rel":"","context":"En \u00abCultura\u00bb","block_context":{"text":"Cultura","link":"https:\/\/soy.usac.edu.gt\/?cat=97"},"img":{"alt_text":"","src":"https:\/\/i0.wp.com\/soy.usac.edu.gt\/wp-content\/uploads\/2019\/05\/revista-40-redes-foto-redes.png?resize=350%2C200&ssl=1","width":350,"height":200,"srcset":"https:\/\/i0.wp.com\/soy.usac.edu.gt\/wp-content\/uploads\/2019\/05\/revista-40-redes-foto-redes.png?resize=350%2C200&ssl=1 1x, https:\/\/i0.wp.com\/soy.usac.edu.gt\/wp-content\/uploads\/2019\/05\/revista-40-redes-foto-redes.png?resize=525%2C300&ssl=1 1.5x, https:\/\/i0.wp.com\/soy.usac.edu.gt\/wp-content\/uploads\/2019\/05\/revista-40-redes-foto-redes.png?resize=700%2C400&ssl=1 2x"},"classes":[]}],"jetpack_sharing_enabled":true,"_links":{"self":[{"href":"https:\/\/soy.usac.edu.gt\/index.php?rest_route=\/wp\/v2\/posts\/13486","targetHints":{"allow":["GET"]}}],"collection":[{"href":"https:\/\/soy.usac.edu.gt\/index.php?rest_route=\/wp\/v2\/posts"}],"about":[{"href":"https:\/\/soy.usac.edu.gt\/index.php?rest_route=\/wp\/v2\/types\/post"}],"author":[{"embeddable":true,"href":"https:\/\/soy.usac.edu.gt\/index.php?rest_route=\/wp\/v2\/users\/1"}],"replies":[{"embeddable":true,"href":"https:\/\/soy.usac.edu.gt\/index.php?rest_route=%2Fwp%2Fv2%2Fcomments&post=13486"}],"version-history":[{"count":4,"href":"https:\/\/soy.usac.edu.gt\/index.php?rest_route=\/wp\/v2\/posts\/13486\/revisions"}],"predecessor-version":[{"id":13562,"href":"https:\/\/soy.usac.edu.gt\/index.php?rest_route=\/wp\/v2\/posts\/13486\/revisions\/13562"}],"wp:featuredmedia":[{"embeddable":true,"href":"https:\/\/soy.usac.edu.gt\/index.php?rest_route=\/wp\/v2\/media\/13487"}],"wp:attachment":[{"href":"https:\/\/soy.usac.edu.gt\/index.php?rest_route=%2Fwp%2Fv2%2Fmedia&parent=13486"}],"wp:term":[{"taxonomy":"category","embeddable":true,"href":"https:\/\/soy.usac.edu.gt\/index.php?rest_route=%2Fwp%2Fv2%2Fcategories&post=13486"},{"taxonomy":"post_tag","embeddable":true,"href":"https:\/\/soy.usac.edu.gt\/index.php?rest_route=%2Fwp%2Fv2%2Ftags&post=13486"}],"curies":[{"name":"wp","href":"https:\/\/api.w.org\/{rel}","templated":true}]}}