{"id":13543,"date":"2021-03-19T14:49:47","date_gmt":"2021-03-19T20:49:47","guid":{"rendered":"https:\/\/soy.usac.edu.gt\/?p=13543"},"modified":"2021-03-19T16:27:41","modified_gmt":"2021-03-19T22:27:41","slug":"expo-360-grados-de-la-centenaria-huelga-de-dolores","status":"publish","type":"post","link":"https:\/\/soy.usac.edu.gt\/?p=13543","title":{"rendered":"Expo 360 Grados de la Centenaria Huelga de Dolores"},"content":{"rendered":"\n<p>Fotograf\u00eda de Elio Morales<\/p>\n<p style=\"text-align: justify;\"><strong>El Museo de la Universidad de San Carlos de Guatemala presentar\u00e1 de manera virtual la exposici\u00f3n Centenaria Huelga de Dolores en 123 A\u00f1os con la intervenci\u00f3n de 11 artistas.<\/strong><\/p>\n<p style=\"text-align: justify;\">El evento rendir\u00e1 homenaje a la Chabela, principal personaje huelguero, el pr\u00f3ximo Viernes de Dolores (26 de marzo)\u00a0 en formato de 360 grados, con contenido accesible que podr\u00e1 disfrutarse por medio de Facebook: MUSACGuatemala\/ @MuseodelaUSAC , explic\u00f3 Carolina Castillo, directora del MUSAC.<\/p>\n<p style=\"text-align: justify;\">No se puede hablar de la Huelga de Dolores sin mencionar a la Chabela, son dos elementos que se complementan, no puede existir una sin la otra. En 2021, la Huelga cumple 123 a\u00f1os de haber salido por primera vez a manifestar de manera contundente contra los desmanes pol\u00edticos.<\/p>\n<p style=\"text-align: justify;\">Fue el 1 de abril de 1898 cuando emergi\u00f3 el clamor de estudiantes que se involucraron en una huelga para presionar al gobierno del presidente Manuel Estrada Cabrera a que abriera y mejorara las escuelas primarias; esta huelga fue un impulso para que poco despu\u00e9s los estudiantes crearan una manifestaci\u00f3n sat\u00edrica sobre los problemas sociopol\u00edticos que ha enfrentado el pa\u00eds.<\/p>\n<figure id=\"attachment_13552\" aria-describedby=\"caption-attachment-13552\" style=\"width: 1200px\" class=\"wp-caption aligncenter\"><img loading=\"lazy\" decoding=\"async\" class=\"wp-image-13552 size-full\" src=\"https:\/\/soy.usac.edu.gt\/wp-content\/uploads\/2021\/03\/chavela9.jpeg\" alt=\"\" width=\"1200\" height=\"800\" srcset=\"https:\/\/soy.usac.edu.gt\/wp-content\/uploads\/2021\/03\/chavela9.jpeg 1200w, https:\/\/soy.usac.edu.gt\/wp-content\/uploads\/2021\/03\/chavela9-300x200.jpeg 300w, https:\/\/soy.usac.edu.gt\/wp-content\/uploads\/2021\/03\/chavela9-1024x683.jpeg 1024w, https:\/\/soy.usac.edu.gt\/wp-content\/uploads\/2021\/03\/chavela9-768x512.jpeg 768w\" sizes=\"auto, (max-width: 1200px) 100vw, 1200px\" \/><figcaption id=\"caption-attachment-13552\" class=\"wp-caption-text\">Fotograf\u00eda de Elio Morales<\/figcaption><\/figure>\n<p style=\"text-align: justify;\">Sin embargo, dos d\u00e9cadas despu\u00e9s, \u00a0<strong>la Chabela<\/strong> naci\u00f3 de la mano del pintor y estudiante\u00a0 de medicina Hern\u00e1n \u201c<em>Pan<\/em>\u201d Mart\u00ednez Sobral el 18 de marzo de 1921. Ahora cumple 100 a\u00f1os de mantenerse vigente en el la vida de los estudiantes sancarlistas, que la ven como un estandarte en cada desfile de la Huelga de Dolores.<\/p>\n<p style=\"text-align: justify;\">Una de las figuras m\u00e1s queridas de la Huelga de Todos los Dolores ha sido Jos\u00e9, el \u201cSordo\u201d Barnoya, hijo de la Chinche Barnoya, figuras que han trascendido en el tiempo por el aporte que dejaron a toda una generaci\u00f3n de sancarlistas que\u00a0 ofrendaron su vida por un pa\u00eds libre.<\/p>\n<p style=\"text-align: justify;\">El Sordo Barnoya, huelguero desde 1948, ahora con 90 a\u00f1os de vida, quien dice: \u201cYa deber\u00eda estar muerto, pero sigo vivo\u201d, platic\u00f3 acerca del <strong>Centenario de la Chabela<\/strong>.<\/p>\n<p style=\"text-align: justify;\">\u201cLa hizo el estudiante de medicina Hern\u00e1n Mart\u00ednez Sobral, quien era un pintor excelente. La Chabela es un esqueleto femenino, fue el primer cartel que circul\u00f3 por la capital, ella es la que inici\u00f3 los desfiles de Todos los Dolores en las actividades de huelga.\u00a0 Empec\u00e9 en la huelga a finales de los a\u00f1os 40, y puedo decir que <strong>la Chabela<\/strong>es una guatemalteca aut\u00e9ntica, con rasgos muy femeninos: la pelvis, la sonrisa y su nombre representan a la muerte, misma que nos ha seguido a lo largo de la historia\u201d, explic\u00f3 el Sordo Barnoya.<\/p>\n<p style=\"text-align: justify;\">\u201cA la huelga no la mata nadie, ni siquiera los corruptos; la huelga va a persistir a\u00f1o\u00a0 tras a\u00f1o, La Chalana y la Chabela no morir\u00e1n jam\u00e1s\u201d, puntualiz\u00f3.<\/p>\n\n\n\n<h2 class=\"wp-block-heading\">Actividades<\/h2>\n\n\n\n<p style=\"text-align: justify;\">Dentro de algunas actividades virtuales que se tendr\u00e1n ese d\u00eda est\u00e1n las entrevistas con el Dr. Jos\u00e9 \u201cSordo\u201d Barnoya y el Ing. Walter Sosa (Cri-Cri).<\/p>\n<p style=\"text-align: justify;\">Asimismo, la exposici\u00f3n virtual mostrar\u00e1 las obras de 11 artistas: Jennifer De Le\u00f3n, Gloria Quin\u00e1, Luz Mar\u00eda Ori, Gerardo Orizabal, Marlon Mayen, Fredy Rangel, Juan Carlos Aguilar, Samec \u00c1valos, Edgar Morales, Marvin Olivares y Fabricio Fern\u00e1ndez.<\/p>\n\n\n\n<h2 class=\"wp-block-heading\">Mira algunas pinturas de la muestra<\/h2>\n\n\n\n<p>[meta_gallery_slider id=\u00bb13559&#8243;]<\/p>\n<p>Fotograf\u00edas de Elio Morales<\/p>\n","protected":false},"excerpt":{"rendered":"<p>El Museo de la Universidad de San Carlos de Guatemala presentar\u00e1 de manera virtual la exposici\u00f3n Centenaria Huelga de Dolores en 123 A\u00f1os con la intervenci\u00f3n de 11 artistas.<\/p>\n","protected":false},"author":1,"featured_media":13555,"comment_status":"closed","ping_status":"open","sticky":false,"template":"","format":"standard","meta":{"_exactmetrics_skip_tracking":false,"_exactmetrics_sitenote_active":false,"_exactmetrics_sitenote_note":"","_exactmetrics_sitenote_category":0,"_jetpack_memberships_contains_paid_content":false,"footnotes":""},"categories":[126,97,123,29],"tags":[665,444,666],"class_list":["post-13543","post","type-post","status-publish","format-standard","has-post-thumbnail","hentry","category-actividades","category-cultura-noticias","category-cultura-mas","category-noticias","tag-chavela","tag-huelga-de-dolores","tag-sordo-barnoya"],"aioseo_notices":[],"jetpack_featured_media_url":"https:\/\/soy.usac.edu.gt\/wp-content\/uploads\/2021\/03\/chavela12.jpeg","views":"","jetpack-related-posts":[{"id":16930,"url":"https:\/\/soy.usac.edu.gt\/?p=16930","url_meta":{"origin":13543,"position":0},"title":"En la 124a huelga, La Chalana cumple 100 a\u00f1os","author":"Edwin Medina","date":"30 marzo, 2022","format":false,"excerpt":"Una tradici\u00f3n centenaria regresa a las calles luego de dos a\u00f1os de ausencia, hecho que genera m\u00faltiples reacciones entre los huelgueros.","rel":"","context":"En \u00abNoticias\u00bb","block_context":{"text":"Noticias","link":"https:\/\/soy.usac.edu.gt\/?cat=29"},"img":{"alt_text":"","src":"https:\/\/i0.wp.com\/soy.usac.edu.gt\/wp-content\/uploads\/2022\/03\/WhatsApp-Image-2022-03-16-at-9.17.38-AM-5-2.jpeg?resize=350%2C200&ssl=1","width":350,"height":200,"srcset":"https:\/\/i0.wp.com\/soy.usac.edu.gt\/wp-content\/uploads\/2022\/03\/WhatsApp-Image-2022-03-16-at-9.17.38-AM-5-2.jpeg?resize=350%2C200&ssl=1 1x, https:\/\/i0.wp.com\/soy.usac.edu.gt\/wp-content\/uploads\/2022\/03\/WhatsApp-Image-2022-03-16-at-9.17.38-AM-5-2.jpeg?resize=525%2C300&ssl=1 1.5x, https:\/\/i0.wp.com\/soy.usac.edu.gt\/wp-content\/uploads\/2022\/03\/WhatsApp-Image-2022-03-16-at-9.17.38-AM-5-2.jpeg?resize=700%2C400&ssl=1 2x, https:\/\/i0.wp.com\/soy.usac.edu.gt\/wp-content\/uploads\/2022\/03\/WhatsApp-Image-2022-03-16-at-9.17.38-AM-5-2.jpeg?resize=1050%2C600&ssl=1 3x"},"classes":[]},{"id":5516,"url":"https:\/\/soy.usac.edu.gt\/?p=5516","url_meta":{"origin":13543,"position":1},"title":"El verdadero sentido de la Huelga de Dolores","author":"Divisi\u00f3n de Publicidad","date":"9 abril, 2019","format":false,"excerpt":"Cobros ilegales, violencia y delincuencia ponen en entredicho a una tradici\u00f3n centenaria.","rel":"","context":"En \u00abNoticias\u00bb","block_context":{"text":"Noticias","link":"https:\/\/soy.usac.edu.gt\/?cat=29"},"img":{"alt_text":"","src":"https:\/\/i0.wp.com\/soy.usac.edu.gt\/wp-content\/uploads\/2019\/04\/57092855_790419088021008_6593255552229310464_n.jpg?resize=350%2C200&ssl=1","width":350,"height":200,"srcset":"https:\/\/i0.wp.com\/soy.usac.edu.gt\/wp-content\/uploads\/2019\/04\/57092855_790419088021008_6593255552229310464_n.jpg?resize=350%2C200&ssl=1 1x, https:\/\/i0.wp.com\/soy.usac.edu.gt\/wp-content\/uploads\/2019\/04\/57092855_790419088021008_6593255552229310464_n.jpg?resize=525%2C300&ssl=1 1.5x, https:\/\/i0.wp.com\/soy.usac.edu.gt\/wp-content\/uploads\/2019\/04\/57092855_790419088021008_6593255552229310464_n.jpg?resize=700%2C400&ssl=1 2x, https:\/\/i0.wp.com\/soy.usac.edu.gt\/wp-content\/uploads\/2019\/04\/57092855_790419088021008_6593255552229310464_n.jpg?resize=1050%2C600&ssl=1 3x, https:\/\/i0.wp.com\/soy.usac.edu.gt\/wp-content\/uploads\/2019\/04\/57092855_790419088021008_6593255552229310464_n.jpg?resize=1400%2C800&ssl=1 4x"},"classes":[]},{"id":5543,"url":"https:\/\/soy.usac.edu.gt\/?p=5543","url_meta":{"origin":13543,"position":2},"title":"As\u00ed se vivi\u00f3 la tradicional Huelga de Dolores","author":"Divisi\u00f3n de Publicidad","date":"12 abril, 2019","format":false,"excerpt":"Por las calles del Centro Hist\u00f3rico recorrieron las carrozas del tradicional desfile bufo. \u00a0","rel":"","context":"En \u00abNoticias\u00bb","block_context":{"text":"Noticias","link":"https:\/\/soy.usac.edu.gt\/?cat=29"},"img":{"alt_text":"","src":"https:\/\/i0.wp.com\/soy.usac.edu.gt\/wp-content\/uploads\/2019\/04\/WhatsApp-Image-2019-04-12-at-12.41.30.jpeg?resize=350%2C200&ssl=1","width":350,"height":200,"srcset":"https:\/\/i0.wp.com\/soy.usac.edu.gt\/wp-content\/uploads\/2019\/04\/WhatsApp-Image-2019-04-12-at-12.41.30.jpeg?resize=350%2C200&ssl=1 1x, https:\/\/i0.wp.com\/soy.usac.edu.gt\/wp-content\/uploads\/2019\/04\/WhatsApp-Image-2019-04-12-at-12.41.30.jpeg?resize=525%2C300&ssl=1 1.5x, https:\/\/i0.wp.com\/soy.usac.edu.gt\/wp-content\/uploads\/2019\/04\/WhatsApp-Image-2019-04-12-at-12.41.30.jpeg?resize=700%2C400&ssl=1 2x, https:\/\/i0.wp.com\/soy.usac.edu.gt\/wp-content\/uploads\/2019\/04\/WhatsApp-Image-2019-04-12-at-12.41.30.jpeg?resize=1050%2C600&ssl=1 3x"},"classes":[]},{"id":3119,"url":"https:\/\/soy.usac.edu.gt\/?p=3119","url_meta":{"origin":13543,"position":3},"title":"Estudiantes realizan Huelga de Dolores Extraordinaria","author":"Divisi\u00f3n de Publicidad","date":"13 noviembre, 2018","format":false,"excerpt":"Los comit\u00e9s de las distintas Unidades Acad\u00e9micas organizaron una Huelga de Dolores Extraordinaria para exigir al Congreso un presupuesto digno para la USAC. Encapuchados de la Universidad se reunieron en la rector\u00eda para emprender una caminata pac\u00edfica hacia el Congreso con el fin de exigir a los diputados la aprobaci\u00f3n\u2026","rel":"","context":"En \u00abNoticias\u00bb","block_context":{"text":"Noticias","link":"https:\/\/soy.usac.edu.gt\/?cat=29"},"img":{"alt_text":"","src":"https:\/\/i0.wp.com\/soy.usac.edu.gt\/wp-content\/uploads\/2018\/11\/MANIFESTACI%C3%93N-ENCAPUCHADOS-1.jpeg?resize=350%2C200&ssl=1","width":350,"height":200,"srcset":"https:\/\/i0.wp.com\/soy.usac.edu.gt\/wp-content\/uploads\/2018\/11\/MANIFESTACI%C3%93N-ENCAPUCHADOS-1.jpeg?resize=350%2C200&ssl=1 1x, https:\/\/i0.wp.com\/soy.usac.edu.gt\/wp-content\/uploads\/2018\/11\/MANIFESTACI%C3%93N-ENCAPUCHADOS-1.jpeg?resize=525%2C300&ssl=1 1.5x, https:\/\/i0.wp.com\/soy.usac.edu.gt\/wp-content\/uploads\/2018\/11\/MANIFESTACI%C3%93N-ENCAPUCHADOS-1.jpeg?resize=700%2C400&ssl=1 2x, https:\/\/i0.wp.com\/soy.usac.edu.gt\/wp-content\/uploads\/2018\/11\/MANIFESTACI%C3%93N-ENCAPUCHADOS-1.jpeg?resize=1050%2C600&ssl=1 3x"},"classes":[]},{"id":11148,"url":"https:\/\/soy.usac.edu.gt\/?p=11148","url_meta":{"origin":13543,"position":4},"title":"CSU proh\u00edbe usar el nombre de la USAC para financiar la Huelga de Dolores","author":"Divisi\u00f3n de Publicidad","date":"10 marzo, 2020","format":false,"excerpt":"Estas acciones preventivas tienen como fin evitar que se transgreda el orden universitario a trav\u00e9s de actividades de bienvenida, bautizo o huelga.\u00a0 Como parte de las acciones preventivas para evitar que se transgreda el orden universitario, a trav\u00e9s del Acta No. 05-2020, del 12 de febrero de 2020, el Consejo\u2026","rel":"","context":"En \u00abM\u00e1s Noticias\u00bb","block_context":{"text":"M\u00e1s Noticias","link":"https:\/\/soy.usac.edu.gt\/?cat=96"},"img":{"alt_text":"","src":"https:\/\/i0.wp.com\/soy.usac.edu.gt\/wp-content\/uploads\/2020\/03\/NOTA-ENCAPUCHADOS.jpg?resize=350%2C200&ssl=1","width":350,"height":200,"srcset":"https:\/\/i0.wp.com\/soy.usac.edu.gt\/wp-content\/uploads\/2020\/03\/NOTA-ENCAPUCHADOS.jpg?resize=350%2C200&ssl=1 1x, https:\/\/i0.wp.com\/soy.usac.edu.gt\/wp-content\/uploads\/2020\/03\/NOTA-ENCAPUCHADOS.jpg?resize=525%2C300&ssl=1 1.5x, https:\/\/i0.wp.com\/soy.usac.edu.gt\/wp-content\/uploads\/2020\/03\/NOTA-ENCAPUCHADOS.jpg?resize=700%2C400&ssl=1 2x, https:\/\/i0.wp.com\/soy.usac.edu.gt\/wp-content\/uploads\/2020\/03\/NOTA-ENCAPUCHADOS.jpg?resize=1050%2C600&ssl=1 3x"},"classes":[]},{"id":16066,"url":"https:\/\/soy.usac.edu.gt\/?p=16066","url_meta":{"origin":13543,"position":5},"title":"USAC rinde homenaje p\u00f3stumo al Sordo Barnoya","author":"Divisi\u00f3n de Publicidad","date":"19 noviembre, 2021","format":false,"excerpt":"Durante la actividad realizada en el Museo de la Universidad de San Carlos de Guatemala (MUSAC), se conmemor\u00f3 al m\u00e9dico, ur\u00f3logo, poeta, excatedr\u00e1tico de la Facultad de Ciencias M\u00e9dicas y huelguero vitalicio.","rel":"","context":"En \u00abNoticias\u00bb","block_context":{"text":"Noticias","link":"https:\/\/soy.usac.edu.gt\/?cat=29"},"img":{"alt_text":"","src":"https:\/\/i0.wp.com\/soy.usac.edu.gt\/wp-content\/uploads\/2021\/11\/WhatsApp-Image-2021-11-18-at-13.43.38.jpeg?resize=350%2C200&ssl=1","width":350,"height":200,"srcset":"https:\/\/i0.wp.com\/soy.usac.edu.gt\/wp-content\/uploads\/2021\/11\/WhatsApp-Image-2021-11-18-at-13.43.38.jpeg?resize=350%2C200&ssl=1 1x, https:\/\/i0.wp.com\/soy.usac.edu.gt\/wp-content\/uploads\/2021\/11\/WhatsApp-Image-2021-11-18-at-13.43.38.jpeg?resize=525%2C300&ssl=1 1.5x, https:\/\/i0.wp.com\/soy.usac.edu.gt\/wp-content\/uploads\/2021\/11\/WhatsApp-Image-2021-11-18-at-13.43.38.jpeg?resize=700%2C400&ssl=1 2x, https:\/\/i0.wp.com\/soy.usac.edu.gt\/wp-content\/uploads\/2021\/11\/WhatsApp-Image-2021-11-18-at-13.43.38.jpeg?resize=1050%2C600&ssl=1 3x"},"classes":[]}],"jetpack_sharing_enabled":true,"_links":{"self":[{"href":"https:\/\/soy.usac.edu.gt\/index.php?rest_route=\/wp\/v2\/posts\/13543","targetHints":{"allow":["GET"]}}],"collection":[{"href":"https:\/\/soy.usac.edu.gt\/index.php?rest_route=\/wp\/v2\/posts"}],"about":[{"href":"https:\/\/soy.usac.edu.gt\/index.php?rest_route=\/wp\/v2\/types\/post"}],"author":[{"embeddable":true,"href":"https:\/\/soy.usac.edu.gt\/index.php?rest_route=\/wp\/v2\/users\/1"}],"replies":[{"embeddable":true,"href":"https:\/\/soy.usac.edu.gt\/index.php?rest_route=%2Fwp%2Fv2%2Fcomments&post=13543"}],"version-history":[{"count":7,"href":"https:\/\/soy.usac.edu.gt\/index.php?rest_route=\/wp\/v2\/posts\/13543\/revisions"}],"predecessor-version":[{"id":13573,"href":"https:\/\/soy.usac.edu.gt\/index.php?rest_route=\/wp\/v2\/posts\/13543\/revisions\/13573"}],"wp:featuredmedia":[{"embeddable":true,"href":"https:\/\/soy.usac.edu.gt\/index.php?rest_route=\/wp\/v2\/media\/13555"}],"wp:attachment":[{"href":"https:\/\/soy.usac.edu.gt\/index.php?rest_route=%2Fwp%2Fv2%2Fmedia&parent=13543"}],"wp:term":[{"taxonomy":"category","embeddable":true,"href":"https:\/\/soy.usac.edu.gt\/index.php?rest_route=%2Fwp%2Fv2%2Fcategories&post=13543"},{"taxonomy":"post_tag","embeddable":true,"href":"https:\/\/soy.usac.edu.gt\/index.php?rest_route=%2Fwp%2Fv2%2Ftags&post=13543"}],"curies":[{"name":"wp","href":"https:\/\/api.w.org\/{rel}","templated":true}]}}