{"id":13575,"date":"2021-03-21T13:08:38","date_gmt":"2021-03-21T19:08:38","guid":{"rendered":"https:\/\/soy.usac.edu.gt\/?p=13575"},"modified":"2021-03-22T08:23:17","modified_gmt":"2021-03-22T14:23:17","slug":"rinden-homenaje-a-manuel-colom-argueta","status":"publish","type":"post","link":"https:\/\/soy.usac.edu.gt\/?p=13575","title":{"rendered":"Rinden homenaje a Manuel Colom Argueta"},"content":{"rendered":"\n<p style=\"text-align: justify;\"><em><strong>Catedr\u00e1ticos y estudiantes construyeron un busto en memoria del destacado l\u00edder y m\u00e1rtir sancarlista. <\/strong><\/em><\/p>\n<p style=\"text-align: justify;\">En el ingreso principal a la Ciudad Universitaria, se devel\u00f3 un busto del pol\u00edtico y l\u00edder sancarlista Manuel Colom Argueta, exalcalde de la Ciudad de Guatemala, quien fue vilmente asesinado en 1979 por militares guatemaltecos.<\/p>\n<p style=\"text-align: justify;\">\u201cFue asesinado para evitar que llegara a ser presidente\u201d, record\u00f3 Gustavo Vel\u00e1squez Carrera, amigo \u00edntimo de Colom Argueta, exdecano de la Facultad de Econom\u00eda y exdirector del Centro de Estudios Urbanos y Regionales (CEUR), instituci\u00f3n de la cual el m\u00e1rtir fue uno de los fundadores.<\/p>\n<p style=\"text-align: justify;\">El catedr\u00e1tico y artista Julio C\u00e9sar del Valle record\u00f3 que, mientras daba clases de dise\u00f1o en la Facultad de Arquitectura, le habl\u00f3 a sus estudiantes sobre la vida y obra de Manuel Colom Argueta; ante el cuestionamiento de una estudiante sobre la ausencia de un monumento, surgi\u00f3 el proyecto de hacerle un busto.<\/p>\n<p style=\"text-align: justify;\">\u201cAntes solo exist\u00eda una placa conmemorativa, visitamos el lugar, frente a mis estudiantes y los guardias de seguridad me compromet\u00ed a construir el busto con mi sueldo de docente. Esa promesa se la fui a repetir a Meme en su tumba, fue as\u00ed como guard\u00e9 dinero cada mes para comprar los materiales y hoy estoy cumpliendo\u201d, afirm\u00f3 Julio C\u00e9sar del Valle.<\/p>\n<p style=\"text-align: justify;\">El Rector en funciones, Dr. Gustavo Taracena, expres\u00f3 su gratitud por participar en el evento para honrar la memoria del destacado sancarlista e hizo entrega de un reconocimiento postm\u00f3rtem a la familia de Manuel Colom Argueta, que fue recibido por Marina Coronado, amiga del m\u00e1rtir, quien a su vez record\u00f3 las palabras de Meme cuando le pidi\u00f3 que se fuera del pa\u00eds para evitar que fuera asesinado: \u201cLa pol\u00edtica no se hace de lejos, se hace con el pueblo\u201d.<\/p>\n\n\n\n<h2 class=\"wp-block-heading\">As\u00ed fue la revelaci\u00f3n del Busto<\/h2>\n\n\n\n<p><iframe loading=\"lazy\" style=\"border: none; overflow: hidden;\" src=\"https:\/\/www.facebook.com\/plugins\/video.php?height=306&amp;href=https%3A%2F%2Fwww.facebook.com%2Fsoyusac%2Fvideos%2F430486394714129%2F&amp;show_text=false&amp;width=560\" width=\"560\" height=\"306\" frameborder=\"0\" scrolling=\"no\" allowfullscreen=\"allowfullscreen\"><\/iframe><\/p>\n<p><strong>Video por Edwin Medina<\/strong><\/p>\n\n\n\n<h2 class=\"wp-block-heading\"><strong>Destacado l\u00edder, pol\u00edtico y acad\u00e9mico sancarlista<\/strong><\/h2>\n\n\n\n<p style=\"text-align: justify;\">Manuel Colom Argueta (8 de abril de 1932-22 de marzo de 1979) fue un destacado profesional, catedr\u00e1tico, urbanista, pol\u00edtico y alcalde de la Ciudad de Guatemala de 1970 a 1974. Por sus firmes principios, ideas y ardua actividad pol\u00edtica lo llevaron varias veces a la c\u00e1rcel y al exilio. Fue asesinado en 1979 en un operativo coordinado por militares guatemaltecos, tras inscribir el partido pol\u00edtico con el que buscar\u00eda la presidencia del pa\u00eds, Frente Unido de la Revoluci\u00f3n (FUR).<\/p>\n<p style=\"text-align: justify;\">Como alcalde, puso en pr\u00e1ctica los conocimientos urban\u00edsticos adquiridos en Italia, reorganiz\u00f3 la Municipalidad, gener\u00f3 proyectos de agua potable, alcantarillado, drenajes, rellenos sanitarios y regulaci\u00f3n de vivienda popular. Construy\u00f3 la primera fase del Anillo Perif\u00e9rico, resucit\u00f3 la Asociaci\u00f3n Nacional de Municipalidades (ANAM) y elabor\u00f3 un programa metropolitano con proyecci\u00f3n al siglo XXI.<\/p>\n<p>\u00a0<\/p>\n<p>[meta_gallery_slider id=\u00bb13591&#8243;]<\/p>\n","protected":false},"excerpt":{"rendered":"<p>Catedr\u00e1ticos y estudiantes construyeron un busto en memoria del destacado l\u00edder y m\u00e1rtir sancarlista.<\/p>\n","protected":false},"author":1,"featured_media":13581,"comment_status":"closed","ping_status":"open","sticky":false,"template":"","format":"standard","meta":{"_exactmetrics_skip_tracking":false,"_exactmetrics_sitenote_active":false,"_exactmetrics_sitenote_note":"","_exactmetrics_sitenote_category":0,"_jetpack_memberships_contains_paid_content":false,"footnotes":""},"categories":[29],"tags":[667,264],"class_list":["post-13575","post","type-post","status-publish","format-standard","has-post-thumbnail","hentry","category-noticias","tag-manuel-colom-argueta","tag-usac"],"aioseo_notices":[],"jetpack_featured_media_url":"https:\/\/soy.usac.edu.gt\/wp-content\/uploads\/2021\/03\/WhatsApp-Image-2021-03-21-at-11.28.56-7.jpeg","views":"","jetpack-related-posts":[{"id":16499,"url":"https:\/\/soy.usac.edu.gt\/?p=16499","url_meta":{"origin":13575,"position":0},"title":"El sistema de alcantarillado fue finalizado","author":"Divisi\u00f3n de Publicidad","date":"4 marzo, 2022","format":false,"excerpt":"El proyecto consisti\u00f3 en la construcci\u00f3n de un acueducto pluvial o t\u00fanel colector, que permite desviar los caudales provenientes de la precipitaci\u00f3n pluvial por medio de la interconexi\u00f3n de dos colectores: el que exist\u00eda anteriormente y el reci\u00e9n concluido. Esto beneficiar\u00e1 tanto al campus central como a los vecinos de\u2026","rel":"","context":"En \u00abNoticias\u00bb","block_context":{"text":"Noticias","link":"https:\/\/soy.usac.edu.gt\/?cat=29"},"img":{"alt_text":"","src":"https:\/\/i0.wp.com\/soy.usac.edu.gt\/wp-content\/uploads\/2022\/03\/destacada-colector.jpg?resize=350%2C200&ssl=1","width":350,"height":200,"srcset":"https:\/\/i0.wp.com\/soy.usac.edu.gt\/wp-content\/uploads\/2022\/03\/destacada-colector.jpg?resize=350%2C200&ssl=1 1x, https:\/\/i0.wp.com\/soy.usac.edu.gt\/wp-content\/uploads\/2022\/03\/destacada-colector.jpg?resize=525%2C300&ssl=1 1.5x, https:\/\/i0.wp.com\/soy.usac.edu.gt\/wp-content\/uploads\/2022\/03\/destacada-colector.jpg?resize=700%2C400&ssl=1 2x"},"classes":[]},{"id":21179,"url":"https:\/\/soy.usac.edu.gt\/?p=21179","url_meta":{"origin":13575,"position":1},"title":"USAC: 349 a\u00f1os transformando la educaci\u00f3n","author":"Divisi\u00f3n de Publicidad","date":"31 enero, 2025","format":false,"excerpt":"En un emotivo acto, la comunidad universitaria conmemor\u00f3 la trayectoria de esta instituci\u00f3n como un legado que se forja constantemente para innovar y garantizar una educaci\u00f3n superior aut\u00f3noma, p\u00fablica y gratuita. \u00a0 Autoridades universitarias, estudiantes, docentes y trabajadores administrativos se reunieron para reconocer y reafirmar el papel de la USAC\u2026","rel":"","context":"En \u00abActividades\u00bb","block_context":{"text":"Actividades","link":"https:\/\/soy.usac.edu.gt\/?cat=126"},"img":{"alt_text":"","src":"https:\/\/i0.wp.com\/soy.usac.edu.gt\/wp-content\/uploads\/2025\/01\/WhatsApp-Image-2025-01-29-at-5.05.46-PM-2.jpeg?resize=350%2C200&ssl=1","width":350,"height":200,"srcset":"https:\/\/i0.wp.com\/soy.usac.edu.gt\/wp-content\/uploads\/2025\/01\/WhatsApp-Image-2025-01-29-at-5.05.46-PM-2.jpeg?resize=350%2C200&ssl=1 1x, https:\/\/i0.wp.com\/soy.usac.edu.gt\/wp-content\/uploads\/2025\/01\/WhatsApp-Image-2025-01-29-at-5.05.46-PM-2.jpeg?resize=525%2C300&ssl=1 1.5x, https:\/\/i0.wp.com\/soy.usac.edu.gt\/wp-content\/uploads\/2025\/01\/WhatsApp-Image-2025-01-29-at-5.05.46-PM-2.jpeg?resize=700%2C400&ssl=1 2x, https:\/\/i0.wp.com\/soy.usac.edu.gt\/wp-content\/uploads\/2025\/01\/WhatsApp-Image-2025-01-29-at-5.05.46-PM-2.jpeg?resize=1050%2C600&ssl=1 3x"},"classes":[]},{"id":14778,"url":"https:\/\/soy.usac.edu.gt\/?p=14778","url_meta":{"origin":13575,"position":2},"title":"CSU rechaza destituci\u00f3n de fiscal Juan Francisco Sandoval","author":"Divisi\u00f3n de Publicidad","date":"25 julio, 2021","format":false,"excerpt":"Al pueblo de Guatemala y a las organizaciones sociales el total respaldo a la lucha contra la corrupci\u00f3n e impunidad.","rel":"","context":"En \u00abSin categor\u00eda\u00bb","block_context":{"text":"Sin categor\u00eda","link":"https:\/\/soy.usac.edu.gt\/?cat=1"},"img":{"alt_text":"","src":"https:\/\/i0.wp.com\/soy.usac.edu.gt\/wp-content\/uploads\/2021\/02\/COMUNICADO-IMAGEN-WEB.jpeg?resize=350%2C200&ssl=1","width":350,"height":200,"srcset":"https:\/\/i0.wp.com\/soy.usac.edu.gt\/wp-content\/uploads\/2021\/02\/COMUNICADO-IMAGEN-WEB.jpeg?resize=350%2C200&ssl=1 1x, https:\/\/i0.wp.com\/soy.usac.edu.gt\/wp-content\/uploads\/2021\/02\/COMUNICADO-IMAGEN-WEB.jpeg?resize=525%2C300&ssl=1 1.5x, https:\/\/i0.wp.com\/soy.usac.edu.gt\/wp-content\/uploads\/2021\/02\/COMUNICADO-IMAGEN-WEB.jpeg?resize=700%2C400&ssl=1 2x"},"classes":[]},{"id":16361,"url":"https:\/\/soy.usac.edu.gt\/?p=16361","url_meta":{"origin":13575,"position":3},"title":"Reconocen a exmiembros del CSU","author":"Divisi\u00f3n de Publicidad","date":"3 febrero, 2022","format":false,"excerpt":"Los profesionales se distinguieron por su trabajo realizado en favor de la universidad.","rel":"","context":"En \u00abNoticias\u00bb","block_context":{"text":"Noticias","link":"https:\/\/soy.usac.edu.gt\/?cat=29"},"img":{"alt_text":"","src":"https:\/\/i0.wp.com\/soy.usac.edu.gt\/wp-content\/uploads\/2019\/10\/cropped-rector%C3%ADa-reforma.jpg?resize=350%2C200&ssl=1","width":350,"height":200,"srcset":"https:\/\/i0.wp.com\/soy.usac.edu.gt\/wp-content\/uploads\/2019\/10\/cropped-rector%C3%ADa-reforma.jpg?resize=350%2C200&ssl=1 1x, https:\/\/i0.wp.com\/soy.usac.edu.gt\/wp-content\/uploads\/2019\/10\/cropped-rector%C3%ADa-reforma.jpg?resize=525%2C300&ssl=1 1.5x, https:\/\/i0.wp.com\/soy.usac.edu.gt\/wp-content\/uploads\/2019\/10\/cropped-rector%C3%ADa-reforma.jpg?resize=700%2C400&ssl=1 2x, https:\/\/i0.wp.com\/soy.usac.edu.gt\/wp-content\/uploads\/2019\/10\/cropped-rector%C3%ADa-reforma.jpg?resize=1050%2C600&ssl=1 3x, https:\/\/i0.wp.com\/soy.usac.edu.gt\/wp-content\/uploads\/2019\/10\/cropped-rector%C3%ADa-reforma.jpg?resize=1400%2C800&ssl=1 4x"},"classes":[]},{"id":12627,"url":"https:\/\/soy.usac.edu.gt\/?p=12627","url_meta":{"origin":13575,"position":4},"title":"Honran la memoria de Oliverio","author":"Divisi\u00f3n de Publicidad","date":"20 octubre, 2020","format":false,"excerpt":"A cuarenta y dos a\u00f1os de su vil asesinato por las fuerzas represivas del Estado de Guatemala, la universidad devel\u00f3 un busto para mantener viva la memoria del l\u00edder y m\u00e1rtir estudiantil.\u00a0","rel":"","context":"En \u00abEstudiantes\u00bb","block_context":{"text":"Estudiantes","link":"https:\/\/soy.usac.edu.gt\/?cat=585"},"img":{"alt_text":"","src":"https:\/\/i0.wp.com\/soy.usac.edu.gt\/wp-content\/uploads\/2020\/10\/WhatsApp-Image-2020-10-20-at-11.42.08-AM.jpeg?resize=350%2C200&ssl=1","width":350,"height":200,"srcset":"https:\/\/i0.wp.com\/soy.usac.edu.gt\/wp-content\/uploads\/2020\/10\/WhatsApp-Image-2020-10-20-at-11.42.08-AM.jpeg?resize=350%2C200&ssl=1 1x, https:\/\/i0.wp.com\/soy.usac.edu.gt\/wp-content\/uploads\/2020\/10\/WhatsApp-Image-2020-10-20-at-11.42.08-AM.jpeg?resize=525%2C300&ssl=1 1.5x, https:\/\/i0.wp.com\/soy.usac.edu.gt\/wp-content\/uploads\/2020\/10\/WhatsApp-Image-2020-10-20-at-11.42.08-AM.jpeg?resize=700%2C400&ssl=1 2x, https:\/\/i0.wp.com\/soy.usac.edu.gt\/wp-content\/uploads\/2020\/10\/WhatsApp-Image-2020-10-20-at-11.42.08-AM.jpeg?resize=1050%2C600&ssl=1 3x"},"classes":[]},{"id":12524,"url":"https:\/\/soy.usac.edu.gt\/?p=12524","url_meta":{"origin":13575,"position":5},"title":"Avanza obra del colector de agua","author":"Divisi\u00f3n de Publicidad","date":"14 octubre, 2020","format":false,"excerpt":"En total se est\u00e1 construyendo un colector y cinco pozos de visita Con el mejoramiento del sistema de alcantarillado, la Universidad de San Carlos de Guatemala resuelve la problem\u00e1tica que actualmente atraviesa el campus central y la poblaci\u00f3n de las colonias aleda\u00f1as, como erosiones, deslizamientos y el peligro inminente que\u2026","rel":"","context":"En \u00abNoticias\u00bb","block_context":{"text":"Noticias","link":"https:\/\/soy.usac.edu.gt\/?cat=29"},"img":{"alt_text":"","src":"https:\/\/i0.wp.com\/soy.usac.edu.gt\/wp-content\/uploads\/2020\/10\/grande-fondo.jpeg?resize=350%2C200&ssl=1","width":350,"height":200,"srcset":"https:\/\/i0.wp.com\/soy.usac.edu.gt\/wp-content\/uploads\/2020\/10\/grande-fondo.jpeg?resize=350%2C200&ssl=1 1x, https:\/\/i0.wp.com\/soy.usac.edu.gt\/wp-content\/uploads\/2020\/10\/grande-fondo.jpeg?resize=525%2C300&ssl=1 1.5x, https:\/\/i0.wp.com\/soy.usac.edu.gt\/wp-content\/uploads\/2020\/10\/grande-fondo.jpeg?resize=700%2C400&ssl=1 2x"},"classes":[]}],"jetpack_sharing_enabled":true,"_links":{"self":[{"href":"https:\/\/soy.usac.edu.gt\/index.php?rest_route=\/wp\/v2\/posts\/13575","targetHints":{"allow":["GET"]}}],"collection":[{"href":"https:\/\/soy.usac.edu.gt\/index.php?rest_route=\/wp\/v2\/posts"}],"about":[{"href":"https:\/\/soy.usac.edu.gt\/index.php?rest_route=\/wp\/v2\/types\/post"}],"author":[{"embeddable":true,"href":"https:\/\/soy.usac.edu.gt\/index.php?rest_route=\/wp\/v2\/users\/1"}],"replies":[{"embeddable":true,"href":"https:\/\/soy.usac.edu.gt\/index.php?rest_route=%2Fwp%2Fv2%2Fcomments&post=13575"}],"version-history":[{"count":5,"href":"https:\/\/soy.usac.edu.gt\/index.php?rest_route=\/wp\/v2\/posts\/13575\/revisions"}],"predecessor-version":[{"id":13637,"href":"https:\/\/soy.usac.edu.gt\/index.php?rest_route=\/wp\/v2\/posts\/13575\/revisions\/13637"}],"wp:featuredmedia":[{"embeddable":true,"href":"https:\/\/soy.usac.edu.gt\/index.php?rest_route=\/wp\/v2\/media\/13581"}],"wp:attachment":[{"href":"https:\/\/soy.usac.edu.gt\/index.php?rest_route=%2Fwp%2Fv2%2Fmedia&parent=13575"}],"wp:term":[{"taxonomy":"category","embeddable":true,"href":"https:\/\/soy.usac.edu.gt\/index.php?rest_route=%2Fwp%2Fv2%2Fcategories&post=13575"},{"taxonomy":"post_tag","embeddable":true,"href":"https:\/\/soy.usac.edu.gt\/index.php?rest_route=%2Fwp%2Fv2%2Ftags&post=13575"}],"curies":[{"name":"wp","href":"https:\/\/api.w.org\/{rel}","templated":true}]}}