{"id":13641,"date":"2021-03-24T10:29:55","date_gmt":"2021-03-24T16:29:55","guid":{"rendered":"https:\/\/soy.usac.edu.gt\/?p=13641"},"modified":"2021-03-24T16:26:29","modified_gmt":"2021-03-24T22:26:29","slug":"conmemoracion-critica-del-bicentenario-de-independencia","status":"publish","type":"post","link":"https:\/\/soy.usac.edu.gt\/?p=13641","title":{"rendered":"Conmemoraci\u00f3n cr\u00edtica del Bicentenario de Independencia"},"content":{"rendered":"\n<p><em>Panor\u00e1mica del Palacio de Gobierno de la Ciudad de Guatemala. Fotograf\u00eda tomada por Sanfred Robinson en 1886. Colecci\u00f3n del \u00e1lbum Alcain. Cortes\u00eda de Fototeca Guatemala, CIRMA.<\/em><\/p>\n<h4 style=\"text-align: justify;\"><strong>La Universidad de San Carlos de Guatemala cre\u00f3 una comisi\u00f3n que tiene como finalidad realizar una conmemoraci\u00f3n donde se analiza cient\u00edficamente el hecho hist\u00f3rico para explicar sus causas, desarrollo y consecuencias a la comunidad universitaria y al pueblo de Guatemala, para contribuir a fortalecer la memoria hist\u00f3rica.<\/strong><\/h4>\n<blockquote>\n<p><span style=\"font-weight: 400;\">\u00a0\u201cPor la ignorancia nos han dominado m\u00e1s que por la fuerza\u201d. <\/span><span style=\"font-weight: 400;\">Sim\u00f3n Bol\u00edvar<\/span><b>\u00a0<\/b><\/p>\n<\/blockquote>\n<p style=\"text-align: justify;\"><span style=\"font-weight: 400;\">En el acta n\u00famero 40-20, punto 6.1, el Consejo Superior Universitario (CSU) conoci\u00f3 la Ref. Of. DIGED-264-202 de la Direcci\u00f3n General de Docencia y aprob\u00f3 la conformaci\u00f3n de la <\/span><b>Comisi\u00f3n Bicentenario de la Independencia de Centroam\u00e9rica, en la que fue designado como coordinador el Dr. Mario Roberto Morales<\/b><span style=\"font-weight: 400;\">, representante de la Direcci\u00f3n General de Docencia (DIGED).<\/span><\/p>\n<p style=\"text-align: justify;\"><b>Peri\u00f3dico de la USAC <\/b><span style=\"font-weight: 400;\">convers\u00f3 con el profesional sobre el impacto de la Independencia de 1821, ya que sus consecuencias se han prolongado hasta la actualidad.<\/span><\/p>\n<p>\u00a0<\/p>\n<figure id=\"attachment_13647\" aria-describedby=\"caption-attachment-13647\" style=\"width: 1280px\" class=\"wp-caption aligncenter\"><img loading=\"lazy\" decoding=\"async\" class=\"wp-image-13647 size-full\" src=\"https:\/\/soy.usac.edu.gt\/wp-content\/uploads\/2021\/03\/bicentenario-2-1.jpeg\" alt=\"\" width=\"1280\" height=\"853\" srcset=\"https:\/\/soy.usac.edu.gt\/wp-content\/uploads\/2021\/03\/bicentenario-2-1.jpeg 1280w, https:\/\/soy.usac.edu.gt\/wp-content\/uploads\/2021\/03\/bicentenario-2-1-300x200.jpeg 300w, https:\/\/soy.usac.edu.gt\/wp-content\/uploads\/2021\/03\/bicentenario-2-1-1024x682.jpeg 1024w, https:\/\/soy.usac.edu.gt\/wp-content\/uploads\/2021\/03\/bicentenario-2-1-768x512.jpeg 768w\" sizes=\"auto, (max-width: 1280px) 100vw, 1280px\" \/><figcaption id=\"caption-attachment-13647\" class=\"wp-caption-text\">El Dr. Mario Roberto Morales expone que el papel de la universidad debe ser promover el pensamiento cr\u00edtico con excelencia acad\u00e9mica.\u00a0<\/figcaption><\/figure>\n<p style=\"text-align: justify;\"><strong>\u00bfQu\u00e9 enfoques tendr\u00e1n las actividades programadas?<\/strong><\/p>\n<p style=\"text-align: justify;\"><span style=\"font-weight: 400;\">Las actividades de la Comisi\u00f3n Bicentenario de la Independencia de Centroam\u00e9rica de la USAC (CBI-USAC) empezaron, en su fase p\u00fablica, en junio de 2020, y siguen desarroll\u00e1ndose semanalmente. El enfoque se deriva de la pol\u00edtica de la CBI, que consiste en no celebrar el Bicentenario de la Independencia por haberse tratado de un proyecto pol\u00edtico exclusivamente criollo (es decir, de descendientes de los espa\u00f1oles) y no ind\u00edgena ni ladino.<\/span><\/p>\n<p style=\"text-align: justify;\"><span style=\"font-weight: 400;\">Lo anterior dio lugar a la patria terrateniente del criollo y a una naci\u00f3n excluyente. Por eso, los \u00fanicos que tienen motivos para celebrar son los criollos. En consecuencia, la CBI-USAC propone una conmemoraci\u00f3n cr\u00edtica del Bicentenario, lo cual quiere decir analizar cient\u00edficamente este acontecimiento para fortalecer la memoria hist\u00f3rica.<\/span><\/p>\n<p style=\"text-align: justify;\"><span style=\"font-weight: 400;\">Algunos miembros de la comunidad universitaria, sobre todo de una izquierda-izquierda, se oponen a que se hable de la Independencia, esto es como negar el hecho hist\u00f3rico.<\/span><\/p>\n<p style=\"text-align: justify;\"><span style=\"font-weight: 400;\">Lo cierto es que este acontecimiento ocurri\u00f3, tuvo y tiene consecuencias, no se puede adoptar la pol\u00edtica del avestruz, de esconder la cabeza. Por eso esta conmemoraci\u00f3n consiste en un an\u00e1lisis acad\u00e9mico y cient\u00edfico, para poder exponer con la mayor excelencia acad\u00e9mica posible los acontecimientos.<\/span><\/p>\n<p style=\"text-align: justify;\"><span style=\"font-weight: 400;\">No hablar de la Independencia es censura, lo que se busca es realizar reflexiones oportunas, no celebrar ni negar el hecho.<\/span><\/p>\n<p style=\"text-align: justify;\"><strong>\u00bfC\u00f3mo puede fomentarse el pensamiento cr\u00edtico en la poblaci\u00f3n con respecto al Bicentenario de Independencia?<\/strong><\/p>\n<p style=\"text-align: justify;\"><span style=\"font-weight: 400;\">Lo ideal ser\u00eda hacerlo mediante la educaci\u00f3n p\u00fablica, pero la dominaci\u00f3n olig\u00e1rquica prefiere una educaci\u00f3n de baja calidad para apostarle a la ignorancia como elemento de manipulaci\u00f3n poblacional tanto en lo p\u00fablico como en lo privado.<\/span><\/p>\n<p style=\"text-align: justify;\"><span style=\"font-weight: 400;\">La CBI-USAC promueve la conmemoraci\u00f3n anal\u00edtica y conclusiva sobre el hecho hist\u00f3rico, evitando actitudes celebratorias y vac\u00edas que provocan que la poblaci\u00f3n participe en rituales que no comprende.<\/span><\/p>\n<p style=\"text-align: justify;\"><span style=\"font-weight: 400;\">La fecha del Bicentenario es una gran oportunidad para explicar el fen\u00f3meno de la Independencia, es primordial para que la gente se acerque al pensamiento cr\u00edtico, a los conversatorios, libros que se van a publicar y material visual que se producir\u00e1.<\/span><\/p>\n<p style=\"text-align: justify;\"><strong>\u00bfCu\u00e1l es la importancia de la agenda programada por la comisi\u00f3n?<\/strong><\/p>\n<p style=\"text-align: justify;\"><span style=\"font-weight: 400;\">La importancia de ella reside en que concientiza sobre lo que ocurri\u00f3 en 1821 y sus consecuencias hasta la actualidad.<\/span><\/p>\n<p style=\"text-align: justify;\"><span style=\"font-weight: 400;\">Como ventaja, nos hemos comunicado con cient\u00edficos sociales de toda Centroam\u00e9rica, cabe destacar que el fen\u00f3meno de la Independencia abarca toda esta \u00e1rea y el sur de M\u00e9xico, establecimos relaci\u00f3n con la Universidad Aut\u00f3noma de Chiapas, tenemos varias mesas de trabajo para el pr\u00f3ximo Congreso Centroamericano y del Sur de M\u00e9xico de Historia, as\u00ed tambi\u00e9n, en los conservatorios nos hemos encontrado con colegas de la regi\u00f3n, esto implica una correlaci\u00f3n acad\u00e9mica de la universidad con la regi\u00f3n.<\/span><\/p>\n<p style=\"text-align: justify;\"><strong>\u00bfCu\u00e1l debe ser el papel de la universidad en el Bicentenario de la Independencia?<\/strong><\/p>\n<p style=\"text-align: justify;\"><span style=\"font-weight: 400;\">El papel de la universidad debe ser promover el pensamiento cr\u00edtico mediante la excelencia acad\u00e9mica, y eso es lo que la CBI-USAC viene haciendo desde junio de 2020 con sus actividades sobre el Bicentenario. Asimismo, divulgar todo este tipo de actividades para que salgan de la universidad, la sociedad conozca los an\u00e1lisis y pueda tomar conciencia sobre qu\u00e9 fue la Independencia, qu\u00e9 ocurri\u00f3 y por qu\u00e9 se conmemora; esto es necesario para comprender lo que ocurre actualmente.<\/span><\/p>\n<p style=\"text-align: justify;\"><strong>\u00bfQu\u00e9 ventajas y desventajas represent\u00f3 la Independencia?<\/strong><\/p>\n<p style=\"text-align: justify;\"><span style=\"font-weight: 400;\">Para los criollos, las ventajas fueron totales. Les permiti\u00f3 tomar el poder, fundar una naci\u00f3n \u201cblanca\u201d y excluyente sobre las espaldas de indios, ladinos, negros, mulatos y zambos. Para estos grupos subalternos, no represent\u00f3 ninguna ventaja porque las estructuras coloniales siguieron vigentes, y en buena medida persisten hasta la fecha. Por eso, para las mayor\u00edas, no hay nada qu\u00e9 celebrar, pero s\u00ed hay necesidad de conmemorar cr\u00edticamente para comprender lo que pas\u00f3 y lo que pasa hoy.\u00a0<\/span><\/p>\n<p style=\"text-align: justify;\"><span style=\"font-weight: 400;\">La mayor desventaja hist\u00f3rica es que no hemos salido de esa rep\u00fablica, de esa naci\u00f3n criolla que es incompleta, inconclusa; es una naci\u00f3n que no nos incluye a todos.<\/span><\/p>\n<p style=\"text-align: justify;\"><strong>En el contexto actual, \u00bfpor qu\u00e9 es importante abordar la Independencia?<\/strong><\/p>\n<p style=\"text-align: justify;\"><span style=\"font-weight: 400;\">Precisamente porque sus consecuencias perviven es importante analizar la Independencia, ya que las mentalidades; estructuras econ\u00f3micas, pol\u00edticas, religiosas e ideol\u00f3gicas coloniales tienen continuidad en medio de un simulacro de capitalismo y democracia, que sin embargo son m\u00e1s cercanas al feudalismo que a la modernidad. Lo que se llama \u201catraso\u201d es la prueba de que las consecuencias de la Independencia criolla siguen vivas. Hay necesidad de que toda la poblaci\u00f3n tome conciencia cr\u00edtica de esta situaci\u00f3n.<\/span><\/p>\n\n\n\n<figure id=\"attachment_13651\" aria-describedby=\"caption-attachment-13651\" style=\"width: 1238px\" class=\"wp-caption aligncenter\"><img loading=\"lazy\" decoding=\"async\" class=\"wp-image-13651 size-full\" src=\"https:\/\/soy.usac.edu.gt\/wp-content\/uploads\/2021\/03\/WhatsApp-Image-2021-03-17-at-5.57.15-PM-1.jpeg\" alt=\"\" width=\"1238\" height=\"680\" srcset=\"https:\/\/soy.usac.edu.gt\/wp-content\/uploads\/2021\/03\/WhatsApp-Image-2021-03-17-at-5.57.15-PM-1.jpeg 1238w, https:\/\/soy.usac.edu.gt\/wp-content\/uploads\/2021\/03\/WhatsApp-Image-2021-03-17-at-5.57.15-PM-1-300x165.jpeg 300w, https:\/\/soy.usac.edu.gt\/wp-content\/uploads\/2021\/03\/WhatsApp-Image-2021-03-17-at-5.57.15-PM-1-1024x562.jpeg 1024w, https:\/\/soy.usac.edu.gt\/wp-content\/uploads\/2021\/03\/WhatsApp-Image-2021-03-17-at-5.57.15-PM-1-768x422.jpeg 768w\" sizes=\"auto, (max-width: 1238px) 100vw, 1238px\" \/><figcaption id=\"caption-attachment-13651\" class=\"wp-caption-text\">Pintura que representa la salida de los criollos del Real Palacio luego de la firma de la Independencia de la Provincia de Guatemala. Cr\u00e9dito&nbsp; The Picture Art Collection \/ Alamy Banque D&#8217;Images.<\/figcaption><\/figure>\n\n\n\n<h2 class=\"wp-block-heading\">Actividades de abril<\/h2>\n\n\n\n<p style=\"text-align: justify;\">\u00a0<\/p>\n<blockquote>\n<p style=\"text-align: justify;\"><b>Jueves 8 de abril<\/b><span style=\"font-weight: 400;\">: Conversatorio de la Comisi\u00f3n Bicentenario y la Academia Guatemalteca de la Lengua (AGL): \u201cLiteratura, Independencia y Bicentenario\u201d, con las acad\u00e9micas de n\u00famero Guillermina Herrera y Gloria Hern\u00e1ndez. Conduce el Dr. Edgar Barillas. Presenta el Dr. Mario Roberto Morales, coordinador de la CBI-USAC.<\/span><\/p>\n<p style=\"text-align: justify;\"><b>Jueves 15 de abril<\/b><span style=\"font-weight: 400;\">: Conversatorio de la Comisi\u00f3n Bicentenario y el Departamento de Letras de la Facultad de Humanidades: \u201cLiteratura, Independencia y Bicentenario\u201d, con la Dra. Virsa Valenzuela y el Dr. Milton Torres. Conduce el Dr. Edgar Barillas. Presenta el Dr. Mario Roberto Morales, coordinador de la CBI-USAC.<\/span><\/p>\n<p style=\"text-align: justify;\"><b>Jueves 22 de abril<\/b><span style=\"font-weight: 400;\">: Conversatorio de la Comisi\u00f3n Bicentenario: \u201cLiteratura, Independencia y Bicentenario\u201d, con los escritores Matheus Kar y Giovany Coxolc\u00e1 Tohom. Conduce el Dr. Edgar Barillas. Presenta el Dr. Mario Roberto Morales, coordinador de la CBI-USAC.<\/span><\/p>\n<p style=\"text-align: justify;\"><b>Jueves 29 de abril<\/b><span style=\"font-weight: 400;\">: Conversatorio de la Comisi\u00f3n Bicentenario: \u201cLiteratura, Independencia y Bicentenario\u201d, con los escritores Luis Aceituno y Jaime Barrios Carrillo. Conduce el Dr. Edgar Barillas. Presenta el Dr. Mario Roberto Morales, coordinador de la CBI-USAC.<\/span><\/p>\n<\/blockquote>\n<p style=\"text-align: justify;\"><span style=\"font-weight: 400;\">Pueden seguir los conversatorios en facebook LIVE @casacomal y facebook @tvusac<\/span><\/p>\n<p style=\"text-align: justify;\"><span style=\"font-weight: 400;\">Conversatorios de la Comisi\u00f3n Bicentenario para 2021<\/span><\/p>\n<p style=\"text-align: justify;\"><span style=\"font-weight: 400;\">Enero: La mujer ante el Bicentenario.<\/span><\/p>\n<p style=\"text-align: justify;\"><span style=\"font-weight: 400;\">Febrero: El arte en la Independencia y sobre la Independencia.<\/span><\/p>\n<p style=\"text-align: justify;\"><span style=\"font-weight: 400;\">Marzo: Arte, Independencia y Bicentenario.<\/span><\/p>\n<p style=\"text-align: justify;\"><span style=\"font-weight: 400;\">Abril: La literatura en la Independencia y sobre la Independencia.<\/span><\/p>\n<p style=\"text-align: justify;\"><span style=\"font-weight: 400;\">Mayo: La arquitectura en la \u00e9poca de la Independencia.<\/span><\/p>\n<p style=\"text-align: justify;\"><span style=\"font-weight: 400;\">Junio: La m\u00fasica en tiempos de la Independencia.<\/span><\/p>\n<p style=\"text-align: justify;\"><span style=\"font-weight: 400;\">Julio: La educaci\u00f3n en la \u00e9poca de la Independencia.<\/span><\/p>\n<p style=\"text-align: justify;\"><span style=\"font-weight: 400;\">Agosto: El cine sobre la Independencia en Am\u00e9rica Latina y en Centroam\u00e9rica.<\/span><\/p>\n<p style=\"text-align: justify;\"><b>Septiembre<\/b><span style=\"font-weight: 400;\">: Conmemoraci\u00f3n cr\u00edtica del Bicentenario de la Independencia de Centroam\u00e9rica, con participaci\u00f3n de historiadores y otros cient\u00edficos sociales de Chiapas, Costa Rica, Nicaragua, Honduras, El Salvador y Guatemala. Tambi\u00e9n se realizar\u00e1 la presentaci\u00f3n de la producci\u00f3n editorial de la Comisi\u00f3n Bicentenario.<\/span><\/p>\n<p style=\"text-align: justify;\"><strong>Miembros e instituciones representadas<\/strong><\/p>\n<p style=\"text-align: justify;\"><span style=\"font-weight: 400;\">Dr. Mario Roberto Morales, coordinador de la comisi\u00f3n, representante de la DIGED<\/span><\/p>\n<p style=\"text-align: justify;\"><span style=\"font-weight: 400;\">Mtra. Elba Monz\u00f3n, representante de la Facultad de Humanidades<\/span><\/p>\n<p style=\"text-align: justify;\"><span style=\"font-weight: 400;\">Lic. Francis Polo Sifontes, representante de Humanidades<\/span><\/p>\n<p style=\"text-align: justify;\"><span style=\"font-weight: 400;\">Dra. Artemis Torres, representante del CECEG<\/span><\/p>\n<p style=\"text-align: justify;\"><span style=\"font-weight: 400;\">Dr. Edgar Barillas, representante de la Escuela de Historia<\/span><\/p>\n<p style=\"text-align: justify;\"><span style=\"font-weight: 400;\">Dr. Enrique Gordillo, representante de la DDA de la DIGED<\/span><\/p>\n<p style=\"text-align: justify;\"><span style=\"font-weight: 400;\">Lic. Gustavo Ostrich, representante de la DIGEU<\/span><\/p>\n<p style=\"text-align: justify;\"><span style=\"font-weight: 400;\">Dr. Oscar Pel\u00e1ez, representante del CEUR (suplente, Dra. Mar\u00eda del Carmen Mu\u00f1oz)<\/span><\/p>\n<p style=\"text-align: justify;\"><span style=\"font-weight: 400;\">Dra. Sandra Herrera, representante de la DIGI<\/span><\/p>\n<p style=\"text-align: justify;\"><span style=\"font-weight: 400;\">Lic. Rosaura Raguex, representante de la Escuela de Ciencia Pol\u00edtica<\/span><\/p>\n<p style=\"text-align: justify;\">\u00a0<\/p>\n","protected":false},"excerpt":{"rendered":"<p>Panor\u00e1mica del Palacio de Gobierno, construido al principio del siglo XX, donde se firm\u00f3 el acta de Independencia.<br \/>\nFotograf\u00eda tomada por Sanfred Robinson. Colecci\u00f3n del \u00e1lbum Alcain.\u00a0 Cortes\u00eda de Fototeca Guatemala, CIRMA.<\/p>\n","protected":false},"author":1,"featured_media":13645,"comment_status":"closed","ping_status":"open","sticky":false,"template":"","format":"standard","meta":{"_exactmetrics_skip_tracking":false,"_exactmetrics_sitenote_active":false,"_exactmetrics_sitenote_note":"","_exactmetrics_sitenote_category":0,"_jetpack_memberships_contains_paid_content":false,"footnotes":""},"categories":[29],"tags":[671,670],"class_list":["post-13641","post","type-post","status-publish","format-standard","has-post-thumbnail","hentry","category-noticias","tag-bicentenario-de-independencia","tag-historia"],"aioseo_notices":[],"jetpack_featured_media_url":"https:\/\/soy.usac.edu.gt\/wp-content\/uploads\/2021\/03\/bicentenario.jpeg","views":"","jetpack-related-posts":[{"id":14302,"url":"https:\/\/soy.usac.edu.gt\/?p=14302","url_meta":{"origin":13641,"position":0},"title":"Presentan libro sobre el ocaso del Reino de Guatemala","author":"Divisi\u00f3n de Publicidad","date":"21 mayo, 2021","format":false,"excerpt":"La Comisi\u00f3n Bicentenario de la Independencia de Centroam\u00e9rica, de la USAC, present\u00f3 el primero de seis vol\u00famenes de libros que analizar\u00e1n de forma cr\u00edtica el hecho hist\u00f3rico.\u00a0","rel":"","context":"En \u00abCiencia y Tecnolog\u00eda\u00bb","block_context":{"text":"Ciencia y Tecnolog\u00eda","link":"https:\/\/soy.usac.edu.gt\/?cat=122"},"img":{"alt_text":"","src":"https:\/\/i0.wp.com\/soy.usac.edu.gt\/wp-content\/uploads\/2021\/05\/29e9b274-0912-4dac-bfdc-b25866252b7c.jpeg?resize=350%2C200&ssl=1","width":350,"height":200,"srcset":"https:\/\/i0.wp.com\/soy.usac.edu.gt\/wp-content\/uploads\/2021\/05\/29e9b274-0912-4dac-bfdc-b25866252b7c.jpeg?resize=350%2C200&ssl=1 1x, https:\/\/i0.wp.com\/soy.usac.edu.gt\/wp-content\/uploads\/2021\/05\/29e9b274-0912-4dac-bfdc-b25866252b7c.jpeg?resize=525%2C300&ssl=1 1.5x, https:\/\/i0.wp.com\/soy.usac.edu.gt\/wp-content\/uploads\/2021\/05\/29e9b274-0912-4dac-bfdc-b25866252b7c.jpeg?resize=700%2C400&ssl=1 2x, https:\/\/i0.wp.com\/soy.usac.edu.gt\/wp-content\/uploads\/2021\/05\/29e9b274-0912-4dac-bfdc-b25866252b7c.jpeg?resize=1050%2C600&ssl=1 3x"},"classes":[]},{"id":15087,"url":"https:\/\/soy.usac.edu.gt\/?p=15087","url_meta":{"origin":13641,"position":1},"title":"USAC conmemora cr\u00edticamente el Bicentenario de la Independencia Centroamericana","author":"Divisi\u00f3n de Publicidad","date":"17 septiembre, 2021","format":false,"excerpt":"Esta casa de estudios realiz\u00f3 una presentaci\u00f3n acad\u00e9mica donde se expusieron reflexiones sobre el origen de la Independencia y sus consecuencias, para generar propuestas que contribuyan a la construcci\u00f3n de un pa\u00eds justo y equitativo.","rel":"","context":"En \u00abNoticias\u00bb","block_context":{"text":"Noticias","link":"https:\/\/soy.usac.edu.gt\/?cat=29"},"img":{"alt_text":"","src":"https:\/\/i0.wp.com\/soy.usac.edu.gt\/wp-content\/uploads\/2021\/09\/WhatsApp-Image-2021-09-17-at-12.06.42.jpeg?resize=350%2C200&ssl=1","width":350,"height":200,"srcset":"https:\/\/i0.wp.com\/soy.usac.edu.gt\/wp-content\/uploads\/2021\/09\/WhatsApp-Image-2021-09-17-at-12.06.42.jpeg?resize=350%2C200&ssl=1 1x, https:\/\/i0.wp.com\/soy.usac.edu.gt\/wp-content\/uploads\/2021\/09\/WhatsApp-Image-2021-09-17-at-12.06.42.jpeg?resize=525%2C300&ssl=1 1.5x, https:\/\/i0.wp.com\/soy.usac.edu.gt\/wp-content\/uploads\/2021\/09\/WhatsApp-Image-2021-09-17-at-12.06.42.jpeg?resize=700%2C400&ssl=1 2x, https:\/\/i0.wp.com\/soy.usac.edu.gt\/wp-content\/uploads\/2021\/09\/WhatsApp-Image-2021-09-17-at-12.06.42.jpeg?resize=1050%2C600&ssl=1 3x"},"classes":[]},{"id":20732,"url":"https:\/\/soy.usac.edu.gt\/?p=20732","url_meta":{"origin":13641,"position":2},"title":"Conmemoraci\u00f3n de la Independencia de Guatemala: Un Evento Art\u00edstico y Cultural en la USAC","author":"Divisi\u00f3n de Publicidad","date":"12 septiembre, 2024","format":false,"excerpt":"La Direcci\u00f3n General de Extensi\u00f3n Universitaria de la Universidad de San Carlos de Guatemala (USAC) llev\u00f3 a cabo una emotiva celebraci\u00f3n en conmemoraci\u00f3n de la independencia del pa\u00eds, fusionando arte, historia y comunidad. Este evento destac\u00f3 por su rica variedad de actividades que honraron nuestras ra\u00edces y la lucha por\u2026","rel":"","context":"En \u00abCultura\u00bb","block_context":{"text":"Cultura","link":"https:\/\/soy.usac.edu.gt\/?cat=123"},"img":{"alt_text":"","src":"https:\/\/i0.wp.com\/soy.usac.edu.gt\/wp-content\/uploads\/2024\/09\/WhatsApp-Image-2024-09-12-at-1.35.58-PM-7.jpeg?resize=350%2C200&ssl=1","width":350,"height":200,"srcset":"https:\/\/i0.wp.com\/soy.usac.edu.gt\/wp-content\/uploads\/2024\/09\/WhatsApp-Image-2024-09-12-at-1.35.58-PM-7.jpeg?resize=350%2C200&ssl=1 1x, https:\/\/i0.wp.com\/soy.usac.edu.gt\/wp-content\/uploads\/2024\/09\/WhatsApp-Image-2024-09-12-at-1.35.58-PM-7.jpeg?resize=525%2C300&ssl=1 1.5x, https:\/\/i0.wp.com\/soy.usac.edu.gt\/wp-content\/uploads\/2024\/09\/WhatsApp-Image-2024-09-12-at-1.35.58-PM-7.jpeg?resize=700%2C400&ssl=1 2x, https:\/\/i0.wp.com\/soy.usac.edu.gt\/wp-content\/uploads\/2024\/09\/WhatsApp-Image-2024-09-12-at-1.35.58-PM-7.jpeg?resize=1050%2C600&ssl=1 3x, https:\/\/i0.wp.com\/soy.usac.edu.gt\/wp-content\/uploads\/2024\/09\/WhatsApp-Image-2024-09-12-at-1.35.58-PM-7.jpeg?resize=1400%2C800&ssl=1 4x"},"classes":[]},{"id":15060,"url":"https:\/\/soy.usac.edu.gt\/?p=15060","url_meta":{"origin":13641,"position":3},"title":"USAC hace un llamado a reflexionar sobre la Independencia","author":"Divisi\u00f3n de Publicidad","date":"6 septiembre, 2021","format":false,"excerpt":"Desde una mirada cr\u00edtica, acad\u00e9micos sancarlistas invitan a analizar este hecho hist\u00f3rico, del cual fueron excluidos ind\u00edgenas y ladinos.","rel":"","context":"En \u00abNoticias\u00bb","block_context":{"text":"Noticias","link":"https:\/\/soy.usac.edu.gt\/?cat=29"},"img":{"alt_text":"","src":"https:\/\/i0.wp.com\/soy.usac.edu.gt\/wp-content\/uploads\/2021\/09\/WhatsApp-Image-2021-09-06-at-10.22.13.jpeg?resize=350%2C200&ssl=1","width":350,"height":200,"srcset":"https:\/\/i0.wp.com\/soy.usac.edu.gt\/wp-content\/uploads\/2021\/09\/WhatsApp-Image-2021-09-06-at-10.22.13.jpeg?resize=350%2C200&ssl=1 1x, https:\/\/i0.wp.com\/soy.usac.edu.gt\/wp-content\/uploads\/2021\/09\/WhatsApp-Image-2021-09-06-at-10.22.13.jpeg?resize=525%2C300&ssl=1 1.5x, https:\/\/i0.wp.com\/soy.usac.edu.gt\/wp-content\/uploads\/2021\/09\/WhatsApp-Image-2021-09-06-at-10.22.13.jpeg?resize=700%2C400&ssl=1 2x, https:\/\/i0.wp.com\/soy.usac.edu.gt\/wp-content\/uploads\/2021\/09\/WhatsApp-Image-2021-09-06-at-10.22.13.jpeg?resize=1050%2C600&ssl=1 3x"},"classes":[]},{"id":15128,"url":"https:\/\/soy.usac.edu.gt\/?p=15128","url_meta":{"origin":13641,"position":4},"title":"Rinden homenaje al doctor Mario Roberto Morales","author":"Divisi\u00f3n de Publicidad","date":"18 septiembre, 2021","format":false,"excerpt":"El destacado acad\u00e9mico, a trav\u00e9s de sus ideas, dej\u00f3 un legado invaluable al pa\u00eds.","rel":"","context":"En \u00abNoticias\u00bb","block_context":{"text":"Noticias","link":"https:\/\/soy.usac.edu.gt\/?cat=29"},"img":{"alt_text":"","src":"https:\/\/i0.wp.com\/soy.usac.edu.gt\/wp-content\/uploads\/2021\/09\/15-1-scaled.jpg?resize=350%2C200&ssl=1","width":350,"height":200,"srcset":"https:\/\/i0.wp.com\/soy.usac.edu.gt\/wp-content\/uploads\/2021\/09\/15-1-scaled.jpg?resize=350%2C200&ssl=1 1x, https:\/\/i0.wp.com\/soy.usac.edu.gt\/wp-content\/uploads\/2021\/09\/15-1-scaled.jpg?resize=525%2C300&ssl=1 1.5x, https:\/\/i0.wp.com\/soy.usac.edu.gt\/wp-content\/uploads\/2021\/09\/15-1-scaled.jpg?resize=700%2C400&ssl=1 2x, https:\/\/i0.wp.com\/soy.usac.edu.gt\/wp-content\/uploads\/2021\/09\/15-1-scaled.jpg?resize=1050%2C600&ssl=1 3x, https:\/\/i0.wp.com\/soy.usac.edu.gt\/wp-content\/uploads\/2021\/09\/15-1-scaled.jpg?resize=1400%2C800&ssl=1 4x"},"classes":[]},{"id":15050,"url":"https:\/\/soy.usac.edu.gt\/?p=15050","url_meta":{"origin":13641,"position":5},"title":"Edici\u00f3n No. 306 del Peri\u00f3dico de la USAC","author":"Divisi\u00f3n de Publicidad","date":"6 septiembre, 2021","format":false,"excerpt":"Le\u00e9 lo m\u00e1s reciente del acontecer universitario.","rel":"","context":"En \u00abNoticias\u00bb","block_context":{"text":"Noticias","link":"https:\/\/soy.usac.edu.gt\/?cat=29"},"img":{"alt_text":"","src":"https:\/\/i0.wp.com\/soy.usac.edu.gt\/wp-content\/uploads\/2021\/09\/WhatsApp-Image-2021-09-06-at-08.25.53.jpeg?resize=350%2C200&ssl=1","width":350,"height":200,"srcset":"https:\/\/i0.wp.com\/soy.usac.edu.gt\/wp-content\/uploads\/2021\/09\/WhatsApp-Image-2021-09-06-at-08.25.53.jpeg?resize=350%2C200&ssl=1 1x, https:\/\/i0.wp.com\/soy.usac.edu.gt\/wp-content\/uploads\/2021\/09\/WhatsApp-Image-2021-09-06-at-08.25.53.jpeg?resize=525%2C300&ssl=1 1.5x, https:\/\/i0.wp.com\/soy.usac.edu.gt\/wp-content\/uploads\/2021\/09\/WhatsApp-Image-2021-09-06-at-08.25.53.jpeg?resize=700%2C400&ssl=1 2x, https:\/\/i0.wp.com\/soy.usac.edu.gt\/wp-content\/uploads\/2021\/09\/WhatsApp-Image-2021-09-06-at-08.25.53.jpeg?resize=1050%2C600&ssl=1 3x"},"classes":[]}],"jetpack_sharing_enabled":true,"_links":{"self":[{"href":"https:\/\/soy.usac.edu.gt\/index.php?rest_route=\/wp\/v2\/posts\/13641","targetHints":{"allow":["GET"]}}],"collection":[{"href":"https:\/\/soy.usac.edu.gt\/index.php?rest_route=\/wp\/v2\/posts"}],"about":[{"href":"https:\/\/soy.usac.edu.gt\/index.php?rest_route=\/wp\/v2\/types\/post"}],"author":[{"embeddable":true,"href":"https:\/\/soy.usac.edu.gt\/index.php?rest_route=\/wp\/v2\/users\/1"}],"replies":[{"embeddable":true,"href":"https:\/\/soy.usac.edu.gt\/index.php?rest_route=%2Fwp%2Fv2%2Fcomments&post=13641"}],"version-history":[{"count":8,"href":"https:\/\/soy.usac.edu.gt\/index.php?rest_route=\/wp\/v2\/posts\/13641\/revisions"}],"predecessor-version":[{"id":13655,"href":"https:\/\/soy.usac.edu.gt\/index.php?rest_route=\/wp\/v2\/posts\/13641\/revisions\/13655"}],"wp:featuredmedia":[{"embeddable":true,"href":"https:\/\/soy.usac.edu.gt\/index.php?rest_route=\/wp\/v2\/media\/13645"}],"wp:attachment":[{"href":"https:\/\/soy.usac.edu.gt\/index.php?rest_route=%2Fwp%2Fv2%2Fmedia&parent=13641"}],"wp:term":[{"taxonomy":"category","embeddable":true,"href":"https:\/\/soy.usac.edu.gt\/index.php?rest_route=%2Fwp%2Fv2%2Fcategories&post=13641"},{"taxonomy":"post_tag","embeddable":true,"href":"https:\/\/soy.usac.edu.gt\/index.php?rest_route=%2Fwp%2Fv2%2Ftags&post=13641"}],"curies":[{"name":"wp","href":"https:\/\/api.w.org\/{rel}","templated":true}]}}