{"id":13710,"date":"2021-03-25T16:02:34","date_gmt":"2021-03-25T22:02:34","guid":{"rendered":"https:\/\/soy.usac.edu.gt\/?p=13710"},"modified":"2021-03-25T17:08:15","modified_gmt":"2021-03-25T23:08:15","slug":"csu-demanda-al-gobierno-que-se-haga-efectivo-el-plan-de-vacunacion-nacional","status":"publish","type":"post","link":"https:\/\/soy.usac.edu.gt\/?p=13710","title":{"rendered":"CSU demanda al gobierno que se haga efectivo el plan de vacunaci\u00f3n nacional"},"content":{"rendered":"\n<h4 style=\"text-align: justify;\"><strong>Ante la limitada acci\u00f3n de lograr la vacuna y de no desarrollar adecuadamente el Plan de Vacunaci\u00f3n contra la enfermedad COVID-19 propuesto a la poblaci\u00f3n guatemalteca por el Presidente de la Rep\u00fablica y la Ministra de Salud P\u00fablica y Asistencia Social, <\/strong><\/h4>\n<h4 style=\"text-align: center;\"><strong>hacen saber:<\/strong><\/h4>\n<p style=\"text-align: justify;\"><strong>\u00a0<\/strong><\/p>\n<p style=\"text-align: justify;\">1.\u00a0\u00a0\u00a0\u00a0 Como universidad, se ve que el SARSCoV2 y su enfermedad asociada, COVID-19, continua\u00a0 siendo un problema nacional de salud p\u00fablica, sus\u00a0 nuevas variantes a nivel mundial\u00a0 ineludiblemente\u00a0 ocurrir\u00e1n en Guatemala, aun\u00a0 con las medidas de prevenci\u00f3n establecidas\u00a0 a nivel\u00a0 individual y poblacional puestas en pr\u00e1ctica, en tanto no se logre disponer de la vacuna, tal como se ha concebido en \u00a0el Plan Nacional de Vacunaci\u00f3n COVID-19 presentado; por ello, se debe poner atenci\u00f3n a lo\u00a0 que viene ocurriendo al d\u00eda en el mundo y en Guatemala.<\/p>\n<p style=\"text-align: justify;\">\u00a0<\/p>\n<ol style=\"text-align: justify;\" start=\"2\">\n<li>En el mundo se han vacunado m\u00e1s de 350 millones de personas, siendo las cinco vacunas m\u00e1s utilizadas: Oxford-Astra Seneca, Pfyser-Biotech, Moderna, Gamaleya-Esputnik V y Sinopharm-Beijhins. Los principales pa\u00edses y regiones donde se ha hecho efectiva una mayor cobertura al momento son USA, China, Uni\u00f3n Europea, Reino Unido e India, habiendo aplicado la vacuna en sus dos dosis a personal de salud de primera l\u00ednea y en otros niveles, otro personal de apoyo al cuidado de la salud y personas mayores en condici\u00f3n de vulnerabilidad.<\/li>\n<\/ol>\n<p style=\"text-align: justify;\">\u00a0<\/p>\n<ol style=\"text-align: justify;\" start=\"3\">\n<li>En Guatemala, el Ministerio de Salud P\u00fablica y Asistencia Social (MSPAS) estableci\u00f3 el Comit\u00e9 Nacional de Coordinaci\u00f3n para Vacunaci\u00f3n contra COVID-19 (CNVCOVID) a trav\u00e9s del Acuerdo Ministerial No. 0262-2020, con la finalidad de desarrollar e implementar el plan estrat\u00e9gico nacional de vacunaci\u00f3n contra la enfermedad COVID-19 en el Decreto N\u00famero 1-2021, \u201dLey para el financiamiento y adquisici\u00f3n de vacunas contra el coronavirus, COVID-19\u201d del Congreso de la Rep\u00fablica de Guatemala, aprobado y publicado en el Diario de Centro Am\u00e9rica el 23 de enero del 2021, que dice en sus dos primeros art\u00edculos: \u201cArt\u00edculo 1: Declaratoria de inter\u00e9s nacional y readecuaci\u00f3n presupuestaria para el financiamiento y adquisici\u00f3n de la vacuna contra el coronavirus COVID-19, por un monto de UN MIL QUINIENTOS MILLONES DE QUETZALES (Q 1,500,000,000.00). Art\u00edculo 2: Para financiar y viabilizar el suministro de una vacuna gratuita, universal y voluntaria contra el COVID-19, conforme a lo establecido en el art\u00edculo 1 de la presente ley, el Organismo Ejecutivo, por conducto del Ministerio de Finanzas P\u00fablicas realizar\u00e1 la readecuaci\u00f3n de las fuentes de financiamiento\u201d.<\/li>\n<\/ol>\n<p style=\"text-align: justify;\">\u00a0<\/p>\n<ol style=\"text-align: justify;\" start=\"4\">\n<li>En Guatemala se present\u00f3 el plan nacional a inicios de febrero, considerando las diferentes fases y grupos, sin contar con la disponibilidad de vacuna, mas s\u00ed con el beneficio de su inclusi\u00f3n en el programa COVAX de OMS, con la confianza de lograrlo en poco tiempo, de lo cual a\u00fan no se dispone plenamente; se ha dado un env\u00edo m\u00ednimo y parcial. De momento se ha recibido un lote aproximado de 85,000 dosis. Lamentablemente esto no hace efectivo el plan de compra de vacuna ni el desarrollo de las fases del plan como estaba previsto.<\/li>\n<\/ol>\n<p style=\"text-align: justify;\">\u00a0<\/p>\n<ol style=\"text-align: justify;\" start=\"5\">\n<li>Al 23 de marzo de 2021, solo se recibi\u00f3 la asistencia de donaci\u00f3n de Israel con 5,000 dosis; India, con 200,000; y 85,000, del mecanismo COVAX. Se persigue el plan de vacunaci\u00f3n sin evidencia de su cobertura exacta con aplicaci\u00f3n aproximada de 72,000 dosis, lo cual se traducir\u00e1 a esa velocidad en una protecci\u00f3n poblacional de cobertura limitada.<\/li>\n<\/ol>\n<p style=\"text-align: justify;\">\u00a0<\/p>\n<ol style=\"text-align: justify;\" start=\"6\">\n<li>Las posibilidades de compra con recursos del pa\u00eds son nulas, no se han visto los resultados efectivos de las gestiones anunciadas por el Gobierno, ni menos de la cantidad preestablecida.<\/li>\n<\/ol>\n<p style=\"text-align: justify;\">\u00a0<\/p>\n<ol style=\"text-align: justify;\" start=\"7\">\n<li>Se ha insistido por parte del gobierno en la compra de la vacuna, pero sin lograrlo, las condiciones de mayor movilidad y desatenci\u00f3n a las medidas preventivas han permitido que nuevamente se inicie el incremento de casos y de motilidad por la enfermedad COVID-19,el mapa de riesgo nuevamente ha mostrado cambios de amarillo a naranja y de naranja a rojo.<\/li>\n<\/ol>\n<p style=\"text-align: justify;\">\u00a0<\/p>\n<h4 style=\"text-align: justify;\"><strong>Por lo anterior, se insta al Gobierno de Guatemala a que, para hacer efectivo el plan de vacunaci\u00f3n, se considere lo siguiente:<\/strong><\/h4>\n<p style=\"text-align: justify;\">\u00a0<\/p>\n<ol style=\"text-align: justify;\">\n<li>Se logren compromisos claros y reales, seg\u00fan lo establecido en las autorizaciones del Congreso de la Rep\u00fablica con los recursos preestablecidos.<\/li>\n<li>Se agilicen los canales de gesti\u00f3n pol\u00edtica y econ\u00f3mica para adquirir la vacuna en poco tiempo y cubrir las poblaciones de m\u00e1s riesgo con el debido almacenamiento, conservaci\u00f3n y aplicaci\u00f3n de la vacuna.<\/li>\n<li>Que se haga efectivo el plan de vacunaci\u00f3n y se disponga de suficientes vacunas, que al menos cubran al 70 % de la poblaci\u00f3n indicada en el plan, aplicando cada una de las fases de dicho plan en forma justa, equitativa y ordenada.<\/li>\n<li>Hasta que no se alcance el objetivo del plan de vacunaci\u00f3n, se mantengan las medidas restrictivas con relaci\u00f3n a la movilizaci\u00f3n y presencialidad, tales como actividades de Semana Santa, turismo, entre otras.<\/li>\n<\/ol>\n<p style=\"text-align: center;\"><strong>\u201cId y ense\u00f1ad a todos\u201d<\/strong><\/p>\n<p style=\"text-align: right;\">Guatemala, 23 de marzo de 2020<\/p>\n","protected":false},"excerpt":{"rendered":"","protected":false},"author":1,"featured_media":13097,"comment_status":"closed","ping_status":"open","sticky":false,"template":"","format":"standard","meta":{"_exactmetrics_skip_tracking":false,"_exactmetrics_sitenote_active":false,"_exactmetrics_sitenote_note":"","_exactmetrics_sitenote_category":0,"_jetpack_memberships_contains_paid_content":false,"footnotes":""},"categories":[29,125,1],"tags":[],"class_list":["post-13710","post","type-post","status-publish","format-standard","has-post-thumbnail","hentry","category-noticias","category-opiniones","category-sin-categoria"],"aioseo_notices":[],"jetpack_featured_media_url":"https:\/\/soy.usac.edu.gt\/wp-content\/uploads\/2021\/02\/COMUNICADO-IMAGEN-WEB.jpeg","views":"","jetpack-related-posts":[{"id":14606,"url":"https:\/\/soy.usac.edu.gt\/?p=14606","url_meta":{"origin":13710,"position":0},"title":"IGSS empieza a aplicar segunda dosis","author":"Divisi\u00f3n de Publicidad","date":"14 junio, 2021","format":false,"excerpt":"Los afiliados asistieron al centro de vacunaci\u00f3n de la Ciudad Universitaria para la segunda dosis de la vacuna contra la enfermedad COVID-19.","rel":"","context":"En \u00abNoticias\u00bb","block_context":{"text":"Noticias","link":"https:\/\/soy.usac.edu.gt\/?cat=29"},"img":{"alt_text":"","src":"https:\/\/i0.wp.com\/soy.usac.edu.gt\/wp-content\/uploads\/2021\/06\/WhatsApp-Image-2021-06-14-at-11.53.54.jpeg?resize=350%2C200&ssl=1","width":350,"height":200,"srcset":"https:\/\/i0.wp.com\/soy.usac.edu.gt\/wp-content\/uploads\/2021\/06\/WhatsApp-Image-2021-06-14-at-11.53.54.jpeg?resize=350%2C200&ssl=1 1x, https:\/\/i0.wp.com\/soy.usac.edu.gt\/wp-content\/uploads\/2021\/06\/WhatsApp-Image-2021-06-14-at-11.53.54.jpeg?resize=525%2C300&ssl=1 1.5x, https:\/\/i0.wp.com\/soy.usac.edu.gt\/wp-content\/uploads\/2021\/06\/WhatsApp-Image-2021-06-14-at-11.53.54.jpeg?resize=700%2C400&ssl=1 2x, https:\/\/i0.wp.com\/soy.usac.edu.gt\/wp-content\/uploads\/2021\/06\/WhatsApp-Image-2021-06-14-at-11.53.54.jpeg?resize=1050%2C600&ssl=1 3x"},"classes":[]},{"id":14133,"url":"https:\/\/soy.usac.edu.gt\/?p=14133","url_meta":{"origin":13710,"position":1},"title":"Quedaron inaugurados dos centros de vacunaci\u00f3n","author":"Divisi\u00f3n de Publicidad","date":"10 mayo, 2021","format":false,"excerpt":"La Universidad de San Carlos de Guatemala, en conjunto con el Ministerio de Salud P\u00fablica y Asistencia Social (MSPAS) y el Instituto Guatemalteco de Seguridad Social (IGSS), inaugur\u00f3 dos puestos de vacunaci\u00f3n.","rel":"","context":"En \u00abNoticias\u00bb","block_context":{"text":"Noticias","link":"https:\/\/soy.usac.edu.gt\/?cat=29"},"img":{"alt_text":"","src":"https:\/\/i0.wp.com\/soy.usac.edu.gt\/wp-content\/uploads\/2021\/05\/WhatsApp-Image-2021-05-10-at-14.13.47.jpeg?resize=350%2C200&ssl=1","width":350,"height":200,"srcset":"https:\/\/i0.wp.com\/soy.usac.edu.gt\/wp-content\/uploads\/2021\/05\/WhatsApp-Image-2021-05-10-at-14.13.47.jpeg?resize=350%2C200&ssl=1 1x, https:\/\/i0.wp.com\/soy.usac.edu.gt\/wp-content\/uploads\/2021\/05\/WhatsApp-Image-2021-05-10-at-14.13.47.jpeg?resize=525%2C300&ssl=1 1.5x, https:\/\/i0.wp.com\/soy.usac.edu.gt\/wp-content\/uploads\/2021\/05\/WhatsApp-Image-2021-05-10-at-14.13.47.jpeg?resize=700%2C400&ssl=1 2x, https:\/\/i0.wp.com\/soy.usac.edu.gt\/wp-content\/uploads\/2021\/05\/WhatsApp-Image-2021-05-10-at-14.13.47.jpeg?resize=1050%2C600&ssl=1 3x"},"classes":[]},{"id":14821,"url":"https:\/\/soy.usac.edu.gt\/?p=14821","url_meta":{"origin":13710,"position":2},"title":"Todo lo que debes saber sobre la vacunaci\u00f3n de estudiantes sancarlistas","author":"Divisi\u00f3n de Publicidad","date":"27 julio, 2021","format":false,"excerpt":"\u00bfTienes dudas sobre la vacunaci\u00f3n? Hemos hecho un listado de respuestas a las preguntas m\u00e1s frecuentes.","rel":"","context":"En \u00abEstudiantes\u00bb","block_context":{"text":"Estudiantes","link":"https:\/\/soy.usac.edu.gt\/?cat=585"},"img":{"alt_text":"","src":"https:\/\/i0.wp.com\/soy.usac.edu.gt\/wp-content\/uploads\/2021\/07\/ESTUDIANTES-CON-MASCARILLA-FRENTE-A-RECTORIA.jpeg?resize=350%2C200&ssl=1","width":350,"height":200,"srcset":"https:\/\/i0.wp.com\/soy.usac.edu.gt\/wp-content\/uploads\/2021\/07\/ESTUDIANTES-CON-MASCARILLA-FRENTE-A-RECTORIA.jpeg?resize=350%2C200&ssl=1 1x, https:\/\/i0.wp.com\/soy.usac.edu.gt\/wp-content\/uploads\/2021\/07\/ESTUDIANTES-CON-MASCARILLA-FRENTE-A-RECTORIA.jpeg?resize=525%2C300&ssl=1 1.5x, https:\/\/i0.wp.com\/soy.usac.edu.gt\/wp-content\/uploads\/2021\/07\/ESTUDIANTES-CON-MASCARILLA-FRENTE-A-RECTORIA.jpeg?resize=700%2C400&ssl=1 2x, https:\/\/i0.wp.com\/soy.usac.edu.gt\/wp-content\/uploads\/2021\/07\/ESTUDIANTES-CON-MASCARILLA-FRENTE-A-RECTORIA.jpeg?resize=1050%2C600&ssl=1 3x"},"classes":[]},{"id":15094,"url":"https:\/\/soy.usac.edu.gt\/?p=15094","url_meta":{"origin":13710,"position":3},"title":"Hacen un llamado a los guatemaltecos para que asistan a vacunarse \u00a0","author":"Divisi\u00f3n de Publicidad","date":"17 septiembre, 2021","format":false,"excerpt":"Ante la baja afluencia en los puestos de vacunaci\u00f3n, trabajadores de salud instan a la poblaci\u00f3n a inmunizarse.","rel":"","context":"En \u00abNoticias\u00bb","block_context":{"text":"Noticias","link":"https:\/\/soy.usac.edu.gt\/?cat=29"},"img":{"alt_text":"","src":"https:\/\/i0.wp.com\/soy.usac.edu.gt\/wp-content\/uploads\/2021\/09\/WhatsApp-Image-2021-09-17-at-10.24.20-1.jpeg?resize=350%2C200&ssl=1","width":350,"height":200,"srcset":"https:\/\/i0.wp.com\/soy.usac.edu.gt\/wp-content\/uploads\/2021\/09\/WhatsApp-Image-2021-09-17-at-10.24.20-1.jpeg?resize=350%2C200&ssl=1 1x, https:\/\/i0.wp.com\/soy.usac.edu.gt\/wp-content\/uploads\/2021\/09\/WhatsApp-Image-2021-09-17-at-10.24.20-1.jpeg?resize=525%2C300&ssl=1 1.5x, https:\/\/i0.wp.com\/soy.usac.edu.gt\/wp-content\/uploads\/2021\/09\/WhatsApp-Image-2021-09-17-at-10.24.20-1.jpeg?resize=700%2C400&ssl=1 2x, https:\/\/i0.wp.com\/soy.usac.edu.gt\/wp-content\/uploads\/2021\/09\/WhatsApp-Image-2021-09-17-at-10.24.20-1.jpeg?resize=1050%2C600&ssl=1 3x"},"classes":[]},{"id":14048,"url":"https:\/\/soy.usac.edu.gt\/?p=14048","url_meta":{"origin":13710,"position":4},"title":"Comunicado sobre la inauguraci\u00f3n del Centro de Vacunaci\u00f3n en el CUM","author":"Divisi\u00f3n de Publicidad","date":"7 mayo, 2021","format":false,"excerpt":"El Ministerio de Salud P\u00fablica y Asistencia Social (MSPAS) y la Universidad de San Carlos de Guatemala (USAC), a la poblaci\u00f3n, informan sobre la inauguraci\u00f3n del Centro de Vacunaci\u00f3n Peatonal ubicado en el Centro Universitario Metropolitano (CUM), zona 11: El Ministerio de Salud P\u00fablica y Asistencia Social (MSPAS) \u00a0y la\u2026","rel":"","context":"En \u00abNoticias\u00bb","block_context":{"text":"Noticias","link":"https:\/\/soy.usac.edu.gt\/?cat=29"},"img":{"alt_text":"","src":"https:\/\/i0.wp.com\/soy.usac.edu.gt\/wp-content\/uploads\/2021\/02\/COMUNICADO-IMAGEN-WEB.jpeg?resize=350%2C200&ssl=1","width":350,"height":200,"srcset":"https:\/\/i0.wp.com\/soy.usac.edu.gt\/wp-content\/uploads\/2021\/02\/COMUNICADO-IMAGEN-WEB.jpeg?resize=350%2C200&ssl=1 1x, https:\/\/i0.wp.com\/soy.usac.edu.gt\/wp-content\/uploads\/2021\/02\/COMUNICADO-IMAGEN-WEB.jpeg?resize=525%2C300&ssl=1 1.5x, https:\/\/i0.wp.com\/soy.usac.edu.gt\/wp-content\/uploads\/2021\/02\/COMUNICADO-IMAGEN-WEB.jpeg?resize=700%2C400&ssl=1 2x"},"classes":[]},{"id":14209,"url":"https:\/\/soy.usac.edu.gt\/?p=14209","url_meta":{"origin":13710,"position":5},"title":"Campus Central de la USAC funciona como puesto de vacunaci\u00f3n vehicular","author":"Divisi\u00f3n de Publicidad","date":"10 mayo, 2021","format":false,"excerpt":"El puesto de vacunaci\u00f3n vehicular, atender\u00e1 a un aproximado de mil personas diarias.","rel":"","context":"En \u00abNoticias\u00bb","block_context":{"text":"Noticias","link":"https:\/\/soy.usac.edu.gt\/?cat=29"},"img":{"alt_text":"","src":"https:\/\/i0.wp.com\/soy.usac.edu.gt\/wp-content\/uploads\/2021\/02\/COMUNICADO-IMAGEN-WEB.jpeg?resize=350%2C200&ssl=1","width":350,"height":200,"srcset":"https:\/\/i0.wp.com\/soy.usac.edu.gt\/wp-content\/uploads\/2021\/02\/COMUNICADO-IMAGEN-WEB.jpeg?resize=350%2C200&ssl=1 1x, https:\/\/i0.wp.com\/soy.usac.edu.gt\/wp-content\/uploads\/2021\/02\/COMUNICADO-IMAGEN-WEB.jpeg?resize=525%2C300&ssl=1 1.5x, https:\/\/i0.wp.com\/soy.usac.edu.gt\/wp-content\/uploads\/2021\/02\/COMUNICADO-IMAGEN-WEB.jpeg?resize=700%2C400&ssl=1 2x"},"classes":[]}],"jetpack_sharing_enabled":true,"_links":{"self":[{"href":"https:\/\/soy.usac.edu.gt\/index.php?rest_route=\/wp\/v2\/posts\/13710","targetHints":{"allow":["GET"]}}],"collection":[{"href":"https:\/\/soy.usac.edu.gt\/index.php?rest_route=\/wp\/v2\/posts"}],"about":[{"href":"https:\/\/soy.usac.edu.gt\/index.php?rest_route=\/wp\/v2\/types\/post"}],"author":[{"embeddable":true,"href":"https:\/\/soy.usac.edu.gt\/index.php?rest_route=\/wp\/v2\/users\/1"}],"replies":[{"embeddable":true,"href":"https:\/\/soy.usac.edu.gt\/index.php?rest_route=%2Fwp%2Fv2%2Fcomments&post=13710"}],"version-history":[{"count":1,"href":"https:\/\/soy.usac.edu.gt\/index.php?rest_route=\/wp\/v2\/posts\/13710\/revisions"}],"predecessor-version":[{"id":13711,"href":"https:\/\/soy.usac.edu.gt\/index.php?rest_route=\/wp\/v2\/posts\/13710\/revisions\/13711"}],"wp:featuredmedia":[{"embeddable":true,"href":"https:\/\/soy.usac.edu.gt\/index.php?rest_route=\/wp\/v2\/media\/13097"}],"wp:attachment":[{"href":"https:\/\/soy.usac.edu.gt\/index.php?rest_route=%2Fwp%2Fv2%2Fmedia&parent=13710"}],"wp:term":[{"taxonomy":"category","embeddable":true,"href":"https:\/\/soy.usac.edu.gt\/index.php?rest_route=%2Fwp%2Fv2%2Fcategories&post=13710"},{"taxonomy":"post_tag","embeddable":true,"href":"https:\/\/soy.usac.edu.gt\/index.php?rest_route=%2Fwp%2Fv2%2Ftags&post=13710"}],"curies":[{"name":"wp","href":"https:\/\/api.w.org\/{rel}","templated":true}]}}