{"id":13806,"date":"2021-04-08T13:49:12","date_gmt":"2021-04-08T19:49:12","guid":{"rendered":"https:\/\/soy.usac.edu.gt\/?p=13806"},"modified":"2021-04-08T13:49:12","modified_gmt":"2021-04-08T19:49:12","slug":"la-reinvencion-del-emprendimiento","status":"publish","type":"post","link":"https:\/\/soy.usac.edu.gt\/?p=13806","title":{"rendered":"La reinvenci\u00f3n del emprendimiento"},"content":{"rendered":"\n<p style=\"text-align: justify;\"><strong><em>La pandemia est\u00e1 acelerando la digitalizaci\u00f3n de todo tipo de actividades, entre ellas, las comerciales. <\/em><\/strong><\/p>\n<p style=\"text-align: justify;\">Desde el 2010 la Facultad de Agronom\u00eda, a trav\u00e9s de la sub\u00e1rea de administraci\u00f3n y comercializaci\u00f3n, con la iniciativa de la ingeniera Mirna Lissette Ayala Lemus, ha desarrollado la feria Emprende USAC.<\/p>\n<p style=\"text-align: justify;\">En 2020, tras diez a\u00f1os de realizarse el evento, la pandemia trajo dificultades que generaron la necesidad de reinventarlo, para lo cual se tomaron acciones como la creaci\u00f3n de una tienda virtual.<\/p>\n<p style=\"text-align: justify;\">Myrna Ayala explica que el evento, por ahora, se hace solo en modalidad virtual a trav\u00e9s de la plataforma de Educaci\u00f3n Continua, la p\u00e1gina de Facebook de Emprende USAC y la tienda virtual que se encuentra en el sitio web\u00a0<a href=\"http:\/\/emprendeusac.com\/\">emprendeusac.com<\/a>.<\/p>\n<p style=\"text-align: justify;\">\u201cLos emprendedores tienen que reinventarse, la experiencia ha dejado buenas lecciones de aprendizaje: los j\u00f3venes han incursionado en todo el marketing digital y en la b\u00fasqueda de herramientas tecnol\u00f3gicas para posicionarse en la red. Eso fue un gran r\u00e9cord el a\u00f1o pasado\u201d, expone Ayala.<\/p>\n<p style=\"text-align: justify;\">Con Emprende USAC virtual, los maestros tuvieron el reto de implementar y aprender alternativas digitales para responder a la coyuntura de la pandemia. Se utilizaron plataformas como Canva, YouTube, herramientas para crear la imagen y el dise\u00f1o de los productos.<\/p>\n<p style=\"text-align: justify;\">En el primer evento virtual se utilizaron las redes sociales con fines acad\u00e9micos y de negocios, se trabaj\u00f3 en la emisi\u00f3n de ideas concretas a trav\u00e9s de videoclips de un minuto de duraci\u00f3n, en donde\u00a0 los estudiantes lograron presentar propuestas de valor a los clientes.<\/p>\n<p style=\"text-align: justify;\"><strong>Negocios en l\u00ednea<\/strong><\/p>\n<p style=\"text-align: justify;\">El a\u00f1o pasado se implement\u00f3 la tienda virtual con alrededor de 30 productos. Esto motiv\u00f3 a los estudiantes para que sigan vendiendo en esta plataforma, que se mantiene vigente con diversos productos y servicios.<\/p>\n<p style=\"text-align: justify;\"><strong>Congreso de emprendedores<\/strong><\/p>\n<p style=\"text-align: justify;\">Con los emprendedores, antes de la feria, se llevar\u00e1 a cabo un congreso sobre marketing digital y herramientas tecnol\u00f3gicas. Se tratar\u00e1n temas acerca de c\u00f3mo desarrollar un modelo de negocios, tener una mentalidad innovadora, herramientas gerenciales para administrar negocios, entre otros.<\/p>\n<p style=\"text-align: justify;\">\u00a0<\/p>\n<blockquote>\n<p style=\"text-align: justify;\"><strong>Participa en Emprende USAC 2021<\/strong><\/p>\n<p style=\"text-align: justify;\">La feria virtual se llevar\u00e1 a cabo del 22 al 24 de abril de 2021.<\/p>\n<p style=\"text-align: justify;\"><strong>M\u00e1s informaci\u00f3n en:<\/strong><\/p>\n<p style=\"text-align: justify;\">\u00a0<a href=\"https:\/\/www.facebook.com\/EmprendeFausac\/\">https:\/\/www.facebook.com\/EmprendeFausac\/<\/a><\/p>\n<p style=\"text-align: justify;\"><a href=\"https:\/\/emprendeusac.com\/\">https:\/\/emprendeusac.com\/<\/a><\/p>\n<\/blockquote>\n\n\n\n<h2 class=\"wp-block-heading\">Emprende USAC en fotograf\u00edas<\/h2>\n\n\n\n<p>[meta_gallery_slider id=\u00bb13824&#8243;]<\/p>\n<p><strong>Fotos cortes\u00eda de Emprende Usac<\/strong><\/p>\n","protected":false},"excerpt":{"rendered":"<p>La pandemia est\u00e1 acelerando la digitalizaci\u00f3n de todo tipo de actividades, entre ellas, las comerciales.<\/p>\n","protected":false},"author":1,"featured_media":13822,"comment_status":"closed","ping_status":"open","sticky":false,"template":"","format":"standard","meta":{"_exactmetrics_skip_tracking":false,"_exactmetrics_sitenote_active":false,"_exactmetrics_sitenote_note":"","_exactmetrics_sitenote_category":0,"_jetpack_memberships_contains_paid_content":false,"footnotes":""},"categories":[127,585,29],"tags":[545],"class_list":["post-13806","post","type-post","status-publish","format-standard","has-post-thumbnail","hentry","category-becas-y-convocatorias","category-estudiantes","category-noticias","tag-emprendeusac"],"aioseo_notices":[],"jetpack_featured_media_url":"https:\/\/soy.usac.edu.gt\/wp-content\/uploads\/2021\/04\/DSC0778-1-scaled.jpg","views":"","jetpack-related-posts":[{"id":15297,"url":"https:\/\/soy.usac.edu.gt\/?p=15297","url_meta":{"origin":13806,"position":0},"title":"Feria Virtual Emprende USAC","author":"Divisi\u00f3n de Publicidad","date":"1 octubre, 2021","format":false,"excerpt":"Esta actividad se llevar\u00e1 a cabo el 7, 8 y 9 de octubre, ser\u00e1 transmitir\u00e1 en diferentes plataformas virtuales.","rel":"","context":"En \u00abEstudiantes\u00bb","block_context":{"text":"Estudiantes","link":"https:\/\/soy.usac.edu.gt\/?cat=585"},"img":{"alt_text":"","src":"https:\/\/i0.wp.com\/soy.usac.edu.gt\/wp-content\/uploads\/2021\/04\/EMPRENDE-USAC11-scaled.jpg?resize=350%2C200&ssl=1","width":350,"height":200,"srcset":"https:\/\/i0.wp.com\/soy.usac.edu.gt\/wp-content\/uploads\/2021\/04\/EMPRENDE-USAC11-scaled.jpg?resize=350%2C200&ssl=1 1x, https:\/\/i0.wp.com\/soy.usac.edu.gt\/wp-content\/uploads\/2021\/04\/EMPRENDE-USAC11-scaled.jpg?resize=525%2C300&ssl=1 1.5x, https:\/\/i0.wp.com\/soy.usac.edu.gt\/wp-content\/uploads\/2021\/04\/EMPRENDE-USAC11-scaled.jpg?resize=700%2C400&ssl=1 2x, https:\/\/i0.wp.com\/soy.usac.edu.gt\/wp-content\/uploads\/2021\/04\/EMPRENDE-USAC11-scaled.jpg?resize=1050%2C600&ssl=1 3x, https:\/\/i0.wp.com\/soy.usac.edu.gt\/wp-content\/uploads\/2021\/04\/EMPRENDE-USAC11-scaled.jpg?resize=1400%2C800&ssl=1 4x"},"classes":[]},{"id":2804,"url":"https:\/\/soy.usac.edu.gt\/?p=2804","url_meta":{"origin":13806,"position":1},"title":"Presentan m\u00e1s de 150 proyectos de emprendimiento","author":"Divisi\u00f3n de Publicidad","date":"30 octubre, 2018","format":false,"excerpt":"En la plaza dedicada a los h\u00e9roes y m\u00e1rtires de la tricentenaria Universidad de San Carlos de Guatemala (USAC), se realiz\u00f3 el evento \u201cEmprendedores 2018\u201d. En el acto inaugural estuvieron presentes las autoridades universitarias: rector, Ing. Murphy Paiz; decano de la Facultad de Agronom\u00eda, Ing. Agr. Mario God\u00ednez; Ing. Agr.\u2026","rel":"","context":"En \u00abNoticias\u00bb","block_context":{"text":"Noticias","link":"https:\/\/soy.usac.edu.gt\/?cat=29"},"img":{"alt_text":"","src":"https:\/\/i0.wp.com\/soy.usac.edu.gt\/wp-content\/uploads\/2018\/10\/EMPRENDIMIENTO-3.jpg?resize=350%2C200&ssl=1","width":350,"height":200,"srcset":"https:\/\/i0.wp.com\/soy.usac.edu.gt\/wp-content\/uploads\/2018\/10\/EMPRENDIMIENTO-3.jpg?resize=350%2C200&ssl=1 1x, https:\/\/i0.wp.com\/soy.usac.edu.gt\/wp-content\/uploads\/2018\/10\/EMPRENDIMIENTO-3.jpg?resize=525%2C300&ssl=1 1.5x, https:\/\/i0.wp.com\/soy.usac.edu.gt\/wp-content\/uploads\/2018\/10\/EMPRENDIMIENTO-3.jpg?resize=700%2C400&ssl=1 2x"},"classes":[]},{"id":8520,"url":"https:\/\/soy.usac.edu.gt\/?p=8520","url_meta":{"origin":13806,"position":2},"title":"Ma\u00f1ana inicia Emprende USAC 2019","author":"Divisi\u00f3n de Publicidad","date":"3 octubre, 2019","format":false,"excerpt":"Un total de 250 proyectos de emprendimientos estudiantiles de 12 unidades acad\u00e9micas ser\u00e1n presentados ma\u00f1ana durante la \u00a0Feria de Emprendimiento. \u00a0","rel":"","context":"En \u00abNoticias\u00bb","block_context":{"text":"Noticias","link":"https:\/\/soy.usac.edu.gt\/?cat=29"},"img":{"alt_text":"","src":"https:\/\/i0.wp.com\/soy.usac.edu.gt\/wp-content\/uploads\/2019\/10\/7.jpg?resize=350%2C200&ssl=1","width":350,"height":200,"srcset":"https:\/\/i0.wp.com\/soy.usac.edu.gt\/wp-content\/uploads\/2019\/10\/7.jpg?resize=350%2C200&ssl=1 1x, https:\/\/i0.wp.com\/soy.usac.edu.gt\/wp-content\/uploads\/2019\/10\/7.jpg?resize=525%2C300&ssl=1 1.5x, https:\/\/i0.wp.com\/soy.usac.edu.gt\/wp-content\/uploads\/2019\/10\/7.jpg?resize=700%2C400&ssl=1 2x, https:\/\/i0.wp.com\/soy.usac.edu.gt\/wp-content\/uploads\/2019\/10\/7.jpg?resize=1050%2C600&ssl=1 3x, https:\/\/i0.wp.com\/soy.usac.edu.gt\/wp-content\/uploads\/2019\/10\/7.jpg?resize=1400%2C800&ssl=1 4x"},"classes":[]},{"id":12125,"url":"https:\/\/soy.usac.edu.gt\/?p=12125","url_meta":{"origin":13806,"position":3},"title":"Edici\u00f3n No. 294 del Peri\u00f3dico de la USAC","author":"Divisi\u00f3n de Publicidad","date":"12 agosto, 2020","format":false,"excerpt":"En esta edici\u00f3n podr\u00e1s leer Segundo semestre se desarrollar\u00e1 de manera virtual. Emprendimiento genera ingresos.\u00a0\u00a0 Entregan insumos y equipo al Laboclip.\u00a0 Descarga ac\u00e1 la edici\u00f3n Edici\u00f3n No. 294 del Peri\u00f3dico de la USAC Publish at Calameo","rel":"","context":"En \u00abNoticias\u00bb","block_context":{"text":"Noticias","link":"https:\/\/soy.usac.edu.gt\/?cat=29"},"img":{"alt_text":"","src":"https:\/\/i0.wp.com\/soy.usac.edu.gt\/wp-content\/uploads\/2020\/08\/periodico.png?resize=350%2C200&ssl=1","width":350,"height":200,"srcset":"https:\/\/i0.wp.com\/soy.usac.edu.gt\/wp-content\/uploads\/2020\/08\/periodico.png?resize=350%2C200&ssl=1 1x, https:\/\/i0.wp.com\/soy.usac.edu.gt\/wp-content\/uploads\/2020\/08\/periodico.png?resize=525%2C300&ssl=1 1.5x, https:\/\/i0.wp.com\/soy.usac.edu.gt\/wp-content\/uploads\/2020\/08\/periodico.png?resize=700%2C400&ssl=1 2x"},"classes":[]},{"id":17592,"url":"https:\/\/soy.usac.edu.gt\/?p=17592","url_meta":{"origin":13806,"position":4},"title":"Segundo semestre seguir\u00e1 en modalidad virtual","author":"Divisi\u00f3n de Publicidad","date":"5 julio, 2022","format":false,"excerpt":"La Universidad de San Carlos de Guatemala ha determinado que las clases continuar\u00e1n siendo impartidas a distancia durante los pr\u00f3ximos seis meses.","rel":"","context":"En \u00abNoticias\u00bb","block_context":{"text":"Noticias","link":"https:\/\/soy.usac.edu.gt\/?cat=29"},"img":{"alt_text":"","src":"https:\/\/i0.wp.com\/soy.usac.edu.gt\/wp-content\/uploads\/2022\/07\/WhatsApp-Image-2022-07-05-at-4.04.43-PM.jpeg?resize=350%2C200&ssl=1","width":350,"height":200,"srcset":"https:\/\/i0.wp.com\/soy.usac.edu.gt\/wp-content\/uploads\/2022\/07\/WhatsApp-Image-2022-07-05-at-4.04.43-PM.jpeg?resize=350%2C200&ssl=1 1x, https:\/\/i0.wp.com\/soy.usac.edu.gt\/wp-content\/uploads\/2022\/07\/WhatsApp-Image-2022-07-05-at-4.04.43-PM.jpeg?resize=525%2C300&ssl=1 1.5x, https:\/\/i0.wp.com\/soy.usac.edu.gt\/wp-content\/uploads\/2022\/07\/WhatsApp-Image-2022-07-05-at-4.04.43-PM.jpeg?resize=700%2C400&ssl=1 2x, https:\/\/i0.wp.com\/soy.usac.edu.gt\/wp-content\/uploads\/2022\/07\/WhatsApp-Image-2022-07-05-at-4.04.43-PM.jpeg?resize=1050%2C600&ssl=1 3x"},"classes":[]},{"id":16458,"url":"https:\/\/soy.usac.edu.gt\/?p=16458","url_meta":{"origin":13806,"position":5},"title":"Hoy se inaugura Hult Prize en la USAC","author":"Divisi\u00f3n de Publicidad","date":"2 marzo, 2022","format":false,"excerpt":"La competencia mundial otorga un mill\u00f3n de d\u00f3lares a emprendimientos universitarios que contribuyan a la soluci\u00f3n de problem\u00e1ticas mundiales.","rel":"","context":"En \u00abEstudiantes\u00bb","block_context":{"text":"Estudiantes","link":"https:\/\/soy.usac.edu.gt\/?cat=585"},"img":{"alt_text":"","src":"https:\/\/i0.wp.com\/soy.usac.edu.gt\/wp-content\/uploads\/2022\/03\/410x0.png?resize=350%2C200&ssl=1","width":350,"height":200},"classes":[]}],"jetpack_sharing_enabled":true,"_links":{"self":[{"href":"https:\/\/soy.usac.edu.gt\/index.php?rest_route=\/wp\/v2\/posts\/13806","targetHints":{"allow":["GET"]}}],"collection":[{"href":"https:\/\/soy.usac.edu.gt\/index.php?rest_route=\/wp\/v2\/posts"}],"about":[{"href":"https:\/\/soy.usac.edu.gt\/index.php?rest_route=\/wp\/v2\/types\/post"}],"author":[{"embeddable":true,"href":"https:\/\/soy.usac.edu.gt\/index.php?rest_route=\/wp\/v2\/users\/1"}],"replies":[{"embeddable":true,"href":"https:\/\/soy.usac.edu.gt\/index.php?rest_route=%2Fwp%2Fv2%2Fcomments&post=13806"}],"version-history":[{"count":3,"href":"https:\/\/soy.usac.edu.gt\/index.php?rest_route=\/wp\/v2\/posts\/13806\/revisions"}],"predecessor-version":[{"id":13825,"href":"https:\/\/soy.usac.edu.gt\/index.php?rest_route=\/wp\/v2\/posts\/13806\/revisions\/13825"}],"wp:featuredmedia":[{"embeddable":true,"href":"https:\/\/soy.usac.edu.gt\/index.php?rest_route=\/wp\/v2\/media\/13822"}],"wp:attachment":[{"href":"https:\/\/soy.usac.edu.gt\/index.php?rest_route=%2Fwp%2Fv2%2Fmedia&parent=13806"}],"wp:term":[{"taxonomy":"category","embeddable":true,"href":"https:\/\/soy.usac.edu.gt\/index.php?rest_route=%2Fwp%2Fv2%2Fcategories&post=13806"},{"taxonomy":"post_tag","embeddable":true,"href":"https:\/\/soy.usac.edu.gt\/index.php?rest_route=%2Fwp%2Fv2%2Ftags&post=13806"}],"curies":[{"name":"wp","href":"https:\/\/api.w.org\/{rel}","templated":true}]}}