{"id":13870,"date":"2021-04-15T12:59:12","date_gmt":"2021-04-15T18:59:12","guid":{"rendered":"https:\/\/soy.usac.edu.gt\/?p=13870"},"modified":"2021-04-21T09:20:44","modified_gmt":"2021-04-21T15:20:44","slug":"stusc-con-nueva-junta-directiva","status":"publish","type":"post","link":"https:\/\/soy.usac.edu.gt\/?p=13870","title":{"rendered":"STUSC con nueva junta directiva\u00a0"},"content":{"rendered":"\n<p style=\"text-align: justify;\"><strong><em>El pasado 12 de febrero se llevaron a cabo las elecciones para integrar\u00a0el Comit\u00e9 Ejecutivo y Consejo Consultivo, per\u00edodo 2021-2023.<\/em><\/strong><\/p>\n<p style=\"text-align: justify;\">El Sindicato de Trabajadores de la Universidad de San Carlos de Guatemala (STUSC), actual coordinador del Sindicato Global Internacional de Servicios P\u00fablicos en Guatemala, efectu\u00f3 recientemente las elecciones para integrar el Comit\u00e9 Ejecutivo y el Consejo Consultivo, per\u00edodo 2021-2023, quienes iniciaron sus labores el pasado 1 de marzo.<\/p>\n<p style=\"text-align: justify;\">Kevin Carrera, encargado de Comunicaciones, coment\u00f3 que dentro de algunos de los objetivos que la nueva junta directiva tiene est\u00e1 mantener el respeto al pacto colectivo de trabajadores, fortalecer a los afiliados que se encuentran\u00a0en los 22 departamentos, as\u00ed como impartir capacitaci\u00f3n sindical con el objetivo de mejorar las bases.<\/p>\n<blockquote>\n<p><em><strong>La nueva junta directiva qued\u00f3 integrada de la siguiente manera:<\/strong><\/em><\/p>\n<p><strong>Secretar\u00eda General<\/strong><\/p>\n<p>Pedro Fernando P\u00e9rez Santos<\/p>\n<p><strong>Comunicaciones, Actas y Acuerdos<\/strong><\/p>\n<p>Kevin Alexander Junior Carrera Vielman<\/p>\n<p><strong>Acuerdos, Conflictos y Previsi\u00f3n\u00a0Social\u00a0\u00a0<\/strong><\/p>\n<p>Juan Jos\u00e9 Garc\u00eda Marroqu\u00edn<\/p>\n<p><strong>Organizaci\u00f3n\u00a0<\/strong><\/p>\n<p>Fernando Enrique Cifuentes Castillo<\/p>\n<p><strong>Finanzas<\/strong><\/p>\n<p>Am\u00edlcar Enrique Bremer Ram\u00edrez<\/p>\n<p><strong>Educaci\u00f3n, Cultura y Deportes<\/strong><\/p>\n<p>Jos\u00e9 Luis Concul\u00a0De Paz<\/p>\n<p><strong>Secretar\u00eda de la Mujer<\/strong><\/p>\n<p>Sandra Patricia Marroqu\u00edn Montoya<\/p>\n<p><strong>Asuntos Internos y Externos<\/strong><\/p>\n<p>Miguel \u00c1ngel V\u00e1squez y David Oswaldo Zuleta Saavedra\u00a0<\/p>\n<p><strong>Consejo Consultivo\u00a0<\/strong><\/p>\n<p>Lidia Raquel Macz Botzoc y Mart\u00edn Jorge Macario<\/p>\n<\/blockquote>\n<p>\u00a0<\/p>\n","protected":false},"excerpt":{"rendered":"<p>El pasado 12 de febrero se llevaron a cabo las elecciones para integrar\u00a0el Comit\u00e9 Ejecutivo y Consejo Consultivo, per\u00edodo 2021-2023.<\/p>\n","protected":false},"author":1,"featured_media":13871,"comment_status":"closed","ping_status":"open","sticky":false,"template":"","format":"standard","meta":{"_exactmetrics_skip_tracking":false,"_exactmetrics_sitenote_active":false,"_exactmetrics_sitenote_note":"","_exactmetrics_sitenote_category":0,"_jetpack_memberships_contains_paid_content":false,"footnotes":""},"categories":[1],"tags":[674,673,463,264],"class_list":["post-13870","post","type-post","status-publish","format-standard","has-post-thumbnail","hentry","category-sin-categoria","tag-el-sindicato-de-trabajadores-de-la-universidad-de-san-carlos-de-guatemala-stusc","tag-stusc","tag-trabajadores-usac","tag-usac"],"aioseo_notices":[],"jetpack_featured_media_url":"https:\/\/soy.usac.edu.gt\/wp-content\/uploads\/2021\/04\/WhatsApp-Image-2021-04-15-at-12.03.25-PM.jpeg","views":"","jetpack-related-posts":[{"id":13055,"url":"https:\/\/soy.usac.edu.gt\/?p=13055","url_meta":{"origin":13870,"position":0},"title":"Grande entre las grandes del mundo","author":"Divisi\u00f3n de Publicidad","date":"31 enero, 2021","format":false,"excerpt":"La USAC conmemora su 345 aniversario.","rel":"","context":"En \u00abNoticias\u00bb","block_context":{"text":"Noticias","link":"https:\/\/soy.usac.edu.gt\/?cat=29"},"img":{"alt_text":"","src":"https:\/\/i0.wp.com\/soy.usac.edu.gt\/wp-content\/uploads\/2021\/01\/edificios-usac3.png?resize=350%2C200&ssl=1","width":350,"height":200,"srcset":"https:\/\/i0.wp.com\/soy.usac.edu.gt\/wp-content\/uploads\/2021\/01\/edificios-usac3.png?resize=350%2C200&ssl=1 1x, https:\/\/i0.wp.com\/soy.usac.edu.gt\/wp-content\/uploads\/2021\/01\/edificios-usac3.png?resize=525%2C300&ssl=1 1.5x, https:\/\/i0.wp.com\/soy.usac.edu.gt\/wp-content\/uploads\/2021\/01\/edificios-usac3.png?resize=700%2C400&ssl=1 2x, https:\/\/i0.wp.com\/soy.usac.edu.gt\/wp-content\/uploads\/2021\/01\/edificios-usac3.png?resize=1050%2C600&ssl=1 3x, https:\/\/i0.wp.com\/soy.usac.edu.gt\/wp-content\/uploads\/2021\/01\/edificios-usac3.png?resize=1400%2C800&ssl=1 4x"},"classes":[]},{"id":8250,"url":"https:\/\/soy.usac.edu.gt\/?p=8250","url_meta":{"origin":13870,"position":1},"title":"Trabajadores de Rector\u00eda eligen a sus representantes para el proceso de Reforma Universitaria","author":"Divisi\u00f3n de Publicidad","date":"24 septiembre, 2019","format":false,"excerpt":"Los profesionales Gisela C\u00e1rcamo y Carlos Porras fueron elegidos como representantes de los trabajadores de Rector\u00eda para conformar la Comisi\u00f3n de Reforma Universitaria (CRU), ente que ser\u00e1 el encargado de dirigir el proceso.\u00a0","rel":"","context":"En \u00abNoticias\u00bb","block_context":{"text":"Noticias","link":"https:\/\/soy.usac.edu.gt\/?cat=29"},"img":{"alt_text":"","src":"https:\/\/i0.wp.com\/soy.usac.edu.gt\/wp-content\/uploads\/2019\/09\/Destacada.jpg?resize=350%2C200&ssl=1","width":350,"height":200,"srcset":"https:\/\/i0.wp.com\/soy.usac.edu.gt\/wp-content\/uploads\/2019\/09\/Destacada.jpg?resize=350%2C200&ssl=1 1x, https:\/\/i0.wp.com\/soy.usac.edu.gt\/wp-content\/uploads\/2019\/09\/Destacada.jpg?resize=525%2C300&ssl=1 1.5x, https:\/\/i0.wp.com\/soy.usac.edu.gt\/wp-content\/uploads\/2019\/09\/Destacada.jpg?resize=700%2C400&ssl=1 2x, https:\/\/i0.wp.com\/soy.usac.edu.gt\/wp-content\/uploads\/2019\/09\/Destacada.jpg?resize=1050%2C600&ssl=1 3x, https:\/\/i0.wp.com\/soy.usac.edu.gt\/wp-content\/uploads\/2019\/09\/Destacada.jpg?resize=1400%2C800&ssl=1 4x"},"classes":[]},{"id":7027,"url":"https:\/\/soy.usac.edu.gt\/?p=7027","url_meta":{"origin":13870,"position":2},"title":"Mesa T\u00e9cnica de Seguridad define agenda de trabajo","author":"Divisi\u00f3n de Publicidad","date":"26 junio, 2019","format":false,"excerpt":"El viernes 22 de junio representantes de los diversos sectores de la comunidad universitaria se reunieron para abordar el tema de seguridad integral en la USAC.","rel":"","context":"En \u00abNoticias\u00bb","block_context":{"text":"Noticias","link":"https:\/\/soy.usac.edu.gt\/?cat=29"},"img":{"alt_text":"","src":"https:\/\/i0.wp.com\/soy.usac.edu.gt\/wp-content\/uploads\/2019\/06\/CONSEJO-TECNICO-DE-SOLOL%C3%81-9.jpg?resize=350%2C200&ssl=1","width":350,"height":200,"srcset":"https:\/\/i0.wp.com\/soy.usac.edu.gt\/wp-content\/uploads\/2019\/06\/CONSEJO-TECNICO-DE-SOLOL%C3%81-9.jpg?resize=350%2C200&ssl=1 1x, https:\/\/i0.wp.com\/soy.usac.edu.gt\/wp-content\/uploads\/2019\/06\/CONSEJO-TECNICO-DE-SOLOL%C3%81-9.jpg?resize=525%2C300&ssl=1 1.5x, https:\/\/i0.wp.com\/soy.usac.edu.gt\/wp-content\/uploads\/2019\/06\/CONSEJO-TECNICO-DE-SOLOL%C3%81-9.jpg?resize=700%2C400&ssl=1 2x, https:\/\/i0.wp.com\/soy.usac.edu.gt\/wp-content\/uploads\/2019\/06\/CONSEJO-TECNICO-DE-SOLOL%C3%81-9.jpg?resize=1050%2C600&ssl=1 3x, https:\/\/i0.wp.com\/soy.usac.edu.gt\/wp-content\/uploads\/2019\/06\/CONSEJO-TECNICO-DE-SOLOL%C3%81-9.jpg?resize=1400%2C800&ssl=1 4x"},"classes":[]},{"id":8561,"url":"https:\/\/soy.usac.edu.gt\/?p=8561","url_meta":{"origin":13870,"position":3},"title":"Convocan a representantes electos para la conformaci\u00f3n de la CRU","author":"Divisi\u00f3n de Publicidad","date":"8 octubre, 2019","format":false,"excerpt":"La Comisi\u00f3n de Reforma Universitaria ser\u00e1 juramentada el pr\u00f3ximo 11 de octubre en el auditorio Francisco Vela a las 15:00 horas.","rel":"","context":"En \u00abNoticias\u00bb","block_context":{"text":"Noticias","link":"https:\/\/soy.usac.edu.gt\/?cat=29"},"img":{"alt_text":"","src":"https:\/\/i0.wp.com\/soy.usac.edu.gt\/wp-content\/uploads\/2019\/10\/rector%C3%ADa-reforma.jpg?resize=350%2C200&ssl=1","width":350,"height":200,"srcset":"https:\/\/i0.wp.com\/soy.usac.edu.gt\/wp-content\/uploads\/2019\/10\/rector%C3%ADa-reforma.jpg?resize=350%2C200&ssl=1 1x, https:\/\/i0.wp.com\/soy.usac.edu.gt\/wp-content\/uploads\/2019\/10\/rector%C3%ADa-reforma.jpg?resize=525%2C300&ssl=1 1.5x, https:\/\/i0.wp.com\/soy.usac.edu.gt\/wp-content\/uploads\/2019\/10\/rector%C3%ADa-reforma.jpg?resize=700%2C400&ssl=1 2x, https:\/\/i0.wp.com\/soy.usac.edu.gt\/wp-content\/uploads\/2019\/10\/rector%C3%ADa-reforma.jpg?resize=1050%2C600&ssl=1 3x, https:\/\/i0.wp.com\/soy.usac.edu.gt\/wp-content\/uploads\/2019\/10\/rector%C3%ADa-reforma.jpg?resize=1400%2C800&ssl=1 4x"},"classes":[]},{"id":15378,"url":"https:\/\/soy.usac.edu.gt\/?p=15378","url_meta":{"origin":13870,"position":4},"title":"Convocatoria a elecci\u00f3n de rector de la USAC, per\u00edodo 2022-2026","author":"Divisi\u00f3n de Publicidad","date":"7 octubre, 2021","format":false,"excerpt":"Convocar a la integraci\u00f3n del Cuerpo Electoral Universitario, a fin de que los profesores y estudiantes de las diez (10) Facultades de la Universidad, que satisfagan los requisitos legales y estatutarios; y los miembros de los catorce (14) Colegios Profesionales, que tambi\u00e9n satisfagan los requisitos legales y estatutarios, procedan a\u2026","rel":"","context":"En \u00abBecas y Convocatorias\u00bb","block_context":{"text":"Becas y Convocatorias","link":"https:\/\/soy.usac.edu.gt\/?cat=127"},"img":{"alt_text":"","src":"https:\/\/i0.wp.com\/soy.usac.edu.gt\/wp-content\/uploads\/2021\/01\/convocatoria_Mesa-de-trabajo-1.jpg?resize=350%2C200&ssl=1","width":350,"height":200,"srcset":"https:\/\/i0.wp.com\/soy.usac.edu.gt\/wp-content\/uploads\/2021\/01\/convocatoria_Mesa-de-trabajo-1.jpg?resize=350%2C200&ssl=1 1x, https:\/\/i0.wp.com\/soy.usac.edu.gt\/wp-content\/uploads\/2021\/01\/convocatoria_Mesa-de-trabajo-1.jpg?resize=525%2C300&ssl=1 1.5x, https:\/\/i0.wp.com\/soy.usac.edu.gt\/wp-content\/uploads\/2021\/01\/convocatoria_Mesa-de-trabajo-1.jpg?resize=700%2C400&ssl=1 2x, https:\/\/i0.wp.com\/soy.usac.edu.gt\/wp-content\/uploads\/2021\/01\/convocatoria_Mesa-de-trabajo-1.jpg?resize=1050%2C600&ssl=1 3x, https:\/\/i0.wp.com\/soy.usac.edu.gt\/wp-content\/uploads\/2021\/01\/convocatoria_Mesa-de-trabajo-1.jpg?resize=1400%2C800&ssl=1 4x"},"classes":[]},{"id":16480,"url":"https:\/\/soy.usac.edu.gt\/?p=16480","url_meta":{"origin":13870,"position":5},"title":"Trascendencia de la elecci\u00f3n de rector de la USAC","author":"Divisi\u00f3n de Publicidad","date":"3 marzo, 2022","format":false,"excerpt":"El rector es la figura m\u00e1s visible de la USAC, preside el CSU, que es, a su vez, su cuerpo consultivo. Adem\u00e1s, integra y preside el CEU.","rel":"","context":"En \u00abNoticias\u00bb","block_context":{"text":"Noticias","link":"https:\/\/soy.usac.edu.gt\/?cat=29"},"img":{"alt_text":"","src":"https:\/\/i0.wp.com\/soy.usac.edu.gt\/wp-content\/uploads\/2022\/03\/IMG_8925-copia.jpg?resize=350%2C200&ssl=1","width":350,"height":200,"srcset":"https:\/\/i0.wp.com\/soy.usac.edu.gt\/wp-content\/uploads\/2022\/03\/IMG_8925-copia.jpg?resize=350%2C200&ssl=1 1x, https:\/\/i0.wp.com\/soy.usac.edu.gt\/wp-content\/uploads\/2022\/03\/IMG_8925-copia.jpg?resize=525%2C300&ssl=1 1.5x, https:\/\/i0.wp.com\/soy.usac.edu.gt\/wp-content\/uploads\/2022\/03\/IMG_8925-copia.jpg?resize=700%2C400&ssl=1 2x, https:\/\/i0.wp.com\/soy.usac.edu.gt\/wp-content\/uploads\/2022\/03\/IMG_8925-copia.jpg?resize=1050%2C600&ssl=1 3x, https:\/\/i0.wp.com\/soy.usac.edu.gt\/wp-content\/uploads\/2022\/03\/IMG_8925-copia.jpg?resize=1400%2C800&ssl=1 4x"},"classes":[]}],"jetpack_sharing_enabled":true,"_links":{"self":[{"href":"https:\/\/soy.usac.edu.gt\/index.php?rest_route=\/wp\/v2\/posts\/13870","targetHints":{"allow":["GET"]}}],"collection":[{"href":"https:\/\/soy.usac.edu.gt\/index.php?rest_route=\/wp\/v2\/posts"}],"about":[{"href":"https:\/\/soy.usac.edu.gt\/index.php?rest_route=\/wp\/v2\/types\/post"}],"author":[{"embeddable":true,"href":"https:\/\/soy.usac.edu.gt\/index.php?rest_route=\/wp\/v2\/users\/1"}],"replies":[{"embeddable":true,"href":"https:\/\/soy.usac.edu.gt\/index.php?rest_route=%2Fwp%2Fv2%2Fcomments&post=13870"}],"version-history":[{"count":2,"href":"https:\/\/soy.usac.edu.gt\/index.php?rest_route=\/wp\/v2\/posts\/13870\/revisions"}],"predecessor-version":[{"id":13873,"href":"https:\/\/soy.usac.edu.gt\/index.php?rest_route=\/wp\/v2\/posts\/13870\/revisions\/13873"}],"wp:featuredmedia":[{"embeddable":true,"href":"https:\/\/soy.usac.edu.gt\/index.php?rest_route=\/wp\/v2\/media\/13871"}],"wp:attachment":[{"href":"https:\/\/soy.usac.edu.gt\/index.php?rest_route=%2Fwp%2Fv2%2Fmedia&parent=13870"}],"wp:term":[{"taxonomy":"category","embeddable":true,"href":"https:\/\/soy.usac.edu.gt\/index.php?rest_route=%2Fwp%2Fv2%2Fcategories&post=13870"},{"taxonomy":"post_tag","embeddable":true,"href":"https:\/\/soy.usac.edu.gt\/index.php?rest_route=%2Fwp%2Fv2%2Ftags&post=13870"}],"curies":[{"name":"wp","href":"https:\/\/api.w.org\/{rel}","templated":true}]}}