{"id":14009,"date":"2021-04-30T20:48:44","date_gmt":"2021-05-01T02:48:44","guid":{"rendered":"https:\/\/soy.usac.edu.gt\/?p=14009"},"modified":"2021-04-30T21:24:48","modified_gmt":"2021-05-01T03:24:48","slug":"decano-de-ciencias-quimicas-y-farmacia-es-juramentado-como-rector-en-funciones","status":"publish","type":"post","link":"https:\/\/soy.usac.edu.gt\/?p=14009","title":{"rendered":"Decano de Ciencias Qu\u00edmicas y Farmacia es juramentado como Rector en funciones"},"content":{"rendered":"\n<p style=\"text-align: justify;\"><strong>La Universidad de San Carlos de Guatemala (USAC) hace del conocimiento p\u00fablico que, por motivos de salud, el doctor Jorge Fernando Orellana, Decano de la Facultad de Ciencias M\u00e9dicas, deja el cargo de Rector en funciones que asumi\u00f3 el pasado 15 de abril.<\/strong><\/p>\n<p style=\"text-align: justify;\">Por lo anterior, con base en la Ley Org\u00e1nica del USAC, el reglamento interior del Consejo Superior Universitario (CSU), la Constituci\u00f3n Pol\u00edtica de la Rep\u00fablica de Guatemala y los estatutos que rigen esta casa de estudios, el pasado 27 de abril, en sesi\u00f3n extraordinaria,\u00a0 el CSU jurament\u00f3 al Decano de la Facultad de Ciencias Qu\u00edmicas y Farmacia, M. A. Pablo Ernesto Oliva Soto, como <strong>Rector en funciones. <\/strong><\/p>\n<p style=\"text-align: justify;\"><strong>\u00bfQui\u00e9n es el M.A. Oliva?<\/strong><\/p>\n<p style=\"text-align: justify;\">Fue juramentado como Decano para el periodo 2019-2023, es licenciado en Qu\u00edmica, con 23 a\u00f1os de experiencia en educaci\u00f3n superior tanto a nivel p\u00fablico como privado. Cuenta con una Maestr\u00eda en Docencia Universitaria y capacitaci\u00f3n en e-learning, administraci\u00f3n p\u00fablica y gesti\u00f3n ambiental. Ha sido investigador y experto en el tema de contaminaci\u00f3n atmosf\u00e9rica.<\/p>\n<p style=\"text-align: justify;\">Profesor titular de la Facultad de Ciencias Qu\u00edmicas y Farmacia, con experiencia en administraci\u00f3n acad\u00e9mica al fungir como jefe de Departamento de An\u00e1lisis Inorg\u00e1nico: 2001-2004. Director de la Escuela de Qu\u00edmica: 2005-2006. Secretario Acad\u00e9mico de la facultad: 2007-2015. Coordinador del Laboratorio de Monitoreo del Aire: 2001-2009 y 2013. Presidente de la Junta Directiva del Claustro: 2017-2018.<\/p>\n<p style=\"text-align: justify;\"><strong>Antecedentes<\/strong><\/p>\n<p style=\"text-align: justify;\">Luego de que el Ing. Murphy Paiz, Rector electo, solicit\u00f3 el pasado 26 de febrero una\u00a0licencia para ausentanrse de sus labores, asumi\u00f3 el cargo el Decano de la Facultad de Medicina Veterinaria y Zootecnia, quien fue juramentado para el periodo 2017-2021.<\/p>\n<blockquote>\n<p style=\"text-align: justify;\">El Dr. Gustavo Taracena entreg\u00f3 el cargo de Rector interino por concluir su periodo como decano. Luego lo sustituy\u00f3 el M. A.\u00a0Walter Ramiro Mazariegos Biolis, quien por terminar su periodo como Decano entreg\u00f3 el cargo al Dr. Jorge Fernando Orellana, de la Facultad de Ciencias M\u00e9dicas, quien fue juramentado para el per\u00edodo 2019-2022, pero por motivos de salud, present\u00f3 su renuncia como Rector en funciones. En consecuencia, se deleg\u00f3 como Rector en funciones al Decano m\u00e1s antiguo, M. A. Pablo Ernesto Oliva Soto, de la Facultad de Ciencias Qu\u00edmicas y Farmacia.<\/p>\n<\/blockquote>\n<p style=\"text-align: justify;\">\u00a0<\/p>\n","protected":false},"excerpt":{"rendered":"<p>La Universidad de San Carlos de Guatemala (USAC) hace del conocimiento p\u00fablico que, por motivos de salud, el doctor Jorge Fernando Orellana, Decano de la Facultad de Ciencias M\u00e9dicas, deja el cargo de Rector en funciones que asumi\u00f3 el pasado 15 de abril.<\/p>\n","protected":false},"author":1,"featured_media":14010,"comment_status":"closed","ping_status":"open","sticky":false,"template":"","format":"standard","meta":{"_exactmetrics_skip_tracking":false,"_exactmetrics_sitenote_active":false,"_exactmetrics_sitenote_note":"","_exactmetrics_sitenote_category":0,"_jetpack_memberships_contains_paid_content":false,"footnotes":""},"categories":[29],"tags":[683],"class_list":["post-14009","post","type-post","status-publish","format-standard","has-post-thumbnail","hentry","category-noticias","tag-rector-en-funciones"],"aioseo_notices":[],"jetpack_featured_media_url":"https:\/\/soy.usac.edu.gt\/wp-content\/uploads\/2021\/04\/Rector-en-funciones-scaled.jpg","views":"","jetpack-related-posts":[{"id":13956,"url":"https:\/\/soy.usac.edu.gt\/?p=13956","url_meta":{"origin":14009,"position":0},"title":"Conoce al nuevo Rector en funciones, Dr. Jorge Orellana","author":"Divisi\u00f3n de Publicidad","date":"22 abril, 2021","format":false,"excerpt":"El Decano de la Facultad de Ciencias M\u00e9dicas fue nombrado Rector en funciones de la USAC el pasado 15 de abril.","rel":"","context":"En \u00abNoticias\u00bb","block_context":{"text":"Noticias","link":"https:\/\/soy.usac.edu.gt\/?cat=29"},"img":{"alt_text":"","src":"https:\/\/i0.wp.com\/soy.usac.edu.gt\/wp-content\/uploads\/2021\/04\/ORELLANA.jpg?resize=350%2C200&ssl=1","width":350,"height":200,"srcset":"https:\/\/i0.wp.com\/soy.usac.edu.gt\/wp-content\/uploads\/2021\/04\/ORELLANA.jpg?resize=350%2C200&ssl=1 1x, https:\/\/i0.wp.com\/soy.usac.edu.gt\/wp-content\/uploads\/2021\/04\/ORELLANA.jpg?resize=525%2C300&ssl=1 1.5x, https:\/\/i0.wp.com\/soy.usac.edu.gt\/wp-content\/uploads\/2021\/04\/ORELLANA.jpg?resize=700%2C400&ssl=1 2x, https:\/\/i0.wp.com\/soy.usac.edu.gt\/wp-content\/uploads\/2021\/04\/ORELLANA.jpg?resize=1050%2C600&ssl=1 3x"},"classes":[]},{"id":4069,"url":"https:\/\/soy.usac.edu.gt\/?p=4069","url_meta":{"origin":14009,"position":1},"title":"Juramentan a decano\u00a0de la Facultad de Ciencias Qu\u00edmicas y Farmacia","author":"Divisi\u00f3n de Publicidad","date":"14 febrero, 2019","format":false,"excerpt":"Pablo Ernesto Oliva Soto fue juramentado decano de la Facultad de Ciencias Qu\u00edmicas y Farmacia para el per\u00edodo 2019-2023. Las autoridades del Consejo Superior Universitario presidieron el acto acad\u00e9mico de investidura y juramentaci\u00f3n del maestro Pablo Ernesto Oliva Soto como decano de la Facultad de Ciencias Qu\u00edmicas y Farmacia, per\u00edodo\u2026","rel":"","context":"En \u00abNoticias\u00bb","block_context":{"text":"Noticias","link":"https:\/\/soy.usac.edu.gt\/?cat=29"},"img":{"alt_text":"","src":"https:\/\/i0.wp.com\/soy.usac.edu.gt\/wp-content\/uploads\/2019\/02\/2-2.jpg?resize=350%2C200&ssl=1","width":350,"height":200,"srcset":"https:\/\/i0.wp.com\/soy.usac.edu.gt\/wp-content\/uploads\/2019\/02\/2-2.jpg?resize=350%2C200&ssl=1 1x, https:\/\/i0.wp.com\/soy.usac.edu.gt\/wp-content\/uploads\/2019\/02\/2-2.jpg?resize=525%2C300&ssl=1 1.5x, https:\/\/i0.wp.com\/soy.usac.edu.gt\/wp-content\/uploads\/2019\/02\/2-2.jpg?resize=700%2C400&ssl=1 2x, https:\/\/i0.wp.com\/soy.usac.edu.gt\/wp-content\/uploads\/2019\/02\/2-2.jpg?resize=1050%2C600&ssl=1 3x, https:\/\/i0.wp.com\/soy.usac.edu.gt\/wp-content\/uploads\/2019\/02\/2-2.jpg?resize=1400%2C800&ssl=1 4x"},"classes":[]},{"id":5045,"url":"https:\/\/soy.usac.edu.gt\/?p=5045","url_meta":{"origin":14009,"position":2},"title":"El Dr. Jorge Orellana es el nuevo decano de la Facultad de Ciencias M\u00e9dicas","author":"Erick Iv\u00e1n de Le\u00f3n","date":"18 marzo, 2019","format":false,"excerpt":"El Consejo Superior Universitario \u00a0jurament\u00f3 como decano de la Facultad de Ciencias M\u00e9dicas al Dr. Jorge Fernando Orellana Oliva.","rel":"","context":"En \u00abM\u00e1s Noticias\u00bb","block_context":{"text":"M\u00e1s Noticias","link":"https:\/\/soy.usac.edu.gt\/?cat=96"},"img":{"alt_text":"","src":"https:\/\/i0.wp.com\/soy.usac.edu.gt\/wp-content\/uploads\/2019\/03\/portada-dos.jpg?resize=350%2C200&ssl=1","width":350,"height":200,"srcset":"https:\/\/i0.wp.com\/soy.usac.edu.gt\/wp-content\/uploads\/2019\/03\/portada-dos.jpg?resize=350%2C200&ssl=1 1x, https:\/\/i0.wp.com\/soy.usac.edu.gt\/wp-content\/uploads\/2019\/03\/portada-dos.jpg?resize=525%2C300&ssl=1 1.5x, https:\/\/i0.wp.com\/soy.usac.edu.gt\/wp-content\/uploads\/2019\/03\/portada-dos.jpg?resize=700%2C400&ssl=1 2x, https:\/\/i0.wp.com\/soy.usac.edu.gt\/wp-content\/uploads\/2019\/03\/portada-dos.jpg?resize=1050%2C600&ssl=1 3x, https:\/\/i0.wp.com\/soy.usac.edu.gt\/wp-content\/uploads\/2019\/03\/portada-dos.jpg?resize=1400%2C800&ssl=1 4x"},"classes":[]},{"id":15021,"url":"https:\/\/soy.usac.edu.gt\/?p=15021","url_meta":{"origin":14009,"position":3},"title":"El CSU declar\u00f3 la vacancia definitiva del cargo de rector","author":"Divisi\u00f3n de Publicidad","date":"30 agosto, 2021","format":false,"excerpt":"Tras cumplirse seis meses de ausencia en el puesto, queda sin efecto el cargo de rector que ostentaba el\u00a0 \u00a0 \u00a0 \u00a0 \u00a0 \u00a0 \u00a0Ing. Murphy Paiz, por lo que se llevar\u00e1 a cabo la elecci\u00f3n para un nuevo per\u00edodo rectoral.","rel":"","context":"En \u00abNoticias\u00bb","block_context":{"text":"Noticias","link":"https:\/\/soy.usac.edu.gt\/?cat=29"},"img":{"alt_text":"","src":"https:\/\/i0.wp.com\/soy.usac.edu.gt\/wp-content\/uploads\/2021\/08\/WhatsApp-Image-2021-08-30-at-16.53.26.jpeg?resize=350%2C200&ssl=1","width":350,"height":200,"srcset":"https:\/\/i0.wp.com\/soy.usac.edu.gt\/wp-content\/uploads\/2021\/08\/WhatsApp-Image-2021-08-30-at-16.53.26.jpeg?resize=350%2C200&ssl=1 1x, https:\/\/i0.wp.com\/soy.usac.edu.gt\/wp-content\/uploads\/2021\/08\/WhatsApp-Image-2021-08-30-at-16.53.26.jpeg?resize=525%2C300&ssl=1 1.5x, https:\/\/i0.wp.com\/soy.usac.edu.gt\/wp-content\/uploads\/2021\/08\/WhatsApp-Image-2021-08-30-at-16.53.26.jpeg?resize=700%2C400&ssl=1 2x, https:\/\/i0.wp.com\/soy.usac.edu.gt\/wp-content\/uploads\/2021\/08\/WhatsApp-Image-2021-08-30-at-16.53.26.jpeg?resize=1050%2C600&ssl=1 3x"},"classes":[]},{"id":4422,"url":"https:\/\/soy.usac.edu.gt\/?p=4422","url_meta":{"origin":14009,"position":4},"title":"Decano de la Facultad de Arquitectura es investido","author":"Erick Iv\u00e1n de Le\u00f3n","date":"5 marzo, 2019","format":false,"excerpt":"Edgar L\u00f3pez ser\u00e1 decano de la Facultad de Arquitectura hasta el a\u00f1o 2023","rel":"","context":"En \u00abNoticias\u00bb","block_context":{"text":"Noticias","link":"https:\/\/soy.usac.edu.gt\/?cat=29"},"img":{"alt_text":"","src":"https:\/\/i0.wp.com\/soy.usac.edu.gt\/wp-content\/uploads\/2019\/03\/DSC01701.jpg?resize=350%2C200&ssl=1","width":350,"height":200,"srcset":"https:\/\/i0.wp.com\/soy.usac.edu.gt\/wp-content\/uploads\/2019\/03\/DSC01701.jpg?resize=350%2C200&ssl=1 1x, https:\/\/i0.wp.com\/soy.usac.edu.gt\/wp-content\/uploads\/2019\/03\/DSC01701.jpg?resize=525%2C300&ssl=1 1.5x, https:\/\/i0.wp.com\/soy.usac.edu.gt\/wp-content\/uploads\/2019\/03\/DSC01701.jpg?resize=700%2C400&ssl=1 2x, https:\/\/i0.wp.com\/soy.usac.edu.gt\/wp-content\/uploads\/2019\/03\/DSC01701.jpg?resize=1050%2C600&ssl=1 3x, https:\/\/i0.wp.com\/soy.usac.edu.gt\/wp-content\/uploads\/2019\/03\/DSC01701.jpg?resize=1400%2C800&ssl=1 4x"},"classes":[]},{"id":7876,"url":"https:\/\/soy.usac.edu.gt\/?p=7876","url_meta":{"origin":14009,"position":5},"title":"Dra. Amarillis G\u00f3mez recibe Medalla Universitaria","author":"Erick Iv\u00e1n de Le\u00f3n","date":"29 julio, 2019","format":false,"excerpt":"El Consejo Superior Universitario (CSU) homenaje\u00f3 a la Dra. Amarillis Saravia G\u00f3mez con la distinci\u00f3n Medalla Universitaria por su trayectoria como docente e investigadora.","rel":"","context":"En \u00abNoticias\u00bb","block_context":{"text":"Noticias","link":"https:\/\/soy.usac.edu.gt\/?cat=29"},"img":{"alt_text":"","src":"https:\/\/i0.wp.com\/soy.usac.edu.gt\/wp-content\/uploads\/2019\/07\/DSC_0035-1.jpg?resize=350%2C200&ssl=1","width":350,"height":200,"srcset":"https:\/\/i0.wp.com\/soy.usac.edu.gt\/wp-content\/uploads\/2019\/07\/DSC_0035-1.jpg?resize=350%2C200&ssl=1 1x, https:\/\/i0.wp.com\/soy.usac.edu.gt\/wp-content\/uploads\/2019\/07\/DSC_0035-1.jpg?resize=525%2C300&ssl=1 1.5x, https:\/\/i0.wp.com\/soy.usac.edu.gt\/wp-content\/uploads\/2019\/07\/DSC_0035-1.jpg?resize=700%2C400&ssl=1 2x, https:\/\/i0.wp.com\/soy.usac.edu.gt\/wp-content\/uploads\/2019\/07\/DSC_0035-1.jpg?resize=1050%2C600&ssl=1 3x, https:\/\/i0.wp.com\/soy.usac.edu.gt\/wp-content\/uploads\/2019\/07\/DSC_0035-1.jpg?resize=1400%2C800&ssl=1 4x"},"classes":[]}],"jetpack_sharing_enabled":true,"_links":{"self":[{"href":"https:\/\/soy.usac.edu.gt\/index.php?rest_route=\/wp\/v2\/posts\/14009","targetHints":{"allow":["GET"]}}],"collection":[{"href":"https:\/\/soy.usac.edu.gt\/index.php?rest_route=\/wp\/v2\/posts"}],"about":[{"href":"https:\/\/soy.usac.edu.gt\/index.php?rest_route=\/wp\/v2\/types\/post"}],"author":[{"embeddable":true,"href":"https:\/\/soy.usac.edu.gt\/index.php?rest_route=\/wp\/v2\/users\/1"}],"replies":[{"embeddable":true,"href":"https:\/\/soy.usac.edu.gt\/index.php?rest_route=%2Fwp%2Fv2%2Fcomments&post=14009"}],"version-history":[{"count":5,"href":"https:\/\/soy.usac.edu.gt\/index.php?rest_route=\/wp\/v2\/posts\/14009\/revisions"}],"predecessor-version":[{"id":14016,"href":"https:\/\/soy.usac.edu.gt\/index.php?rest_route=\/wp\/v2\/posts\/14009\/revisions\/14016"}],"wp:featuredmedia":[{"embeddable":true,"href":"https:\/\/soy.usac.edu.gt\/index.php?rest_route=\/wp\/v2\/media\/14010"}],"wp:attachment":[{"href":"https:\/\/soy.usac.edu.gt\/index.php?rest_route=%2Fwp%2Fv2%2Fmedia&parent=14009"}],"wp:term":[{"taxonomy":"category","embeddable":true,"href":"https:\/\/soy.usac.edu.gt\/index.php?rest_route=%2Fwp%2Fv2%2Fcategories&post=14009"},{"taxonomy":"post_tag","embeddable":true,"href":"https:\/\/soy.usac.edu.gt\/index.php?rest_route=%2Fwp%2Fv2%2Ftags&post=14009"}],"curies":[{"name":"wp","href":"https:\/\/api.w.org\/{rel}","templated":true}]}}