{"id":14472,"date":"2021-06-04T22:08:24","date_gmt":"2021-06-05T04:08:24","guid":{"rendered":"https:\/\/soy.usac.edu.gt\/?p=14472"},"modified":"2021-06-10T08:36:34","modified_gmt":"2021-06-10T14:36:34","slug":"accede-a-recursos-bibliograficos-virtuales","status":"publish","type":"post","link":"https:\/\/soy.usac.edu.gt\/?p=14472","title":{"rendered":"Accede a recursos bibliogr\u00e1ficos virtuales"},"content":{"rendered":"\n15.801 vistas\n<p>\u00a0<\/p>\n<p style=\"text-align: justify;\"><strong><i>La USAC cuenta con medios para que los estudiantes, catedr\u00e1ticos y dem\u00e1s personas interesadas en realizar trabajos de investigaci\u00f3n puedan consultar contenido virtual internacional.<\/i><\/strong><\/p>\n<p style=\"text-align: justify;\">En la b\u00fasqueda de fortalecer el desarrollo acad\u00e9mico y dar una mejor respuesta a las actividades virtuales, la Direcci\u00f3n General de Administraci\u00f3n y la Biblioteca Central presentaron el lanzamiento de la \u201cMaximizaci\u00f3n de las bases de datos EBSCO host\u201d.<\/p>\n<p style=\"text-align: justify;\">En la actividad se brind\u00f3 informaci\u00f3n b\u00e1sica y especializada sobre<span class=\"Apple-converted-space\">\u00a0 <\/span>este portal para utilizar las distintas herramientas bibliogr\u00e1ficas con que cuenta.<span class=\"Apple-converted-space\">\u00a0<\/span><\/p>\n<p style=\"text-align: justify;\">La empresa tiene la colaboraci\u00f3n de bibliotecas internacionales y de las grandes casas editoriales. Posee bases de datos de investigaci\u00f3n, libros y revistas electr\u00f3nicas, as\u00ed como suscripciones, con el fin de ofrecer contenido variado de calidad.\u00a0<\/p>\n<p style=\"text-align: justify;\">En las diez bases de datos de EBSCO, puedes encontrar temas sobre distintas \u00e1reas de inter\u00e9s cient\u00edfico. Hay categor\u00edas espec\u00edficas para buscar e-books; temas de negocios, medioambiente, medicina, psicolog\u00eda; textos acad\u00e9micos; entre otras.<span class=\"Apple-converted-space\">\u00a0<\/span><\/p>\n<h4 style=\"text-align: justify;\"><b>\u00bfC\u00f3mo ingresar?<\/b><\/h4>\n<p style=\"text-align: left;\">1. Visita la p\u00e1gina de la <a href=\"http:\/\/www.biblioteca.usac.edu.gt\/biblioteca2\/bd.php\"><span style=\"color: #3366ff;\"><strong>Biblioteca Central<\/strong><\/span><\/a><\/p>\n<p>2. Dir\u00edgete a la secci\u00f3n de \u00abBases de datos\u00bb.<\/p>\n<p style=\"text-align: left;\">2. All\u00ed encontrar\u00e1s los datos para acceder a EBSCO: el usuario es <b><i>usacebsco* <\/i><\/b><i>y la contrase\u00f1a,<\/i><b><i> acceso2021*<\/i><\/b><\/p>\n<p style=\"text-align: left;\"><b><i>3.<span class=\"Apple-converted-space\">\u00a0 <\/span><\/i><\/b>En la p\u00e1gina de la Biblioteca Central, pulsa el link de EBSCO y coloca la informaci\u00f3n solicitada.<span class=\"Apple-converted-space\">\u00a0<\/span><\/p>\n<p style=\"text-align: left;\"><b><i>4. <\/i><\/b>Al ingresar en el portal de EBSCO, podr\u00e1s realizar b\u00fasquedas por tema o ingresar a las bases de datos.<\/p>\n<p style=\"text-align: justify;\">Como parte de los beneficios, el programa permite buscar informaci\u00f3n por fechas, descargar los textos en PDF y utilizar Google Drive para que los mismos sean guardados en la nube, obtener citas bibliogr\u00e1ficas autom\u00e1ticas, seleccionar el tipo de documento que se busca, entre otros.<span class=\"Apple-converted-space\">\u00a0<\/span><\/p>\n<h4 style=\"text-align: justify;\"><b>Capacitaciones<\/b><\/h4>\n<p style=\"text-align: justify;\">Durante la conferencia realizada, se present\u00f3 informaci\u00f3n detallada sobre el uso de EBSCO, la cual estar\u00e1 disponible en la p\u00e1gina \u201cBiblioteca Central USAC (Oficial)\u201d, de Facebook. Para estar pendiente de las actividades que se realizan para un mejor uso de EBSCO, visita este sitio. Los catedr\u00e1ticos y estudiantes tambi\u00e9n pueden escribir a basesdedatosusac@gmail.com para solicitar<span class=\"Apple-converted-space\">\u00a0<\/span>capacitaciones.<span class=\"Apple-converted-space\">\u00a0<\/span><\/p>\n","protected":false},"excerpt":{"rendered":"<p>La USAC cuenta con medios para que los estudiantes, catedr\u00e1ticos y dem\u00e1s personas interesadas en realizar trabajos de investigaci\u00f3n puedan consultar contenido virtual internacional.<\/p>\n","protected":false},"author":1,"featured_media":14475,"comment_status":"closed","ping_status":"open","sticky":false,"template":"","format":"standard","meta":{"_exactmetrics_skip_tracking":false,"_exactmetrics_sitenote_active":false,"_exactmetrics_sitenote_note":"","_exactmetrics_sitenote_category":0,"_jetpack_memberships_contains_paid_content":false,"footnotes":""},"categories":[29],"tags":[],"class_list":["post-14472","post","type-post","status-publish","format-standard","has-post-thumbnail","hentry","category-noticias"],"aioseo_notices":[],"jetpack_featured_media_url":"https:\/\/soy.usac.edu.gt\/wp-content\/uploads\/2021\/06\/WhatsApp-Image-2021-06-04-at-15.39.05.jpeg","views":{"total":15801,"cached_at":"","cached_date":1777613585},"jetpack-related-posts":[{"id":8829,"url":"https:\/\/soy.usac.edu.gt\/?p=8829","url_meta":{"origin":14472,"position":0},"title":"Estos son los servicios que brinda la Biblioteca Central","author":"Divisi\u00f3n de Publicidad","date":"16 octubre, 2019","format":false,"excerpt":"Desde consultas del cat\u00e1logo en l\u00ednea hasta reservas de material bibliogr\u00e1fico son servicios que brinda la biblioteca; aprov\u00e9chalos al m\u00e1ximo.\u00a0","rel":"","context":"En \u00abEstudiantes\u00bb","block_context":{"text":"Estudiantes","link":"https:\/\/soy.usac.edu.gt\/?cat=585"},"img":{"alt_text":"","src":"https:\/\/i0.wp.com\/soy.usac.edu.gt\/wp-content\/uploads\/2019\/10\/EDIFICIO-8.jpg?resize=350%2C200&ssl=1","width":350,"height":200,"srcset":"https:\/\/i0.wp.com\/soy.usac.edu.gt\/wp-content\/uploads\/2019\/10\/EDIFICIO-8.jpg?resize=350%2C200&ssl=1 1x, https:\/\/i0.wp.com\/soy.usac.edu.gt\/wp-content\/uploads\/2019\/10\/EDIFICIO-8.jpg?resize=525%2C300&ssl=1 1.5x, https:\/\/i0.wp.com\/soy.usac.edu.gt\/wp-content\/uploads\/2019\/10\/EDIFICIO-8.jpg?resize=700%2C400&ssl=1 2x, https:\/\/i0.wp.com\/soy.usac.edu.gt\/wp-content\/uploads\/2019\/10\/EDIFICIO-8.jpg?resize=1050%2C600&ssl=1 3x, https:\/\/i0.wp.com\/soy.usac.edu.gt\/wp-content\/uploads\/2019\/10\/EDIFICIO-8.jpg?resize=1400%2C800&ssl=1 4x"},"classes":[]},{"id":7349,"url":"https:\/\/soy.usac.edu.gt\/?p=7349","url_meta":{"origin":14472,"position":1},"title":"Evaluaci\u00f3n a docentes migrar\u00e1 del formato f\u00edsico al virtual en 2020","author":"Divisi\u00f3n de Publicidad","date":"9 julio, 2019","format":false,"excerpt":"Esta semana se dieron a conocer los avances del plan piloto de evaluaci\u00f3n a docentes para que este proceso se realice virtualmente.","rel":"","context":"En \u00abNoticias\u00bb","block_context":{"text":"Noticias","link":"https:\/\/soy.usac.edu.gt\/?cat=29"},"img":{"alt_text":"","src":"https:\/\/i0.wp.com\/soy.usac.edu.gt\/wp-content\/uploads\/2019\/07\/igl%C3%BA.jpg?resize=350%2C200&ssl=1","width":350,"height":200,"srcset":"https:\/\/i0.wp.com\/soy.usac.edu.gt\/wp-content\/uploads\/2019\/07\/igl%C3%BA.jpg?resize=350%2C200&ssl=1 1x, https:\/\/i0.wp.com\/soy.usac.edu.gt\/wp-content\/uploads\/2019\/07\/igl%C3%BA.jpg?resize=525%2C300&ssl=1 1.5x, https:\/\/i0.wp.com\/soy.usac.edu.gt\/wp-content\/uploads\/2019\/07\/igl%C3%BA.jpg?resize=700%2C400&ssl=1 2x, https:\/\/i0.wp.com\/soy.usac.edu.gt\/wp-content\/uploads\/2019\/07\/igl%C3%BA.jpg?resize=1050%2C600&ssl=1 3x, https:\/\/i0.wp.com\/soy.usac.edu.gt\/wp-content\/uploads\/2019\/07\/igl%C3%BA.jpg?resize=1400%2C800&ssl=1 4x"},"classes":[]},{"id":11858,"url":"https:\/\/soy.usac.edu.gt\/?p=11858","url_meta":{"origin":14472,"position":2},"title":"Recursos virtuales de la Biblioteca Central de USAC","author":"Divisi\u00f3n de Publicidad","date":"28 junio, 2020","format":"video","excerpt":"Descubre y conoce todos los recursos virtuales que la Biblioteca Central de USAC te ofrece #Qu\u00e9dateEnCasa","rel":"","context":"En \u00abCiencia y Tecnolog\u00eda\u00bb","block_context":{"text":"Ciencia y Tecnolog\u00eda","link":"https:\/\/soy.usac.edu.gt\/?cat=122"},"img":{"alt_text":"","src":"https:\/\/i0.wp.com\/soy.usac.edu.gt\/wp-content\/uploads\/2020\/06\/maxresdefault-6.jpg?resize=350%2C200&ssl=1","width":350,"height":200,"srcset":"https:\/\/i0.wp.com\/soy.usac.edu.gt\/wp-content\/uploads\/2020\/06\/maxresdefault-6.jpg?resize=350%2C200&ssl=1 1x, https:\/\/i0.wp.com\/soy.usac.edu.gt\/wp-content\/uploads\/2020\/06\/maxresdefault-6.jpg?resize=525%2C300&ssl=1 1.5x, https:\/\/i0.wp.com\/soy.usac.edu.gt\/wp-content\/uploads\/2020\/06\/maxresdefault-6.jpg?resize=700%2C400&ssl=1 2x, https:\/\/i0.wp.com\/soy.usac.edu.gt\/wp-content\/uploads\/2020\/06\/maxresdefault-6.jpg?resize=1050%2C600&ssl=1 3x"},"classes":[]},{"id":13991,"url":"https:\/\/soy.usac.edu.gt\/?p=13991","url_meta":{"origin":14472,"position":3},"title":"Capacitan a 150 investigadores sancarlistas","author":"Divisi\u00f3n de Publicidad","date":"27 abril, 2021","format":false,"excerpt":"Hoy se llev\u00f3 a cabo la inauguraci\u00f3n del Diplomado Internacional de Cultura de la Investigaci\u00f3n, que busca fortalecer las capacidades de investigadores de la USAC.","rel":"","context":"En \u00abNoticias\u00bb","block_context":{"text":"Noticias","link":"https:\/\/soy.usac.edu.gt\/?cat=29"},"img":{"alt_text":"","src":"https:\/\/i0.wp.com\/soy.usac.edu.gt\/wp-content\/uploads\/2021\/04\/8-scaled-1.jpg?resize=350%2C200&ssl=1","width":350,"height":200,"srcset":"https:\/\/i0.wp.com\/soy.usac.edu.gt\/wp-content\/uploads\/2021\/04\/8-scaled-1.jpg?resize=350%2C200&ssl=1 1x, https:\/\/i0.wp.com\/soy.usac.edu.gt\/wp-content\/uploads\/2021\/04\/8-scaled-1.jpg?resize=525%2C300&ssl=1 1.5x, https:\/\/i0.wp.com\/soy.usac.edu.gt\/wp-content\/uploads\/2021\/04\/8-scaled-1.jpg?resize=700%2C400&ssl=1 2x, https:\/\/i0.wp.com\/soy.usac.edu.gt\/wp-content\/uploads\/2021\/04\/8-scaled-1.jpg?resize=1050%2C600&ssl=1 3x, https:\/\/i0.wp.com\/soy.usac.edu.gt\/wp-content\/uploads\/2021\/04\/8-scaled-1.jpg?resize=1400%2C800&ssl=1 4x"},"classes":[]},{"id":19705,"url":"https:\/\/soy.usac.edu.gt\/?p=19705","url_meta":{"origin":14472,"position":4},"title":"La Escuela de Trabajo Social cosecha destacados logros acad\u00e9micos","author":"Divisi\u00f3n de Publicidad","date":"26 septiembre, 2023","format":false,"excerpt":"Mediante tres proyectos que beneficiar\u00e1n a la comunidad estudiantil y a la poblaci\u00f3n, la Escuela de Trabajo Social reafirm\u00f3 su compromiso con una educaci\u00f3n de calidad y la soluci\u00f3n de problem\u00e1ticas nacionales.","rel":"","context":"En \u00abNoticias\u00bb","block_context":{"text":"Noticias","link":"https:\/\/soy.usac.edu.gt\/?cat=29"},"img":{"alt_text":"","src":"https:\/\/i0.wp.com\/soy.usac.edu.gt\/wp-content\/uploads\/2023\/09\/WhatsApp-Image-2023-09-26-at-08.54.16.jpeg?resize=350%2C200&ssl=1","width":350,"height":200,"srcset":"https:\/\/i0.wp.com\/soy.usac.edu.gt\/wp-content\/uploads\/2023\/09\/WhatsApp-Image-2023-09-26-at-08.54.16.jpeg?resize=350%2C200&ssl=1 1x, https:\/\/i0.wp.com\/soy.usac.edu.gt\/wp-content\/uploads\/2023\/09\/WhatsApp-Image-2023-09-26-at-08.54.16.jpeg?resize=525%2C300&ssl=1 1.5x, https:\/\/i0.wp.com\/soy.usac.edu.gt\/wp-content\/uploads\/2023\/09\/WhatsApp-Image-2023-09-26-at-08.54.16.jpeg?resize=700%2C400&ssl=1 2x"},"classes":[]},{"id":18092,"url":"https:\/\/soy.usac.edu.gt\/?p=18092","url_meta":{"origin":14472,"position":5},"title":"Autoridades deportivas convocan a participar en congreso internacional","author":"Erick Iv\u00e1n de Le\u00f3n","date":"25 agosto, 2022","format":false,"excerpt":"El evento est\u00e1 dirigido a profesionales, catedr\u00e1ticos y estudiantes de la Universidad de San Carlos de Guatemala y tendr\u00e1 como fin brindar informaci\u00f3n actualizada sobre distintos temas de las ciencias deportivas.\u00a0","rel":"","context":"En \u00abBecas y convocatorias\u00bb","block_context":{"text":"Becas y convocatorias","link":"https:\/\/soy.usac.edu.gt\/?cat=233"},"img":{"alt_text":"","src":"https:\/\/i0.wp.com\/soy.usac.edu.gt\/wp-content\/uploads\/2022\/03\/14.jpg?resize=350%2C200&ssl=1","width":350,"height":200,"srcset":"https:\/\/i0.wp.com\/soy.usac.edu.gt\/wp-content\/uploads\/2022\/03\/14.jpg?resize=350%2C200&ssl=1 1x, https:\/\/i0.wp.com\/soy.usac.edu.gt\/wp-content\/uploads\/2022\/03\/14.jpg?resize=525%2C300&ssl=1 1.5x, https:\/\/i0.wp.com\/soy.usac.edu.gt\/wp-content\/uploads\/2022\/03\/14.jpg?resize=700%2C400&ssl=1 2x, https:\/\/i0.wp.com\/soy.usac.edu.gt\/wp-content\/uploads\/2022\/03\/14.jpg?resize=1050%2C600&ssl=1 3x, https:\/\/i0.wp.com\/soy.usac.edu.gt\/wp-content\/uploads\/2022\/03\/14.jpg?resize=1400%2C800&ssl=1 4x"},"classes":[]}],"jetpack_sharing_enabled":true,"_links":{"self":[{"href":"https:\/\/soy.usac.edu.gt\/index.php?rest_route=\/wp\/v2\/posts\/14472","targetHints":{"allow":["GET"]}}],"collection":[{"href":"https:\/\/soy.usac.edu.gt\/index.php?rest_route=\/wp\/v2\/posts"}],"about":[{"href":"https:\/\/soy.usac.edu.gt\/index.php?rest_route=\/wp\/v2\/types\/post"}],"author":[{"embeddable":true,"href":"https:\/\/soy.usac.edu.gt\/index.php?rest_route=\/wp\/v2\/users\/1"}],"replies":[{"embeddable":true,"href":"https:\/\/soy.usac.edu.gt\/index.php?rest_route=%2Fwp%2Fv2%2Fcomments&post=14472"}],"version-history":[{"count":9,"href":"https:\/\/soy.usac.edu.gt\/index.php?rest_route=\/wp\/v2\/posts\/14472\/revisions"}],"predecessor-version":[{"id":14558,"href":"https:\/\/soy.usac.edu.gt\/index.php?rest_route=\/wp\/v2\/posts\/14472\/revisions\/14558"}],"wp:featuredmedia":[{"embeddable":true,"href":"https:\/\/soy.usac.edu.gt\/index.php?rest_route=\/wp\/v2\/media\/14475"}],"wp:attachment":[{"href":"https:\/\/soy.usac.edu.gt\/index.php?rest_route=%2Fwp%2Fv2%2Fmedia&parent=14472"}],"wp:term":[{"taxonomy":"category","embeddable":true,"href":"https:\/\/soy.usac.edu.gt\/index.php?rest_route=%2Fwp%2Fv2%2Fcategories&post=14472"},{"taxonomy":"post_tag","embeddable":true,"href":"https:\/\/soy.usac.edu.gt\/index.php?rest_route=%2Fwp%2Fv2%2Ftags&post=14472"}],"curies":[{"name":"wp","href":"https:\/\/api.w.org\/{rel}","templated":true}]}}