{"id":14631,"date":"2021-06-18T13:49:16","date_gmt":"2021-06-18T19:49:16","guid":{"rendered":"https:\/\/soy.usac.edu.gt\/?p=14631"},"modified":"2021-06-18T14:57:10","modified_gmt":"2021-06-18T20:57:10","slug":"escuela-de-ciencia-politica-y-el-iumusac-fomentaran-la-equidad-de-genero","status":"publish","type":"post","link":"https:\/\/soy.usac.edu.gt\/?p=14631","title":{"rendered":"Escuela de Ciencia Pol\u00edtica y el IUMUSAC fomentar\u00e1n la equidad de g\u00e9nero"},"content":{"rendered":"\n<p style=\"text-align: justify;\"><b><i>Ambas dependencias de la USAC trabajar\u00e1n en conjunto actividades enfocadas en los derechos humanos de las mujeres.\u00a0<\/i><\/b><\/p>\n<p style=\"text-align: justify;\"><span style=\"font-weight: 400;\">Las acciones que se impulsar\u00e1n consisten en articulaciones y debates acad\u00e9micos que permitan identificar rutas de accio\u0301n a seguir en los diferentes campos de las ciencias sociales, como las relaciones internacionales, sociologi\u0301a y ciencia poli\u0301tica, para la incorporacio\u0301n del enfoque de equidad de ge\u0301nero y derechos humanos de las mujeres en docencia, investigacio\u0301n y extensio\u0301n universitaria de la Escuela de Ciencia Pol\u00edtica.\u00a0<\/span><\/p>\n<p style=\"text-align: justify;\"><span style=\"font-weight: 400;\">La firma de la carta de entendimiento tendr\u00e1 una duraci\u00f3n de cuatro a\u00f1os. \u201cEsto conlleva beneficios para las mujeres universitarias en todos los \u00e1mbitos, para garantizar sus derechos y generar espacios abiertos de discusi\u00f3n en relaci\u00f3n con los derechos humanos de las mujeres, para fortalecer y hacer visible el aporte de nosotras en la academia\u201d, expres\u00f3 la Licda. Karina Rodas, directora del Instituto Universitario de la Mujer (IUMUSAC) \u201cLicda. Miriam Ileana Maldonado Batres\u201d.\u00a0<\/span><\/p>\n<p style=\"text-align: justify;\"><span style=\"font-weight: 400;\">La secretaria general, Ing. Marcia V\u00e9liz, record\u00f3 que cuando ella ingres\u00f3 a la Facultad de Ingenier\u00eda hab\u00eda alrededor de cuatro mujeres en un sal\u00f3n con m\u00e1s de cincuenta estudiantes, mientras que en la actualidad las mujeres superan el 50 % de la matr\u00edcula de esa unidad acad\u00e9mica. \u201cMe siento honrada, yo soy la primera mujer que ocupa la Secretar\u00eda General. A\u00fan hace falta trabajo por hacer en materia de g\u00e9nero, es muy importante darle continuidad a esta carta de entendimiento\u201d, expres\u00f3.\u00a0\u00a0<\/span><\/p>\n<p style=\"text-align: justify;\"><span style=\"font-weight: 400;\">El M. Sc. Mike Rivera, director de la Escuela de Ciencia Pol\u00edtica, coment\u00f3 que el componente de g\u00e9nero y la participaci\u00f3n de la mujer es fundamental, y que la universidad tiene una enorme responsabilidad en la sociedad. \u201cEsta carta no solo se limita al desarrollo de cursos, talleres o diplomados, a partir del eje de extensi\u00f3n, nos acercaremos a las comunidades m\u00e1s pobres de este pa\u00eds\u201d, declar\u00f3.\u00a0\u00a0<\/span><\/p>\n<p style=\"text-align: justify;\"><span style=\"font-weight: 400;\">Dentro de las diferentes actividades que ambas unidades acad\u00e9micas piensan llevar a cabo est\u00e1n los cursos de capacitaci\u00f3n, diplomados, maestr\u00edas, conferencias y debates acad\u00e9micos, que se desarrollar\u00e1n en la Escuela de Ciencia Pol\u00edtica.\u00a0<\/span><\/p>\n<p>\u00a0<\/p>\n<div id=\"metaslider-id-14635\" style=\"width: 100%;\" class=\"ml-slider-3-106-0 metaslider metaslider-flex metaslider-14635 ml-slider has-dots-nav ms-theme-default\" role=\"region\" aria-label=\"Nueva presentaci\u00f3n de diapositivas\" data-height=\"853\" data-width=\"1280\">\n    <div id=\"metaslider_container_14635\">\n        <div id=\"metaslider_14635\">\n            <ul class='slides'>\n                <li style=\"display: block; width: 100%;\" class=\"slide-14642 ms-image \" aria-roledescription=\"slide\" data-date=\"2021-06-18 13:36:15\" data-filename=\"CONVENIO-IUMUSAC5.jpeg\" data-slide-type=\"image\"><img loading=\"lazy\" decoding=\"async\" src=\"https:\/\/soy.usac.edu.gt\/wp-content\/uploads\/2021\/06\/CONVENIO-IUMUSAC5.jpeg\" height=\"853\" width=\"1280\" alt=\"\" class=\"slider-14635 slide-14642 msDefaultImage\" title=\"CONVENIO IUMUSAC5\" \/><div class=\"caption-wrap\"><div class=\"caption\">Firma del convenio interinstitucional<\/div><\/div><\/li>\n                <li style=\"display: none; width: 100%;\" class=\"slide-14643 ms-image \" aria-roledescription=\"slide\" data-date=\"2021-06-18 13:36:15\" data-filename=\"CONVENIO-IUMUSAC4.jpeg\" data-slide-type=\"image\"><img loading=\"lazy\" decoding=\"async\" src=\"https:\/\/soy.usac.edu.gt\/wp-content\/uploads\/2021\/06\/CONVENIO-IUMUSAC4.jpeg\" height=\"853\" width=\"1280\" alt=\"\" class=\"slider-14635 slide-14643 msDefaultImage\" title=\"CONVENIO IUMUSAC4\" \/><\/li>\n                <li style=\"display: none; width: 100%;\" class=\"slide-14644 ms-image \" aria-roledescription=\"slide\" data-date=\"2021-06-18 13:36:15\" data-filename=\"CONVENIO-IUMUSAC3.jpeg\" data-slide-type=\"image\"><img loading=\"lazy\" decoding=\"async\" src=\"https:\/\/soy.usac.edu.gt\/wp-content\/uploads\/2021\/06\/CONVENIO-IUMUSAC3.jpeg\" height=\"853\" width=\"1280\" alt=\"\" class=\"slider-14635 slide-14644 msDefaultImage\" title=\"CONVENIO IUMUSAC3\" \/><div class=\"caption-wrap\"><div class=\"caption\">Secretaria General Ing. Marcia Veliz<\/div><\/div><\/li>\n                <li style=\"display: none; width: 100%;\" class=\"slide-14645 ms-image \" aria-roledescription=\"slide\" data-date=\"2021-06-18 13:36:15\" data-filename=\"CONVENIO-IUMUSAC2.jpeg\" data-slide-type=\"image\"><img loading=\"lazy\" decoding=\"async\" src=\"https:\/\/soy.usac.edu.gt\/wp-content\/uploads\/2021\/06\/CONVENIO-IUMUSAC2.jpeg\" height=\"853\" width=\"1280\" alt=\"\" class=\"slider-14635 slide-14645 msDefaultImage\" title=\"CONVENIO IUMUSAC2\" \/><\/li>\n                <li style=\"display: none; width: 100%;\" class=\"slide-14646 ms-image \" aria-roledescription=\"slide\" data-date=\"2021-06-18 13:36:15\" data-filename=\"CONVENIO-IUMUSAC1.jpeg\" data-slide-type=\"image\"><img loading=\"lazy\" decoding=\"async\" src=\"https:\/\/soy.usac.edu.gt\/wp-content\/uploads\/2021\/06\/CONVENIO-IUMUSAC1.jpeg\" height=\"853\" width=\"1280\" alt=\"\" class=\"slider-14635 slide-14646 msDefaultImage\" title=\"CONVENIO IUMUSAC1\" \/><\/li>\n            <\/ul>\n        <\/div>\n        \n    <\/div>\n<\/div>\n<p>\u00a0<\/p>\n<p><div class=\"jetpack-video-wrapper\"><iframe loading=\"lazy\" title=\"Saludos de Adriana Qui\u00f1onez- Firma de convenio IUMUSAC y Escuela de Ciencia Pol\u00edtica\" width=\"640\" height=\"360\" src=\"https:\/\/www.youtube.com\/embed\/tc_T4FQRKy0?feature=oembed\" frameborder=\"0\" allow=\"accelerometer; autoplay; clipboard-write; encrypted-media; gyroscope; picture-in-picture; web-share\" referrerpolicy=\"strict-origin-when-cross-origin\" allowfullscreen><\/iframe><\/div><\/p>\n","protected":false},"excerpt":{"rendered":"<p>Ambas dependencias de la USAC trabajar\u00e1n en conjunto actividades enfocadas en los derechos humanos de las mujeres.\u00a0<\/p>\n","protected":false},"author":1,"featured_media":14636,"comment_status":"closed","ping_status":"open","sticky":false,"template":"","format":"standard","meta":{"_exactmetrics_skip_tracking":false,"_exactmetrics_sitenote_active":false,"_exactmetrics_sitenote_note":"","_exactmetrics_sitenote_category":0,"_jetpack_memberships_contains_paid_content":false,"footnotes":""},"categories":[29],"tags":[169,218],"class_list":["post-14631","post","type-post","status-publish","format-standard","has-post-thumbnail","hentry","category-noticias","tag-escuela-de-ciencia-politica","tag-iumusac"],"aioseo_notices":[],"jetpack_featured_media_url":"https:\/\/soy.usac.edu.gt\/wp-content\/uploads\/2021\/06\/mujeres-universitarias.jpeg","views":"","jetpack-related-posts":[{"id":21030,"url":"https:\/\/soy.usac.edu.gt\/?p=21030","url_meta":{"origin":14631,"position":0},"title":"IUMUSAC presenta la Revista Mujeres y Universidad","author":"Divisi\u00f3n de Publicidad","date":"7 noviembre, 2024","format":false,"excerpt":"El Instituto Universitario de la Mujer (IUMUSAC) reconoce el trabajo que las mujeres realizan dentro de la universidad para el an\u00e1lisis sobre la realidad de g\u00e9nero en los distintos \u00e1mbitos acad\u00e9micos, sociales, econ\u00f3micos, cient\u00edficos y culturales.\u00a0 Como resultado, cre\u00f3 un espacio donde se hacen visibles las voces femeninas: la Revista\u2026","rel":"","context":"En \u00abCultura\u00bb","block_context":{"text":"Cultura","link":"https:\/\/soy.usac.edu.gt\/?cat=97"},"img":{"alt_text":"","src":"https:\/\/i0.wp.com\/soy.usac.edu.gt\/wp-content\/uploads\/2024\/11\/WhatsApp-Image-2024-11-06-at-11.19.27-AM.jpeg?resize=350%2C200&ssl=1","width":350,"height":200,"srcset":"https:\/\/i0.wp.com\/soy.usac.edu.gt\/wp-content\/uploads\/2024\/11\/WhatsApp-Image-2024-11-06-at-11.19.27-AM.jpeg?resize=350%2C200&ssl=1 1x, https:\/\/i0.wp.com\/soy.usac.edu.gt\/wp-content\/uploads\/2024\/11\/WhatsApp-Image-2024-11-06-at-11.19.27-AM.jpeg?resize=525%2C300&ssl=1 1.5x, https:\/\/i0.wp.com\/soy.usac.edu.gt\/wp-content\/uploads\/2024\/11\/WhatsApp-Image-2024-11-06-at-11.19.27-AM.jpeg?resize=700%2C400&ssl=1 2x, https:\/\/i0.wp.com\/soy.usac.edu.gt\/wp-content\/uploads\/2024\/11\/WhatsApp-Image-2024-11-06-at-11.19.27-AM.jpeg?resize=1050%2C600&ssl=1 3x, https:\/\/i0.wp.com\/soy.usac.edu.gt\/wp-content\/uploads\/2024\/11\/WhatsApp-Image-2024-11-06-at-11.19.27-AM.jpeg?resize=1400%2C800&ssl=1 4x"},"classes":[]},{"id":21333,"url":"https:\/\/soy.usac.edu.gt\/?p=21333","url_meta":{"origin":14631,"position":1},"title":"USAC reafirma su compromiso con la equidad de g\u00e9nero","author":"Divisi\u00f3n de Publicidad","date":"7 marzo, 2025","format":false,"excerpt":"Esta casa de estudios organiz\u00f3 la charla \u201cLos derechos de las mujeres: un legado de luchas y conquistas en el camino hacia la igualdad\u201d, donde se reconoci\u00f3 la valent\u00eda y trayectoria de mujeres que hist\u00f3ricamente han conquistado derechos civiles, humanos y sociales. Asimismo, fue un espacio para analizar el contexto\u2026","rel":"","context":"En \u00abActividades\u00bb","block_context":{"text":"Actividades","link":"https:\/\/soy.usac.edu.gt\/?cat=126"},"img":{"alt_text":"","src":"https:\/\/i0.wp.com\/soy.usac.edu.gt\/wp-content\/uploads\/2025\/03\/WhatsApp-Image-2025-03-07-at-2.54.58-PM.jpeg?resize=350%2C200&ssl=1","width":350,"height":200,"srcset":"https:\/\/i0.wp.com\/soy.usac.edu.gt\/wp-content\/uploads\/2025\/03\/WhatsApp-Image-2025-03-07-at-2.54.58-PM.jpeg?resize=350%2C200&ssl=1 1x, https:\/\/i0.wp.com\/soy.usac.edu.gt\/wp-content\/uploads\/2025\/03\/WhatsApp-Image-2025-03-07-at-2.54.58-PM.jpeg?resize=525%2C300&ssl=1 1.5x, https:\/\/i0.wp.com\/soy.usac.edu.gt\/wp-content\/uploads\/2025\/03\/WhatsApp-Image-2025-03-07-at-2.54.58-PM.jpeg?resize=700%2C400&ssl=1 2x, https:\/\/i0.wp.com\/soy.usac.edu.gt\/wp-content\/uploads\/2025\/03\/WhatsApp-Image-2025-03-07-at-2.54.58-PM.jpeg?resize=1050%2C600&ssl=1 3x, https:\/\/i0.wp.com\/soy.usac.edu.gt\/wp-content\/uploads\/2025\/03\/WhatsApp-Image-2025-03-07-at-2.54.58-PM.jpeg?resize=1400%2C800&ssl=1 4x"},"classes":[]},{"id":20930,"url":"https:\/\/soy.usac.edu.gt\/?p=20930","url_meta":{"origin":14631,"position":2},"title":"Concluy\u00f3 el \u201cCurso de actualizaci\u00f3n en derechos humanos de las mujeres\u201d","author":"Divisi\u00f3n de Publicidad","date":"5 octubre, 2024","format":false,"excerpt":"Luego de m\u00e1s de dos meses de formaci\u00f3n en los m\u00f3dulos de \u201cDerechos humanos de las mujeres\u201d, \u201cMecanismos que velan y protegen los derechos humanos\u201d y \u201cRol de las y los trabajadores sociales en la protecci\u00f3n y vigilancia de los derechos humanos de las mujeres\u201d, un total de 18 personas\u2026","rel":"","context":"En \u00abActividades\u00bb","block_context":{"text":"Actividades","link":"https:\/\/soy.usac.edu.gt\/?cat=126"},"img":{"alt_text":"","src":"https:\/\/i0.wp.com\/soy.usac.edu.gt\/wp-content\/uploads\/2024\/10\/WhatsApp-Image-2024-10-04-at-4.45.54-PM.jpeg?resize=350%2C200&ssl=1","width":350,"height":200,"srcset":"https:\/\/i0.wp.com\/soy.usac.edu.gt\/wp-content\/uploads\/2024\/10\/WhatsApp-Image-2024-10-04-at-4.45.54-PM.jpeg?resize=350%2C200&ssl=1 1x, https:\/\/i0.wp.com\/soy.usac.edu.gt\/wp-content\/uploads\/2024\/10\/WhatsApp-Image-2024-10-04-at-4.45.54-PM.jpeg?resize=525%2C300&ssl=1 1.5x, https:\/\/i0.wp.com\/soy.usac.edu.gt\/wp-content\/uploads\/2024\/10\/WhatsApp-Image-2024-10-04-at-4.45.54-PM.jpeg?resize=700%2C400&ssl=1 2x, https:\/\/i0.wp.com\/soy.usac.edu.gt\/wp-content\/uploads\/2024\/10\/WhatsApp-Image-2024-10-04-at-4.45.54-PM.jpeg?resize=1050%2C600&ssl=1 3x, https:\/\/i0.wp.com\/soy.usac.edu.gt\/wp-content\/uploads\/2024\/10\/WhatsApp-Image-2024-10-04-at-4.45.54-PM.jpeg?resize=1400%2C800&ssl=1 4x"},"classes":[]},{"id":11409,"url":"https:\/\/soy.usac.edu.gt\/?p=11409","url_meta":{"origin":14631,"position":3},"title":"CSU solicita medidas especiales para evitar violencia contra la mujer durante la cuarentena","author":"Divisi\u00f3n de Publicidad","date":"25 abril, 2020","format":false,"excerpt":"Durante las situaciones de emergencia, aumentan los riesgos de violencia hacia las mujeres y ni\u00f1as.\u00a0","rel":"","context":"En \u00abNoticias\u00bb","block_context":{"text":"Noticias","link":"https:\/\/soy.usac.edu.gt\/?cat=29"},"img":{"alt_text":"","src":"","width":0,"height":0},"classes":[]},{"id":18962,"url":"https:\/\/soy.usac.edu.gt\/?p=18962","url_meta":{"origin":14631,"position":4},"title":"Inauguran congreso internacional de mujeres universitarias","author":"Divisi\u00f3n de Publicidad","date":"8 noviembre, 2022","format":false,"excerpt":"El evento busca promover un espacio de encuentro y constituye un mecanismo de articulaci\u00f3n del pensamiento y accionar de las acad\u00e9micas.","rel":"","context":"En \u00abNoticias\u00bb","block_context":{"text":"Noticias","link":"https:\/\/soy.usac.edu.gt\/?cat=29"},"img":{"alt_text":"","src":"https:\/\/i0.wp.com\/soy.usac.edu.gt\/wp-content\/uploads\/2020\/03\/destacada-mujeres.jpg?resize=350%2C200&ssl=1","width":350,"height":200,"srcset":"https:\/\/i0.wp.com\/soy.usac.edu.gt\/wp-content\/uploads\/2020\/03\/destacada-mujeres.jpg?resize=350%2C200&ssl=1 1x, https:\/\/i0.wp.com\/soy.usac.edu.gt\/wp-content\/uploads\/2020\/03\/destacada-mujeres.jpg?resize=525%2C300&ssl=1 1.5x, https:\/\/i0.wp.com\/soy.usac.edu.gt\/wp-content\/uploads\/2020\/03\/destacada-mujeres.jpg?resize=700%2C400&ssl=1 2x, https:\/\/i0.wp.com\/soy.usac.edu.gt\/wp-content\/uploads\/2020\/03\/destacada-mujeres.jpg?resize=1050%2C600&ssl=1 3x, https:\/\/i0.wp.com\/soy.usac.edu.gt\/wp-content\/uploads\/2020\/03\/destacada-mujeres.jpg?resize=1400%2C800&ssl=1 4x"},"classes":[]},{"id":2831,"url":"https:\/\/soy.usac.edu.gt\/?p=2831","url_meta":{"origin":14631,"position":5},"title":"Presentan la novena Edici\u00f3n de la Revista Mujeres y Universidad","author":"Divisi\u00f3n de Publicidad","date":"30 octubre, 2018","format":false,"excerpt":"En el Sal\u00f3n 1 de la Biblioteca Central de la USAC del edificio de Recursos Educativos se llev\u00f3 a cabo la presentaci\u00f3n de la Revista Mujeres & Universidad Volumen 9, a\u00f1o 2018. La Revista Mujeres y Universidad es un proyecto editorial que tiene mucha importancia del trabajo que se realiza\u2026","rel":"","context":"En \u00abNoticias\u00bb","block_context":{"text":"Noticias","link":"https:\/\/soy.usac.edu.gt\/?cat=29"},"img":{"alt_text":"","src":"https:\/\/i0.wp.com\/soy.usac.edu.gt\/wp-content\/uploads\/2018\/10\/REVISTA-MUJERES-1.jpg?resize=350%2C200&ssl=1","width":350,"height":200,"srcset":"https:\/\/i0.wp.com\/soy.usac.edu.gt\/wp-content\/uploads\/2018\/10\/REVISTA-MUJERES-1.jpg?resize=350%2C200&ssl=1 1x, https:\/\/i0.wp.com\/soy.usac.edu.gt\/wp-content\/uploads\/2018\/10\/REVISTA-MUJERES-1.jpg?resize=525%2C300&ssl=1 1.5x, https:\/\/i0.wp.com\/soy.usac.edu.gt\/wp-content\/uploads\/2018\/10\/REVISTA-MUJERES-1.jpg?resize=700%2C400&ssl=1 2x, https:\/\/i0.wp.com\/soy.usac.edu.gt\/wp-content\/uploads\/2018\/10\/REVISTA-MUJERES-1.jpg?resize=1050%2C600&ssl=1 3x, https:\/\/i0.wp.com\/soy.usac.edu.gt\/wp-content\/uploads\/2018\/10\/REVISTA-MUJERES-1.jpg?resize=1400%2C800&ssl=1 4x"},"classes":[]}],"jetpack_sharing_enabled":true,"_links":{"self":[{"href":"https:\/\/soy.usac.edu.gt\/index.php?rest_route=\/wp\/v2\/posts\/14631","targetHints":{"allow":["GET"]}}],"collection":[{"href":"https:\/\/soy.usac.edu.gt\/index.php?rest_route=\/wp\/v2\/posts"}],"about":[{"href":"https:\/\/soy.usac.edu.gt\/index.php?rest_route=\/wp\/v2\/types\/post"}],"author":[{"embeddable":true,"href":"https:\/\/soy.usac.edu.gt\/index.php?rest_route=\/wp\/v2\/users\/1"}],"replies":[{"embeddable":true,"href":"https:\/\/soy.usac.edu.gt\/index.php?rest_route=%2Fwp%2Fv2%2Fcomments&post=14631"}],"version-history":[{"count":3,"href":"https:\/\/soy.usac.edu.gt\/index.php?rest_route=\/wp\/v2\/posts\/14631\/revisions"}],"predecessor-version":[{"id":14649,"href":"https:\/\/soy.usac.edu.gt\/index.php?rest_route=\/wp\/v2\/posts\/14631\/revisions\/14649"}],"wp:featuredmedia":[{"embeddable":true,"href":"https:\/\/soy.usac.edu.gt\/index.php?rest_route=\/wp\/v2\/media\/14636"}],"wp:attachment":[{"href":"https:\/\/soy.usac.edu.gt\/index.php?rest_route=%2Fwp%2Fv2%2Fmedia&parent=14631"}],"wp:term":[{"taxonomy":"category","embeddable":true,"href":"https:\/\/soy.usac.edu.gt\/index.php?rest_route=%2Fwp%2Fv2%2Fcategories&post=14631"},{"taxonomy":"post_tag","embeddable":true,"href":"https:\/\/soy.usac.edu.gt\/index.php?rest_route=%2Fwp%2Fv2%2Ftags&post=14631"}],"curies":[{"name":"wp","href":"https:\/\/api.w.org\/{rel}","templated":true}]}}