{"id":14651,"date":"2021-06-24T09:57:30","date_gmt":"2021-06-24T15:57:30","guid":{"rendered":"https:\/\/soy.usac.edu.gt\/?p=14651"},"modified":"2021-06-24T09:58:20","modified_gmt":"2021-06-24T15:58:20","slug":"comunicado-urgente-de-los-centros-de-vacunacion-de-usac","status":"publish","type":"post","link":"https:\/\/soy.usac.edu.gt\/?p=14651","title":{"rendered":"Comunicado urgente de los centros de vacunaci\u00f3n de USAC"},"content":{"rendered":"\n<p>\u00a0<\/p>\n<p>\u00a0<\/p>\n<p style=\"text-align: justify;\">La Universidad de San Carlos de Guatemala informa a la poblaci\u00f3n guatemalteca que el puesto de vacunaci\u00f3n ubicado en el Campus Central, zona 12, continuar\u00e1 trabajando el viernes 25 de junio de 8:00 a. m. a 14:00 p. m. Las oficinas administrativas estar\u00e1n cerradas por la celebraci\u00f3n del D\u00eda del Maestro.<\/p>\n<p style=\"text-align: justify;\">En el Campus Central no habr\u00e1 vacunaci\u00f3n durante el fin de semana ni el lunes, por el asueto programado por el aniversario de la Revoluci\u00f3n de 1871, y de acuerdo con lo establecido en el art\u00edculo 2 del Decreto 42-2010, ley que promueve el turismo nacional interno.<\/p>\n<p style=\"text-align: justify;\">El Centro Universitario Metropolitano (CUM), edificio \u201cB\u201d, estar\u00e1 abierto este viernes 25 de junio y el fin de semana (26 y 27 de junio) en horario de atenci\u00f3n de 8:00 a. m\u00a0 a 14:00 p. m. El lunes el puesto de vacunaci\u00f3n y las oficinas administrativas permanecer\u00e1n cerradas.<\/p>\n<p style=\"text-align: justify;\">La vacunaci\u00f3n sigue dirigida a personas de 50 a\u00f1os para arriba, seg\u00fan las indicaciones del Ministerio de Salud P\u00fablica y Asistencia Social. \u00a0<\/p>\n<p style=\"text-align: justify;\">\u00a0<\/p>\n<p>\u00a0<\/p>\n<p style=\"text-align: center;\"><strong>\u201cId y ense\u00f1ad a todos\u201d<\/strong><\/p>\n<p>\u00a0<\/p>\n<p>\u00a0<\/p>\n<p>\u00a0<\/p>\n<p style=\"text-align: right;\">Guatemala, 23 de junio de 2021<\/p>\n","protected":false},"excerpt":{"rendered":"<p>En el Campus Central no habr\u00e1 vacunaci\u00f3n durante el fin de semana ni el lunes, por el asueto programado por el aniversario de la Revoluci\u00f3n de 1871, y de acuerdo con lo establecido en el art\u00edculo 2 del Decreto 42-2010, ley que promueve el turismo nacional interno.<\/p>\n","protected":false},"author":1,"featured_media":13097,"comment_status":"closed","ping_status":"open","sticky":false,"template":"","format":"standard","meta":{"_exactmetrics_skip_tracking":false,"_exactmetrics_sitenote_active":false,"_exactmetrics_sitenote_note":"","_exactmetrics_sitenote_category":0,"_jetpack_memberships_contains_paid_content":false,"footnotes":""},"categories":[29,151],"tags":[],"class_list":["post-14651","post","type-post","status-publish","format-standard","has-post-thumbnail","hentry","category-noticias","category-opinion"],"aioseo_notices":[],"jetpack_featured_media_url":"https:\/\/soy.usac.edu.gt\/wp-content\/uploads\/2021\/02\/COMUNICADO-IMAGEN-WEB.jpeg","views":"","jetpack-related-posts":[{"id":14994,"url":"https:\/\/soy.usac.edu.gt\/?p=14994","url_meta":{"origin":14651,"position":0},"title":"Puestos de vacunaci\u00f3n de la USAC estar\u00e1n abiertos el fin de semana","author":"Divisi\u00f3n de Publicidad","date":"20 agosto, 2021","format":false,"excerpt":"Informaci\u00f3n importante sobre los puestos de vacunaci\u00f3n de la USAC.","rel":"","context":"En \u00abNoticias\u00bb","block_context":{"text":"Noticias","link":"https:\/\/soy.usac.edu.gt\/?cat=29"},"img":{"alt_text":"","src":"https:\/\/i0.wp.com\/soy.usac.edu.gt\/wp-content\/uploads\/2021\/02\/COMUNICADO-IMAGEN-WEB.jpeg?resize=350%2C200&ssl=1","width":350,"height":200,"srcset":"https:\/\/i0.wp.com\/soy.usac.edu.gt\/wp-content\/uploads\/2021\/02\/COMUNICADO-IMAGEN-WEB.jpeg?resize=350%2C200&ssl=1 1x, https:\/\/i0.wp.com\/soy.usac.edu.gt\/wp-content\/uploads\/2021\/02\/COMUNICADO-IMAGEN-WEB.jpeg?resize=525%2C300&ssl=1 1.5x, https:\/\/i0.wp.com\/soy.usac.edu.gt\/wp-content\/uploads\/2021\/02\/COMUNICADO-IMAGEN-WEB.jpeg?resize=700%2C400&ssl=1 2x"},"classes":[]},{"id":16189,"url":"https:\/\/soy.usac.edu.gt\/?p=16189","url_meta":{"origin":14651,"position":1},"title":"Los puestos de vacunaci\u00f3n de USAC funcionar\u00e1n con normalidad en diciembre","author":"Divisi\u00f3n de Publicidad","date":"1 diciembre, 2021","format":false,"excerpt":"La poblaci\u00f3n guatemalteca podr\u00e1 inmunizarse en el campus central.","rel":"","context":"En \u00abNoticias\u00bb","block_context":{"text":"Noticias","link":"https:\/\/soy.usac.edu.gt\/?cat=29"},"img":{"alt_text":"","src":"https:\/\/i0.wp.com\/soy.usac.edu.gt\/wp-content\/uploads\/2021\/12\/puesto-de-vacunacion-2.jpeg?resize=350%2C200&ssl=1","width":350,"height":200,"srcset":"https:\/\/i0.wp.com\/soy.usac.edu.gt\/wp-content\/uploads\/2021\/12\/puesto-de-vacunacion-2.jpeg?resize=350%2C200&ssl=1 1x, https:\/\/i0.wp.com\/soy.usac.edu.gt\/wp-content\/uploads\/2021\/12\/puesto-de-vacunacion-2.jpeg?resize=525%2C300&ssl=1 1.5x, https:\/\/i0.wp.com\/soy.usac.edu.gt\/wp-content\/uploads\/2021\/12\/puesto-de-vacunacion-2.jpeg?resize=700%2C400&ssl=1 2x, https:\/\/i0.wp.com\/soy.usac.edu.gt\/wp-content\/uploads\/2021\/12\/puesto-de-vacunacion-2.jpeg?resize=1050%2C600&ssl=1 3x"},"classes":[]},{"id":14209,"url":"https:\/\/soy.usac.edu.gt\/?p=14209","url_meta":{"origin":14651,"position":2},"title":"Campus Central de la USAC funciona como puesto de vacunaci\u00f3n vehicular","author":"Divisi\u00f3n de Publicidad","date":"10 mayo, 2021","format":false,"excerpt":"El puesto de vacunaci\u00f3n vehicular, atender\u00e1 a un aproximado de mil personas diarias.","rel":"","context":"En \u00abNoticias\u00bb","block_context":{"text":"Noticias","link":"https:\/\/soy.usac.edu.gt\/?cat=29"},"img":{"alt_text":"","src":"https:\/\/i0.wp.com\/soy.usac.edu.gt\/wp-content\/uploads\/2021\/02\/COMUNICADO-IMAGEN-WEB.jpeg?resize=350%2C200&ssl=1","width":350,"height":200,"srcset":"https:\/\/i0.wp.com\/soy.usac.edu.gt\/wp-content\/uploads\/2021\/02\/COMUNICADO-IMAGEN-WEB.jpeg?resize=350%2C200&ssl=1 1x, https:\/\/i0.wp.com\/soy.usac.edu.gt\/wp-content\/uploads\/2021\/02\/COMUNICADO-IMAGEN-WEB.jpeg?resize=525%2C300&ssl=1 1.5x, https:\/\/i0.wp.com\/soy.usac.edu.gt\/wp-content\/uploads\/2021\/02\/COMUNICADO-IMAGEN-WEB.jpeg?resize=700%2C400&ssl=1 2x"},"classes":[]},{"id":14677,"url":"https:\/\/soy.usac.edu.gt\/?p=14677","url_meta":{"origin":14651,"position":3},"title":"Este lunes inicia la aplicaci\u00f3n de la primera dosis de la vacuna para docentes de USAC","author":"Divisi\u00f3n de Publicidad","date":"3 julio, 2021","format":false,"excerpt":"Para proteger la vida de los docentes de la Universidad de San Carlos de Guatemala, se anuncia que la pr\u00f3xima semana comenzar\u00e1 la vacunaci\u00f3n en el edificio S-12, a cargo del Instituto Guatemalteco de Seguridad Social (IGSS).","rel":"","context":"En \u00abNoticias\u00bb","block_context":{"text":"Noticias","link":"https:\/\/soy.usac.edu.gt\/?cat=29"},"img":{"alt_text":"","src":"https:\/\/i0.wp.com\/soy.usac.edu.gt\/wp-content\/uploads\/2021\/05\/WhatsApp-Image-2021-05-21-at-15.58.51-5.jpeg?resize=350%2C200&ssl=1","width":350,"height":200,"srcset":"https:\/\/i0.wp.com\/soy.usac.edu.gt\/wp-content\/uploads\/2021\/05\/WhatsApp-Image-2021-05-21-at-15.58.51-5.jpeg?resize=350%2C200&ssl=1 1x, https:\/\/i0.wp.com\/soy.usac.edu.gt\/wp-content\/uploads\/2021\/05\/WhatsApp-Image-2021-05-21-at-15.58.51-5.jpeg?resize=525%2C300&ssl=1 1.5x, https:\/\/i0.wp.com\/soy.usac.edu.gt\/wp-content\/uploads\/2021\/05\/WhatsApp-Image-2021-05-21-at-15.58.51-5.jpeg?resize=700%2C400&ssl=1 2x, https:\/\/i0.wp.com\/soy.usac.edu.gt\/wp-content\/uploads\/2021\/05\/WhatsApp-Image-2021-05-21-at-15.58.51-5.jpeg?resize=1050%2C600&ssl=1 3x"},"classes":[]},{"id":14861,"url":"https:\/\/soy.usac.edu.gt\/?p=14861","url_meta":{"origin":14651,"position":4},"title":"Hoy se inaugur\u00f3 la vacunaci\u00f3n para estudiantes","author":"Divisi\u00f3n de Publicidad","date":"2 agosto, 2021","format":false,"excerpt":"Esta ma\u00f1ana qued\u00f3 instaurada la jornada de inmunizaci\u00f3n para los estudiantes sancarlistas, quienes acudieron desde temprano al Polideportivo.","rel":"","context":"En \u00abEstudiantes\u00bb","block_context":{"text":"Estudiantes","link":"https:\/\/soy.usac.edu.gt\/?cat=585"},"img":{"alt_text":"","src":"https:\/\/i0.wp.com\/soy.usac.edu.gt\/wp-content\/uploads\/2021\/08\/vacunacion-estudiantes-sancarlistas-web-17.jpeg?resize=350%2C200&ssl=1","width":350,"height":200,"srcset":"https:\/\/i0.wp.com\/soy.usac.edu.gt\/wp-content\/uploads\/2021\/08\/vacunacion-estudiantes-sancarlistas-web-17.jpeg?resize=350%2C200&ssl=1 1x, https:\/\/i0.wp.com\/soy.usac.edu.gt\/wp-content\/uploads\/2021\/08\/vacunacion-estudiantes-sancarlistas-web-17.jpeg?resize=525%2C300&ssl=1 1.5x, https:\/\/i0.wp.com\/soy.usac.edu.gt\/wp-content\/uploads\/2021\/08\/vacunacion-estudiantes-sancarlistas-web-17.jpeg?resize=700%2C400&ssl=1 2x, https:\/\/i0.wp.com\/soy.usac.edu.gt\/wp-content\/uploads\/2021\/08\/vacunacion-estudiantes-sancarlistas-web-17.jpeg?resize=1050%2C600&ssl=1 3x"},"classes":[]},{"id":15094,"url":"https:\/\/soy.usac.edu.gt\/?p=15094","url_meta":{"origin":14651,"position":5},"title":"Hacen un llamado a los guatemaltecos para que asistan a vacunarse \u00a0","author":"Divisi\u00f3n de Publicidad","date":"17 septiembre, 2021","format":false,"excerpt":"Ante la baja afluencia en los puestos de vacunaci\u00f3n, trabajadores de salud instan a la poblaci\u00f3n a inmunizarse.","rel":"","context":"En \u00abNoticias\u00bb","block_context":{"text":"Noticias","link":"https:\/\/soy.usac.edu.gt\/?cat=29"},"img":{"alt_text":"","src":"https:\/\/i0.wp.com\/soy.usac.edu.gt\/wp-content\/uploads\/2021\/09\/WhatsApp-Image-2021-09-17-at-10.24.20-1.jpeg?resize=350%2C200&ssl=1","width":350,"height":200,"srcset":"https:\/\/i0.wp.com\/soy.usac.edu.gt\/wp-content\/uploads\/2021\/09\/WhatsApp-Image-2021-09-17-at-10.24.20-1.jpeg?resize=350%2C200&ssl=1 1x, https:\/\/i0.wp.com\/soy.usac.edu.gt\/wp-content\/uploads\/2021\/09\/WhatsApp-Image-2021-09-17-at-10.24.20-1.jpeg?resize=525%2C300&ssl=1 1.5x, https:\/\/i0.wp.com\/soy.usac.edu.gt\/wp-content\/uploads\/2021\/09\/WhatsApp-Image-2021-09-17-at-10.24.20-1.jpeg?resize=700%2C400&ssl=1 2x, https:\/\/i0.wp.com\/soy.usac.edu.gt\/wp-content\/uploads\/2021\/09\/WhatsApp-Image-2021-09-17-at-10.24.20-1.jpeg?resize=1050%2C600&ssl=1 3x"},"classes":[]}],"jetpack_sharing_enabled":true,"_links":{"self":[{"href":"https:\/\/soy.usac.edu.gt\/index.php?rest_route=\/wp\/v2\/posts\/14651","targetHints":{"allow":["GET"]}}],"collection":[{"href":"https:\/\/soy.usac.edu.gt\/index.php?rest_route=\/wp\/v2\/posts"}],"about":[{"href":"https:\/\/soy.usac.edu.gt\/index.php?rest_route=\/wp\/v2\/types\/post"}],"author":[{"embeddable":true,"href":"https:\/\/soy.usac.edu.gt\/index.php?rest_route=\/wp\/v2\/users\/1"}],"replies":[{"embeddable":true,"href":"https:\/\/soy.usac.edu.gt\/index.php?rest_route=%2Fwp%2Fv2%2Fcomments&post=14651"}],"version-history":[{"count":3,"href":"https:\/\/soy.usac.edu.gt\/index.php?rest_route=\/wp\/v2\/posts\/14651\/revisions"}],"predecessor-version":[{"id":14655,"href":"https:\/\/soy.usac.edu.gt\/index.php?rest_route=\/wp\/v2\/posts\/14651\/revisions\/14655"}],"wp:featuredmedia":[{"embeddable":true,"href":"https:\/\/soy.usac.edu.gt\/index.php?rest_route=\/wp\/v2\/media\/13097"}],"wp:attachment":[{"href":"https:\/\/soy.usac.edu.gt\/index.php?rest_route=%2Fwp%2Fv2%2Fmedia&parent=14651"}],"wp:term":[{"taxonomy":"category","embeddable":true,"href":"https:\/\/soy.usac.edu.gt\/index.php?rest_route=%2Fwp%2Fv2%2Fcategories&post=14651"},{"taxonomy":"post_tag","embeddable":true,"href":"https:\/\/soy.usac.edu.gt\/index.php?rest_route=%2Fwp%2Fv2%2Ftags&post=14651"}],"curies":[{"name":"wp","href":"https:\/\/api.w.org\/{rel}","templated":true}]}}