{"id":14741,"date":"2021-07-22T15:46:20","date_gmt":"2021-07-22T21:46:20","guid":{"rendered":"https:\/\/soy.usac.edu.gt\/?p=14741"},"modified":"2021-07-23T10:20:34","modified_gmt":"2021-07-23T16:20:34","slug":"el-rector-en-funciones-brindo-detalles-sobre-el-proceso-de-vacunacion-para-estudiantes-sancarlistas","status":"publish","type":"post","link":"https:\/\/soy.usac.edu.gt\/?p=14741","title":{"rendered":"El rector en funciones brind\u00f3 detalles sobre el proceso de vacunaci\u00f3n para estudiantes sancarlistas"},"content":{"rendered":"\n<p style=\"text-align: justify;\"><strong><em>El M. A. Pablo Ernesto Oliva Soto explic\u00f3 c\u00f3mo se llevar\u00e1 a cabo la inmunizaci\u00f3n de estudiantes, trabajadores administrativos y de servicios. <\/em><\/strong><\/p>\n<p style=\"text-align: justify;\">Tras el anuncio hecho por el presidente Alejandro Giammattei en cadena nacional el pasado 20 de julio, sobre la apertura de vacunaci\u00f3n para universitarios, la USAC realiza las acciones necesarias para iniciar el proceso a la mayor brevedad posible.<\/p>\n<p style=\"text-align: justify;\">Durante una entrevista en Emisoras Unidas en el programa Hora Quince, el rector en funciones dio detalles. Coment\u00f3 que la universidad ya ha vacunado a la mayor\u00eda del personal docente. Seg\u00fan datos proporcionados por la Direcci\u00f3n General de Administraci\u00f3n (DIGA), hasta el momento, se ha aplicado la primera dosis a un total de 8255 catedr\u00e1ticos. Agreg\u00f3 que, en el caso de haber docentes sin vacuna, tambi\u00e9n estar\u00e1n siendo atendidos.<\/p>\n<p style=\"text-align: justify;\">El personal administrativo y de servicios, que suman un total de 5168, ya pueden registrarse para ser inmunizados en el sitio <a href=\"https:\/\/registrovacunacovid.mspas.gob.gt\/mspas\/login\">vacuna.gob.gt<\/a>, utilizando la fase tres.<\/p>\n<h4 style=\"text-align: justify;\">\u00a0<\/h4>\n<h4 style=\"text-align: justify;\"><strong>Vacunaci\u00f3n de estudiantes<\/strong><\/h4>\n<p>\u00a0<\/p>\n<p style=\"text-align: justify;\"><img loading=\"lazy\" decoding=\"async\" class=\"wp-image-14751 size-medium alignleft\" src=\"https:\/\/soy.usac.edu.gt\/wp-content\/uploads\/2021\/07\/vacunas-covid-300x200.jpeg\" alt=\"\" width=\"300\" height=\"200\" srcset=\"https:\/\/soy.usac.edu.gt\/wp-content\/uploads\/2021\/07\/vacunas-covid-300x200.jpeg 300w, https:\/\/soy.usac.edu.gt\/wp-content\/uploads\/2021\/07\/vacunas-covid-1024x682.jpeg 1024w, https:\/\/soy.usac.edu.gt\/wp-content\/uploads\/2021\/07\/vacunas-covid-768x512.jpeg 768w, https:\/\/soy.usac.edu.gt\/wp-content\/uploads\/2021\/07\/vacunas-covid-1536x1023.jpeg 1536w, https:\/\/soy.usac.edu.gt\/wp-content\/uploads\/2021\/07\/vacunas-covid.jpeg 1600w\" sizes=\"auto, (max-width: 300px) 100vw, 300px\" \/>En total ser\u00e1n atendidos alrededor de 220 000 estudiantes, se necesitan 420 000 vacunas para completar el esquema de inmunizaci\u00f3n. El rector en funciones coment\u00f3 que la vacuna que se aplicar\u00e1 a este grupo es Moderna, misma que ha demostrado un 94.1 % de eficacia en la prevenci\u00f3n de contagios.<\/p>\n<p style=\"text-align: justify;\">Para poder ser vacunados, deber\u00e1n estar inscritos en el ciclo acad\u00e9mico 2021, porque la base de datos utilizada para el proceso es la actualizada por Registro y Estad\u00edstica, correspondiente a estudiantes regulares de este a\u00f1o.<\/p>\n<p style=\"text-align: justify;\">Actualmente se est\u00e1 llevando a cabo la programaci\u00f3n y la log\u00edstica para evitar aglomeraciones y mantener las medidas de bioseguridad.<\/p>\n<p style=\"text-align: justify;\">Se contempla realizar la vacunaci\u00f3n en centros universitarios departamentales que cuenten con la estructura necesaria para ello y coordinar la designaci\u00f3n del sitio con el Ministerio de Salud en donde las instalaciones no son id\u00f3neas. Se busca descentralizar el proceso y evitar la movilizaci\u00f3n hacia la ciudad capital.<\/p>\n<p style=\"text-align: justify;\">Toda la informaci\u00f3n oficial sobre el cronograma, fecha y lugar de vacunaci\u00f3n para cada unidad acad\u00e9mica se estar\u00e1 brindando a trav\u00e9s de los canales oficiales de la Universidad de San Carlos de Guatemala, como Soy USAC, el Peri\u00f3dico de la USAC, TV USAC, Radio USAC y Universidad de San Carlos de Guatemala 2.0.<\/p>\n<p style=\"text-align: justify;\">\u201cLa USAC cuenta con una poblaci\u00f3n estudiantil de m\u00e1s de 200 000, por ello se requiere un proceso de log\u00edstica m\u00e1s elaborado, se est\u00e1 trabajando en eso. La base de datos de los estudiantes ya fue entregada al Ministerio de Salud, ahora la est\u00e1n procesando en su sistema, estamos a la espera de que habiliten el registro de estudiantes en la plataforma vacuna.gob.gt\u201d, expuso el rector en funciones.<\/p>\n<p style=\"text-align: justify;\">Aunque el proceso de vacunaci\u00f3n no es obligatorio, la universidad ha estado informando y aconsejando sobre sus beneficios. Oliva hizo un llamado a la comunidad sancarlista y a la poblaci\u00f3n para vacunarse: \u201cPara poder vencer esta pandemia y tener cierto nivel de seguridad, ponerse la vacuna es la opci\u00f3n n\u00famero uno, eso es lo mejor\u201d, expres\u00f3.<\/p>\n<p style=\"text-align: justify;\">Tambi\u00e9n concientiz\u00f3 a quienes ya se vacunaron: \u201cAunque tengamos las dos dosis de las vacunas, nos debemos seguir cuidando, eso no es un permiso para hacer lo que queramos, en el sentido de la bioseguridad; al contrario, tenemos que seguir cuid\u00e1ndonos, en tanto el resto de la poblaci\u00f3n sigue sin ser vacunada\u201d, puntualiz\u00f3.<\/p>\n<p>\u00a0<\/p>\n\n\n\n<h2 class=\"wp-block-heading\"><strong>Escucha ac\u00e1 la entrevista completa<\/strong><\/h2>\n\n\n\n<p><iframe loading=\"lazy\" src=\"https:\/\/w.soundcloud.com\/player\/?url=https%3A\/\/api.soundcloud.com\/tracks\/1092417259&amp;color=%23ff5500&amp;auto_play=false&amp;hide_related=false&amp;show_comments=true&amp;show_user=true&amp;show_reposts=false&amp;show_teaser=true&amp;visual=true\" width=\"100%\" height=\"300\" frameborder=\"no\" scrolling=\"no\"><\/iframe><\/p>\n<div style=\"font-size: 10px; color: #cccccc; line-break: anywhere; word-break: normal; overflow: hidden; white-space: nowrap; text-overflow: ellipsis; font-family: Interstate,Lucida Grande,Lucida Sans Unicode,Lucida Sans,Garuda,Verdana,Tahoma,sans-serif; font-weight: 100;\"><a style=\"color: #cccccc; text-decoration: none;\" title=\"SoyUSAC\" href=\"https:\/\/soundcloud.com\/soyusac-universidad\" target=\"_blank\" rel=\"noopener\">SoyUSAC<\/a> \u00b7 <a style=\"color: #cccccc; text-decoration: none;\" title=\"Entrevista a rector en funciones Pablo Ernesto Oliva Soto\" href=\"https:\/\/soundcloud.com\/soyusac-universidad\/entrevista-a-rector-en-funciones-pablo-ernesto-oliva-soto-sobre-vacunacion-a-sancarlistas-en-emisoras-unidas\" target=\"_blank\" rel=\"noopener\">Entrevista a rector en funciones Pablo Ernesto Oliva Soto<\/a><\/div>\n","protected":false},"excerpt":{"rendered":"<p>El M. A. Pablo Ernesto Oliva Soto explic\u00f3 c\u00f3mo se llevar\u00e1 a cabo la inmunizaci\u00f3n de estudiantes, trabajadores administrativos y de servicios.<\/p>\n","protected":false},"author":1,"featured_media":14742,"comment_status":"closed","ping_status":"open","sticky":false,"template":"","format":"standard","meta":{"_exactmetrics_skip_tracking":false,"_exactmetrics_sitenote_active":false,"_exactmetrics_sitenote_note":"","_exactmetrics_sitenote_category":0,"_jetpack_memberships_contains_paid_content":false,"footnotes":""},"categories":[585,29],"tags":[130,626,463,264,684],"class_list":["post-14741","post","type-post","status-publish","format-standard","has-post-thumbnail","hentry","category-estudiantes","category-noticias","tag-estudiantes","tag-pandemia","tag-trabajadores-usac","tag-usac","tag-vacunacion"],"aioseo_notices":[],"jetpack_featured_media_url":"https:\/\/soy.usac.edu.gt\/wp-content\/uploads\/2021\/07\/RECTOR-PABLO-OLIVA-SOTO-WEB.jpeg","views":"","jetpack-related-posts":[{"id":14323,"url":"https:\/\/soy.usac.edu.gt\/?p=14323","url_meta":{"origin":14741,"position":0},"title":"Aproximadamente 20 mil personas se han vacunado en la USAC","author":"Divisi\u00f3n de Publicidad","date":"21 mayo, 2021","format":false,"excerpt":"Desde hace dos semanas funcionan tres centros de vacunaci\u00f3n en la USAC, con apoyo del Ministerio de Salud P\u00fablica y el Instituto Guatemalteco de Seguridad Social.\u00a0","rel":"","context":"En \u00abNoticias\u00bb","block_context":{"text":"Noticias","link":"https:\/\/soy.usac.edu.gt\/?cat=29"},"img":{"alt_text":"","src":"https:\/\/i0.wp.com\/soy.usac.edu.gt\/wp-content\/uploads\/2021\/05\/WhatsApp-Image-2021-05-21-at-15.58.51-6.jpeg?resize=350%2C200&ssl=1","width":350,"height":200,"srcset":"https:\/\/i0.wp.com\/soy.usac.edu.gt\/wp-content\/uploads\/2021\/05\/WhatsApp-Image-2021-05-21-at-15.58.51-6.jpeg?resize=350%2C200&ssl=1 1x, https:\/\/i0.wp.com\/soy.usac.edu.gt\/wp-content\/uploads\/2021\/05\/WhatsApp-Image-2021-05-21-at-15.58.51-6.jpeg?resize=525%2C300&ssl=1 1.5x, https:\/\/i0.wp.com\/soy.usac.edu.gt\/wp-content\/uploads\/2021\/05\/WhatsApp-Image-2021-05-21-at-15.58.51-6.jpeg?resize=700%2C400&ssl=1 2x, https:\/\/i0.wp.com\/soy.usac.edu.gt\/wp-content\/uploads\/2021\/05\/WhatsApp-Image-2021-05-21-at-15.58.51-6.jpeg?resize=1050%2C600&ssl=1 3x"},"classes":[]},{"id":14734,"url":"https:\/\/soy.usac.edu.gt\/?p=14734","url_meta":{"origin":14741,"position":1},"title":"USAC coordina vacunaci\u00f3n de estudiantes, trabajadores administrativos y de servicios","author":"Divisi\u00f3n de Publicidad","date":"21 julio, 2021","format":false,"excerpt":"Ante el anuncio por parte del Gobierno sobre la apertura para la vacunaci\u00f3n de todos los miembros de las universidades del pa\u00eds, a la comunidad universitaria,","rel":"","context":"En \u00abNoticias\u00bb","block_context":{"text":"Noticias","link":"https:\/\/soy.usac.edu.gt\/?cat=29"},"img":{"alt_text":"","src":"https:\/\/i0.wp.com\/soy.usac.edu.gt\/wp-content\/uploads\/2021\/02\/COMUNICADO-IMAGEN-WEB.jpeg?resize=350%2C200&ssl=1","width":350,"height":200,"srcset":"https:\/\/i0.wp.com\/soy.usac.edu.gt\/wp-content\/uploads\/2021\/02\/COMUNICADO-IMAGEN-WEB.jpeg?resize=350%2C200&ssl=1 1x, https:\/\/i0.wp.com\/soy.usac.edu.gt\/wp-content\/uploads\/2021\/02\/COMUNICADO-IMAGEN-WEB.jpeg?resize=525%2C300&ssl=1 1.5x, https:\/\/i0.wp.com\/soy.usac.edu.gt\/wp-content\/uploads\/2021\/02\/COMUNICADO-IMAGEN-WEB.jpeg?resize=700%2C400&ssl=1 2x"},"classes":[]},{"id":15777,"url":"https:\/\/soy.usac.edu.gt\/?p=15777","url_meta":{"origin":14741,"position":2},"title":"USAC cierra el puesto de vacunaci\u00f3n vehicular","author":"Divisi\u00f3n de Publicidad","date":"29 octubre, 2021","format":false,"excerpt":"Con un acto de reconocimiento a todos los voluntarios de la Tricentenaria, se dio por concluido el trabajo del centro de inmunizaci\u00f3n. \u00a0","rel":"","context":"En \u00abNoticias\u00bb","block_context":{"text":"Noticias","link":"https:\/\/soy.usac.edu.gt\/?cat=29"},"img":{"alt_text":"","src":"https:\/\/i0.wp.com\/soy.usac.edu.gt\/wp-content\/uploads\/2021\/10\/DESTACADA.jpeg?resize=350%2C200&ssl=1","width":350,"height":200,"srcset":"https:\/\/i0.wp.com\/soy.usac.edu.gt\/wp-content\/uploads\/2021\/10\/DESTACADA.jpeg?resize=350%2C200&ssl=1 1x, https:\/\/i0.wp.com\/soy.usac.edu.gt\/wp-content\/uploads\/2021\/10\/DESTACADA.jpeg?resize=525%2C300&ssl=1 1.5x, https:\/\/i0.wp.com\/soy.usac.edu.gt\/wp-content\/uploads\/2021\/10\/DESTACADA.jpeg?resize=700%2C400&ssl=1 2x, https:\/\/i0.wp.com\/soy.usac.edu.gt\/wp-content\/uploads\/2021\/10\/DESTACADA.jpeg?resize=1050%2C600&ssl=1 3x"},"classes":[]},{"id":17861,"url":"https:\/\/soy.usac.edu.gt\/?p=17861","url_meta":{"origin":14741,"position":3},"title":"El IGSS reconoce labor social de la USAC","author":"Divisi\u00f3n de Publicidad","date":"3 agosto, 2022","format":false,"excerpt":"Uno de los pilares fundamentales de la Universidad de San Carlos de Guatemala es su proyecci\u00f3n social. M\u00e1s de 300 a\u00f1os respaldan su trayectoria como la \u00fanica universidad estatal que, a trav\u00e9s de sus diversas \u00e1reas de trabajo, constituye un baluarte para el desarrollo del pa\u00eds.","rel":"","context":"En \u00abNoticias\u00bb","block_context":{"text":"Noticias","link":"https:\/\/soy.usac.edu.gt\/?cat=29"},"img":{"alt_text":"","src":"https:\/\/i0.wp.com\/soy.usac.edu.gt\/wp-content\/uploads\/2022\/08\/WhatsApp-Image-2022-08-03-at-7.00.15-PM.jpeg?resize=350%2C200&ssl=1","width":350,"height":200,"srcset":"https:\/\/i0.wp.com\/soy.usac.edu.gt\/wp-content\/uploads\/2022\/08\/WhatsApp-Image-2022-08-03-at-7.00.15-PM.jpeg?resize=350%2C200&ssl=1 1x, https:\/\/i0.wp.com\/soy.usac.edu.gt\/wp-content\/uploads\/2022\/08\/WhatsApp-Image-2022-08-03-at-7.00.15-PM.jpeg?resize=525%2C300&ssl=1 1.5x, https:\/\/i0.wp.com\/soy.usac.edu.gt\/wp-content\/uploads\/2022\/08\/WhatsApp-Image-2022-08-03-at-7.00.15-PM.jpeg?resize=700%2C400&ssl=1 2x, https:\/\/i0.wp.com\/soy.usac.edu.gt\/wp-content\/uploads\/2022\/08\/WhatsApp-Image-2022-08-03-at-7.00.15-PM.jpeg?resize=1050%2C600&ssl=1 3x"},"classes":[]},{"id":14821,"url":"https:\/\/soy.usac.edu.gt\/?p=14821","url_meta":{"origin":14741,"position":4},"title":"Todo lo que debes saber sobre la vacunaci\u00f3n de estudiantes sancarlistas","author":"Divisi\u00f3n de Publicidad","date":"27 julio, 2021","format":false,"excerpt":"\u00bfTienes dudas sobre la vacunaci\u00f3n? Hemos hecho un listado de respuestas a las preguntas m\u00e1s frecuentes.","rel":"","context":"En \u00abEstudiantes\u00bb","block_context":{"text":"Estudiantes","link":"https:\/\/soy.usac.edu.gt\/?cat=585"},"img":{"alt_text":"","src":"https:\/\/i0.wp.com\/soy.usac.edu.gt\/wp-content\/uploads\/2021\/07\/ESTUDIANTES-CON-MASCARILLA-FRENTE-A-RECTORIA.jpeg?resize=350%2C200&ssl=1","width":350,"height":200,"srcset":"https:\/\/i0.wp.com\/soy.usac.edu.gt\/wp-content\/uploads\/2021\/07\/ESTUDIANTES-CON-MASCARILLA-FRENTE-A-RECTORIA.jpeg?resize=350%2C200&ssl=1 1x, https:\/\/i0.wp.com\/soy.usac.edu.gt\/wp-content\/uploads\/2021\/07\/ESTUDIANTES-CON-MASCARILLA-FRENTE-A-RECTORIA.jpeg?resize=525%2C300&ssl=1 1.5x, https:\/\/i0.wp.com\/soy.usac.edu.gt\/wp-content\/uploads\/2021\/07\/ESTUDIANTES-CON-MASCARILLA-FRENTE-A-RECTORIA.jpeg?resize=700%2C400&ssl=1 2x, https:\/\/i0.wp.com\/soy.usac.edu.gt\/wp-content\/uploads\/2021\/07\/ESTUDIANTES-CON-MASCARILLA-FRENTE-A-RECTORIA.jpeg?resize=1050%2C600&ssl=1 3x"},"classes":[]},{"id":14133,"url":"https:\/\/soy.usac.edu.gt\/?p=14133","url_meta":{"origin":14741,"position":5},"title":"Quedaron inaugurados dos centros de vacunaci\u00f3n","author":"Divisi\u00f3n de Publicidad","date":"10 mayo, 2021","format":false,"excerpt":"La Universidad de San Carlos de Guatemala, en conjunto con el Ministerio de Salud P\u00fablica y Asistencia Social (MSPAS) y el Instituto Guatemalteco de Seguridad Social (IGSS), inaugur\u00f3 dos puestos de vacunaci\u00f3n.","rel":"","context":"En \u00abNoticias\u00bb","block_context":{"text":"Noticias","link":"https:\/\/soy.usac.edu.gt\/?cat=29"},"img":{"alt_text":"","src":"https:\/\/i0.wp.com\/soy.usac.edu.gt\/wp-content\/uploads\/2021\/05\/WhatsApp-Image-2021-05-10-at-14.13.47.jpeg?resize=350%2C200&ssl=1","width":350,"height":200,"srcset":"https:\/\/i0.wp.com\/soy.usac.edu.gt\/wp-content\/uploads\/2021\/05\/WhatsApp-Image-2021-05-10-at-14.13.47.jpeg?resize=350%2C200&ssl=1 1x, https:\/\/i0.wp.com\/soy.usac.edu.gt\/wp-content\/uploads\/2021\/05\/WhatsApp-Image-2021-05-10-at-14.13.47.jpeg?resize=525%2C300&ssl=1 1.5x, https:\/\/i0.wp.com\/soy.usac.edu.gt\/wp-content\/uploads\/2021\/05\/WhatsApp-Image-2021-05-10-at-14.13.47.jpeg?resize=700%2C400&ssl=1 2x, https:\/\/i0.wp.com\/soy.usac.edu.gt\/wp-content\/uploads\/2021\/05\/WhatsApp-Image-2021-05-10-at-14.13.47.jpeg?resize=1050%2C600&ssl=1 3x"},"classes":[]}],"jetpack_sharing_enabled":true,"_links":{"self":[{"href":"https:\/\/soy.usac.edu.gt\/index.php?rest_route=\/wp\/v2\/posts\/14741","targetHints":{"allow":["GET"]}}],"collection":[{"href":"https:\/\/soy.usac.edu.gt\/index.php?rest_route=\/wp\/v2\/posts"}],"about":[{"href":"https:\/\/soy.usac.edu.gt\/index.php?rest_route=\/wp\/v2\/types\/post"}],"author":[{"embeddable":true,"href":"https:\/\/soy.usac.edu.gt\/index.php?rest_route=\/wp\/v2\/users\/1"}],"replies":[{"embeddable":true,"href":"https:\/\/soy.usac.edu.gt\/index.php?rest_route=%2Fwp%2Fv2%2Fcomments&post=14741"}],"version-history":[{"count":11,"href":"https:\/\/soy.usac.edu.gt\/index.php?rest_route=\/wp\/v2\/posts\/14741\/revisions"}],"predecessor-version":[{"id":14764,"href":"https:\/\/soy.usac.edu.gt\/index.php?rest_route=\/wp\/v2\/posts\/14741\/revisions\/14764"}],"wp:featuredmedia":[{"embeddable":true,"href":"https:\/\/soy.usac.edu.gt\/index.php?rest_route=\/wp\/v2\/media\/14742"}],"wp:attachment":[{"href":"https:\/\/soy.usac.edu.gt\/index.php?rest_route=%2Fwp%2Fv2%2Fmedia&parent=14741"}],"wp:term":[{"taxonomy":"category","embeddable":true,"href":"https:\/\/soy.usac.edu.gt\/index.php?rest_route=%2Fwp%2Fv2%2Fcategories&post=14741"},{"taxonomy":"post_tag","embeddable":true,"href":"https:\/\/soy.usac.edu.gt\/index.php?rest_route=%2Fwp%2Fv2%2Ftags&post=14741"}],"curies":[{"name":"wp","href":"https:\/\/api.w.org\/{rel}","templated":true}]}}