{"id":14821,"date":"2021-07-27T14:25:37","date_gmt":"2021-07-27T20:25:37","guid":{"rendered":"https:\/\/soy.usac.edu.gt\/?p=14821"},"modified":"2021-07-27T16:14:51","modified_gmt":"2021-07-27T22:14:51","slug":"todo-lo-que-debes-saber-sobre-la-vacunacion-de-estudiantes-sancarlistas","status":"publish","type":"post","link":"https:\/\/soy.usac.edu.gt\/?p=14821","title":{"rendered":"Todo lo que debes saber sobre la vacunaci\u00f3n de estudiantes sancarlistas"},"content":{"rendered":"\n<p>Fotos Elio Morales, revisi\u00f3n Claudia Azurdia<\/p>\n<h5 style=\"text-align: justify;\"><strong><em>\u00bfTienes dudas sobre la vacunaci\u00f3n? Hemos hecho un listado de respuestas a las preguntas m\u00e1s frecuentes.<\/em><\/strong><\/h5>\n<p style=\"text-align: justify;\">Este domingo se dio a conocer el<span style=\"color: #3366ff;\"> <a style=\"color: #3366ff;\" href=\"https:\/\/soy.usac.edu.gt\/?p=14783\">cronograma de vacunaci\u00f3n<\/a> p<\/span>ara estudiantes de las distintas unidades acad\u00e9micas del \u00e1rea metropolitana de la Universidad de San Carlos de Guatemala. En el caso de centros universitarios departamentales, a\u00fan se trabaja en el programa, el cual se estar\u00e1 informando a trav\u00e9s de los canales oficiales de comunicaci\u00f3n de la USAC.\u00a0<\/p>\n<p style=\"text-align: justify;\">Lo primero que debes saber es que la vacunaci\u00f3n est\u00e1 dirigida a estudiantes regulares de reingreso y primer ingreso inscritos en el ciclo acad\u00e9mico 2021. La base de datos que se tom\u00f3 en cuenta y fue enviada al Ministerio de Salud est\u00e1 conformada por el sector descrito.<\/p>\n<p style=\"text-align: justify;\">En total ser\u00e1n atendidos alrededor de 220 000 estudiantes. El rector en funciones, M. A. Pablo Ernesto Soto Oliva, durante una entrevista, explic\u00f3 que la vacuna que se aplicar\u00e1 a los estudiantes es Moderna, misma que ha demostrado un 94.1 % de eficacia en la prevenci\u00f3n de contagios.<\/p>\n<p style=\"text-align: justify;\">El equipo de log\u00edstica de la USAC tambi\u00e9n coment\u00f3 que, dependiendo de la disponibilidad, se podr\u00eda aplicar Sputnik V, la cual ha demostrado una eficacia del 97.6 % en la campa\u00f1a de vacunaci\u00f3n rusa. En la variante delta, la efectividad es de m\u00e1s del 90 %.<\/p>\n<p>\u00a0<\/p>\n\n\n\n<h2 class=\"wp-block-heading\"><strong>Estos son los pasos para vacunarse:<\/strong><\/h2>\n\n\n\n<ol>\n<li><strong>Registrarse en el portal<\/strong><\/li>\n<\/ol>\n\n\n\n<div class=\"wp-block-buttons is-layout-flex wp-block-buttons-is-layout-flex\">\n<div class=\"wp-block-button\"><a class=\"wp-block-button__link has-vivid-cyan-blue-background-color has-background\" href=\"http:\/\/www.vacuna.gob.gt.\" target=\"_blank\" rel=\"noreferrer noopener\">vacunas<\/a><\/div>\n<\/div>\n\n\n\n<p>2. <strong>Seguir estrictamente el cronograma,<\/strong> dirigido a los estudiantes de la ciudad capital. La inmunizaci\u00f3n se realizar\u00e1 de 7:30 a 15:30 horas.<\/p>\n<p>3. <strong>Los estudiantes de los centros universitarios<\/strong> deber\u00e1n esperar el calendario espec\u00edfico (el cual se est\u00e1 trabajando).<\/p>\n<p>&nbsp;<\/p>\n\n\n\n<p><img loading=\"lazy\" decoding=\"async\" class=\"aligncenter size-full wp-image-14826\" src=\"https:\/\/soy.usac.edu.gt\/wp-content\/uploads\/2021\/07\/WhatsApp-Image-2021-07-27-at-13.41.35.jpeg\" alt=\"\" width=\"1280\" height=\"853\" srcset=\"https:\/\/soy.usac.edu.gt\/wp-content\/uploads\/2021\/07\/WhatsApp-Image-2021-07-27-at-13.41.35.jpeg 1280w, https:\/\/soy.usac.edu.gt\/wp-content\/uploads\/2021\/07\/WhatsApp-Image-2021-07-27-at-13.41.35-300x200.jpeg 300w, https:\/\/soy.usac.edu.gt\/wp-content\/uploads\/2021\/07\/WhatsApp-Image-2021-07-27-at-13.41.35-1024x682.jpeg 1024w, https:\/\/soy.usac.edu.gt\/wp-content\/uploads\/2021\/07\/WhatsApp-Image-2021-07-27-at-13.41.35-768x512.jpeg 768w\" sizes=\"auto, (max-width: 1280px) 100vw, 1280px\" \/><\/p>\n\n\n\n<h2 class=\"wp-block-heading\"><strong>Estas son algunas de las dudas frecuentes<\/strong><\/h2>\n\n\n\n<p style=\"text-align: justify;\"><strong>\u00bfQu\u00e9 deben presentar los estudiantes al momento de su vacunaci\u00f3n? <\/strong>Pueden presentar el carn\u00e9 universitario o imprimir la constancia de inscripci\u00f3n a trav\u00e9s del portal de Registro y Estad\u00edstica, pero para poder ser inmunizados basta presentar el documento personal de identificaci\u00f3n (DPI).<\/p>\n<p style=\"text-align: justify;\"><strong>\u00bfD\u00f3nde ser\u00e1 la vacunaci\u00f3n de los estudiantes?<\/strong> Los puestos habilitados para los estudiantes del \u00e1rea metropolitana son el Centro Universitario Metropolitano (CUM) y el Campus Central. Las jornadas fueron separadas por unidades acad\u00e9micas en las distintas instalaciones designadas. Para conocer las fechas y el lugar en donde te podr\u00e1s vacunar consulta el cronograma (enlace).<\/p>\n<p style=\"text-align: justify;\">En el Campus Central se ampliar\u00e1n 4 vacunatorios para poder inmunizar a 3000 estudiantes diarios. En el CUM se habilitar\u00e1n 2 mesas para atender a un promedio de 500 estudiantes diarios.<\/p>\n<p style=\"text-align: justify;\">En ambos centros se seguir\u00e1 atendiendo a la poblaci\u00f3n en general. Al llegar al \u00e1rea de vacunaci\u00f3n, el personal de log\u00edstica dar\u00e1 las indicaciones espec\u00edficas de la mesa en donde cada estudiante deber\u00e1 presentarse.<\/p>\n<p style=\"text-align: justify;\"><strong>Soy estudiante del \u00e1rea metropolitana, pero vivo en un departamento, \u00bfqu\u00e9 proceso debo seguir para la vacunaci\u00f3n? <\/strong>Te puedes vacunar en cualquier puesto del Ministerio de Salud, pero debes tomar en cuenta que la log\u00edstica, organizaci\u00f3n o existencia de vacunas no depender\u00e1 de la programaci\u00f3n realizada por la USAC.<\/p>\n<p style=\"text-align: justify;\"><strong>\u00bfPueden vacunarse los estudiantes de posgrado?<\/strong> S\u00ed, todos aquellos inscritos durante el primer semestre de 2021 fueron tomados en cuenta en la base de datos. Para saber cu\u00e1ndo y d\u00f3nde es la vacunaci\u00f3n deben revisar el cronograma y asistir en las fechas establecidas para la unidad acad\u00e9mica a la que pertenecen.<\/p>\n<p style=\"text-align: justify;\"><strong>\u00bfLas personas que no se inscribieron en el primer semestre de este a\u00f1o, pero acaban de hacerlo durante el inicio del segundo semestre pueden vacunarse?<\/strong> Deber\u00e1n esperar a que concluya el per\u00edodo de inscripci\u00f3n, 31 de julio de 2021, y que se traslade la base de datos de estudiantes inscritos al Ministerio de Salud P\u00fablica y Asistencia Social para su preinscripci\u00f3n. Posteriormente se publicar\u00e1 la fecha en que puedan efectuar el registro en la p\u00e1gina www.vacuna.gob.gt y, consecutivamente, la fecha en que ser\u00e1n vacunados.<\/p>\n<p style=\"text-align: justify;\"><strong>Llevo un a\u00f1o o m\u00e1s de no inscribirme en la universidad \u00bfsi me inscribo ahora podr\u00e9 recibir la vacuna? <\/strong>Ahora la vacunaci\u00f3n est\u00e1 dirigida a estudiantes regulares de reingreso y primer ingreso inscritos en el ciclo acad\u00e9mico 2021, se proceder\u00e1 de la misma forma que indica la respuesta anterior.<\/p>\n<p style=\"text-align: justify;\">La USAC est\u00e1 comprometida con la salud de los sancarlistas y de la poblaci\u00f3n en general. Est\u00e1 organizando la log\u00edstica de los puestos de vacunaci\u00f3n, pero la administraci\u00f3n de vacunas, la cantidad de dosis disponibles y el avance del Plan de Vacunaci\u00f3n es responsabilidad del Ministerio de Salud P\u00fablica y Asistencia Social.<\/p>\n<p style=\"text-align: justify;\"><strong>\u00bfC\u00f3mo se pueden vacunar los estudiantes extranjeros inscritos en la USAC?<\/strong> Si eres estudiante extranjero regular de primer ingreso o reingreso, inscrito durante el primer semestre de 2021, para poder vacunarte, debes llegar a inscribirte en el puesto de registro ubicado en el quiosco de informaci\u00f3n, entre el edificio de la Direcci\u00f3n General de Administraci\u00f3n (DIGA) y el Edificio de Bienestar Estudiantil, en el Campus Central, ya que al no contar con el documento personal de identificaci\u00f3n (DPI), la plataforma no te permitir\u00e1 hacer el registro virtual.<\/p>\n<p style=\"text-align: justify;\"><strong>\u00bfLos estudiantes de CALUSAC pueden vacunarse?<\/strong> No. CALUSAC no fue incluido en la vacunaci\u00f3n de estudiantes sancarlistas porque imparte cursos libres de idiomas, en los que est\u00e1n inscritos ni\u00f1os, trabajadores, extranjeros, personas de la sociedad civil en general y estudiantes regulares de la universidad.<\/p>\n<p style=\"text-align: justify;\"><strong>Soy estudiante sancarlista menor de edad, la plataforma de registro no admite mis datos, \u00bfpuedo vacunarme? <\/strong>No, el Plan Nacional de Vacunaci\u00f3n no contempla la inmunizaci\u00f3n de menores de edad.<\/p>\n<p style=\"text-align: justify;\"><strong>Si soy estudiante, pero estoy realizando el EPS, tengo cierre de pensum, matr\u00edcula consolidada o estoy pendiente de graduaci\u00f3n, \u00bfpuedo ser vacunado? <\/strong>En cualquiera de las variables la respuesta es que, si te inscribiste durante el primer semestre de 2021, formas parte de la base de datos trasladada al Ministerio de Salud; por lo tanto, s\u00ed podr\u00e1s vacunarte.<\/p>\n<p style=\"text-align: justify;\"><strong>\u00bfQu\u00e9 pasar\u00e1 con los estudiantes regulares que actualmente tienen la enfermedad COVID-19 y no podr\u00e1n ser vacunados en las fechas programadas? <\/strong>Los estudiantes que ya est\u00e9n registrados se pueden vacunar en cualquier fecha, pero esto depende de la log\u00edstica del Ministerio de Salud, as\u00ed como la disponibilidad de vacunas.<\/p>\n<p style=\"text-align: justify;\"><strong>Para mayor informaci\u00f3n: <\/strong>puedes escribir al correo usacvacunacion@gmail.com o llamar a los n\u00fameros: 3058-9605 y 5175-5853<\/p>\n","protected":false},"excerpt":{"rendered":"<p>\u00bfTienes dudas sobre la vacunaci\u00f3n? Hemos hecho un listado de respuestas a las preguntas m\u00e1s frecuentes.<\/p>\n","protected":false},"author":1,"featured_media":14823,"comment_status":"closed","ping_status":"open","sticky":false,"template":"","format":"standard","meta":{"_exactmetrics_skip_tracking":false,"_exactmetrics_sitenote_active":false,"_exactmetrics_sitenote_note":"","_exactmetrics_sitenote_category":0,"_jetpack_memberships_contains_paid_content":false,"footnotes":""},"categories":[585,29],"tags":[625,628,130,626,684],"class_list":["post-14821","post","type-post","status-publish","format-standard","has-post-thumbnail","hentry","category-estudiantes","category-noticias","tag-coronavirus","tag-covid-19","tag-estudiantes","tag-pandemia","tag-vacunacion"],"aioseo_notices":[],"jetpack_featured_media_url":"https:\/\/soy.usac.edu.gt\/wp-content\/uploads\/2021\/07\/ESTUDIANTES-CON-MASCARILLA-FRENTE-A-RECTORIA.jpeg","views":"","jetpack-related-posts":[{"id":14734,"url":"https:\/\/soy.usac.edu.gt\/?p=14734","url_meta":{"origin":14821,"position":0},"title":"USAC coordina vacunaci\u00f3n de estudiantes, trabajadores administrativos y de servicios","author":"Divisi\u00f3n de Publicidad","date":"21 julio, 2021","format":false,"excerpt":"Ante el anuncio por parte del Gobierno sobre la apertura para la vacunaci\u00f3n de todos los miembros de las universidades del pa\u00eds, a la comunidad universitaria,","rel":"","context":"En \u00abNoticias\u00bb","block_context":{"text":"Noticias","link":"https:\/\/soy.usac.edu.gt\/?cat=29"},"img":{"alt_text":"","src":"https:\/\/i0.wp.com\/soy.usac.edu.gt\/wp-content\/uploads\/2021\/02\/COMUNICADO-IMAGEN-WEB.jpeg?resize=350%2C200&ssl=1","width":350,"height":200,"srcset":"https:\/\/i0.wp.com\/soy.usac.edu.gt\/wp-content\/uploads\/2021\/02\/COMUNICADO-IMAGEN-WEB.jpeg?resize=350%2C200&ssl=1 1x, https:\/\/i0.wp.com\/soy.usac.edu.gt\/wp-content\/uploads\/2021\/02\/COMUNICADO-IMAGEN-WEB.jpeg?resize=525%2C300&ssl=1 1.5x, https:\/\/i0.wp.com\/soy.usac.edu.gt\/wp-content\/uploads\/2021\/02\/COMUNICADO-IMAGEN-WEB.jpeg?resize=700%2C400&ssl=1 2x"},"classes":[]},{"id":14997,"url":"https:\/\/soy.usac.edu.gt\/?p=14997","url_meta":{"origin":14821,"position":1},"title":"Destaca trabajo de sancarlistas becados en puestos de vacunaci\u00f3n","author":"Divisi\u00f3n de Publicidad","date":"20 agosto, 2021","format":false,"excerpt":"\u00a0Los estudiantes desarrollan tareas de registro de datos, vacunaci\u00f3n y observaci\u00f3n en las \u00e1reas de inmunizaci\u00f3n del Campus Central.","rel":"","context":"En \u00abEstudiantes\u00bb","block_context":{"text":"Estudiantes","link":"https:\/\/soy.usac.edu.gt\/?cat=585"},"img":{"alt_text":"","src":"https:\/\/i0.wp.com\/soy.usac.edu.gt\/wp-content\/uploads\/2021\/08\/WhatsApp-Image-2021-08-20-at-10.36.35-2.jpeg?resize=350%2C200&ssl=1","width":350,"height":200,"srcset":"https:\/\/i0.wp.com\/soy.usac.edu.gt\/wp-content\/uploads\/2021\/08\/WhatsApp-Image-2021-08-20-at-10.36.35-2.jpeg?resize=350%2C200&ssl=1 1x, https:\/\/i0.wp.com\/soy.usac.edu.gt\/wp-content\/uploads\/2021\/08\/WhatsApp-Image-2021-08-20-at-10.36.35-2.jpeg?resize=525%2C300&ssl=1 1.5x, https:\/\/i0.wp.com\/soy.usac.edu.gt\/wp-content\/uploads\/2021\/08\/WhatsApp-Image-2021-08-20-at-10.36.35-2.jpeg?resize=700%2C400&ssl=1 2x, https:\/\/i0.wp.com\/soy.usac.edu.gt\/wp-content\/uploads\/2021\/08\/WhatsApp-Image-2021-08-20-at-10.36.35-2.jpeg?resize=1050%2C600&ssl=1 3x"},"classes":[]},{"id":14861,"url":"https:\/\/soy.usac.edu.gt\/?p=14861","url_meta":{"origin":14821,"position":2},"title":"Hoy se inaugur\u00f3 la vacunaci\u00f3n para estudiantes","author":"Divisi\u00f3n de Publicidad","date":"2 agosto, 2021","format":false,"excerpt":"Esta ma\u00f1ana qued\u00f3 instaurada la jornada de inmunizaci\u00f3n para los estudiantes sancarlistas, quienes acudieron desde temprano al Polideportivo.","rel":"","context":"En \u00abEstudiantes\u00bb","block_context":{"text":"Estudiantes","link":"https:\/\/soy.usac.edu.gt\/?cat=585"},"img":{"alt_text":"","src":"https:\/\/i0.wp.com\/soy.usac.edu.gt\/wp-content\/uploads\/2021\/08\/vacunacion-estudiantes-sancarlistas-web-17.jpeg?resize=350%2C200&ssl=1","width":350,"height":200,"srcset":"https:\/\/i0.wp.com\/soy.usac.edu.gt\/wp-content\/uploads\/2021\/08\/vacunacion-estudiantes-sancarlistas-web-17.jpeg?resize=350%2C200&ssl=1 1x, https:\/\/i0.wp.com\/soy.usac.edu.gt\/wp-content\/uploads\/2021\/08\/vacunacion-estudiantes-sancarlistas-web-17.jpeg?resize=525%2C300&ssl=1 1.5x, https:\/\/i0.wp.com\/soy.usac.edu.gt\/wp-content\/uploads\/2021\/08\/vacunacion-estudiantes-sancarlistas-web-17.jpeg?resize=700%2C400&ssl=1 2x, https:\/\/i0.wp.com\/soy.usac.edu.gt\/wp-content\/uploads\/2021\/08\/vacunacion-estudiantes-sancarlistas-web-17.jpeg?resize=1050%2C600&ssl=1 3x"},"classes":[]},{"id":14741,"url":"https:\/\/soy.usac.edu.gt\/?p=14741","url_meta":{"origin":14821,"position":3},"title":"El rector en funciones brind\u00f3 detalles sobre el proceso de vacunaci\u00f3n para estudiantes sancarlistas","author":"Divisi\u00f3n de Publicidad","date":"22 julio, 2021","format":false,"excerpt":"El M. A. Pablo Ernesto Oliva Soto explic\u00f3 c\u00f3mo se llevar\u00e1 a cabo la inmunizaci\u00f3n de estudiantes, trabajadores administrativos y de servicios.","rel":"","context":"En \u00abEstudiantes\u00bb","block_context":{"text":"Estudiantes","link":"https:\/\/soy.usac.edu.gt\/?cat=585"},"img":{"alt_text":"","src":"https:\/\/i0.wp.com\/soy.usac.edu.gt\/wp-content\/uploads\/2021\/07\/RECTOR-PABLO-OLIVA-SOTO-WEB.jpeg?resize=350%2C200&ssl=1","width":350,"height":200,"srcset":"https:\/\/i0.wp.com\/soy.usac.edu.gt\/wp-content\/uploads\/2021\/07\/RECTOR-PABLO-OLIVA-SOTO-WEB.jpeg?resize=350%2C200&ssl=1 1x, https:\/\/i0.wp.com\/soy.usac.edu.gt\/wp-content\/uploads\/2021\/07\/RECTOR-PABLO-OLIVA-SOTO-WEB.jpeg?resize=525%2C300&ssl=1 1.5x, https:\/\/i0.wp.com\/soy.usac.edu.gt\/wp-content\/uploads\/2021\/07\/RECTOR-PABLO-OLIVA-SOTO-WEB.jpeg?resize=700%2C400&ssl=1 2x, https:\/\/i0.wp.com\/soy.usac.edu.gt\/wp-content\/uploads\/2021\/07\/RECTOR-PABLO-OLIVA-SOTO-WEB.jpeg?resize=1050%2C600&ssl=1 3x"},"classes":[]},{"id":15018,"url":"https:\/\/soy.usac.edu.gt\/?p=15018","url_meta":{"origin":14821,"position":4},"title":"Conoce el calendario de vacunaci\u00f3n de segunda dosis para estudiantes de la USAC","author":"Divisi\u00f3n de Publicidad","date":"27 agosto, 2021","format":false,"excerpt":"Conoce ac\u00e1 el calendario oficial de vacunaci\u00f3n de segunda dosis de estudiantes sancarlistas.\u00a0","rel":"","context":"En \u00abEstudiantes\u00bb","block_context":{"text":"Estudiantes","link":"https:\/\/soy.usac.edu.gt\/?cat=585"},"img":{"alt_text":"","src":"https:\/\/i0.wp.com\/soy.usac.edu.gt\/wp-content\/uploads\/2021\/08\/vacunacion-estudiantes-sancarlistas-web-26.jpeg?resize=350%2C200&ssl=1","width":350,"height":200,"srcset":"https:\/\/i0.wp.com\/soy.usac.edu.gt\/wp-content\/uploads\/2021\/08\/vacunacion-estudiantes-sancarlistas-web-26.jpeg?resize=350%2C200&ssl=1 1x, https:\/\/i0.wp.com\/soy.usac.edu.gt\/wp-content\/uploads\/2021\/08\/vacunacion-estudiantes-sancarlistas-web-26.jpeg?resize=525%2C300&ssl=1 1.5x, https:\/\/i0.wp.com\/soy.usac.edu.gt\/wp-content\/uploads\/2021\/08\/vacunacion-estudiantes-sancarlistas-web-26.jpeg?resize=700%2C400&ssl=1 2x, https:\/\/i0.wp.com\/soy.usac.edu.gt\/wp-content\/uploads\/2021\/08\/vacunacion-estudiantes-sancarlistas-web-26.jpeg?resize=1050%2C600&ssl=1 3x"},"classes":[]},{"id":14771,"url":"https:\/\/soy.usac.edu.gt\/?p=14771","url_meta":{"origin":14821,"position":5},"title":"Conoce la programaci\u00f3n de vacunaci\u00f3n al personal administrativo y de servicios del Campus Central","author":"Divisi\u00f3n de Publicidad","date":"23 julio, 2021","format":false,"excerpt":"Conoce la fecha de vacunaci\u00f3n de tu unidad acad\u00e9mica.","rel":"","context":"En \u00abSin categor\u00eda\u00bb","block_context":{"text":"Sin categor\u00eda","link":"https:\/\/soy.usac.edu.gt\/?cat=1"},"img":{"alt_text":"","src":"https:\/\/i0.wp.com\/soy.usac.edu.gt\/wp-content\/uploads\/2021\/02\/COMUNICADO-IMAGEN-WEB.jpeg?resize=350%2C200&ssl=1","width":350,"height":200,"srcset":"https:\/\/i0.wp.com\/soy.usac.edu.gt\/wp-content\/uploads\/2021\/02\/COMUNICADO-IMAGEN-WEB.jpeg?resize=350%2C200&ssl=1 1x, https:\/\/i0.wp.com\/soy.usac.edu.gt\/wp-content\/uploads\/2021\/02\/COMUNICADO-IMAGEN-WEB.jpeg?resize=525%2C300&ssl=1 1.5x, https:\/\/i0.wp.com\/soy.usac.edu.gt\/wp-content\/uploads\/2021\/02\/COMUNICADO-IMAGEN-WEB.jpeg?resize=700%2C400&ssl=1 2x"},"classes":[]}],"jetpack_sharing_enabled":true,"_links":{"self":[{"href":"https:\/\/soy.usac.edu.gt\/index.php?rest_route=\/wp\/v2\/posts\/14821","targetHints":{"allow":["GET"]}}],"collection":[{"href":"https:\/\/soy.usac.edu.gt\/index.php?rest_route=\/wp\/v2\/posts"}],"about":[{"href":"https:\/\/soy.usac.edu.gt\/index.php?rest_route=\/wp\/v2\/types\/post"}],"author":[{"embeddable":true,"href":"https:\/\/soy.usac.edu.gt\/index.php?rest_route=\/wp\/v2\/users\/1"}],"replies":[{"embeddable":true,"href":"https:\/\/soy.usac.edu.gt\/index.php?rest_route=%2Fwp%2Fv2%2Fcomments&post=14821"}],"version-history":[{"count":8,"href":"https:\/\/soy.usac.edu.gt\/index.php?rest_route=\/wp\/v2\/posts\/14821\/revisions"}],"predecessor-version":[{"id":14832,"href":"https:\/\/soy.usac.edu.gt\/index.php?rest_route=\/wp\/v2\/posts\/14821\/revisions\/14832"}],"wp:featuredmedia":[{"embeddable":true,"href":"https:\/\/soy.usac.edu.gt\/index.php?rest_route=\/wp\/v2\/media\/14823"}],"wp:attachment":[{"href":"https:\/\/soy.usac.edu.gt\/index.php?rest_route=%2Fwp%2Fv2%2Fmedia&parent=14821"}],"wp:term":[{"taxonomy":"category","embeddable":true,"href":"https:\/\/soy.usac.edu.gt\/index.php?rest_route=%2Fwp%2Fv2%2Fcategories&post=14821"},{"taxonomy":"post_tag","embeddable":true,"href":"https:\/\/soy.usac.edu.gt\/index.php?rest_route=%2Fwp%2Fv2%2Ftags&post=14821"}],"curies":[{"name":"wp","href":"https:\/\/api.w.org\/{rel}","templated":true}]}}