{"id":14940,"date":"2021-08-06T13:07:24","date_gmt":"2021-08-06T19:07:24","guid":{"rendered":"https:\/\/soy.usac.edu.gt\/?p=14940"},"modified":"2021-08-06T13:07:27","modified_gmt":"2021-08-06T19:07:27","slug":"embajador-de-iran-visita-a-la-usac","status":"publish","type":"post","link":"https:\/\/soy.usac.edu.gt\/?p=14940","title":{"rendered":"Embajador de Ir\u00e1n visita a la USAC"},"content":{"rendered":"\n<h5 style=\"text-align: justify;\"><strong><em>El objetivo del acercamiento fue buscar colaboraci\u00f3n acad\u00e9mica entre las universidades de la Rep\u00fablica Isl\u00e1mica de Ir\u00e1n y esta casa de estudios.<\/em><\/strong><\/h5>\n<p style=\"text-align: justify;\">El se\u00f1or Alireza Ghezeli, embajador de la Rep\u00fablica Isl\u00e1mica de Ir\u00e1n en M\u00e9xico y concurrente para Guatemala, fue recibido por el M. A. Pablo Ernesto Oliva Soto, rector en funciones.<\/p>\n<p style=\"text-align: justify;\">Esta es la primera vez que la Rep\u00fablica Isl\u00e1mica de Ir\u00e1n se acerca a la USAC con fines acad\u00e9micos. Durante la conversaci\u00f3n, el embajador invit\u00f3 a la USAC a participar en el <strong>coloquio virtual \u201cPeregrinar desde casa: paradojas y retos\u201d,<\/strong>\u00a0a realizarse en febrero de 2022.<\/p>\n<p style=\"text-align: justify;\">El M. A. Oliva expres\u00f3 que ser\u00e1 un gusto presenciar, como instituci\u00f3n, la actividad y que, a trav\u00e9s de la oficina de Cooperaci\u00f3n y Relaciones Internacionales, se dar\u00e1 seguimiento para establecer vinculaci\u00f3n con las universidades de la Rep\u00fablica Isl\u00e1mica de Ir\u00e1n.<\/p>\n<p style=\"text-align: justify;\">Lo anterior permitir\u00e1 desarrollar actividades en conjunto, como intercambios, becas, investigaciones, entre otras.<\/p>\n<p style=\"text-align: justify;\">En la reuni\u00f3n estuvieron presentes la M. Sc. Olga Mar\u00eda Moscoso, coordinadora general de Cooperaci\u00f3n y Relaciones Internacionales de la USAC; y el Lic. Alejandro Herrera Rosales, primer secretario de la Subdirecci\u00f3n para Asia, \u00c1frica y Ocean\u00eda de la Direcci\u00f3n General de Relaciones Internacionales Bilaterales del Ministerio de Relaciones Exteriores de Guatemala.<\/p>\n<p style=\"text-align: justify;\"><img loading=\"lazy\" decoding=\"async\" class=\"aligncenter wp-image-14946 size-medium\" src=\"https:\/\/soy.usac.edu.gt\/wp-content\/uploads\/2021\/08\/WhatsApp-Image-2021-08-04-at-12.08.42-300x200.jpeg\" alt=\"\" width=\"300\" height=\"200\" srcset=\"https:\/\/soy.usac.edu.gt\/wp-content\/uploads\/2021\/08\/WhatsApp-Image-2021-08-04-at-12.08.42-300x200.jpeg 300w, https:\/\/soy.usac.edu.gt\/wp-content\/uploads\/2021\/08\/WhatsApp-Image-2021-08-04-at-12.08.42-1024x682.jpeg 1024w, https:\/\/soy.usac.edu.gt\/wp-content\/uploads\/2021\/08\/WhatsApp-Image-2021-08-04-at-12.08.42-768x512.jpeg 768w, https:\/\/soy.usac.edu.gt\/wp-content\/uploads\/2021\/08\/WhatsApp-Image-2021-08-04-at-12.08.42-1536x1023.jpeg 1536w, https:\/\/soy.usac.edu.gt\/wp-content\/uploads\/2021\/08\/WhatsApp-Image-2021-08-04-at-12.08.42.jpeg 1600w\" sizes=\"auto, (max-width: 300px) 100vw, 300px\" \/><\/p>\n<p>*Con informaci\u00f3n de la Coordinadora General de\u00a0<em>Cooperaci\u00f3n<\/em>\u00a0y Relaciones\u00a0<em>Internacionales<\/em>\u00a0de la Universidad de San Carlos de Guatemala.<\/p>\n<p style=\"text-align: justify;\">\u00a0<\/p>\n","protected":false},"excerpt":{"rendered":"<p>El objetivo del acercamiento fue buscar colaboraci\u00f3n acad\u00e9mica entre las universidades de la Rep\u00fablica Isl\u00e1mica de Ir\u00e1n y esta casa de estudios.<\/p>\n","protected":false},"author":1,"featured_media":14944,"comment_status":"closed","ping_status":"open","sticky":false,"template":"","format":"standard","meta":{"_exactmetrics_skip_tracking":false,"_exactmetrics_sitenote_active":false,"_exactmetrics_sitenote_note":"","_exactmetrics_sitenote_category":0,"_jetpack_memberships_contains_paid_content":false,"footnotes":""},"categories":[29],"tags":[521],"class_list":["post-14940","post","type-post","status-publish","format-standard","has-post-thumbnail","hentry","category-noticias","tag-cooperacion-internacional"],"aioseo_notices":[],"jetpack_featured_media_url":"https:\/\/soy.usac.edu.gt\/wp-content\/uploads\/2021\/08\/WhatsApp-Image-2021-08-04-at-12.08.43-1.jpeg","views":"","jetpack-related-posts":[{"id":19041,"url":"https:\/\/soy.usac.edu.gt\/?p=19041","url_meta":{"origin":14940,"position":0},"title":"USAC conmemora hermandad con India","author":"Divisi\u00f3n de Publicidad","date":"30 enero, 2023","format":false,"excerpt":"La universidad celebr\u00f3 junto a la embajada hind\u00fa el d\u00eda de fundaci\u00f3n de la Rep\u00fablica de este pa\u00eds.","rel":"","context":"En \u00abNoticias\u00bb","block_context":{"text":"Noticias","link":"https:\/\/soy.usac.edu.gt\/?cat=29"},"img":{"alt_text":"","src":"https:\/\/i0.wp.com\/soy.usac.edu.gt\/wp-content\/uploads\/2023\/01\/WhatsApp-Image-2023-01-30-at-13.11.04.jpeg?resize=350%2C200&ssl=1","width":350,"height":200,"srcset":"https:\/\/i0.wp.com\/soy.usac.edu.gt\/wp-content\/uploads\/2023\/01\/WhatsApp-Image-2023-01-30-at-13.11.04.jpeg?resize=350%2C200&ssl=1 1x, https:\/\/i0.wp.com\/soy.usac.edu.gt\/wp-content\/uploads\/2023\/01\/WhatsApp-Image-2023-01-30-at-13.11.04.jpeg?resize=525%2C300&ssl=1 1.5x, https:\/\/i0.wp.com\/soy.usac.edu.gt\/wp-content\/uploads\/2023\/01\/WhatsApp-Image-2023-01-30-at-13.11.04.jpeg?resize=700%2C400&ssl=1 2x, https:\/\/i0.wp.com\/soy.usac.edu.gt\/wp-content\/uploads\/2023\/01\/WhatsApp-Image-2023-01-30-at-13.11.04.jpeg?resize=1050%2C600&ssl=1 3x, https:\/\/i0.wp.com\/soy.usac.edu.gt\/wp-content\/uploads\/2023\/01\/WhatsApp-Image-2023-01-30-at-13.11.04.jpeg?resize=1400%2C800&ssl=1 4x"},"classes":[]},{"id":15405,"url":"https:\/\/soy.usac.edu.gt\/?p=15405","url_meta":{"origin":14940,"position":1},"title":"Universidad Polit\u00e9cnica de Chiapas y USAC se unen para estrechar lazos de colaboraci\u00f3n acad\u00e9mica","author":"Divisi\u00f3n de Publicidad","date":"14 octubre, 2021","format":false,"excerpt":"Ambas universidades firmaron una carta de intenci\u00f3n de colaboraci\u00f3n acad\u00e9mica.\u00a0","rel":"","context":"En \u00abNoticias\u00bb","block_context":{"text":"Noticias","link":"https:\/\/soy.usac.edu.gt\/?cat=29"},"img":{"alt_text":"","src":"https:\/\/i0.wp.com\/soy.usac.edu.gt\/wp-content\/uploads\/2021\/10\/WhatsApp-Image-2021-10-14-at-16.58.49.jpeg?resize=350%2C200&ssl=1","width":350,"height":200,"srcset":"https:\/\/i0.wp.com\/soy.usac.edu.gt\/wp-content\/uploads\/2021\/10\/WhatsApp-Image-2021-10-14-at-16.58.49.jpeg?resize=350%2C200&ssl=1 1x, https:\/\/i0.wp.com\/soy.usac.edu.gt\/wp-content\/uploads\/2021\/10\/WhatsApp-Image-2021-10-14-at-16.58.49.jpeg?resize=525%2C300&ssl=1 1.5x, https:\/\/i0.wp.com\/soy.usac.edu.gt\/wp-content\/uploads\/2021\/10\/WhatsApp-Image-2021-10-14-at-16.58.49.jpeg?resize=700%2C400&ssl=1 2x, https:\/\/i0.wp.com\/soy.usac.edu.gt\/wp-content\/uploads\/2021\/10\/WhatsApp-Image-2021-10-14-at-16.58.49.jpeg?resize=1050%2C600&ssl=1 3x"},"classes":[]},{"id":21102,"url":"https:\/\/soy.usac.edu.gt\/?p=21102","url_meta":{"origin":14940,"position":2},"title":"USAC Participa en la 123\u00aa Asamblea del CSUCA en Antigua Guatemala","author":"Mario Aguilar","date":"18 noviembre, 2024","format":false,"excerpt":"La Universidad de San Carlos de Guatemala (USAC) contin\u00faa participando activamente en la 123\u00aa Asamblea del Consejo Superior Universitario Centroamericano (CSUCA), que se lleva a cabo en la hist\u00f3rica ciudad de Antigua Guatemala. Este evento re\u00fane a rectores, autoridades acad\u00e9micas, representantes estudiantiles y expertos de universidades de Centroam\u00e9rica, Rep\u00fablica Dominicana\u2026","rel":"","context":"En \u00abSin categor\u00eda\u00bb","block_context":{"text":"Sin categor\u00eda","link":"https:\/\/soy.usac.edu.gt\/?cat=1"},"img":{"alt_text":"","src":"https:\/\/i0.wp.com\/soy.usac.edu.gt\/wp-content\/uploads\/2024\/11\/DSC_3042-1.jpg?resize=350%2C200&ssl=1","width":350,"height":200,"srcset":"https:\/\/i0.wp.com\/soy.usac.edu.gt\/wp-content\/uploads\/2024\/11\/DSC_3042-1.jpg?resize=350%2C200&ssl=1 1x, https:\/\/i0.wp.com\/soy.usac.edu.gt\/wp-content\/uploads\/2024\/11\/DSC_3042-1.jpg?resize=525%2C300&ssl=1 1.5x, https:\/\/i0.wp.com\/soy.usac.edu.gt\/wp-content\/uploads\/2024\/11\/DSC_3042-1.jpg?resize=700%2C400&ssl=1 2x, https:\/\/i0.wp.com\/soy.usac.edu.gt\/wp-content\/uploads\/2024\/11\/DSC_3042-1.jpg?resize=1050%2C600&ssl=1 3x, https:\/\/i0.wp.com\/soy.usac.edu.gt\/wp-content\/uploads\/2024\/11\/DSC_3042-1.jpg?resize=1400%2C800&ssl=1 4x"},"classes":[]},{"id":22024,"url":"https:\/\/soy.usac.edu.gt\/?p=22024","url_meta":{"origin":14940,"position":3},"title":"Inauguraci\u00f3n del Sal\u00f3n Korea Corner","author":"Divisi\u00f3n de Publicidad","date":"20 septiembre, 2025","format":false,"excerpt":"La Universidad de San Carlos de Guatemala, en conjunto con la Embajada de la Rep\u00fablica de Corea, celebr\u00f3 la inauguraci\u00f3n del Sal\u00f3n Korea Corner en el edificio S13 del Campus Central, un espacio que fortalecer\u00e1 los lazos culturales y acad\u00e9micos entre Corea y Guatemala. Durante el acto, el se\u00f1or Embajador\u2026","rel":"","context":"En \u00abCultura\u00bb","block_context":{"text":"Cultura","link":"https:\/\/soy.usac.edu.gt\/?cat=123"},"img":{"alt_text":"","src":"https:\/\/i0.wp.com\/soy.usac.edu.gt\/wp-content\/uploads\/2025\/09\/WhatsApp-Image-2025-09-23-at-8.28.42-AM.jpeg?resize=350%2C200&ssl=1","width":350,"height":200,"srcset":"https:\/\/i0.wp.com\/soy.usac.edu.gt\/wp-content\/uploads\/2025\/09\/WhatsApp-Image-2025-09-23-at-8.28.42-AM.jpeg?resize=350%2C200&ssl=1 1x, https:\/\/i0.wp.com\/soy.usac.edu.gt\/wp-content\/uploads\/2025\/09\/WhatsApp-Image-2025-09-23-at-8.28.42-AM.jpeg?resize=525%2C300&ssl=1 1.5x, https:\/\/i0.wp.com\/soy.usac.edu.gt\/wp-content\/uploads\/2025\/09\/WhatsApp-Image-2025-09-23-at-8.28.42-AM.jpeg?resize=700%2C400&ssl=1 2x"},"classes":[]},{"id":22587,"url":"https:\/\/soy.usac.edu.gt\/?p=22587","url_meta":{"origin":14940,"position":4},"title":"Hc\u00e9res acredita internacionalmente a la Universidad de San Carlos de Guatemala","author":"Divisi\u00f3n de Publicidad","date":"2 febrero, 2026","format":false,"excerpt":"La Universidad de San Carlos de Guatemala recibi\u00f3 la acreditaci\u00f3n internacional otorgada por el Alto Consejo de Evaluaci\u00f3n de la Investigaci\u00f3n y la Educaci\u00f3n Superior (Hc\u00e9res), cuya certificaci\u00f3n fue entregada en un acto solemne realizado en el Museo de la Universidad de San Carlos (MUSAC), en el marco de la\u2026","rel":"","context":"En \u00abActividades\u00bb","block_context":{"text":"Actividades","link":"https:\/\/soy.usac.edu.gt\/?cat=126"},"img":{"alt_text":"","src":"https:\/\/i0.wp.com\/soy.usac.edu.gt\/wp-content\/uploads\/2026\/02\/WhatsApp-Image-2026-02-09-at-12.18.27-PM-10.jpeg?resize=350%2C200&ssl=1","width":350,"height":200,"srcset":"https:\/\/i0.wp.com\/soy.usac.edu.gt\/wp-content\/uploads\/2026\/02\/WhatsApp-Image-2026-02-09-at-12.18.27-PM-10.jpeg?resize=350%2C200&ssl=1 1x, https:\/\/i0.wp.com\/soy.usac.edu.gt\/wp-content\/uploads\/2026\/02\/WhatsApp-Image-2026-02-09-at-12.18.27-PM-10.jpeg?resize=525%2C300&ssl=1 1.5x, https:\/\/i0.wp.com\/soy.usac.edu.gt\/wp-content\/uploads\/2026\/02\/WhatsApp-Image-2026-02-09-at-12.18.27-PM-10.jpeg?resize=700%2C400&ssl=1 2x, https:\/\/i0.wp.com\/soy.usac.edu.gt\/wp-content\/uploads\/2026\/02\/WhatsApp-Image-2026-02-09-at-12.18.27-PM-10.jpeg?resize=1050%2C600&ssl=1 3x, https:\/\/i0.wp.com\/soy.usac.edu.gt\/wp-content\/uploads\/2026\/02\/WhatsApp-Image-2026-02-09-at-12.18.27-PM-10.jpeg?resize=1400%2C800&ssl=1 4x"},"classes":[]},{"id":15361,"url":"https:\/\/soy.usac.edu.gt\/?p=15361","url_meta":{"origin":14940,"position":5},"title":"Fortaleciendo la alfabetizaci\u00f3n en el pa\u00eds","author":"Divisi\u00f3n de Publicidad","date":"4 octubre, 2021","format":false,"excerpt":"Este d\u00eda se llev\u00f3 a cabo la firma del Convenio Marco de Cooperaci\u00f3n para el Fortalecimiento Institucional entre el Comit\u00e9 Nacional de Alfabetizaci\u00f3n (CONALFA) y la Universidad de San Carlos de Guatemala (USAC).\u00a0","rel":"","context":"En \u00abNoticias\u00bb","block_context":{"text":"Noticias","link":"https:\/\/soy.usac.edu.gt\/?cat=29"},"img":{"alt_text":"","src":"https:\/\/i0.wp.com\/soy.usac.edu.gt\/wp-content\/uploads\/2021\/10\/1-scaled.jpg?resize=350%2C200&ssl=1","width":350,"height":200,"srcset":"https:\/\/i0.wp.com\/soy.usac.edu.gt\/wp-content\/uploads\/2021\/10\/1-scaled.jpg?resize=350%2C200&ssl=1 1x, https:\/\/i0.wp.com\/soy.usac.edu.gt\/wp-content\/uploads\/2021\/10\/1-scaled.jpg?resize=525%2C300&ssl=1 1.5x, https:\/\/i0.wp.com\/soy.usac.edu.gt\/wp-content\/uploads\/2021\/10\/1-scaled.jpg?resize=700%2C400&ssl=1 2x, https:\/\/i0.wp.com\/soy.usac.edu.gt\/wp-content\/uploads\/2021\/10\/1-scaled.jpg?resize=1050%2C600&ssl=1 3x, https:\/\/i0.wp.com\/soy.usac.edu.gt\/wp-content\/uploads\/2021\/10\/1-scaled.jpg?resize=1400%2C800&ssl=1 4x"},"classes":[]}],"jetpack_sharing_enabled":true,"_links":{"self":[{"href":"https:\/\/soy.usac.edu.gt\/index.php?rest_route=\/wp\/v2\/posts\/14940","targetHints":{"allow":["GET"]}}],"collection":[{"href":"https:\/\/soy.usac.edu.gt\/index.php?rest_route=\/wp\/v2\/posts"}],"about":[{"href":"https:\/\/soy.usac.edu.gt\/index.php?rest_route=\/wp\/v2\/types\/post"}],"author":[{"embeddable":true,"href":"https:\/\/soy.usac.edu.gt\/index.php?rest_route=\/wp\/v2\/users\/1"}],"replies":[{"embeddable":true,"href":"https:\/\/soy.usac.edu.gt\/index.php?rest_route=%2Fwp%2Fv2%2Fcomments&post=14940"}],"version-history":[{"count":1,"href":"https:\/\/soy.usac.edu.gt\/index.php?rest_route=\/wp\/v2\/posts\/14940\/revisions"}],"predecessor-version":[{"id":14947,"href":"https:\/\/soy.usac.edu.gt\/index.php?rest_route=\/wp\/v2\/posts\/14940\/revisions\/14947"}],"wp:featuredmedia":[{"embeddable":true,"href":"https:\/\/soy.usac.edu.gt\/index.php?rest_route=\/wp\/v2\/media\/14944"}],"wp:attachment":[{"href":"https:\/\/soy.usac.edu.gt\/index.php?rest_route=%2Fwp%2Fv2%2Fmedia&parent=14940"}],"wp:term":[{"taxonomy":"category","embeddable":true,"href":"https:\/\/soy.usac.edu.gt\/index.php?rest_route=%2Fwp%2Fv2%2Fcategories&post=14940"},{"taxonomy":"post_tag","embeddable":true,"href":"https:\/\/soy.usac.edu.gt\/index.php?rest_route=%2Fwp%2Fv2%2Ftags&post=14940"}],"curies":[{"name":"wp","href":"https:\/\/api.w.org\/{rel}","templated":true}]}}