{"id":15283,"date":"2021-10-01T16:19:12","date_gmt":"2021-10-01T22:19:12","guid":{"rendered":"https:\/\/soy.usac.edu.gt\/?p=15283"},"modified":"2021-10-01T16:27:38","modified_gmt":"2021-10-01T22:27:38","slug":"participa-en-el-quinto-festival-de-becas","status":"publish","type":"post","link":"https:\/\/soy.usac.edu.gt\/?p=15283","title":{"rendered":"Participa en el Quinto Festival de Becas"},"content":{"rendered":"\n<h5><em><strong>La Coordinadora de Cooperaci\u00f3n y Relaciones Internacionales de la USAC abrir\u00e1 un espacio virtual para los interesados en estudiar en el extranjero.<\/strong><\/em><\/h5>\n<p><strong>Fotos de Elio Morales<\/strong><\/p>\n<p style=\"text-align: justify;\"><span style=\"font-weight: 400;\">La actividad se realiza con el objetivo de vincular las oportunidades becarias en el exterior a trav\u00e9s de distintas embajadas acreditadas en Guatemala. La edici\u00f3n 2021 se llevar\u00e1 a cabo de forma virtual el 14 y 15 de octubre a partir de las 9:00 de ma\u00f1ana ambos d\u00edas. Podr\u00e1s seguir la transmisi\u00f3n del evento en el enlace https:\/\/www.facebook.com\/usacri<\/span><\/p>\n<p style=\"text-align: justify;\"><span style=\"font-weight: 400;\">El festival estar\u00e1 dirigido a estudiantes de la USAC y egresados, pero adem\u00e1s pueden participar personas de universidades privadas y la poblaci\u00f3n en general. En este espacio virtual los aspirantes podr\u00e1n solventar todas las dudas sobre los procesos de aplicaci\u00f3n a estudios en el extranjero.<\/span><\/p>\n<h5 style=\"text-align: justify;\"><strong>Actividades<\/strong><\/h5>\n<p style=\"text-align: justify;\"><span style=\"font-weight: 400;\">Los dos d\u00edas se tendr\u00e1n diferentes conferencias, talleres, charlas informativas y otras actividades, adem\u00e1s, se contar\u00e1 con la presencia de invitados internacionales. A todos los que se conecten y participen se les otorgar\u00e1 un diploma.<\/span><\/p>\n<p style=\"text-align: justify;\"><span style=\"font-weight: 400;\">Se espera que distintos pa\u00edses cooperantes presenten su oferta acad\u00e9mica a los guatemaltecos. Para el 14 de octubre est\u00e1 contemplada la participaci\u00f3n de Israel, China-Taiw\u00e1n, India, Francia, Espa\u00f1a, Reino Unido y Alemania. Asimismo, SEGEPLAN dar\u00e1 a conocer sus opciones becarias.<\/span><\/p>\n<p style=\"text-align: justify;\"><span style=\"font-weight: 400;\">El d\u00eda 15 se estima la participaci\u00f3n de pa\u00edses como Brasil, Estados Unidos, M\u00e9xico, Costa Rica y la Uni\u00f3n Europea.<\/span><\/p>\n<div id=\"metaslider-id-15290\" style=\"width: 100%;\" class=\"ml-slider-3-106-0 metaslider metaslider-flex metaslider-15290 ml-slider has-dots-nav ms-theme-default\" role=\"region\" aria-label=\"festival de becas\" data-height=\"853\" data-width=\"1280\">\n    <div id=\"metaslider_container_15290\">\n        <div id=\"metaslider_15290\">\n            <ul class='slides'>\n                <li style=\"display: block; width: 100%;\" class=\"slide-15291 ms-image \" aria-roledescription=\"slide\" data-date=\"2021-10-01 16:16:56\" data-filename=\"becas-5.jpeg\" data-slide-type=\"image\"><img loading=\"lazy\" decoding=\"async\" src=\"https:\/\/soy.usac.edu.gt\/wp-content\/uploads\/2021\/10\/becas-5.jpeg\" height=\"853\" width=\"1280\" alt=\"\" class=\"slider-15290 slide-15291 msDefaultImage\" title=\"becas 5\" \/><\/li>\n                <li style=\"display: none; width: 100%;\" class=\"slide-15292 ms-image \" aria-roledescription=\"slide\" data-date=\"2021-10-01 16:16:56\" data-filename=\"becas-2.jpeg\" data-slide-type=\"image\"><img loading=\"lazy\" decoding=\"async\" src=\"https:\/\/soy.usac.edu.gt\/wp-content\/uploads\/2021\/10\/becas-2.jpeg\" height=\"853\" width=\"1280\" alt=\"\" class=\"slider-15290 slide-15292 msDefaultImage\" title=\"becas 2\" \/><\/li>\n                <li style=\"display: none; width: 100%;\" class=\"slide-15293 ms-image \" aria-roledescription=\"slide\" data-date=\"2021-10-01 16:16:56\" data-filename=\"becas-3.jpeg\" data-slide-type=\"image\"><img loading=\"lazy\" decoding=\"async\" src=\"https:\/\/soy.usac.edu.gt\/wp-content\/uploads\/2021\/10\/becas-3.jpeg\" height=\"853\" width=\"1280\" alt=\"\" class=\"slider-15290 slide-15293 msDefaultImage\" title=\"becas 3\" \/><\/li>\n                <li style=\"display: none; width: 100%;\" class=\"slide-15294 ms-image \" aria-roledescription=\"slide\" data-date=\"2021-10-01 16:16:56\" data-filename=\"becas-4-853x568.jpeg\" data-slide-type=\"image\"><img loading=\"lazy\" decoding=\"async\" src=\"https:\/\/soy.usac.edu.gt\/wp-content\/uploads\/2021\/10\/becas-4-853x568.jpeg\" height=\"853\" width=\"1280\" alt=\"\" class=\"slider-15290 slide-15294 msDefaultImage\" title=\"becas 4\" \/><\/li>\n            <\/ul>\n        <\/div>\n        \n    <\/div>\n<\/div>\n<h5 style=\"text-align: justify;\"><em><strong>Informaci\u00f3n general<\/strong><\/em><\/h5>\n<p style=\"text-align: justify;\"><span style=\"font-weight: 400;\">Fecha: 14 y 15 de octubre.<\/span><\/p>\n<p style=\"text-align: justify;\"><span style=\"font-weight: 400;\">Hora de inicio y final: de 9:00 a 18:00, ambos d\u00edas.<\/span><\/p>\n<p style=\"text-align: justify;\"><span style=\"font-weight: 400;\">Modalidad: virtual, <strong><span style=\"color: #3366ff;\"><a style=\"color: #3366ff;\" href=\"https:\/\/www.facebook.com\/usacri\">https:\/\/www.facebook.com\/usacri<\/a><\/span><\/strong><\/span><\/p>\n<p style=\"text-align: justify;\"><span style=\"font-weight: 400;\">Costo: gratuito.<\/span><\/p>\n<p style=\"text-align: justify;\"><span style=\"font-weight: 400;\">Tel\u00e9fono de contacto: 2418-8000, ext. 81157.<\/span><\/p>\n<p style=\"text-align: justify;\"><span style=\"font-weight: 400;\">Correo: <\/span><a href=\"mailto:usac.correo@yahoo.com\"><span style=\"font-weight: 400;\">usac.correo@yahoo.com<\/span><\/a><\/p>\n<p style=\"text-align: justify;\">\u00a0<\/p>\n<p style=\"text-align: justify;\"><span style=\"font-weight: 400;\"><br \/><br \/><\/span><\/p>\n","protected":false},"excerpt":{"rendered":"<p>La Coordinadora de Cooperaci\u00f3n y Relaciones Internacionales de la USAC abrir\u00e1 un espacio virtual para los interesados en estudiar en el extranjero.<\/p>\n","protected":false},"author":14,"featured_media":15287,"comment_status":"closed","ping_status":"open","sticky":false,"template":"","format":"standard","meta":{"_exactmetrics_skip_tracking":false,"_exactmetrics_sitenote_active":false,"_exactmetrics_sitenote_note":"","_exactmetrics_sitenote_category":0,"_jetpack_memberships_contains_paid_content":false,"footnotes":""},"categories":[127,585,29],"tags":[],"class_list":["post-15283","post","type-post","status-publish","format-standard","has-post-thumbnail","hentry","category-becas-y-convocatorias","category-estudiantes","category-noticias"],"aioseo_notices":[],"jetpack_featured_media_url":"https:\/\/soy.usac.edu.gt\/wp-content\/uploads\/2021\/10\/becas-1.jpeg","views":"","jetpack-related-posts":[{"id":12289,"url":"https:\/\/soy.usac.edu.gt\/?p=12289","url_meta":{"origin":15283,"position":0},"title":"Conoce las opciones de estudio en el extranjero","author":"Divisi\u00f3n de Publicidad","date":"8 septiembre, 2020","format":false,"excerpt":"Del 10 al 12 de septiembre se llevar\u00e1 a cabo el Festival de Becas Internacional","rel":"","context":"En \u00abBecas y convocatorias\u00bb","block_context":{"text":"Becas y convocatorias","link":"https:\/\/soy.usac.edu.gt\/?cat=233"},"img":{"alt_text":"","src":"https:\/\/i0.wp.com\/soy.usac.edu.gt\/wp-content\/uploads\/2020\/09\/pag-9-becas2.jpg?resize=350%2C200&ssl=1","width":350,"height":200,"srcset":"https:\/\/i0.wp.com\/soy.usac.edu.gt\/wp-content\/uploads\/2020\/09\/pag-9-becas2.jpg?resize=350%2C200&ssl=1 1x, https:\/\/i0.wp.com\/soy.usac.edu.gt\/wp-content\/uploads\/2020\/09\/pag-9-becas2.jpg?resize=525%2C300&ssl=1 1.5x, https:\/\/i0.wp.com\/soy.usac.edu.gt\/wp-content\/uploads\/2020\/09\/pag-9-becas2.jpg?resize=700%2C400&ssl=1 2x"},"classes":[]},{"id":8826,"url":"https:\/\/soy.usac.edu.gt\/?p=8826","url_meta":{"origin":15283,"position":1},"title":"Festival de Becas, una oportunidad para crecer","author":"Divisi\u00f3n de Publicidad","date":"12 octubre, 2019","format":false,"excerpt":"El Festival de Becas ser\u00e1 una actividad importante para toda la poblaci\u00f3n estudiantil guatemalteca, por todas las oportunidades de estudio que brindar\u00e1n las embajadas acreditadas en el pa\u00eds y distintas instituciones.","rel":"","context":"En \u00abBecas y Convocatorias\u00bb","block_context":{"text":"Becas y Convocatorias","link":"https:\/\/soy.usac.edu.gt\/?cat=127"},"img":{"alt_text":"","src":"https:\/\/i0.wp.com\/soy.usac.edu.gt\/wp-content\/uploads\/2019\/10\/feria-de-becas-dos.jpeg?resize=350%2C200&ssl=1","width":350,"height":200,"srcset":"https:\/\/i0.wp.com\/soy.usac.edu.gt\/wp-content\/uploads\/2019\/10\/feria-de-becas-dos.jpeg?resize=350%2C200&ssl=1 1x, https:\/\/i0.wp.com\/soy.usac.edu.gt\/wp-content\/uploads\/2019\/10\/feria-de-becas-dos.jpeg?resize=525%2C300&ssl=1 1.5x, https:\/\/i0.wp.com\/soy.usac.edu.gt\/wp-content\/uploads\/2019\/10\/feria-de-becas-dos.jpeg?resize=700%2C400&ssl=1 2x, https:\/\/i0.wp.com\/soy.usac.edu.gt\/wp-content\/uploads\/2019\/10\/feria-de-becas-dos.jpeg?resize=1050%2C600&ssl=1 3x"},"classes":[]},{"id":15273,"url":"https:\/\/soy.usac.edu.gt\/?p=15273","url_meta":{"origin":15283,"position":2},"title":"Edici\u00f3n No. 307 del Peri\u00f3dico de la USAC","author":"Divisi\u00f3n de Publicidad","date":"30 septiembre, 2021","format":false,"excerpt":"Conoce lo m\u00e1s reciente del acontecer universitario.","rel":"","context":"En \u00abNoticias\u00bb","block_context":{"text":"Noticias","link":"https:\/\/soy.usac.edu.gt\/?cat=29"},"img":{"alt_text":"","src":"https:\/\/i0.wp.com\/soy.usac.edu.gt\/wp-content\/uploads\/2021\/09\/portada-epsum.jpeg?resize=350%2C200&ssl=1","width":350,"height":200,"srcset":"https:\/\/i0.wp.com\/soy.usac.edu.gt\/wp-content\/uploads\/2021\/09\/portada-epsum.jpeg?resize=350%2C200&ssl=1 1x, https:\/\/i0.wp.com\/soy.usac.edu.gt\/wp-content\/uploads\/2021\/09\/portada-epsum.jpeg?resize=525%2C300&ssl=1 1.5x, https:\/\/i0.wp.com\/soy.usac.edu.gt\/wp-content\/uploads\/2021\/09\/portada-epsum.jpeg?resize=700%2C400&ssl=1 2x, https:\/\/i0.wp.com\/soy.usac.edu.gt\/wp-content\/uploads\/2021\/09\/portada-epsum.jpeg?resize=1050%2C600&ssl=1 3x, https:\/\/i0.wp.com\/soy.usac.edu.gt\/wp-content\/uploads\/2021\/09\/portada-epsum.jpeg?resize=1400%2C800&ssl=1 4x"},"classes":[]},{"id":12275,"url":"https:\/\/soy.usac.edu.gt\/?p=12275","url_meta":{"origin":15283,"position":3},"title":"Edici\u00f3n No. 295 del Peri\u00f3dico de la USAC","author":"Divisi\u00f3n de Publicidad","date":"8 septiembre, 2020","format":false,"excerpt":"En esta edici\u00f3n podr\u00e1s leer: Usac entrega c\u00e1nulas de alto flujo a 10 hospitales p\u00fablicos, comisi\u00f3n desarrolla prueba sangu\u00ednea para detectar Covid-19, se realizar\u00e1 feria virtual de becas en el extranjero.\u00a0","rel":"","context":"En \u00abNoticias\u00bb","block_context":{"text":"Noticias","link":"https:\/\/soy.usac.edu.gt\/?cat=29"},"img":{"alt_text":"","src":"https:\/\/i0.wp.com\/soy.usac.edu.gt\/wp-content\/uploads\/2020\/09\/portadaroosevelt.jpg?resize=350%2C200&ssl=1","width":350,"height":200,"srcset":"https:\/\/i0.wp.com\/soy.usac.edu.gt\/wp-content\/uploads\/2020\/09\/portadaroosevelt.jpg?resize=350%2C200&ssl=1 1x, https:\/\/i0.wp.com\/soy.usac.edu.gt\/wp-content\/uploads\/2020\/09\/portadaroosevelt.jpg?resize=525%2C300&ssl=1 1.5x, https:\/\/i0.wp.com\/soy.usac.edu.gt\/wp-content\/uploads\/2020\/09\/portadaroosevelt.jpg?resize=700%2C400&ssl=1 2x"},"classes":[]},{"id":10374,"url":"https:\/\/soy.usac.edu.gt\/?p=10374","url_meta":{"origin":15283,"position":4},"title":"USAC abre oportunidades de carreras totalmente en l\u00ednea\u00a0","author":"Edwin Medina","date":"22 enero, 2020","format":false,"excerpt":"USAC ha firmado una adenda al convenio de cooperaci\u00f3n con la\u00a0 Universidad Internacional de La Rioja de Espa\u00f1a (UNIR) para ofrecer\u00a0 oportunidades de becas internacionales totalmente en l\u00ednea.","rel":"","context":"En \u00abEstudiantes\u00bb","block_context":{"text":"Estudiantes","link":"https:\/\/soy.usac.edu.gt\/?cat=585"},"img":{"alt_text":"","src":"https:\/\/i0.wp.com\/soy.usac.edu.gt\/wp-content\/uploads\/2020\/01\/IMG_3520.jpg?resize=350%2C200&ssl=1","width":350,"height":200,"srcset":"https:\/\/i0.wp.com\/soy.usac.edu.gt\/wp-content\/uploads\/2020\/01\/IMG_3520.jpg?resize=350%2C200&ssl=1 1x, https:\/\/i0.wp.com\/soy.usac.edu.gt\/wp-content\/uploads\/2020\/01\/IMG_3520.jpg?resize=525%2C300&ssl=1 1.5x, https:\/\/i0.wp.com\/soy.usac.edu.gt\/wp-content\/uploads\/2020\/01\/IMG_3520.jpg?resize=700%2C400&ssl=1 2x, https:\/\/i0.wp.com\/soy.usac.edu.gt\/wp-content\/uploads\/2020\/01\/IMG_3520.jpg?resize=1050%2C600&ssl=1 3x, https:\/\/i0.wp.com\/soy.usac.edu.gt\/wp-content\/uploads\/2020\/01\/IMG_3520.jpg?resize=1400%2C800&ssl=1 4x"},"classes":[]},{"id":13806,"url":"https:\/\/soy.usac.edu.gt\/?p=13806","url_meta":{"origin":15283,"position":5},"title":"La reinvenci\u00f3n del emprendimiento","author":"Divisi\u00f3n de Publicidad","date":"8 abril, 2021","format":false,"excerpt":"La pandemia est\u00e1 acelerando la digitalizaci\u00f3n de todo tipo de actividades, entre ellas, las comerciales.","rel":"","context":"En \u00abBecas y Convocatorias\u00bb","block_context":{"text":"Becas y Convocatorias","link":"https:\/\/soy.usac.edu.gt\/?cat=127"},"img":{"alt_text":"","src":"https:\/\/i0.wp.com\/soy.usac.edu.gt\/wp-content\/uploads\/2021\/04\/DSC0778-1-scaled.jpg?resize=350%2C200&ssl=1","width":350,"height":200,"srcset":"https:\/\/i0.wp.com\/soy.usac.edu.gt\/wp-content\/uploads\/2021\/04\/DSC0778-1-scaled.jpg?resize=350%2C200&ssl=1 1x, https:\/\/i0.wp.com\/soy.usac.edu.gt\/wp-content\/uploads\/2021\/04\/DSC0778-1-scaled.jpg?resize=525%2C300&ssl=1 1.5x, https:\/\/i0.wp.com\/soy.usac.edu.gt\/wp-content\/uploads\/2021\/04\/DSC0778-1-scaled.jpg?resize=700%2C400&ssl=1 2x, https:\/\/i0.wp.com\/soy.usac.edu.gt\/wp-content\/uploads\/2021\/04\/DSC0778-1-scaled.jpg?resize=1050%2C600&ssl=1 3x, https:\/\/i0.wp.com\/soy.usac.edu.gt\/wp-content\/uploads\/2021\/04\/DSC0778-1-scaled.jpg?resize=1400%2C800&ssl=1 4x"},"classes":[]}],"jetpack_sharing_enabled":true,"_links":{"self":[{"href":"https:\/\/soy.usac.edu.gt\/index.php?rest_route=\/wp\/v2\/posts\/15283","targetHints":{"allow":["GET"]}}],"collection":[{"href":"https:\/\/soy.usac.edu.gt\/index.php?rest_route=\/wp\/v2\/posts"}],"about":[{"href":"https:\/\/soy.usac.edu.gt\/index.php?rest_route=\/wp\/v2\/types\/post"}],"author":[{"embeddable":true,"href":"https:\/\/soy.usac.edu.gt\/index.php?rest_route=\/wp\/v2\/users\/14"}],"replies":[{"embeddable":true,"href":"https:\/\/soy.usac.edu.gt\/index.php?rest_route=%2Fwp%2Fv2%2Fcomments&post=15283"}],"version-history":[{"count":2,"href":"https:\/\/soy.usac.edu.gt\/index.php?rest_route=\/wp\/v2\/posts\/15283\/revisions"}],"predecessor-version":[{"id":15295,"href":"https:\/\/soy.usac.edu.gt\/index.php?rest_route=\/wp\/v2\/posts\/15283\/revisions\/15295"}],"wp:featuredmedia":[{"embeddable":true,"href":"https:\/\/soy.usac.edu.gt\/index.php?rest_route=\/wp\/v2\/media\/15287"}],"wp:attachment":[{"href":"https:\/\/soy.usac.edu.gt\/index.php?rest_route=%2Fwp%2Fv2%2Fmedia&parent=15283"}],"wp:term":[{"taxonomy":"category","embeddable":true,"href":"https:\/\/soy.usac.edu.gt\/index.php?rest_route=%2Fwp%2Fv2%2Fcategories&post=15283"},{"taxonomy":"post_tag","embeddable":true,"href":"https:\/\/soy.usac.edu.gt\/index.php?rest_route=%2Fwp%2Fv2%2Ftags&post=15283"}],"curies":[{"name":"wp","href":"https:\/\/api.w.org\/{rel}","templated":true}]}}