{"id":15312,"date":"2021-10-04T09:55:03","date_gmt":"2021-10-04T15:55:03","guid":{"rendered":"https:\/\/soy.usac.edu.gt\/?p=15312"},"modified":"2021-10-12T11:07:59","modified_gmt":"2021-10-12T17:07:59","slug":"los-jaguares-corren-peligro-de-extincion-en-el-pais","status":"publish","type":"post","link":"https:\/\/soy.usac.edu.gt\/?p=15312","title":{"rendered":"Los jaguares corren peligro de extinci\u00f3n en el pa\u00eds"},"content":{"rendered":"\n<h5 style=\"text-align: justify;\"><em><strong>La USAC llev\u00f3 a cabo un estudio para establecer la situaci\u00f3n de las poblaciones de Panthera onca en el Biotopo Naacht\u00fan.<\/strong><\/em><\/h5>\n<p style=\"text-align: justify;\"><strong>Foto de USAC\/CECON-Fundaeco-CONAP-Global Conservation<\/strong><\/p>\n<p style=\"text-align: justify;\"><span style=\"font-weight: 400;\">En la cultura maya al jaguar se le conoce como Balaam, un s\u00edmbolo de poder. Las personas que utilizaban vestimentas de piel de jaguar eran autoridades en la sociedad, de ello quedan vestigios en las ruinas, murales, vasijas y dem\u00e1s rastros de esta cultura mesoamericana.<\/span><\/p>\n<p style=\"text-align: justify;\"><span style=\"font-weight: 400;\">La Universidad de San Carlos de Guatemala administra siete \u00e1reas del Sistema Guatemalteco de \u00c1reas Protegidas (SIGAP) a trav\u00e9s del Centro de Estudios Conservacionistas (CECON). Cuatro de estas \u00e1reas se ubican en la Reserva de la Biosfera Maya (RBM), en el departamento de Pet\u00e9n, y constituyen el 6 % de esta reserva.<\/span><\/p>\n<p style=\"text-align: justify;\"><span style=\"font-weight: 400;\">La USAC tiene una gran responsabilidad sobre el manejo de la Reserva de la Biosfera Maya, no solo como instituci\u00f3n acad\u00e9mica que genera conocimiento para la resoluci\u00f3n de problemas nacionales, a trav\u00e9s de la investigaci\u00f3n cient\u00edfica, sino tambi\u00e9n como administradora, mediante la propuesta de modelos innovadores para la gesti\u00f3n de la diversidad biol\u00f3gica basados en el conocimiento cient\u00edfico.<\/span><\/p>\n<p style=\"text-align: justify;\"><span style=\"font-weight: 400;\">De esa cuenta, la universidad llev\u00f3 a cabo el proyecto \u201cJaguares en el coraz\u00f3n de la selva maya: Fase III\u201d, coordinado por el Lic. Manolo Jos\u00e9 Garc\u00eda Vettorazzi y avalado por el Instituto de Investigaciones Qu\u00edmicas y Biol\u00f3gicas de la Facultad de Ciencias Qu\u00edmicas y Farmacia, desarrollada con el apoyo de la Direcci\u00f3n General de Investigaci\u00f3n DIGI.\u00a0<\/span><\/p>\n<p style=\"text-align: justify;\"><span style=\"font-weight: 400;\">El an\u00e1lisis compil\u00f3 405 registros de jaguares en estudios implementados en la Reserva de la Biosfera Maya por el CECON, con el apoyo de socios de 2013 a 2019, de los cuales 183 corresponden al Biotopo Protegido Naacht\u00fan Dos Lagunas, que tiene una extensi\u00f3n de 45 555 hect\u00e1reas, y el Parque Nacional Mirador R\u00edo Azul para 2019.<\/span><\/p>\n<p style=\"text-align: justify;\"><span style=\"font-weight: 400;\">La investigaci\u00f3n realiz\u00f3 un monitoreo del jaguar para conocer las tendencias poblacionales de esta especie a trav\u00e9s del tiempo. El objetivo general del proyecto fue generar insumos para el monitoreo de las poblaciones de Panthera onca, como una herramienta para el manejo de la reserva, con \u00e9nfasis en Naacht\u00fan Dos Lagunas.<\/span><\/p>\n<p style=\"text-align: justify;\"><span style=\"font-weight: 400;\">Basados en la comparaci\u00f3n del patr\u00f3n de manchas del pelaje de los jaguares fotografiados, se identificaron 42 espec\u00edmenes de Panthera onca que han sido registrados en el Biotopo Protegido Naacht\u00fan Dos Lagunas y en el Parque Nacional Mirador R\u00edo Azul por el CECON. Estos espec\u00edmenes corresponden a 11 hembras, 24 machos y 7 con sexo indeterminado, de los cuales 3 hembras y 3 machos fueron clasificados como residentes para el per\u00edodo 2013-2019.<\/span><\/p>\n<p style=\"text-align: justify;\"><span style=\"font-weight: 400;\">A trav\u00e9s de estas evaluaciones peri\u00f3dicas es posible conocer el desempe\u00f1o general del \u00e1rea protegida en funci\u00f3n de sus objetivos de conservaci\u00f3n, as\u00ed como dar directrices generales y espec\u00edficas para los programas de manejo.<\/span><\/p>\n<p style=\"text-align: justify;\"><span style=\"font-weight: 400;\">\u201cParece indicar que el biotopo tiene una alta integridad biol\u00f3gica, esto no era de esperar. Cuando uno mira el mapa, el sitio est\u00e1 ubicado en el centro de la selva maya, no solo de Guatemala, sino de M\u00e9xico, es un \u00e1rea que en cualquier direcci\u00f3n mantiene por lo menos 80 kil\u00f3metros de selva continua, por eso el estudio se llama &#8216;Los jaguares del coraz\u00f3n de la selva maya&#8217;\u201d, menciona Manolo Garc\u00eda, encargado del \u00e1rea de fauna del Centro de Datos para la Conservaci\u00f3n (CDC) del CECON y profesor-investigador de la universidad.<\/span><\/p>\n<p style=\"text-align: justify;\"><span style=\"font-weight: 400;\">Seg\u00fan expone Garc\u00eda, el Parque Nacional Mirador R\u00edo Azul, recibe visitas tur\u00edsticas alrededor de La Danta, mientras que el biotopo no tiene visitas, es un \u00e1rea completamente conservada con un alto grado de integridad ecol\u00f3gica.<\/span><\/p>\n<p>\u00a0<\/p>\n<div id=\"metaslider-id-15318\" style=\"width: 100%;\" class=\"ml-slider-3-106-0 metaslider metaslider-flex metaslider-15318 ml-slider has-dots-nav ms-theme-default\" role=\"region\" aria-label=\"JAGUARES\" data-height=\"1048\" data-width=\"2560\">\n    <div id=\"metaslider_container_15318\">\n        <div id=\"metaslider_15318\">\n            <ul class='slides'>\n                <li style=\"display: block; width: 100%;\" class=\"slide-15322 ms-image \" aria-roledescription=\"slide\" data-date=\"2021-10-04 10:58:03\" data-filename=\"Joselo-2-scaled-2560x1048.jpg\" data-slide-type=\"image\"><img loading=\"lazy\" decoding=\"async\" src=\"https:\/\/soy.usac.edu.gt\/wp-content\/uploads\/2021\/10\/Joselo-2-scaled-2560x1048.jpg\" height=\"1048\" width=\"2560\" alt=\"\" class=\"slider-15318 slide-15322 msDefaultImage\" title=\"Joselo (2)\" \/><\/li>\n                <li style=\"display: none; width: 100%;\" class=\"slide-15323 ms-image \" aria-roledescription=\"slide\" data-date=\"2021-10-04 10:58:03\" data-filename=\"Dalila-4-scaled-2560x1048.jpg\" data-slide-type=\"image\"><img loading=\"lazy\" decoding=\"async\" src=\"https:\/\/soy.usac.edu.gt\/wp-content\/uploads\/2021\/10\/Dalila-4-scaled-2560x1048.jpg\" height=\"1048\" width=\"2560\" alt=\"\" class=\"slider-15318 slide-15323 msDefaultImage\" title=\"Dalila (4)\" \/><\/li>\n                <li style=\"display: none; width: 100%;\" class=\"slide-15324 ms-image \" aria-roledescription=\"slide\" data-date=\"2021-10-04 10:58:03\" data-filename=\"Calin-Damario-18-scaled-2560x1048.jpg\" data-slide-type=\"image\"><img loading=\"lazy\" decoding=\"async\" src=\"https:\/\/soy.usac.edu.gt\/wp-content\/uploads\/2021\/10\/Calin-Damario-18-scaled-2560x1048.jpg\" height=\"1048\" width=\"2560\" alt=\"\" class=\"slider-15318 slide-15324 msDefaultImage\" title=\"Calin-Damario (18)\" \/><\/li>\n                <li style=\"display: none; width: 100%;\" class=\"slide-15327 ms-image \" aria-roledescription=\"slide\" data-date=\"2021-10-04 11:02:37\" data-filename=\"JAGUAR-1059x433.png\" data-slide-type=\"image\"><img loading=\"lazy\" decoding=\"async\" src=\"https:\/\/soy.usac.edu.gt\/wp-content\/uploads\/2021\/10\/JAGUAR-1059x433.png\" height=\"1048\" width=\"2560\" alt=\"\" class=\"slider-15318 slide-15327 msDefaultImage\" title=\"JAGUAR\" \/><\/li>\n            <\/ul>\n        <\/div>\n        \n    <\/div>\n<\/div>\n<p>\u00a0<\/p>\n<h5 style=\"text-align: justify;\"><strong>La importancia de su conservaci\u00f3n<\/strong><\/h5>\n<p style=\"text-align: justify;\"><span style=\"font-weight: 400;\">El jaguar o Panthera onca, por sus caracter\u00edsticas ecol\u00f3gicas, es el mayor depredador terrestre de la regi\u00f3n. Su grado de amenaza global es cercano a estar amenazado (NT) en la Lista Roja de la Uni\u00f3n Internacional para la Conservaci\u00f3n de la Naturaleza y, a nivel nacional, se encuentra en la categor\u00eda 2 en la Lista de Especies Amenazadas.<\/span><\/p>\n<p style=\"text-align: justify;\"><span style=\"font-weight: 400;\">Adem\u00e1s, por su importancia cultural, fue seleccionado como Elemento Natural de Conservaci\u00f3n tanto del biotopo como de la reserva, por lo que es una especie de inter\u00e9s para la USAC.<\/span><\/p>\n<p style=\"text-align: justify;\"><span style=\"font-weight: 400;\">Garc\u00eda explica que los jaguares est\u00e1n muy amenazados en el pa\u00eds. Se han extinguido en varios puntos, ya solo habitan algunas zonas, que representan las \u00e1reas protegidas, por ejemplo.<\/span><\/p>\n<p style=\"text-align: justify;\"><span style=\"font-weight: 400;\">Al igual que otras especies se extinguieron en la costa sur y en la cadena volc\u00e1nica, hab\u00eda, a mediados del siglo pasado, bastantes espec\u00edmenes. Un informe estadounidense de 1950 menciona la cacer\u00eda deportiva de jaguares en la zona mencionada.<\/span><\/p>\n<p style=\"text-align: justify;\"><span style=\"font-weight: 400;\">En Izabal quedan peque\u00f1as \u00e1reas con presencia de jaguares, as\u00ed mismo, en Alta Verapaz y la Sierra de las Minas, pero se estima que su h\u00e1bitat principal, en donde queda una selva grande y continua, es en la Reserva de la Biosfera Maya.<\/span><\/p>\n<p style=\"text-align: justify;\"><span style=\"font-weight: 400;\">Garc\u00eda comenta que los principales enemigos del jaguar en el pa\u00eds son la p\u00e9rdida del h\u00e1bitat, el mejor ejemplo de esto es la costa sur, en donde ya no queda nada de selva, todo ha sido cubierto por la ca\u00f1a de az\u00facar. En Pet\u00e9n predomina el cultivo de la palma africana y la ganader\u00eda extensiva, lo cual provoca la deforestaci\u00f3n de grandes \u00e1reas de selva.<\/span><\/p>\n<p style=\"text-align: justify;\"><span style=\"font-weight: 400;\">\u201cAdem\u00e1s, la cacer\u00eda siempre ha sido una amenaza; aunque est\u00e9 prohibida, se genera conflicto. Al no haber mucha selva, los jaguares llegan a los potreros y se comen a las vacas, entonces el finquero quiere matar al jaguar, como represalia, o para evitar m\u00e1s p\u00e9rdida de ganado\u201d, explica.<\/span><\/p>\n<h5 style=\"text-align: justify;\"><strong>Datos sobre el jaguar<\/strong><\/h5>\n<p style=\"text-align: justify;\"><span style=\"font-weight: 400;\">El jaguar o Panthera Onca es un mam\u00edfero perteneciente a la familia Felidae (gatos) del orden Carn\u00edvora, que habita desde el sur de los Estados Unidos hasta el norte de Argentina. Se considera extinto en Canad\u00e1 y el resto de los Estados Unidos, El Salvador y Uruguay.<\/span><\/p>\n<p style=\"text-align: justify;\"><span style=\"font-weight: 400;\">Es la \u00fanica especie del g\u00e9nero Panthera en todo el continente americano, es la tercera en mayor talla de todos los gatos despu\u00e9s del tigre asi\u00e1tico Panthera Tigris Linnaeus y el le\u00f3n africano Panthera leo Linnaeus.<\/span><\/p>\n<blockquote>\n<h5 style=\"text-align: justify;\"><strong>Traficantes chinos amenazan al jaguar<\/strong><\/h5>\n<p style=\"text-align: justify;\"><span style=\"font-weight: 400;\">Una investigaci\u00f3n encubierta entre 2018 y 2020 en Bolivia revel\u00f3 la magnitud del problema. Entre 2014 y comienzos de 2019 se decomisaron alrededor de 760 colmillos de la especie, seg\u00fan el proyecto Operaci\u00f3n Jaguar. El mercado chino est\u00e1 demandando colmillos y piezas de hueso de jaguar ante la casi extinta especie y los fuertes controles sobre los tigres.<\/span><\/p>\n<\/blockquote>\n<p>\u00a0<\/p>\n\n\n\n<div class=\"wp-block-buttons is-layout-flex wp-block-buttons-is-layout-flex\">\n<div class=\"wp-block-button\"><a class=\"wp-block-button__link has-vivid-cyan-blue-background-color has-background\" href=\"https:\/\/digi.usac.edu.gt\/bvirtual\/informes\/puirna\/INF-2020-03.pdf\" target=\"_blank\" rel=\"noreferrer noopener\">Descarga ac\u00e1 la investigaci\u00f3n sobre los Jaguares, desarrollada con apoyo de la DIGI<\/a><\/div>\n<\/div>\n","protected":false},"excerpt":{"rendered":"<p>La USAC llev\u00f3 a cabo un estudio para establecer la situaci\u00f3n de las poblaciones de Panthera onca en el Biotopo Naacht\u00fan.<\/p>\n","protected":false},"author":1,"featured_media":15316,"comment_status":"closed","ping_status":"open","sticky":false,"template":"","format":"standard","meta":{"_exactmetrics_skip_tracking":false,"_exactmetrics_sitenote_active":false,"_exactmetrics_sitenote_note":"","_exactmetrics_sitenote_category":0,"_jetpack_memberships_contains_paid_content":false,"footnotes":""},"categories":[122,29,150],"tags":[164,719],"class_list":["post-15312","post","type-post","status-publish","format-standard","has-post-thumbnail","hentry","category-ciencia-y-tecnologia","category-noticias","category-reportajes","tag-facultad-de-medicina-veterinaria-y-zootecnia","tag-jaguares"],"aioseo_notices":[],"jetpack_featured_media_url":"https:\/\/soy.usac.edu.gt\/wp-content\/uploads\/2021\/10\/JAGUAR.jpeg","views":"","jetpack-related-posts":[{"id":3417,"url":"https:\/\/soy.usac.edu.gt\/?p=3417","url_meta":{"origin":15312,"position":0},"title":"CECON denuncia actos de vandalismo","author":"Edwin Medina","date":"11 enero, 2019","format":false,"excerpt":"En un comunicado publicado en redes sociales el 9 de enero del a\u00f1o en curso, el Centro de Estudios Conservacionistas de la Universidad de San Carlos de Guatemala (CECON) denunci\u00f3 actos de intimidaci\u00f3n y vandalismo en su contra. Seg\u00fan se argumenta en el comunicado, personas a\u00fan no identificadas ingresaron a\u2026","rel":"","context":"En \u00abNoticias\u00bb","block_context":{"text":"Noticias","link":"https:\/\/soy.usac.edu.gt\/?cat=29"},"img":{"alt_text":"","src":"https:\/\/i0.wp.com\/soy.usac.edu.gt\/wp-content\/uploads\/2019\/01\/DSC_0017.jpg?resize=350%2C200&ssl=1","width":350,"height":200,"srcset":"https:\/\/i0.wp.com\/soy.usac.edu.gt\/wp-content\/uploads\/2019\/01\/DSC_0017.jpg?resize=350%2C200&ssl=1 1x, https:\/\/i0.wp.com\/soy.usac.edu.gt\/wp-content\/uploads\/2019\/01\/DSC_0017.jpg?resize=525%2C300&ssl=1 1.5x, https:\/\/i0.wp.com\/soy.usac.edu.gt\/wp-content\/uploads\/2019\/01\/DSC_0017.jpg?resize=700%2C400&ssl=1 2x, https:\/\/i0.wp.com\/soy.usac.edu.gt\/wp-content\/uploads\/2019\/01\/DSC_0017.jpg?resize=1050%2C600&ssl=1 3x, https:\/\/i0.wp.com\/soy.usac.edu.gt\/wp-content\/uploads\/2019\/01\/DSC_0017.jpg?resize=1400%2C800&ssl=1 4x"},"classes":[]},{"id":15273,"url":"https:\/\/soy.usac.edu.gt\/?p=15273","url_meta":{"origin":15312,"position":1},"title":"Edici\u00f3n No. 307 del Peri\u00f3dico de la USAC","author":"Divisi\u00f3n de Publicidad","date":"30 septiembre, 2021","format":false,"excerpt":"Conoce lo m\u00e1s reciente del acontecer universitario.","rel":"","context":"En \u00abNoticias\u00bb","block_context":{"text":"Noticias","link":"https:\/\/soy.usac.edu.gt\/?cat=29"},"img":{"alt_text":"","src":"https:\/\/i0.wp.com\/soy.usac.edu.gt\/wp-content\/uploads\/2021\/09\/portada-epsum.jpeg?resize=350%2C200&ssl=1","width":350,"height":200,"srcset":"https:\/\/i0.wp.com\/soy.usac.edu.gt\/wp-content\/uploads\/2021\/09\/portada-epsum.jpeg?resize=350%2C200&ssl=1 1x, https:\/\/i0.wp.com\/soy.usac.edu.gt\/wp-content\/uploads\/2021\/09\/portada-epsum.jpeg?resize=525%2C300&ssl=1 1.5x, https:\/\/i0.wp.com\/soy.usac.edu.gt\/wp-content\/uploads\/2021\/09\/portada-epsum.jpeg?resize=700%2C400&ssl=1 2x, https:\/\/i0.wp.com\/soy.usac.edu.gt\/wp-content\/uploads\/2021\/09\/portada-epsum.jpeg?resize=1050%2C600&ssl=1 3x, https:\/\/i0.wp.com\/soy.usac.edu.gt\/wp-content\/uploads\/2021\/09\/portada-epsum.jpeg?resize=1400%2C800&ssl=1 4x"},"classes":[]},{"id":18606,"url":"https:\/\/soy.usac.edu.gt\/?p=18606","url_meta":{"origin":15312,"position":2},"title":"As\u00ed se vive la liberaci\u00f3n de tortugas en Monterrico","author":"Divisi\u00f3n de Publicidad","date":"17 octubre, 2022","format":false,"excerpt":"Un grupo de 40 voluntarios sancarlistas particip\u00f3 en la limpieza de playas y liberaci\u00f3n de tortugas marinas en el Tortugario de esta casa de estudios.","rel":"","context":"En \u00abNoticias\u00bb","block_context":{"text":"Noticias","link":"https:\/\/soy.usac.edu.gt\/?cat=29"},"img":{"alt_text":"","src":"https:\/\/i0.wp.com\/soy.usac.edu.gt\/wp-content\/uploads\/2022\/10\/LIBERACION-DE-TORTUGAS-18.jpg?resize=350%2C200&ssl=1","width":350,"height":200,"srcset":"https:\/\/i0.wp.com\/soy.usac.edu.gt\/wp-content\/uploads\/2022\/10\/LIBERACION-DE-TORTUGAS-18.jpg?resize=350%2C200&ssl=1 1x, https:\/\/i0.wp.com\/soy.usac.edu.gt\/wp-content\/uploads\/2022\/10\/LIBERACION-DE-TORTUGAS-18.jpg?resize=525%2C300&ssl=1 1.5x, https:\/\/i0.wp.com\/soy.usac.edu.gt\/wp-content\/uploads\/2022\/10\/LIBERACION-DE-TORTUGAS-18.jpg?resize=700%2C400&ssl=1 2x, https:\/\/i0.wp.com\/soy.usac.edu.gt\/wp-content\/uploads\/2022\/10\/LIBERACION-DE-TORTUGAS-18.jpg?resize=1050%2C600&ssl=1 3x, https:\/\/i0.wp.com\/soy.usac.edu.gt\/wp-content\/uploads\/2022\/10\/LIBERACION-DE-TORTUGAS-18.jpg?resize=1400%2C800&ssl=1 4x"},"classes":[]},{"id":17222,"url":"https:\/\/soy.usac.edu.gt\/?p=17222","url_meta":{"origin":15312,"position":3},"title":"El Jard\u00edn Bot\u00e1nico cumplir\u00e1 100 a\u00f1os","author":"Edwin Medina","date":"29 abril, 2022","format":false,"excerpt":"El 29 de diciembre de 1922 se funda esta emblem\u00e1tica \u00e1rea verde.\u00a0 El espacio ubicado en la ciudad capital es considerado por muchos bi\u00f3logos como un pulm\u00f3n en medio de la urbe y, mediante el Decreto 27-97, fue declarado monumento nacional protegido. Sus instalaciones resguardan a m\u00e1s de 500 especies\u2026","rel":"","context":"En \u00abCiencia y Tecnolog\u00eda\u00bb","block_context":{"text":"Ciencia y Tecnolog\u00eda","link":"https:\/\/soy.usac.edu.gt\/?cat=122"},"img":{"alt_text":"","src":"https:\/\/i0.wp.com\/soy.usac.edu.gt\/wp-content\/uploads\/2022\/04\/WhatsApp-Image-2022-04-29-at-4.36.26-PM-5.jpeg?resize=350%2C200&ssl=1","width":350,"height":200,"srcset":"https:\/\/i0.wp.com\/soy.usac.edu.gt\/wp-content\/uploads\/2022\/04\/WhatsApp-Image-2022-04-29-at-4.36.26-PM-5.jpeg?resize=350%2C200&ssl=1 1x, https:\/\/i0.wp.com\/soy.usac.edu.gt\/wp-content\/uploads\/2022\/04\/WhatsApp-Image-2022-04-29-at-4.36.26-PM-5.jpeg?resize=525%2C300&ssl=1 1.5x, https:\/\/i0.wp.com\/soy.usac.edu.gt\/wp-content\/uploads\/2022\/04\/WhatsApp-Image-2022-04-29-at-4.36.26-PM-5.jpeg?resize=700%2C400&ssl=1 2x, https:\/\/i0.wp.com\/soy.usac.edu.gt\/wp-content\/uploads\/2022\/04\/WhatsApp-Image-2022-04-29-at-4.36.26-PM-5.jpeg?resize=1050%2C600&ssl=1 3x"},"classes":[]},{"id":5030,"url":"https:\/\/soy.usac.edu.gt\/?p=5030","url_meta":{"origin":15312,"position":4},"title":"Artistas sancarlistas realizan audiciones para FICCUA","author":"Divisi\u00f3n de Publicidad","date":"18 marzo, 2019","format":false,"excerpt":"El Festival Interuniversitario Centroamericano de la Cultura y el Arte (FICCUA) re\u00fane a artistas de universidades p\u00fablicas de la regi\u00f3n. \u00a0","rel":"","context":"En \u00abCultura\u00bb","block_context":{"text":"Cultura","link":"https:\/\/soy.usac.edu.gt\/?cat=97"},"img":{"alt_text":"","src":"https:\/\/i0.wp.com\/soy.usac.edu.gt\/wp-content\/uploads\/2019\/03\/PORTADA-1.jpg?resize=350%2C200&ssl=1","width":350,"height":200,"srcset":"https:\/\/i0.wp.com\/soy.usac.edu.gt\/wp-content\/uploads\/2019\/03\/PORTADA-1.jpg?resize=350%2C200&ssl=1 1x, https:\/\/i0.wp.com\/soy.usac.edu.gt\/wp-content\/uploads\/2019\/03\/PORTADA-1.jpg?resize=525%2C300&ssl=1 1.5x, https:\/\/i0.wp.com\/soy.usac.edu.gt\/wp-content\/uploads\/2019\/03\/PORTADA-1.jpg?resize=700%2C400&ssl=1 2x, https:\/\/i0.wp.com\/soy.usac.edu.gt\/wp-content\/uploads\/2019\/03\/PORTADA-1.jpg?resize=1050%2C600&ssl=1 3x, https:\/\/i0.wp.com\/soy.usac.edu.gt\/wp-content\/uploads\/2019\/03\/PORTADA-1.jpg?resize=1400%2C800&ssl=1 4x"},"classes":[]},{"id":6420,"url":"https:\/\/soy.usac.edu.gt\/?p=6420","url_meta":{"origin":15312,"position":5},"title":"Prep\u00e1rate para la aventura de Ruta Maya","author":"Divisi\u00f3n de Publicidad","date":"29 mayo, 2019","format":false,"excerpt":"Estudiantes de todas las unidades acad\u00e9micas de la Universidad de San Carlos de Guatemala fueron convocados para participar en la Ruta Maya 2019.","rel":"","context":"En \u00abCultura\u00bb","block_context":{"text":"Cultura","link":"https:\/\/soy.usac.edu.gt\/?cat=97"},"img":{"alt_text":"","src":"https:\/\/i0.wp.com\/soy.usac.edu.gt\/wp-content\/uploads\/2019\/05\/Yaxha-1.jpg?resize=350%2C200&ssl=1","width":350,"height":200,"srcset":"https:\/\/i0.wp.com\/soy.usac.edu.gt\/wp-content\/uploads\/2019\/05\/Yaxha-1.jpg?resize=350%2C200&ssl=1 1x, https:\/\/i0.wp.com\/soy.usac.edu.gt\/wp-content\/uploads\/2019\/05\/Yaxha-1.jpg?resize=525%2C300&ssl=1 1.5x, https:\/\/i0.wp.com\/soy.usac.edu.gt\/wp-content\/uploads\/2019\/05\/Yaxha-1.jpg?resize=700%2C400&ssl=1 2x"},"classes":[]}],"jetpack_sharing_enabled":true,"_links":{"self":[{"href":"https:\/\/soy.usac.edu.gt\/index.php?rest_route=\/wp\/v2\/posts\/15312","targetHints":{"allow":["GET"]}}],"collection":[{"href":"https:\/\/soy.usac.edu.gt\/index.php?rest_route=\/wp\/v2\/posts"}],"about":[{"href":"https:\/\/soy.usac.edu.gt\/index.php?rest_route=\/wp\/v2\/types\/post"}],"author":[{"embeddable":true,"href":"https:\/\/soy.usac.edu.gt\/index.php?rest_route=\/wp\/v2\/users\/1"}],"replies":[{"embeddable":true,"href":"https:\/\/soy.usac.edu.gt\/index.php?rest_route=%2Fwp%2Fv2%2Fcomments&post=15312"}],"version-history":[{"count":8,"href":"https:\/\/soy.usac.edu.gt\/index.php?rest_route=\/wp\/v2\/posts\/15312\/revisions"}],"predecessor-version":[{"id":15397,"href":"https:\/\/soy.usac.edu.gt\/index.php?rest_route=\/wp\/v2\/posts\/15312\/revisions\/15397"}],"wp:featuredmedia":[{"embeddable":true,"href":"https:\/\/soy.usac.edu.gt\/index.php?rest_route=\/wp\/v2\/media\/15316"}],"wp:attachment":[{"href":"https:\/\/soy.usac.edu.gt\/index.php?rest_route=%2Fwp%2Fv2%2Fmedia&parent=15312"}],"wp:term":[{"taxonomy":"category","embeddable":true,"href":"https:\/\/soy.usac.edu.gt\/index.php?rest_route=%2Fwp%2Fv2%2Fcategories&post=15312"},{"taxonomy":"post_tag","embeddable":true,"href":"https:\/\/soy.usac.edu.gt\/index.php?rest_route=%2Fwp%2Fv2%2Ftags&post=15312"}],"curies":[{"name":"wp","href":"https:\/\/api.w.org\/{rel}","templated":true}]}}