{"id":15378,"date":"2021-10-07T08:28:26","date_gmt":"2021-10-07T14:28:26","guid":{"rendered":"https:\/\/soy.usac.edu.gt\/?p=15378"},"modified":"2022-01-25T13:42:55","modified_gmt":"2022-01-25T19:42:55","slug":"convocatoria-a-eleccion-de-rector-de-la-usac-periodo-2022-2026","status":"publish","type":"post","link":"https:\/\/soy.usac.edu.gt\/?p=15378","title":{"rendered":"Convocatoria a elecci\u00f3n de rector de la USAC, per\u00edodo 2022-2026"},"content":{"rendered":"\n<h4 style=\"text-align: center;\"><strong>CONVOCATORIA A ELECCI\u00d3N DE RECTOR DE LA UNIVERSIDAD DE SAN CARLOS DE GUATEMALA, PER\u00cdODO 2022-2026<\/strong><\/h4>\n<h4 style=\"text-align: center;\"><strong>APROBADA EN SESI\u00d3N ORDINARIA DEL CONSEJO SUPERIOR UNIVERSITARIO ACTA No. 43\u00a0 Y PUNTO TERCERO INCISO 3.2\u00a0 DE FECHA 22 DE SEPTIEMBRE DE 2021<\/strong><\/h4>\n<h4 style=\"text-align: center;\">\u00a0<\/h4>\n<p style=\"text-align: justify;\">El Consejo Superior Universitario, en apego a lo dispuesto en los Art\u00edculos 16,17,18 y 19 de la Ley Org\u00e1nica de la Universidad de San Carlos de Guatemala, T\u00edtulo V, Cap\u00edtulo I del Estatuto de la Universidad de San Carlos de Guatemala (nacional y aut\u00f3noma), cap\u00edtulos II y III del Reglamento de Elecciones de la Universidad de San Carlos de Guatemala, as\u00ed como las disposiciones que sobre el caso establece la Ley de Colegiaci\u00f3n Profesional Obligatoria, en virtud de finalizar el per\u00edodo rectoral de cuatro a\u00f1os, 2018-2022,<\/p>\n<p style=\"text-align: center;\"><strong>ACUERDA: <\/strong><\/p>\n<p style=\"text-align: justify;\"><strong><u>PRIMERO<\/u><\/strong>: Convocar a la elecci\u00f3n de rector de la Universidad de San Carlos de Guatemala para el per\u00edodo 2022-2026, de conformidad con las normas siguientes:<\/p>\n<p style=\"text-align: justify;\"><strong>a)<\/strong> Convocar a la integraci\u00f3n del Cuerpo Electoral Universitario, a fin de que los profesores y estudiantes de las diez (10) Facultades de la Universidad, que satisfagan los requisitos legales y estatutarios; y los miembros de los catorce (14) Colegios Profesionales, que tambi\u00e9n satisfagan los requisitos legales y estatutarios, procedan a designar a sus cinco (5) electores respectivos fijando el d\u00eda mi\u00e9rcoles 23 de marzo de 2022, para la realizaci\u00f3n de dichos actos electorales. Si en las elecciones celebradas en las facultades no se obtuviere, en esta oportunidad, la mayor\u00eda requerida, se realizar\u00e1 una nueva elecci\u00f3n el d\u00eda jueves 24 de marzo de 2022, en el mismo lugar y hora, entre las dos planillas de electores que hubieren obtenido mayor n\u00famero de votos. Si en dicha oportunidad tampoco se obtuviere la mayor\u00eda requerida, una nueva elecci\u00f3n se realizar\u00e1 el d\u00eda viernes 25 de marzo de 2022 en el mismo lugar y Si en la tercera oportunidad no se obtiene la mayor\u00eda requerida, se proceder\u00e1 de conformidad con lo establecido en la legislaci\u00f3n universitaria. Si en las elecciones realizadas en los Colegios Profesionales no se obtuviere, en la primera oportunidad, la mayor\u00eda requerida, se proceder\u00e1 de conformidad con lo que la Junta Directiva y\/o Tribunal Electoral del Colegio Profesional respectivo hubiere previsto en su correspondiente convocatoria al se\u00f1alar lugar y hora de la elecci\u00f3n, conforme a la Ley de Colegiaci\u00f3n Profesional Obligatoria y el Reglamento de Elecciones o Reglamento Electoral de cada Colegio Profesional.<\/p>\n<p style=\"text-align: justify;\"><strong>b)<\/strong> Establecer para que se realice la elecci\u00f3n de Rector de la Universidad de San Carlos de Guatemala el d\u00eda mi\u00e9rcoles 27 de abril de 2022 a las diez horas en el Sal\u00f3n General Mayor del Edificio del Museo de la Universidad de San Carlos de Guatemala, ubicado en la novena avenida, nueve guion setenta y nueve de la zona uno de la Ciudad de Guatemala.\u00a0<\/p>\n<p style=\"text-align: justify;\"><strong>c)<\/strong> Las diez (10) Facultades que actualmente se encuentran organizadas conforme a las Leyes y Reglamentos de la Universidad de San Carlos de Guatemala son las siguientes:<\/p>\n<ol style=\"text-align: justify;\">\n<li>Facultad de Agronom\u00eda<\/li>\n<li>Facultad de Arquitectura<\/li>\n<li>Facultad de Ciencias Econ\u00f3micas<\/li>\n<li>Facultad de Ciencias Jur\u00eddicas y Sociales<\/li>\n<li>Facultad de Ciencias M\u00e9dicas<\/li>\n<li>Facultad de Ciencias Qu\u00edmicas y Farmacia<\/li>\n<li>Facultad de Humanidades<\/li>\n<li>Facultad de Ingenier\u00eda<\/li>\n<li>Facultad de Odontolog\u00eda<\/li>\n<li>Facultad de Medicina Veterinaria y Zootecnia.<\/li>\n<\/ol>\n<p style=\"text-align: justify;\"><strong>d)<\/strong> Los profesores de las diez (10) Facultades antes mencionadas que tienen derecho a elegir y ser electos para integrar el Cuerpo Electoral Universitario son los profesores titulares que a la fecha de la presente convocatoria tengan la designaci\u00f3n como tales por el Consejo Superior Universitario y que se encuentren colegiados<\/p>\n<p style=\"text-align: justify;\"><strong>e)<\/strong> Los estudiantes regulares que en cada una de las diez (10) Facultades anteriormente se\u00f1aladas tienen derecho a elegir y ser electos para integrar el Cuerpo Electoral Universitario, son aquellos estudiantes guatemaltecos que se encuentren inscritos en el ciclo lectivo 2022 y que hayan aprobado la totalidad de las materias del primer a\u00f1o de estudios, o de los dos primeros semestres, y en aquellas Facultades de curr\u00edculum abierto, haber aprobado el m\u00ednimo de cr\u00e9ditos equivalentes al primer a\u00f1o de estudios de la carrera<\/p>\n<p style=\"text-align: justify;\"><strong>f)<\/strong> Los Colegios Profesionales, cuyos miembros graduados o incorporados a la Universidad de San Carlos de Guatemala, colegiados activos, que tienen derecho a elegir y ser electos de conforme a las normas de la Universidad de San Carlos de Guatemala para integrar el Cuerpo Electoral Universitario, son los siguientes:<\/p>\n<ol style=\"text-align: justify;\">\n<li>Colegio de Ingenieros Agr\u00f3nomos de Guatemala<\/li>\n<li>Colegio de Arquitectos de Guatemala<\/li>\n<li>Colegio de Economistas, Contadores P\u00fablicos y Auditores y Administradores de Empresas de Guatemala<\/li>\n<li>Colegio de Abogados y Notarios de Guatemala<\/li>\n<li>Colegio de M\u00e9dicos y Cirujanos de Guatemala<\/li>\n<li>Colegio de Farmac\u00e9uticos y Qu\u00edmicos de Guatemala<\/li>\n<li>Colegio de Ingenieros de Guatemala<\/li>\n<li>Colegio de Humanidades de Guatemala<\/li>\n<li>Colegio Estomatol\u00f3gico de Guatemala<\/li>\n<li>Colegio de M\u00e9dicos Veterinarios y Zootecnistas de Guatemala<\/li>\n<li>Colegio de Ingenieros Qu\u00edmicos de Guatemala<\/li>\n<li>Colegio de Contadores P\u00fablicos y Auditores de Guatemala<\/li>\n<li>Colegio de Psic\u00f3logos de Guatemala<\/li>\n<li>Colegios de Profesionales de Enfermer\u00eda de Guatemala<\/li>\n<\/ol>\n<p style=\"text-align: justify;\"><strong>g)<\/strong> Las juntas directivas de las diez (10) Facultades ya mencionadas fijar\u00e1n lugar y hora para la elecci\u00f3n de los delegados de los profesores y estudiantes correspondientes, con un plazo de anticipaci\u00f3n no menor de un mes, tanto por los medios usuales (comunicados, volantes, entre otros) como la respectiva publicaci\u00f3n por una vez en un diario de los de mayor circulaci\u00f3n en el pa\u00eds. Estas mismas disposiciones en lo que fueren aplicables deber\u00e1n ser cumplidas por las Juntas directivas y\/o Tribunales Electorales de los Colegios Profesionales.\u00a0<\/p>\n<p style=\"text-align: justify;\"><strong>h)<\/strong> En las elecciones a las que se refiere el presente acuerdo deber\u00e1n observarse tambi\u00e9n las respectivas disposiciones contenidas en la Ley Org\u00e1nica de la Universidad de San Carlos de Guatemala, en el Estatuto de la Universidad de San Carlos de Guatemala (nacional y aut\u00f3noma) y en el Reglamento de Elecciones de la Universidad de San Carlos de Guatemala.\u00a0<\/p>\n<p style=\"text-align: justify;\"><strong>i)<\/strong> Cualquier duda o consulta que se desee formular en relaci\u00f3n con las elecciones que por este medio se convocan, debe ser presentada por escrito a la Secretar\u00eda General de la Universidad de San Carlos de Guatemala (edificio de Rector\u00eda, segundo nivel, Ciudad Universitaria, zona doce, Ciudad de Guatemala) en horario h\u00e1bil.<\/p>\n<p style=\"text-align: justify;\"><strong>j)<\/strong> El Consejo Superior Universitario dar\u00e1 la debida publicidad a la convocatoria para la elecci\u00f3n de Rector de la Universidad de San Carlos de Guatemala, comunicando con anticipaci\u00f3n, no menor de dos meses, la fecha, el lugar y la hora de la misma, tanto por los medios usuales (comunicados, volantes, entre otros) como mediante la respectiva publicaci\u00f3n por lo menos en dos de los diarios de mayor circulaci\u00f3n en el pa\u00eds y en el Diario Oficial.<\/p>\n<p style=\"text-align: justify;\"><strong><u>SEGUNDO<\/u><\/strong>: Solicitar a las Juntas Directivas de las Facultades coordinar con las Juntas Directivas y\/o Tribunales Electorales de los Colegios Profesionales, la programaci\u00f3n de las elecciones de sus respectivos cuerpos electorales, de tal forma que no existan traslapes de horarios entre dichas elecciones, debiendo darse el tiempo necesario y suficiente para que el profesor titular pueda trasladarse entre los dos centros de votaci\u00f3n asignados.<\/p>\n<p style=\"text-align: justify;\"><strong><u>TERCERO<\/u><\/strong>: Encargar a la Direcci\u00f3n de Asuntos Jur\u00eddicos la orientaci\u00f3n y atenci\u00f3n de las consultas legales planteadas por las Juntas Directivas de las Facultades y los Colegios Profesionales durante todo el proceso.<\/p>\n<p style=\"text-align: justify;\"><strong><u>CUARTO<\/u><\/strong>: En los eventos electorales los \u00f3rganos competentes deber\u00e1n velar por la debida observancia y aplicaci\u00f3n de las medidas sanitarias y de distanciamiento social para la contenci\u00f3n de la pandemia COVID-19.<\/p>\n<p style=\"text-align: justify;\"><em>\u00a0<\/em><\/p>\n<h5 style=\"text-align: center;\"><strong><em>\u201cId y ense\u00f1ad a todos\u201d<\/em><\/strong><\/h5>\n<p style=\"text-align: right;\"><strong><em>Guatemala, 7 de octubre de 2021<\/em><\/strong><\/p>\n<p>\u00a0<\/p>\n<p style=\"text-align: justify;\">\u00a0<\/p>\n\n\n\n<h2 class=\"wp-block-heading\">Convocatoria publicada en medios escritos<\/h2>\n\n\n\n<div class=\"wp-block-buttons is-layout-flex wp-block-buttons-is-layout-flex\">\n<div class=\"wp-block-button\"><a class=\"wp-block-button__link has-vivid-cyan-blue-background-color has-background\" href=\"https:\/\/soy.usac.edu.gt\/wp-content\/uploads\/2021\/10\/CONVOCATORIA-RECTOR-2022-2026.pdf\" target=\"_blank\" rel=\"noreferrer noopener\">Descarga ac\u00e1 la convocatoria<\/a><\/div>\n<\/div>\n\n\n\n<div style=\"text-align: center;\">\n<div style=\"margin: 8px 0px 4px;\"><a href=\"https:\/\/www.calameo.com\/books\/006338926c5564b072865\" target=\"_blank\" rel=\"noopener\">Convocatoria Rector 2022 2026<\/a><\/div>\n<iframe loading=\"lazy\" style=\"margin: 0 auto;\" src=\"\/\/v.calameo.com\/?bkcode=006338926c5564b072865\" width=\"300\" height=\"194\" frameborder=\"0\" scrolling=\"no\" allowfullscreen=\"allowfullscreen\"><\/iframe>\n<div style=\"margin: 4px 0px 8px;\"><a href=\"http:\/\/www.calameo.com\/\">Publish at Calameo<\/a><\/div>\n<\/div>\n","protected":false},"excerpt":{"rendered":"<p>Convocar a la integraci\u00f3n del Cuerpo Electoral Universitario, a fin de que los profesores y estudiantes de las diez (10) Facultades de la Universidad, que satisfagan los requisitos legales y estatutarios; y los miembros de los catorce (14) Colegios Profesionales, que tambi\u00e9n satisfagan los requisitos legales y estatutarios, procedan a designar a sus cinco (5) electores respectivos fijando el d\u00eda mi\u00e9rcoles 23 de marzo de 2022, para la realizaci\u00f3n de dichos actos electorales.<\/p>\n","protected":false},"author":1,"featured_media":13021,"comment_status":"closed","ping_status":"open","sticky":false,"template":"","format":"standard","meta":{"_exactmetrics_skip_tracking":false,"_exactmetrics_sitenote_active":false,"_exactmetrics_sitenote_note":"","_exactmetrics_sitenote_category":0,"_jetpack_memberships_contains_paid_content":false,"footnotes":""},"categories":[127,29,125,636],"tags":[317,329],"class_list":["post-15378","post","type-post","status-publish","format-standard","has-post-thumbnail","hentry","category-becas-y-convocatorias","category-noticias","category-opiniones","category-seccion-legal","tag-consejo-superior-universitario","tag-rector-ing-murphy-paiz"],"aioseo_notices":[],"jetpack_featured_media_url":"https:\/\/soy.usac.edu.gt\/wp-content\/uploads\/2021\/01\/convocatoria_Mesa-de-trabajo-1.jpg","views":"","jetpack-related-posts":[{"id":17248,"url":"https:\/\/soy.usac.edu.gt\/?p=17248","url_meta":{"origin":15378,"position":0},"title":"CSU dar\u00e1 seguimiento a las resoluciones de amparo interpuestas para  continuar la elecci\u00f3n de rector","author":"Divisi\u00f3n de Publicidad","date":"1 mayo, 2022","format":false,"excerpt":"CSU dar\u00e1 seguimiento al proceso de elecciones de rector, atendiendo a las diferentes resoluciones de las acciones constitucionales de amparo, as\u00ed como a la normativa universitaria respectiva.","rel":"","context":"En \u00abOpini\u00f3n\u00bb","block_context":{"text":"Opini\u00f3n","link":"https:\/\/soy.usac.edu.gt\/?cat=125"},"img":{"alt_text":"","src":"https:\/\/i0.wp.com\/soy.usac.edu.gt\/wp-content\/uploads\/2021\/02\/COMUNICADO-IMAGEN-WEB.jpeg?resize=350%2C200&ssl=1","width":350,"height":200,"srcset":"https:\/\/i0.wp.com\/soy.usac.edu.gt\/wp-content\/uploads\/2021\/02\/COMUNICADO-IMAGEN-WEB.jpeg?resize=350%2C200&ssl=1 1x, https:\/\/i0.wp.com\/soy.usac.edu.gt\/wp-content\/uploads\/2021\/02\/COMUNICADO-IMAGEN-WEB.jpeg?resize=525%2C300&ssl=1 1.5x, https:\/\/i0.wp.com\/soy.usac.edu.gt\/wp-content\/uploads\/2021\/02\/COMUNICADO-IMAGEN-WEB.jpeg?resize=700%2C400&ssl=1 2x"},"classes":[]},{"id":16895,"url":"https:\/\/soy.usac.edu.gt\/?p=16895","url_meta":{"origin":15378,"position":1},"title":"Cuerpo Electoral elegir\u00e1 rector","author":"Divisi\u00f3n de Publicidad","date":"30 marzo, 2022","format":false,"excerpt":"El pasado 23, 24 y 25 de marzo se llev\u00f3 a cabo el proceso para integrar los cuerpos electorales que tendr\u00e1n la responsabilidad de elegir a la m\u00e1xima autoridad de la Universidad de San Carlos de Guatemala el pr\u00f3ximo 27 de abril.","rel":"","context":"En \u00abNoticias\u00bb","block_context":{"text":"Noticias","link":"https:\/\/soy.usac.edu.gt\/?cat=29"},"img":{"alt_text":"","src":"https:\/\/i0.wp.com\/soy.usac.edu.gt\/wp-content\/uploads\/2022\/03\/FOpqOxDXwAQhEkI.jpg?resize=350%2C200&ssl=1","width":350,"height":200,"srcset":"https:\/\/i0.wp.com\/soy.usac.edu.gt\/wp-content\/uploads\/2022\/03\/FOpqOxDXwAQhEkI.jpg?resize=350%2C200&ssl=1 1x, https:\/\/i0.wp.com\/soy.usac.edu.gt\/wp-content\/uploads\/2022\/03\/FOpqOxDXwAQhEkI.jpg?resize=525%2C300&ssl=1 1.5x, https:\/\/i0.wp.com\/soy.usac.edu.gt\/wp-content\/uploads\/2022\/03\/FOpqOxDXwAQhEkI.jpg?resize=700%2C400&ssl=1 2x, https:\/\/i0.wp.com\/soy.usac.edu.gt\/wp-content\/uploads\/2022\/03\/FOpqOxDXwAQhEkI.jpg?resize=1050%2C600&ssl=1 3x"},"classes":[]},{"id":16480,"url":"https:\/\/soy.usac.edu.gt\/?p=16480","url_meta":{"origin":15378,"position":2},"title":"Trascendencia de la elecci\u00f3n de rector de la USAC","author":"Divisi\u00f3n de Publicidad","date":"3 marzo, 2022","format":false,"excerpt":"El rector es la figura m\u00e1s visible de la USAC, preside el CSU, que es, a su vez, su cuerpo consultivo. Adem\u00e1s, integra y preside el CEU.","rel":"","context":"En \u00abNoticias\u00bb","block_context":{"text":"Noticias","link":"https:\/\/soy.usac.edu.gt\/?cat=29"},"img":{"alt_text":"","src":"https:\/\/i0.wp.com\/soy.usac.edu.gt\/wp-content\/uploads\/2022\/03\/IMG_8925-copia.jpg?resize=350%2C200&ssl=1","width":350,"height":200,"srcset":"https:\/\/i0.wp.com\/soy.usac.edu.gt\/wp-content\/uploads\/2022\/03\/IMG_8925-copia.jpg?resize=350%2C200&ssl=1 1x, https:\/\/i0.wp.com\/soy.usac.edu.gt\/wp-content\/uploads\/2022\/03\/IMG_8925-copia.jpg?resize=525%2C300&ssl=1 1.5x, https:\/\/i0.wp.com\/soy.usac.edu.gt\/wp-content\/uploads\/2022\/03\/IMG_8925-copia.jpg?resize=700%2C400&ssl=1 2x, https:\/\/i0.wp.com\/soy.usac.edu.gt\/wp-content\/uploads\/2022\/03\/IMG_8925-copia.jpg?resize=1050%2C600&ssl=1 3x, https:\/\/i0.wp.com\/soy.usac.edu.gt\/wp-content\/uploads\/2022\/03\/IMG_8925-copia.jpg?resize=1400%2C800&ssl=1 4x"},"classes":[]},{"id":17307,"url":"https:\/\/soy.usac.edu.gt\/?p=17307","url_meta":{"origin":15378,"position":3},"title":"Estos son los motivos por los que 5 cuerpos electorales quedaron fuera de la elecci\u00f3n de rector","author":"Divisi\u00f3n de Publicidad","date":"13 mayo, 2022","format":false,"excerpt":"Secretar\u00eda General realiz\u00f3 una s\u00edntesis del informe circunstanciado sobre el estatus de los procesos eleccionarios de los colegios profesionales que no participan en la elecci\u00f3n de rector.","rel":"","context":"En \u00abNoticias\u00bb","block_context":{"text":"Noticias","link":"https:\/\/soy.usac.edu.gt\/?cat=29"},"img":{"alt_text":"","src":"https:\/\/i0.wp.com\/soy.usac.edu.gt\/wp-content\/uploads\/2021\/02\/COMUNICADO-IMAGEN-WEB.jpeg?resize=350%2C200&ssl=1","width":350,"height":200,"srcset":"https:\/\/i0.wp.com\/soy.usac.edu.gt\/wp-content\/uploads\/2021\/02\/COMUNICADO-IMAGEN-WEB.jpeg?resize=350%2C200&ssl=1 1x, https:\/\/i0.wp.com\/soy.usac.edu.gt\/wp-content\/uploads\/2021\/02\/COMUNICADO-IMAGEN-WEB.jpeg?resize=525%2C300&ssl=1 1.5x, https:\/\/i0.wp.com\/soy.usac.edu.gt\/wp-content\/uploads\/2021\/02\/COMUNICADO-IMAGEN-WEB.jpeg?resize=700%2C400&ssl=1 2x"},"classes":[]},{"id":16350,"url":"https:\/\/soy.usac.edu.gt\/?p=16350","url_meta":{"origin":15378,"position":4},"title":"Conoce el proceso de elecci\u00f3n de rector","author":"Divisi\u00f3n de Publicidad","date":"2 febrero, 2022","format":false,"excerpt":"La designaci\u00f3n de los cuerpos electorales se realizar\u00e1 el 23 de marzo y la selecci\u00f3n del rector, el 27 de abril.\u00a0","rel":"","context":"En \u00abEntrevistas\u00bb","block_context":{"text":"Entrevistas","link":"https:\/\/soy.usac.edu.gt\/?cat=152"},"img":{"alt_text":"","src":"https:\/\/i0.wp.com\/soy.usac.edu.gt\/wp-content\/uploads\/2022\/02\/WhatsApp-Image-2022-02-02-at-9.20.11-AM-1.jpeg?resize=350%2C200&ssl=1","width":350,"height":200,"srcset":"https:\/\/i0.wp.com\/soy.usac.edu.gt\/wp-content\/uploads\/2022\/02\/WhatsApp-Image-2022-02-02-at-9.20.11-AM-1.jpeg?resize=350%2C200&ssl=1 1x, https:\/\/i0.wp.com\/soy.usac.edu.gt\/wp-content\/uploads\/2022\/02\/WhatsApp-Image-2022-02-02-at-9.20.11-AM-1.jpeg?resize=525%2C300&ssl=1 1.5x, https:\/\/i0.wp.com\/soy.usac.edu.gt\/wp-content\/uploads\/2022\/02\/WhatsApp-Image-2022-02-02-at-9.20.11-AM-1.jpeg?resize=700%2C400&ssl=1 2x, https:\/\/i0.wp.com\/soy.usac.edu.gt\/wp-content\/uploads\/2022\/02\/WhatsApp-Image-2022-02-02-at-9.20.11-AM-1.jpeg?resize=1050%2C600&ssl=1 3x"},"classes":[]},{"id":14042,"url":"https:\/\/soy.usac.edu.gt\/?p=14042","url_meta":{"origin":15378,"position":5},"title":"En relaci\u00f3n al Proceso de Designaci\u00f3n de Magistrados  Titular y Suplente por el CSU ante la CC","author":"Divisi\u00f3n de Publicidad","date":"26 febrero, 2021","format":false,"excerpt":"En relaci\u00f3n al Proceso de Designaci\u00f3n de Magistrados (as) Titular y Suplente por el Consejo Superior Universitario de la Universidad de San Carlos de Guatemala ante la Corte de Constitucionalidad, per\u00edodo 2021-2026,","rel":"","context":"En \u00abNoticias\u00bb","block_context":{"text":"Noticias","link":"https:\/\/soy.usac.edu.gt\/?cat=29"},"img":{"alt_text":"","src":"https:\/\/i0.wp.com\/soy.usac.edu.gt\/wp-content\/uploads\/2021\/02\/COMUNICADO-IMAGEN-WEB.jpeg?resize=350%2C200&ssl=1","width":350,"height":200,"srcset":"https:\/\/i0.wp.com\/soy.usac.edu.gt\/wp-content\/uploads\/2021\/02\/COMUNICADO-IMAGEN-WEB.jpeg?resize=350%2C200&ssl=1 1x, https:\/\/i0.wp.com\/soy.usac.edu.gt\/wp-content\/uploads\/2021\/02\/COMUNICADO-IMAGEN-WEB.jpeg?resize=525%2C300&ssl=1 1.5x, https:\/\/i0.wp.com\/soy.usac.edu.gt\/wp-content\/uploads\/2021\/02\/COMUNICADO-IMAGEN-WEB.jpeg?resize=700%2C400&ssl=1 2x"},"classes":[]}],"jetpack_sharing_enabled":true,"_links":{"self":[{"href":"https:\/\/soy.usac.edu.gt\/index.php?rest_route=\/wp\/v2\/posts\/15378","targetHints":{"allow":["GET"]}}],"collection":[{"href":"https:\/\/soy.usac.edu.gt\/index.php?rest_route=\/wp\/v2\/posts"}],"about":[{"href":"https:\/\/soy.usac.edu.gt\/index.php?rest_route=\/wp\/v2\/types\/post"}],"author":[{"embeddable":true,"href":"https:\/\/soy.usac.edu.gt\/index.php?rest_route=\/wp\/v2\/users\/1"}],"replies":[{"embeddable":true,"href":"https:\/\/soy.usac.edu.gt\/index.php?rest_route=%2Fwp%2Fv2%2Fcomments&post=15378"}],"version-history":[{"count":7,"href":"https:\/\/soy.usac.edu.gt\/index.php?rest_route=\/wp\/v2\/posts\/15378\/revisions"}],"predecessor-version":[{"id":16293,"href":"https:\/\/soy.usac.edu.gt\/index.php?rest_route=\/wp\/v2\/posts\/15378\/revisions\/16293"}],"wp:featuredmedia":[{"embeddable":true,"href":"https:\/\/soy.usac.edu.gt\/index.php?rest_route=\/wp\/v2\/media\/13021"}],"wp:attachment":[{"href":"https:\/\/soy.usac.edu.gt\/index.php?rest_route=%2Fwp%2Fv2%2Fmedia&parent=15378"}],"wp:term":[{"taxonomy":"category","embeddable":true,"href":"https:\/\/soy.usac.edu.gt\/index.php?rest_route=%2Fwp%2Fv2%2Fcategories&post=15378"},{"taxonomy":"post_tag","embeddable":true,"href":"https:\/\/soy.usac.edu.gt\/index.php?rest_route=%2Fwp%2Fv2%2Ftags&post=15378"}],"curies":[{"name":"wp","href":"https:\/\/api.w.org\/{rel}","templated":true}]}}