{"id":15405,"date":"2021-10-14T17:19:24","date_gmt":"2021-10-14T23:19:24","guid":{"rendered":"https:\/\/soy.usac.edu.gt\/?p=15405"},"modified":"2021-10-18T12:10:07","modified_gmt":"2021-10-18T18:10:07","slug":"universidad-de-chiapas-y-la-usac-se-unen-para-estrechar-lazos-de-colaboracion-academica","status":"publish","type":"post","link":"https:\/\/soy.usac.edu.gt\/?p=15405","title":{"rendered":"Universidad Polit\u00e9cnica de Chiapas y USAC se unen para estrechar lazos de colaboraci\u00f3n acad\u00e9mica"},"content":{"rendered":"\n<p><b><span style=\"font-weight: 400;\">Fotos de Elio Morales\u00a0<\/span><\/b><\/p>\n<h5><b>Ambas universidades firmaron una carta de intenci\u00f3n de colaboraci\u00f3n acad\u00e9mica.\u00a0<\/b><\/h5>\n<p style=\"text-align: justify;\"><span style=\"font-weight: 400;\">La visita acad\u00e9mica del Dr. Navor Francisco Ballinas Morales, rector de la Universidad Polit\u00e9cnica de Chiapas, M\u00e9xico, a la Universidad de San Carlos de Guatemala tuvo como objetivo establecer lazos bilaterales de cooperaci\u00f3n con esta casa de estudios, para lo cual los representantes de ambas instituciones firmaron una carta de intenci\u00f3n.\u00a0<\/span><\/p>\n<p style=\"text-align: justify;\"><span style=\"font-weight: 400;\">\u201cEstrechar lazos para desarrollar acciones a corto, mediano y largo plazo en temas acad\u00e9micos, deportivos y culturales es uno de los objetivos, adem\u00e1s, se abordar\u00e1n temas de tecnolog\u00eda e ingenier\u00eda, ya que, en las ciencias exactas, nuestra universidad tiene fortaleza.\u00a0 Tambi\u00e9n se busca generar mecanismos de colaboraci\u00f3n para la movilidad estudiantil\u201d, explic\u00f3 el rector de la Universidad Polit\u00e9cnica de Chiapas.<\/span><\/p>\n<div id=\"metaslider-id-15443\" style=\"width: 100%;\" class=\"ml-slider-3-106-0 metaslider metaslider-flex metaslider-15443 ml-slider has-dots-nav ms-theme-default\" role=\"region\" aria-label=\"carta chiapas\" data-height=\"1707\" data-width=\"2560\">\n    <div id=\"metaslider_container_15443\">\n        <div id=\"metaslider_15443\">\n            <ul class='slides'>\n                <li style=\"display: block; width: 100%;\" class=\"slide-15444 ms-image \" aria-roledescription=\"slide\" data-date=\"2021-10-14 20:53:33\" data-filename=\"WhatsApp-Image-2021-10-14-at-16.58.51-1598x1066.jpeg\" data-slide-type=\"image\"><img loading=\"lazy\" decoding=\"async\" src=\"https:\/\/soy.usac.edu.gt\/wp-content\/uploads\/2021\/10\/WhatsApp-Image-2021-10-14-at-16.58.51-1598x1066.jpeg\" height=\"1707\" width=\"2560\" alt=\"\" class=\"slider-15443 slide-15444 msDefaultImage\" title=\"WhatsApp Image 2021-10-14 at 16.58.51\" \/><\/li>\n                <li style=\"display: none; width: 100%;\" class=\"slide-15445 ms-image \" aria-roledescription=\"slide\" data-date=\"2021-10-14 20:53:33\" data-filename=\"WhatsApp-Image-2021-10-14-at-16.58.50-1199x800.jpeg\" data-slide-type=\"image\"><img loading=\"lazy\" decoding=\"async\" src=\"https:\/\/soy.usac.edu.gt\/wp-content\/uploads\/2021\/10\/WhatsApp-Image-2021-10-14-at-16.58.50-1199x800.jpeg\" height=\"1707\" width=\"2560\" alt=\"\" class=\"slider-15443 slide-15445 msDefaultImage\" title=\"WhatsApp Image 2021-10-14 at 16.58.50\" \/><\/li>\n                <li style=\"display: none; width: 100%;\" class=\"slide-15446 ms-image \" aria-roledescription=\"slide\" data-date=\"2021-10-14 20:53:33\" data-filename=\"WhatsApp-Image-2021-10-14-at-16.58.50-4-1598x1066.jpeg\" data-slide-type=\"image\"><img loading=\"lazy\" decoding=\"async\" src=\"https:\/\/soy.usac.edu.gt\/wp-content\/uploads\/2021\/10\/WhatsApp-Image-2021-10-14-at-16.58.50-4-1598x1066.jpeg\" height=\"1707\" width=\"2560\" alt=\"\" class=\"slider-15443 slide-15446 msDefaultImage\" title=\"WhatsApp Image 2021-10-14 at 16.58.50 (4)\" \/><\/li>\n                <li style=\"display: none; width: 100%;\" class=\"slide-15447 ms-image \" aria-roledescription=\"slide\" data-date=\"2021-10-14 20:53:33\" data-filename=\"WhatsApp-Image-2021-10-14-at-16.58.50-3-1598x1066.jpeg\" data-slide-type=\"image\"><img loading=\"lazy\" decoding=\"async\" src=\"https:\/\/soy.usac.edu.gt\/wp-content\/uploads\/2021\/10\/WhatsApp-Image-2021-10-14-at-16.58.50-3-1598x1066.jpeg\" height=\"1707\" width=\"2560\" alt=\"\" class=\"slider-15443 slide-15447 msDefaultImage\" title=\"WhatsApp Image 2021-10-14 at 16.58.50 (3)\" \/><\/li>\n                <li style=\"display: none; width: 100%;\" class=\"slide-15448 ms-image \" aria-roledescription=\"slide\" data-date=\"2021-10-14 20:53:34\" data-filename=\"WhatsApp-Image-2021-10-14-at-16.58.50-2-1598x1066.jpeg\" data-slide-type=\"image\"><img loading=\"lazy\" decoding=\"async\" src=\"https:\/\/soy.usac.edu.gt\/wp-content\/uploads\/2021\/10\/WhatsApp-Image-2021-10-14-at-16.58.50-2-1598x1066.jpeg\" height=\"1707\" width=\"2560\" alt=\"\" class=\"slider-15443 slide-15448 msDefaultImage\" title=\"WhatsApp Image 2021-10-14 at 16.58.50 (2)\" \/><\/li>\n                <li style=\"display: none; width: 100%;\" class=\"slide-15449 ms-image \" aria-roledescription=\"slide\" data-date=\"2021-10-14 20:53:34\" data-filename=\"WhatsApp-Image-2021-10-14-at-16.58.50-1-1598x1066.jpeg\" data-slide-type=\"image\"><img loading=\"lazy\" decoding=\"async\" src=\"https:\/\/soy.usac.edu.gt\/wp-content\/uploads\/2021\/10\/WhatsApp-Image-2021-10-14-at-16.58.50-1-1598x1066.jpeg\" height=\"1707\" width=\"2560\" alt=\"\" class=\"slider-15443 slide-15449 msDefaultImage\" title=\"WhatsApp Image 2021-10-14 at 16.58.50 (1)\" \/><\/li>\n                <li style=\"display: none; width: 100%;\" class=\"slide-15450 ms-image \" aria-roledescription=\"slide\" data-date=\"2021-10-14 20:53:34\" data-filename=\"WhatsApp-Image-2021-10-14-at-16.58.49-2-1199x800.jpeg\" data-slide-type=\"image\"><img loading=\"lazy\" decoding=\"async\" src=\"https:\/\/soy.usac.edu.gt\/wp-content\/uploads\/2021\/10\/WhatsApp-Image-2021-10-14-at-16.58.49-2-1199x800.jpeg\" height=\"1707\" width=\"2560\" alt=\"\" class=\"slider-15443 slide-15450 msDefaultImage\" title=\"WhatsApp Image 2021-10-14 at 16.58.49\" \/><\/li>\n                <li style=\"display: none; width: 100%;\" class=\"slide-15451 ms-image \" aria-roledescription=\"slide\" data-date=\"2021-10-14 20:53:34\" data-filename=\"WhatsApp-Image-2021-10-14-at-16.58.49-1-1199x800.jpeg\" data-slide-type=\"image\"><img loading=\"lazy\" decoding=\"async\" src=\"https:\/\/soy.usac.edu.gt\/wp-content\/uploads\/2021\/10\/WhatsApp-Image-2021-10-14-at-16.58.49-1-1199x800.jpeg\" height=\"1707\" width=\"2560\" alt=\"\" class=\"slider-15443 slide-15451 msDefaultImage\" title=\"WhatsApp Image 2021-10-14 at 16.58.49 (1)\" \/><\/li>\n                <li style=\"display: none; width: 100%;\" class=\"slide-15452 ms-image \" aria-roledescription=\"slide\" data-date=\"2021-10-14 20:53:34\" data-filename=\"WhatsApp-Image-2021-10-14-at-16.58.48-1199x800.jpeg\" data-slide-type=\"image\"><img loading=\"lazy\" decoding=\"async\" src=\"https:\/\/soy.usac.edu.gt\/wp-content\/uploads\/2021\/10\/WhatsApp-Image-2021-10-14-at-16.58.48-1199x800.jpeg\" height=\"1707\" width=\"2560\" alt=\"\" class=\"slider-15443 slide-15452 msDefaultImage\" title=\"WhatsApp Image 2021-10-14 at 16.58.48\" \/><\/li>\n                <li style=\"display: none; width: 100%;\" class=\"slide-15453 ms-image \" aria-roledescription=\"slide\" data-date=\"2021-10-14 20:53:34\" data-filename=\"WhatsApp-Image-2021-10-14-at-16.58.48-3-1199x800.jpeg\" data-slide-type=\"image\"><img loading=\"lazy\" decoding=\"async\" src=\"https:\/\/soy.usac.edu.gt\/wp-content\/uploads\/2021\/10\/WhatsApp-Image-2021-10-14-at-16.58.48-3-1199x800.jpeg\" height=\"1707\" width=\"2560\" alt=\"\" class=\"slider-15443 slide-15453 msDefaultImage\" title=\"WhatsApp Image 2021-10-14 at 16.58.48 (3)\" \/><\/li>\n                <li style=\"display: none; width: 100%;\" class=\"slide-15454 ms-image \" aria-roledescription=\"slide\" data-date=\"2021-10-14 20:53:34\" data-filename=\"WhatsApp-Image-2021-10-14-at-16.58.48-2-1199x800.jpeg\" data-slide-type=\"image\"><img loading=\"lazy\" decoding=\"async\" src=\"https:\/\/soy.usac.edu.gt\/wp-content\/uploads\/2021\/10\/WhatsApp-Image-2021-10-14-at-16.58.48-2-1199x800.jpeg\" height=\"1707\" width=\"2560\" alt=\"\" class=\"slider-15443 slide-15454 msDefaultImage\" title=\"WhatsApp Image 2021-10-14 at 16.58.48 (2)\" \/><\/li>\n            <\/ul>\n        <\/div>\n        \n    <\/div>\n<\/div>\n<p style=\"text-align: justify;\"><span style=\"font-weight: 400;\">La firma de la carta de intenci\u00f3n se llev\u00f3 a cabo en el Sal\u00f3n del Consejo Superior Universitario, con la presencia de la delegaci\u00f3n que acompa\u00f1\u00f3 al rector Ballinas Morales; el secretario general de la USAC, Dr. Gustavo Taracena; as\u00ed como la decana de la Facultad de Ingenier\u00eda de esta casa de estudios, Anabela C\u00f3rdova Estrada, con quienes se iniciar\u00e1n los acercamientos acad\u00e9micos.\u00a0<\/span><\/p>\n<p style=\"text-align: justify;\"><span style=\"font-weight: 400;\">El rector en funciones, M. A. Pablo Oliva, explic\u00f3 que se han sostenido charlas para que la Facultad de Ingenier\u00eda pueda iniciar el fortalecimiento acad\u00e9mico en investigaci\u00f3n y extensi\u00f3n, con el apoyo de la Universidad de Chiapas.<\/span><\/p>\n<p style=\"text-align: justify;\"><span style=\"font-weight: 400;\">Expuso que el siguiente paso ser\u00e1 la elaboraci\u00f3n, aprobaci\u00f3n y firma de un convenio marco entre las dos universidades, para generar los convenios espec\u00edficos de colaboraci\u00f3n.\u00a0<\/span><\/p>\n<p style=\"text-align: justify;\"><span style=\"font-weight: 400;\">Las partes acuerdan que las actividades de cooperaci\u00f3n a que se refiere la carta de intenci\u00f3n puedan llevarse a cabo a trav\u00e9s de las siguientes modalidades:\u00a0<\/span><\/p>\n<blockquote>\n<p><strong>Desarrollo de proyectos de investigaci\u00f3n.<\/strong><\/p>\n<p><strong>Intercambio de informaci\u00f3n, documentaci\u00f3n, publicaciones educativas y cient\u00edficas.<\/strong><\/p>\n<p><strong>Organizaci\u00f3n de encuentros de estudios, seminarios y simposios.<\/strong><\/p>\n<p><strong>Participaci\u00f3n en consorcios internacionales para la realizaci\u00f3n de proyectos acad\u00e9micos y de investigaci\u00f3n espec\u00edficos.<\/strong><\/p>\n<p><strong>Participaci\u00f3n conjunta en programas de posgrado.<\/strong><\/p>\n<\/blockquote>\n<h5>\u00a0<\/h5>\n<h5><strong>En video<\/strong><\/h5>\n<p><div class=\"jetpack-video-wrapper\"><iframe loading=\"lazy\" title=\"USAC FIRMA CARTA DE INTENCI\u00d3N CON UNIVERSIDAD DE CHIAPAS\" width=\"640\" height=\"360\" src=\"https:\/\/www.youtube.com\/embed\/PmUKMjdhsHc?feature=oembed\" frameborder=\"0\" allow=\"accelerometer; autoplay; clipboard-write; encrypted-media; gyroscope; picture-in-picture; web-share\" referrerpolicy=\"strict-origin-when-cross-origin\" allowfullscreen><\/iframe><\/div><\/p>\n","protected":false},"excerpt":{"rendered":"<p>Ambas universidades firmaron una carta de intenci\u00f3n de colaboraci\u00f3n acad\u00e9mica.\u00a0<\/p>\n","protected":false},"author":1,"featured_media":15419,"comment_status":"closed","ping_status":"open","sticky":false,"template":"","format":"standard","meta":{"_exactmetrics_skip_tracking":false,"_exactmetrics_sitenote_active":false,"_exactmetrics_sitenote_note":"","_exactmetrics_sitenote_category":0,"_jetpack_memberships_contains_paid_content":false,"footnotes":""},"categories":[29],"tags":[252,521],"class_list":["post-15405","post","type-post","status-publish","format-standard","has-post-thumbnail","hentry","category-noticias","tag-convenios","tag-cooperacion-internacional"],"aioseo_notices":[],"jetpack_featured_media_url":"https:\/\/soy.usac.edu.gt\/wp-content\/uploads\/2021\/10\/WhatsApp-Image-2021-10-14-at-16.58.49.jpeg","views":"","jetpack-related-posts":[{"id":7394,"url":"https:\/\/soy.usac.edu.gt\/?p=7394","url_meta":{"origin":15405,"position":0},"title":"Sancarlistas podr\u00e1n estudiar Maestr\u00eda de Gesti\u00f3n de Riesgos y Cambio Clim\u00e1tico","author":"Divisi\u00f3n de Publicidad","date":"12 julio, 2019","format":false,"excerpt":"La USAC firm\u00f3 un convenio marco con la Universidad de Ciencias y Artes de Chiapas UNICACH para la realizaci\u00f3n de actividades conjuntas.","rel":"","context":"En \u00abNoticias\u00bb","block_context":{"text":"Noticias","link":"https:\/\/soy.usac.edu.gt\/?cat=29"},"img":{"alt_text":"","src":"https:\/\/i0.wp.com\/soy.usac.edu.gt\/wp-content\/uploads\/2019\/07\/FIRMA-DE-CONVENIO-ENTRE-CHIAPAS-Y-USAC-4.jpg?resize=350%2C200&ssl=1","width":350,"height":200,"srcset":"https:\/\/i0.wp.com\/soy.usac.edu.gt\/wp-content\/uploads\/2019\/07\/FIRMA-DE-CONVENIO-ENTRE-CHIAPAS-Y-USAC-4.jpg?resize=350%2C200&ssl=1 1x, https:\/\/i0.wp.com\/soy.usac.edu.gt\/wp-content\/uploads\/2019\/07\/FIRMA-DE-CONVENIO-ENTRE-CHIAPAS-Y-USAC-4.jpg?resize=525%2C300&ssl=1 1.5x, https:\/\/i0.wp.com\/soy.usac.edu.gt\/wp-content\/uploads\/2019\/07\/FIRMA-DE-CONVENIO-ENTRE-CHIAPAS-Y-USAC-4.jpg?resize=700%2C400&ssl=1 2x, https:\/\/i0.wp.com\/soy.usac.edu.gt\/wp-content\/uploads\/2019\/07\/FIRMA-DE-CONVENIO-ENTRE-CHIAPAS-Y-USAC-4.jpg?resize=1050%2C600&ssl=1 3x, https:\/\/i0.wp.com\/soy.usac.edu.gt\/wp-content\/uploads\/2019\/07\/FIRMA-DE-CONVENIO-ENTRE-CHIAPAS-Y-USAC-4.jpg?resize=1400%2C800&ssl=1 4x"},"classes":[]},{"id":7461,"url":"https:\/\/soy.usac.edu.gt\/?p=7461","url_meta":{"origin":15405,"position":1},"title":"USAC firma convenio con la Universidad de Ciencias y Artes de Chiapas (UNICACH)","author":"Edwin Medina","date":"15 julio, 2019","format":"video","excerpt":"La firma de un convenio marco con la Universidad de Ciencias y Artes de Chiapas (UNICACH) permitir\u00e1 tener movilidad acad\u00e9mica; realizar cursos, congresos, programas y proyectos culturales, investigaciones e intercambio de material did\u00e1ctico entre ambas universidades. \u00a0 \u00a0 \u00a0","rel":"","context":"En \u00abRector\u00eda\u00bb","block_context":{"text":"Rector\u00eda","link":"https:\/\/soy.usac.edu.gt\/?cat=92"},"img":{"alt_text":"","src":"https:\/\/i0.wp.com\/soy.usac.edu.gt\/wp-content\/uploads\/2019\/07\/hqdefault-1.jpg?resize=350%2C200&ssl=1","width":350,"height":200},"classes":[]},{"id":22331,"url":"https:\/\/soy.usac.edu.gt\/?p=22331","url_meta":{"origin":15405,"position":2},"title":"USAC inaugura el IV Simposio Latinoamericano y del Caribe 2025","author":"Divisi\u00f3n de Publicidad","date":"10 noviembre, 2025","format":false,"excerpt":"La Universidad de San Carlos de Guatemala inaugur\u00f3 el IV Simposio Latinoamericano y del Caribe: \u201cResponsabilidad y compromiso universitario: crisis humanitaria, la migraci\u00f3n y su impacto en las Instituciones de Educaci\u00f3n Superior (IES)\u201d, celebrado este 10 de noviembre de 2025 en la Facultad de Humanidades.El acto protocolario dio inicio con\u2026","rel":"","context":"En \u00abActividades\u00bb","block_context":{"text":"Actividades","link":"https:\/\/soy.usac.edu.gt\/?cat=126"},"img":{"alt_text":"","src":"https:\/\/i0.wp.com\/soy.usac.edu.gt\/wp-content\/uploads\/2025\/11\/WhatsApp-Image-2025-11-13-at-9.24.25-AM-17.jpeg?resize=350%2C200&ssl=1","width":350,"height":200,"srcset":"https:\/\/i0.wp.com\/soy.usac.edu.gt\/wp-content\/uploads\/2025\/11\/WhatsApp-Image-2025-11-13-at-9.24.25-AM-17.jpeg?resize=350%2C200&ssl=1 1x, https:\/\/i0.wp.com\/soy.usac.edu.gt\/wp-content\/uploads\/2025\/11\/WhatsApp-Image-2025-11-13-at-9.24.25-AM-17.jpeg?resize=525%2C300&ssl=1 1.5x, https:\/\/i0.wp.com\/soy.usac.edu.gt\/wp-content\/uploads\/2025\/11\/WhatsApp-Image-2025-11-13-at-9.24.25-AM-17.jpeg?resize=700%2C400&ssl=1 2x, https:\/\/i0.wp.com\/soy.usac.edu.gt\/wp-content\/uploads\/2025\/11\/WhatsApp-Image-2025-11-13-at-9.24.25-AM-17.jpeg?resize=1050%2C600&ssl=1 3x, https:\/\/i0.wp.com\/soy.usac.edu.gt\/wp-content\/uploads\/2025\/11\/WhatsApp-Image-2025-11-13-at-9.24.25-AM-17.jpeg?resize=1400%2C800&ssl=1 4x"},"classes":[]},{"id":5177,"url":"https:\/\/soy.usac.edu.gt\/?p=5177","url_meta":{"origin":15405,"position":3},"title":"USAC y Universidad de Defensa Nacional de Argentina firman convenio de cooperaci\u00f3n","author":"Divisi\u00f3n de Publicidad","date":"22 marzo, 2019","format":false,"excerpt":"Este convenio dar\u00e1 vida a la cooperaci\u00f3n acad\u00e9mica, cient\u00edfica, tecnol\u00f3gica y cultural entre ambas universidades.","rel":"","context":"En \u00abM\u00e1s Noticias\u00bb","block_context":{"text":"M\u00e1s Noticias","link":"https:\/\/soy.usac.edu.gt\/?cat=96"},"img":{"alt_text":"","src":"https:\/\/i0.wp.com\/soy.usac.edu.gt\/wp-content\/uploads\/2019\/03\/1-4.jpg?resize=350%2C200&ssl=1","width":350,"height":200,"srcset":"https:\/\/i0.wp.com\/soy.usac.edu.gt\/wp-content\/uploads\/2019\/03\/1-4.jpg?resize=350%2C200&ssl=1 1x, https:\/\/i0.wp.com\/soy.usac.edu.gt\/wp-content\/uploads\/2019\/03\/1-4.jpg?resize=525%2C300&ssl=1 1.5x, https:\/\/i0.wp.com\/soy.usac.edu.gt\/wp-content\/uploads\/2019\/03\/1-4.jpg?resize=700%2C400&ssl=1 2x, https:\/\/i0.wp.com\/soy.usac.edu.gt\/wp-content\/uploads\/2019\/03\/1-4.jpg?resize=1050%2C600&ssl=1 3x, https:\/\/i0.wp.com\/soy.usac.edu.gt\/wp-content\/uploads\/2019\/03\/1-4.jpg?resize=1400%2C800&ssl=1 4x"},"classes":[]},{"id":21831,"url":"https:\/\/soy.usac.edu.gt\/?p=21831","url_meta":{"origin":15405,"position":4},"title":"Lecci\u00f3n Inaugural","author":"Divisi\u00f3n de Publicidad","date":"26 agosto, 2025","format":false,"excerpt":"Del Segundo Semestre 2025 en la USAC En un acto celebrado en el Aula Magna Igl\u00fa, la Universidad de San Carlos de Guatemala llev\u00f3 a cabo la Lecci\u00f3n Inaugural del segundo semestre 2025, marcada por la aprobaci\u00f3n hist\u00f3rica de su Modelo Educativo Integral, que orientar\u00e1 la docencia, la investigaci\u00f3n y\u2026","rel":"","context":"En \u00abActividades\u00bb","block_context":{"text":"Actividades","link":"https:\/\/soy.usac.edu.gt\/?cat=126"},"img":{"alt_text":"","src":"https:\/\/i0.wp.com\/soy.usac.edu.gt\/wp-content\/uploads\/2025\/08\/WhatsApp-Image-2025-08-26-at-2.36.05-PM-4.jpeg?resize=350%2C200&ssl=1","width":350,"height":200,"srcset":"https:\/\/i0.wp.com\/soy.usac.edu.gt\/wp-content\/uploads\/2025\/08\/WhatsApp-Image-2025-08-26-at-2.36.05-PM-4.jpeg?resize=350%2C200&ssl=1 1x, https:\/\/i0.wp.com\/soy.usac.edu.gt\/wp-content\/uploads\/2025\/08\/WhatsApp-Image-2025-08-26-at-2.36.05-PM-4.jpeg?resize=525%2C300&ssl=1 1.5x, https:\/\/i0.wp.com\/soy.usac.edu.gt\/wp-content\/uploads\/2025\/08\/WhatsApp-Image-2025-08-26-at-2.36.05-PM-4.jpeg?resize=700%2C400&ssl=1 2x, https:\/\/i0.wp.com\/soy.usac.edu.gt\/wp-content\/uploads\/2025\/08\/WhatsApp-Image-2025-08-26-at-2.36.05-PM-4.jpeg?resize=1050%2C600&ssl=1 3x, https:\/\/i0.wp.com\/soy.usac.edu.gt\/wp-content\/uploads\/2025\/08\/WhatsApp-Image-2025-08-26-at-2.36.05-PM-4.jpeg?resize=1400%2C800&ssl=1 4x"},"classes":[]},{"id":21851,"url":"https:\/\/soy.usac.edu.gt\/?p=21851","url_meta":{"origin":15405,"position":5},"title":"USAC conecta al mundo con el Encuentro Internacional de Universidades","author":"Divisi\u00f3n de Publicidad","date":"27 agosto, 2025","format":false,"excerpt":"La Universidad de San Carlos de Guatemala (USAC) abri\u00f3 sus puertas al mundo con la inauguraci\u00f3n del Segundo Encuentro de la Red Internacional de Universidades para el Desarrollo Inclusivo y el Intercambio Cient\u00edfico y Cultural (RIUDICC), un espacio cofinanciado por la Uni\u00f3n Europea que coloca a Guatemala en el mapa\u2026","rel":"","context":"En \u00abActividades\u00bb","block_context":{"text":"Actividades","link":"https:\/\/soy.usac.edu.gt\/?cat=126"},"img":{"alt_text":"","src":"https:\/\/i0.wp.com\/soy.usac.edu.gt\/wp-content\/uploads\/2025\/08\/WhatsApp-Image-2025-08-28-at-7.28.08-AM-scaled.jpeg?resize=350%2C200&ssl=1","width":350,"height":200,"srcset":"https:\/\/i0.wp.com\/soy.usac.edu.gt\/wp-content\/uploads\/2025\/08\/WhatsApp-Image-2025-08-28-at-7.28.08-AM-scaled.jpeg?resize=350%2C200&ssl=1 1x, https:\/\/i0.wp.com\/soy.usac.edu.gt\/wp-content\/uploads\/2025\/08\/WhatsApp-Image-2025-08-28-at-7.28.08-AM-scaled.jpeg?resize=525%2C300&ssl=1 1.5x, https:\/\/i0.wp.com\/soy.usac.edu.gt\/wp-content\/uploads\/2025\/08\/WhatsApp-Image-2025-08-28-at-7.28.08-AM-scaled.jpeg?resize=700%2C400&ssl=1 2x, https:\/\/i0.wp.com\/soy.usac.edu.gt\/wp-content\/uploads\/2025\/08\/WhatsApp-Image-2025-08-28-at-7.28.08-AM-scaled.jpeg?resize=1050%2C600&ssl=1 3x, https:\/\/i0.wp.com\/soy.usac.edu.gt\/wp-content\/uploads\/2025\/08\/WhatsApp-Image-2025-08-28-at-7.28.08-AM-scaled.jpeg?resize=1400%2C800&ssl=1 4x"},"classes":[]}],"jetpack_sharing_enabled":true,"_links":{"self":[{"href":"https:\/\/soy.usac.edu.gt\/index.php?rest_route=\/wp\/v2\/posts\/15405","targetHints":{"allow":["GET"]}}],"collection":[{"href":"https:\/\/soy.usac.edu.gt\/index.php?rest_route=\/wp\/v2\/posts"}],"about":[{"href":"https:\/\/soy.usac.edu.gt\/index.php?rest_route=\/wp\/v2\/types\/post"}],"author":[{"embeddable":true,"href":"https:\/\/soy.usac.edu.gt\/index.php?rest_route=\/wp\/v2\/users\/1"}],"replies":[{"embeddable":true,"href":"https:\/\/soy.usac.edu.gt\/index.php?rest_route=%2Fwp%2Fv2%2Fcomments&post=15405"}],"version-history":[{"count":10,"href":"https:\/\/soy.usac.edu.gt\/index.php?rest_route=\/wp\/v2\/posts\/15405\/revisions"}],"predecessor-version":[{"id":15491,"href":"https:\/\/soy.usac.edu.gt\/index.php?rest_route=\/wp\/v2\/posts\/15405\/revisions\/15491"}],"wp:featuredmedia":[{"embeddable":true,"href":"https:\/\/soy.usac.edu.gt\/index.php?rest_route=\/wp\/v2\/media\/15419"}],"wp:attachment":[{"href":"https:\/\/soy.usac.edu.gt\/index.php?rest_route=%2Fwp%2Fv2%2Fmedia&parent=15405"}],"wp:term":[{"taxonomy":"category","embeddable":true,"href":"https:\/\/soy.usac.edu.gt\/index.php?rest_route=%2Fwp%2Fv2%2Fcategories&post=15405"},{"taxonomy":"post_tag","embeddable":true,"href":"https:\/\/soy.usac.edu.gt\/index.php?rest_route=%2Fwp%2Fv2%2Ftags&post=15405"}],"curies":[{"name":"wp","href":"https:\/\/api.w.org\/{rel}","templated":true}]}}