{"id":15456,"date":"2021-10-15T14:44:52","date_gmt":"2021-10-15T20:44:52","guid":{"rendered":"https:\/\/soy.usac.edu.gt\/?p=15456"},"modified":"2021-10-15T14:44:54","modified_gmt":"2021-10-15T20:44:54","slug":"usac-reconoce-el-trabajo-de-diez-mujeres-sancarlistas","status":"publish","type":"post","link":"https:\/\/soy.usac.edu.gt\/?p=15456","title":{"rendered":"USAC reconoce el trabajo de diez mujeres sancarlistas"},"content":{"rendered":"\n<h5 style=\"text-align: justify;\"><strong><em>En la Biblioteca Central se inaugur\u00f3 una exposici\u00f3n sobre el trabajo art\u00edstico y acad\u00e9mico de diez mujeres sancarlistas.<\/em><\/strong><\/h5>\n<p style=\"text-align: justify;\">La actividad fue organizada por el Instituto Universitario de la Mujer (IUMUSAC), con la finalidad de reconocer el trabajo de las sancarlistas. Sobre la importancia de la exposici\u00f3n, el M. A. Pablo Oliva, rector en funciones, indic\u00f3: \u201cQue el papel de la mujer universitaria siga sobresaliendo, de forma justa y equitativa, es uno de nuestros objetivos como universidad\u201d.\u00a0<\/p>\n<p style=\"text-align: justify;\">Las mujeres reconocidas son <strong>Telma D\u00edaz,<\/strong> licenciada en M\u00fasica y primer fagot de la Orquesta Sinf\u00f3nica Nacional, docente de la Escuela Superior de Arte de la USAC (ESA) y de la Universidad del Valle; <strong>M\u00f3nica Sarmientos<\/strong>, violinista, actriz, locutora, productora y cantante; <strong>Guisela L\u00f3pez<\/strong>, escritora, cr\u00edtica literaria feminista, doctora en estudios de g\u00e9nero por la UNAM, docente, asesora de posgrado en la USAC y la Universidad Mariano G\u00e1lvez; <strong>Mercedes Fuentes,<\/strong> exdirectora de la ESA, actriz, directora teatral, licenciada en Arte Dram\u00e1tico de la USAC; <strong>Margarita L\u00f3pez Aguilar<\/strong>, actriz, productora, gestora y licenciada en Pedagog\u00eda por la USAC; <strong>Jimena Soto,<\/strong> artista visual egresada de la ESA;<strong> Yutzil Pablo<\/strong>, danzante maya y contempor\u00e1nea, investigadora, licenciada en Danza Contempor\u00e1nea y Coreograf\u00eda; <strong>Mar\u00eda Aguilar Balsells,<\/strong> licenciada en Arquitectura y Artes Visuales por la USAC; <strong>Rosana Estrada B.<\/strong>, poetisa e investigadora cient\u00edfica y social; <strong>Lizette Mertins<\/strong>, core\u00f3grafa, maestra, bailarina, licenciada en Historia y Danza.<\/p>\n<p>\u00a0<\/p>\n<div id=\"metaslider-id-15473\" style=\"width: 100%;\" class=\"ml-slider-3-106-0 metaslider metaslider-flex metaslider-15473 ml-slider has-dots-nav ms-theme-default\" role=\"region\" aria-label=\"Nueva presentaci\u00f3n de diapositivas\" data-height=\"1707\" data-width=\"2560\">\n    <div id=\"metaslider_container_15473\">\n        <div id=\"metaslider_15473\">\n            <ul class='slides'>\n                <li style=\"display: block; width: 100%;\" class=\"slide-15474 ms-image \" aria-roledescription=\"slide\" data-date=\"2021-10-15 14:33:32\" data-filename=\"21-scaled.jpg\" data-slide-type=\"image\"><img loading=\"lazy\" decoding=\"async\" src=\"https:\/\/soy.usac.edu.gt\/wp-content\/uploads\/2021\/10\/21-scaled.jpg\" height=\"1707\" width=\"2560\" alt=\"\" class=\"slider-15473 slide-15474 msDefaultImage\" title=\"21\" \/><div class=\"caption-wrap\"><div class=\"caption\">Margarita L\u00f3pez Aguilar, actriz, productora, gestora y licenciada en Pedagog\u00eda por la USAC<\/div><\/div><\/li>\n                <li style=\"display: none; width: 100%;\" class=\"slide-15475 ms-image \" aria-roledescription=\"slide\" data-date=\"2021-10-15 14:33:32\" data-filename=\"19-scaled.jpg\" data-slide-type=\"image\"><img loading=\"lazy\" decoding=\"async\" src=\"https:\/\/soy.usac.edu.gt\/wp-content\/uploads\/2021\/10\/19-scaled.jpg\" height=\"1707\" width=\"2560\" alt=\"\" class=\"slider-15473 slide-15475 msDefaultImage\" title=\"19\" \/><div class=\"caption-wrap\"><div class=\"caption\">Rosana Estrada B., poetisa e investigadora cient\u00edfica y social<\/div><\/div><\/li>\n                <li style=\"display: none; width: 100%;\" class=\"slide-15476 ms-image \" aria-roledescription=\"slide\" data-date=\"2021-10-15 14:33:32\" data-filename=\"17-scaled.jpg\" data-slide-type=\"image\"><img loading=\"lazy\" decoding=\"async\" src=\"https:\/\/soy.usac.edu.gt\/wp-content\/uploads\/2021\/10\/17-scaled.jpg\" height=\"1707\" width=\"2560\" alt=\"\" class=\"slider-15473 slide-15476 msDefaultImage\" title=\"17\" \/><div class=\"caption-wrap\"><div class=\"caption\">Rosana Estrada B., poetisa e investigadora cient\u00edfica y social<\/div><\/div><\/li>\n                <li style=\"display: none; width: 100%;\" class=\"slide-15477 ms-image \" aria-roledescription=\"slide\" data-date=\"2021-10-15 14:33:32\" data-filename=\"13-scaled.jpg\" data-slide-type=\"image\"><img loading=\"lazy\" decoding=\"async\" src=\"https:\/\/soy.usac.edu.gt\/wp-content\/uploads\/2021\/10\/13-scaled.jpg\" height=\"1707\" width=\"2560\" alt=\"\" class=\"slider-15473 slide-15477 msDefaultImage\" title=\"13\" \/><div class=\"caption-wrap\"><div class=\"caption\">Jimena Soto, artista visual egresada de la ESA;<\/div><\/div><\/li>\n                <li style=\"display: none; width: 100%;\" class=\"slide-15478 ms-image \" aria-roledescription=\"slide\" data-date=\"2021-10-15 14:33:32\" data-filename=\"15-scaled.jpg\" data-slide-type=\"image\"><img loading=\"lazy\" decoding=\"async\" src=\"https:\/\/soy.usac.edu.gt\/wp-content\/uploads\/2021\/10\/15-scaled.jpg\" height=\"1707\" width=\"2560\" alt=\"\" class=\"slider-15473 slide-15478 msDefaultImage\" title=\"15\" \/><div class=\"caption-wrap\"><div class=\"caption\">Telma D\u00edaz, licenciada en M\u00fasica y primer fagot de la Orquesta Sinf\u00f3nica Nacional, docente de la Escuela Superior de Arte de la USAC (ESA) y de la Universidad del Valle<\/div><\/div><\/li>\n                <li style=\"display: none; width: 100%;\" class=\"slide-15479 ms-image \" aria-roledescription=\"slide\" data-date=\"2021-10-15 14:33:32\" data-filename=\"11-scaled.jpg\" data-slide-type=\"image\"><img loading=\"lazy\" decoding=\"async\" src=\"https:\/\/soy.usac.edu.gt\/wp-content\/uploads\/2021\/10\/11-scaled.jpg\" height=\"1707\" width=\"2560\" alt=\"\" class=\"slider-15473 slide-15479 msDefaultImage\" title=\"11\" \/><div class=\"caption-wrap\"><div class=\"caption\">Yutzil Pablo, danzante maya y contempor\u00e1nea, investigadora, licenciada en Danza Contempor\u00e1nea y Coreograf\u00eda<\/div><\/div><\/li>\n                <li style=\"display: none; width: 100%;\" class=\"slide-15480 ms-image \" aria-roledescription=\"slide\" data-date=\"2021-10-15 14:33:32\" data-filename=\"4-1-scaled.jpg\" data-slide-type=\"image\"><img loading=\"lazy\" decoding=\"async\" src=\"https:\/\/soy.usac.edu.gt\/wp-content\/uploads\/2021\/10\/4-1-scaled.jpg\" height=\"1707\" width=\"2560\" alt=\"\" class=\"slider-15473 slide-15480 msDefaultImage\" title=\"4\" \/><div class=\"caption-wrap\"><div class=\"caption\">la Lcda. Vilma Rodas, directora del IUMUSAC.<\/div><\/div><\/li>\n                <li style=\"display: none; width: 100%;\" class=\"slide-15481 ms-image \" aria-roledescription=\"slide\" data-date=\"2021-10-15 14:33:32\" data-filename=\"6-scaled.jpg\" data-slide-type=\"image\"><img loading=\"lazy\" decoding=\"async\" src=\"https:\/\/soy.usac.edu.gt\/wp-content\/uploads\/2021\/10\/6-scaled.jpg\" height=\"1707\" width=\"2560\" alt=\"\" class=\"slider-15473 slide-15481 msDefaultImage\" title=\"6\" \/><div class=\"caption-wrap\"><div class=\"caption\">El secretario general, Gustavo Taracena Gil<\/div><\/div><\/li>\n                <li style=\"display: none; width: 100%;\" class=\"slide-15482 ms-image \" aria-roledescription=\"slide\" data-date=\"2021-10-15 14:33:32\" data-filename=\"8-scaled.jpg\" data-slide-type=\"image\"><img loading=\"lazy\" decoding=\"async\" src=\"https:\/\/soy.usac.edu.gt\/wp-content\/uploads\/2021\/10\/8-scaled.jpg\" height=\"1707\" width=\"2560\" alt=\"\" class=\"slider-15473 slide-15482 msDefaultImage\" title=\"8\" \/><div class=\"caption-wrap\"><div class=\"caption\">M. A. Pablo Oliva, rector en funciones<\/div><\/div><\/li>\n                <li style=\"display: none; width: 100%;\" class=\"slide-15483 ms-image \" aria-roledescription=\"slide\" data-date=\"2021-10-15 14:33:32\" data-filename=\"10-scaled.jpg\" data-slide-type=\"image\"><img loading=\"lazy\" decoding=\"async\" src=\"https:\/\/soy.usac.edu.gt\/wp-content\/uploads\/2021\/10\/10-scaled.jpg\" height=\"1707\" width=\"2560\" alt=\"\" class=\"slider-15473 slide-15483 msDefaultImage\" title=\"10\" \/><div class=\"caption-wrap\"><div class=\"caption\">Lizette Mertins, core\u00f3grafa, maestra, bailarina, licenciada en Historia y Danza. \n\n<\/div><\/div><\/li>\n                <li style=\"display: none; width: 100%;\" class=\"slide-15484 ms-image \" aria-roledescription=\"slide\" data-date=\"2021-10-15 14:33:32\" data-filename=\"3-1-scaled.jpg\" data-slide-type=\"image\"><img loading=\"lazy\" decoding=\"async\" src=\"https:\/\/soy.usac.edu.gt\/wp-content\/uploads\/2021\/10\/3-1-scaled.jpg\" height=\"1707\" width=\"2560\" alt=\"\" class=\"slider-15473 slide-15484 msDefaultImage\" title=\"3\" \/><\/li>\n                <li style=\"display: none; width: 100%;\" class=\"slide-15485 ms-image \" aria-roledescription=\"slide\" data-date=\"2021-10-15 14:33:32\" data-filename=\"2-1-scaled.jpg\" data-slide-type=\"image\"><img loading=\"lazy\" decoding=\"async\" src=\"https:\/\/soy.usac.edu.gt\/wp-content\/uploads\/2021\/10\/2-1-scaled.jpg\" height=\"1707\" width=\"2560\" alt=\"\" class=\"slider-15473 slide-15485 msDefaultImage\" title=\"2\" \/><\/li>\n                <li style=\"display: none; width: 100%;\" class=\"slide-15486 ms-image \" aria-roledescription=\"slide\" data-date=\"2021-10-15 14:33:33\" data-filename=\"1-1-scaled.jpg\" data-slide-type=\"image\"><img loading=\"lazy\" decoding=\"async\" src=\"https:\/\/soy.usac.edu.gt\/wp-content\/uploads\/2021\/10\/1-1-scaled.jpg\" height=\"1707\" width=\"2560\" alt=\"\" class=\"slider-15473 slide-15486 msDefaultImage\" title=\"1\" \/><\/li>\n            <\/ul>\n        <\/div>\n        \n    <\/div>\n<\/div>\n<p>\u00a0<\/p>\n<p style=\"text-align: justify;\">\u201cEste es un acto muy significativo, especial, acad\u00e9mico y cultural que nos permite hacer visible el aporte de las mujeres en distintos \u00e1mbitos profesionales. Espero que esta actividad sea la primera de muchas, que esta sea el punto de partida para la difusi\u00f3n del trabajo de las mujeres sancarlistas\u201d, expres\u00f3 la Lcda. Vilma Rodas, directora del IUMUSAC.<\/p>\n<p style=\"text-align: justify;\">El secretario general, Gustavo Taracena Gil, coment\u00f3 que valora mucho este reconocimiento, entregado a mujeres sancarlistas que han sobresalido por su trabajo.<\/p>\n<p style=\"text-align: justify;\">Rossana Estrada, una de las reconocidas, expres\u00f3 que se ha trabajado para que en la universidad exista una verdadera equidad de g\u00e9nero y relaciones igualitarias. \u201cMuchas gracias por esta sorororidad, como universitaria feminista, les agradezco con todo el coraz\u00f3n\u201d, puntualiz\u00f3.\u00a0<\/p>\n","protected":false},"excerpt":{"rendered":"<p>En la Biblioteca Central se inaugur\u00f3 una exposici\u00f3n sobre el trabajo art\u00edstico y acad\u00e9mico de diez mujeres sancarlistas.<\/p>\n","protected":false},"author":1,"featured_media":15470,"comment_status":"closed","ping_status":"open","sticky":false,"template":"","format":"standard","meta":{"_exactmetrics_skip_tracking":false,"_exactmetrics_sitenote_active":false,"_exactmetrics_sitenote_note":"","_exactmetrics_sitenote_category":0,"_jetpack_memberships_contains_paid_content":false,"footnotes":""},"categories":[29,1],"tags":[218,727],"class_list":["post-15456","post","type-post","status-publish","format-standard","has-post-thumbnail","hentry","category-noticias","category-sin-categoria","tag-iumusac","tag-mujeres-sancarlistas"],"aioseo_notices":[],"jetpack_featured_media_url":"https:\/\/soy.usac.edu.gt\/wp-content\/uploads\/2021\/10\/20-scaled.jpg","views":"","jetpack-related-posts":[{"id":21030,"url":"https:\/\/soy.usac.edu.gt\/?p=21030","url_meta":{"origin":15456,"position":0},"title":"IUMUSAC presenta la Revista Mujeres y Universidad","author":"Divisi\u00f3n de Publicidad","date":"7 noviembre, 2024","format":false,"excerpt":"El Instituto Universitario de la Mujer (IUMUSAC) reconoce el trabajo que las mujeres realizan dentro de la universidad para el an\u00e1lisis sobre la realidad de g\u00e9nero en los distintos \u00e1mbitos acad\u00e9micos, sociales, econ\u00f3micos, cient\u00edficos y culturales.\u00a0 Como resultado, cre\u00f3 un espacio donde se hacen visibles las voces femeninas: la Revista\u2026","rel":"","context":"En \u00abCultura\u00bb","block_context":{"text":"Cultura","link":"https:\/\/soy.usac.edu.gt\/?cat=97"},"img":{"alt_text":"","src":"https:\/\/i0.wp.com\/soy.usac.edu.gt\/wp-content\/uploads\/2024\/11\/WhatsApp-Image-2024-11-06-at-11.19.27-AM.jpeg?resize=350%2C200&ssl=1","width":350,"height":200,"srcset":"https:\/\/i0.wp.com\/soy.usac.edu.gt\/wp-content\/uploads\/2024\/11\/WhatsApp-Image-2024-11-06-at-11.19.27-AM.jpeg?resize=350%2C200&ssl=1 1x, https:\/\/i0.wp.com\/soy.usac.edu.gt\/wp-content\/uploads\/2024\/11\/WhatsApp-Image-2024-11-06-at-11.19.27-AM.jpeg?resize=525%2C300&ssl=1 1.5x, https:\/\/i0.wp.com\/soy.usac.edu.gt\/wp-content\/uploads\/2024\/11\/WhatsApp-Image-2024-11-06-at-11.19.27-AM.jpeg?resize=700%2C400&ssl=1 2x, https:\/\/i0.wp.com\/soy.usac.edu.gt\/wp-content\/uploads\/2024\/11\/WhatsApp-Image-2024-11-06-at-11.19.27-AM.jpeg?resize=1050%2C600&ssl=1 3x, https:\/\/i0.wp.com\/soy.usac.edu.gt\/wp-content\/uploads\/2024\/11\/WhatsApp-Image-2024-11-06-at-11.19.27-AM.jpeg?resize=1400%2C800&ssl=1 4x"},"classes":[]},{"id":10989,"url":"https:\/\/soy.usac.edu.gt\/?p=10989","url_meta":{"origin":15456,"position":1},"title":"USAC homenajea a mujeres destacadas\u00a0","author":"Edwin Medina","date":"5 marzo, 2020","format":false,"excerpt":"La administraci\u00f3n reconoci\u00f3 la labor de mujeres sancarlistas que se desempe\u00f1an en puestos de toma decisiones. El evento se llev\u00f3 a cabo en el Aula Magna Igl\u00fa del campus central.","rel":"","context":"En \u00abNoticias\u00bb","block_context":{"text":"Noticias","link":"https:\/\/soy.usac.edu.gt\/?cat=29"},"img":{"alt_text":"","src":"https:\/\/i0.wp.com\/soy.usac.edu.gt\/wp-content\/uploads\/2020\/03\/4.jpg?resize=350%2C200&ssl=1","width":350,"height":200,"srcset":"https:\/\/i0.wp.com\/soy.usac.edu.gt\/wp-content\/uploads\/2020\/03\/4.jpg?resize=350%2C200&ssl=1 1x, https:\/\/i0.wp.com\/soy.usac.edu.gt\/wp-content\/uploads\/2020\/03\/4.jpg?resize=525%2C300&ssl=1 1.5x, https:\/\/i0.wp.com\/soy.usac.edu.gt\/wp-content\/uploads\/2020\/03\/4.jpg?resize=700%2C400&ssl=1 2x, https:\/\/i0.wp.com\/soy.usac.edu.gt\/wp-content\/uploads\/2020\/03\/4.jpg?resize=1050%2C600&ssl=1 3x"},"classes":[]},{"id":21333,"url":"https:\/\/soy.usac.edu.gt\/?p=21333","url_meta":{"origin":15456,"position":2},"title":"USAC reafirma su compromiso con la equidad de g\u00e9nero","author":"Divisi\u00f3n de Publicidad","date":"7 marzo, 2025","format":false,"excerpt":"Esta casa de estudios organiz\u00f3 la charla \u201cLos derechos de las mujeres: un legado de luchas y conquistas en el camino hacia la igualdad\u201d, donde se reconoci\u00f3 la valent\u00eda y trayectoria de mujeres que hist\u00f3ricamente han conquistado derechos civiles, humanos y sociales. Asimismo, fue un espacio para analizar el contexto\u2026","rel":"","context":"En \u00abActividades\u00bb","block_context":{"text":"Actividades","link":"https:\/\/soy.usac.edu.gt\/?cat=126"},"img":{"alt_text":"","src":"https:\/\/i0.wp.com\/soy.usac.edu.gt\/wp-content\/uploads\/2025\/03\/WhatsApp-Image-2025-03-07-at-2.54.58-PM.jpeg?resize=350%2C200&ssl=1","width":350,"height":200,"srcset":"https:\/\/i0.wp.com\/soy.usac.edu.gt\/wp-content\/uploads\/2025\/03\/WhatsApp-Image-2025-03-07-at-2.54.58-PM.jpeg?resize=350%2C200&ssl=1 1x, https:\/\/i0.wp.com\/soy.usac.edu.gt\/wp-content\/uploads\/2025\/03\/WhatsApp-Image-2025-03-07-at-2.54.58-PM.jpeg?resize=525%2C300&ssl=1 1.5x, https:\/\/i0.wp.com\/soy.usac.edu.gt\/wp-content\/uploads\/2025\/03\/WhatsApp-Image-2025-03-07-at-2.54.58-PM.jpeg?resize=700%2C400&ssl=1 2x, https:\/\/i0.wp.com\/soy.usac.edu.gt\/wp-content\/uploads\/2025\/03\/WhatsApp-Image-2025-03-07-at-2.54.58-PM.jpeg?resize=1050%2C600&ssl=1 3x, https:\/\/i0.wp.com\/soy.usac.edu.gt\/wp-content\/uploads\/2025\/03\/WhatsApp-Image-2025-03-07-at-2.54.58-PM.jpeg?resize=1400%2C800&ssl=1 4x"},"classes":[]},{"id":18583,"url":"https:\/\/soy.usac.edu.gt\/?p=18583","url_meta":{"origin":15456,"position":3},"title":"USAC reivindica los aportes de las mujeres en la historia","author":"Divisi\u00f3n de Publicidad","date":"6 octubre, 2022","format":false,"excerpt":"La C\u00e1tedra Historia, G\u00e9nero y Educaci\u00f3n Superior concientiz\u00f3 sobre la importancia de fortalecer la memoria hist\u00f3rica y reconocer el papel de la mujer en distintos contextos.","rel":"","context":"En \u00abNoticias\u00bb","block_context":{"text":"Noticias","link":"https:\/\/soy.usac.edu.gt\/?cat=29"},"img":{"alt_text":"","src":"https:\/\/i0.wp.com\/soy.usac.edu.gt\/wp-content\/uploads\/2022\/10\/4-1.jpg?resize=350%2C200&ssl=1","width":350,"height":200,"srcset":"https:\/\/i0.wp.com\/soy.usac.edu.gt\/wp-content\/uploads\/2022\/10\/4-1.jpg?resize=350%2C200&ssl=1 1x, https:\/\/i0.wp.com\/soy.usac.edu.gt\/wp-content\/uploads\/2022\/10\/4-1.jpg?resize=525%2C300&ssl=1 1.5x, https:\/\/i0.wp.com\/soy.usac.edu.gt\/wp-content\/uploads\/2022\/10\/4-1.jpg?resize=700%2C400&ssl=1 2x"},"classes":[]},{"id":16574,"url":"https:\/\/soy.usac.edu.gt\/?p=16574","url_meta":{"origin":15456,"position":4},"title":"Reconocen labor de mujeres sancarlistas","author":"Divisi\u00f3n de Publicidad","date":"9 marzo, 2022","format":false,"excerpt":"En el marco de las celebraciones del D\u00eda Internacional de la Mujer, el Ministerio de Trabajo y Previsi\u00f3n Social reconoci\u00f3 a trabajadores de distintas instituciones p\u00fablicas y privadas con la Orden de la Excelencia Laboral.","rel":"","context":"En \u00abNoticias\u00bb","block_context":{"text":"Noticias","link":"https:\/\/soy.usac.edu.gt\/?cat=29"},"img":{"alt_text":"","src":"https:\/\/i0.wp.com\/soy.usac.edu.gt\/wp-content\/uploads\/2022\/03\/20-1.jpg?resize=350%2C200&ssl=1","width":350,"height":200,"srcset":"https:\/\/i0.wp.com\/soy.usac.edu.gt\/wp-content\/uploads\/2022\/03\/20-1.jpg?resize=350%2C200&ssl=1 1x, https:\/\/i0.wp.com\/soy.usac.edu.gt\/wp-content\/uploads\/2022\/03\/20-1.jpg?resize=525%2C300&ssl=1 1.5x, https:\/\/i0.wp.com\/soy.usac.edu.gt\/wp-content\/uploads\/2022\/03\/20-1.jpg?resize=700%2C400&ssl=1 2x, https:\/\/i0.wp.com\/soy.usac.edu.gt\/wp-content\/uploads\/2022\/03\/20-1.jpg?resize=1050%2C600&ssl=1 3x, https:\/\/i0.wp.com\/soy.usac.edu.gt\/wp-content\/uploads\/2022\/03\/20-1.jpg?resize=1400%2C800&ssl=1 4x"},"classes":[]},{"id":4651,"url":"https:\/\/soy.usac.edu.gt\/?p=4651","url_meta":{"origin":15456,"position":5},"title":"El rol de la mujer universitaria","author":"Edwin Medina","date":"8 marzo, 2019","format":false,"excerpt":"El Instituto Universitario de la Mujer repas\u00f3 a trav\u00e9s de la historia el empoderamiento de las mujeres y las luchas que han enfrentado hasta hoy.","rel":"","context":"En \u00abNoticias\u00bb","block_context":{"text":"Noticias","link":"https:\/\/soy.usac.edu.gt\/?cat=29"},"img":{"alt_text":"","src":"https:\/\/i0.wp.com\/soy.usac.edu.gt\/wp-content\/uploads\/2019\/03\/IMG_6647.jpg?resize=350%2C200&ssl=1","width":350,"height":200,"srcset":"https:\/\/i0.wp.com\/soy.usac.edu.gt\/wp-content\/uploads\/2019\/03\/IMG_6647.jpg?resize=350%2C200&ssl=1 1x, https:\/\/i0.wp.com\/soy.usac.edu.gt\/wp-content\/uploads\/2019\/03\/IMG_6647.jpg?resize=525%2C300&ssl=1 1.5x, https:\/\/i0.wp.com\/soy.usac.edu.gt\/wp-content\/uploads\/2019\/03\/IMG_6647.jpg?resize=700%2C400&ssl=1 2x, https:\/\/i0.wp.com\/soy.usac.edu.gt\/wp-content\/uploads\/2019\/03\/IMG_6647.jpg?resize=1050%2C600&ssl=1 3x, https:\/\/i0.wp.com\/soy.usac.edu.gt\/wp-content\/uploads\/2019\/03\/IMG_6647.jpg?resize=1400%2C800&ssl=1 4x"},"classes":[]}],"jetpack_sharing_enabled":true,"_links":{"self":[{"href":"https:\/\/soy.usac.edu.gt\/index.php?rest_route=\/wp\/v2\/posts\/15456","targetHints":{"allow":["GET"]}}],"collection":[{"href":"https:\/\/soy.usac.edu.gt\/index.php?rest_route=\/wp\/v2\/posts"}],"about":[{"href":"https:\/\/soy.usac.edu.gt\/index.php?rest_route=\/wp\/v2\/types\/post"}],"author":[{"embeddable":true,"href":"https:\/\/soy.usac.edu.gt\/index.php?rest_route=\/wp\/v2\/users\/1"}],"replies":[{"embeddable":true,"href":"https:\/\/soy.usac.edu.gt\/index.php?rest_route=%2Fwp%2Fv2%2Fcomments&post=15456"}],"version-history":[{"count":2,"href":"https:\/\/soy.usac.edu.gt\/index.php?rest_route=\/wp\/v2\/posts\/15456\/revisions"}],"predecessor-version":[{"id":15487,"href":"https:\/\/soy.usac.edu.gt\/index.php?rest_route=\/wp\/v2\/posts\/15456\/revisions\/15487"}],"wp:featuredmedia":[{"embeddable":true,"href":"https:\/\/soy.usac.edu.gt\/index.php?rest_route=\/wp\/v2\/media\/15470"}],"wp:attachment":[{"href":"https:\/\/soy.usac.edu.gt\/index.php?rest_route=%2Fwp%2Fv2%2Fmedia&parent=15456"}],"wp:term":[{"taxonomy":"category","embeddable":true,"href":"https:\/\/soy.usac.edu.gt\/index.php?rest_route=%2Fwp%2Fv2%2Fcategories&post=15456"},{"taxonomy":"post_tag","embeddable":true,"href":"https:\/\/soy.usac.edu.gt\/index.php?rest_route=%2Fwp%2Fv2%2Ftags&post=15456"}],"curies":[{"name":"wp","href":"https:\/\/api.w.org\/{rel}","templated":true}]}}