{"id":15492,"date":"2021-10-18T20:33:58","date_gmt":"2021-10-19T02:33:58","guid":{"rendered":"https:\/\/soy.usac.edu.gt\/?p=15492"},"modified":"2021-10-18T20:36:49","modified_gmt":"2021-10-19T02:36:49","slug":"participa-en-el-encuentro-textiles-de-las-americas-dialogos-para-comprender-procesos-y-cambios","status":"publish","type":"post","link":"https:\/\/soy.usac.edu.gt\/?p=15492","title":{"rendered":"Participa en el Encuentro \u201cTextiles de las Am\u00e9ricas, di\u00e1logos para comprender procesos y cambios\u201d"},"content":{"rendered":"\n<p style=\"text-align: justify;\"><strong><em>El 26, 27 y 28 de octubre se realizar\u00e1 una serie de ponencias virtuales que abordar\u00e1n diversos temas relacionados con el patrimonio textil del continente americano.<\/em><\/strong><\/p>\n<p style=\"text-align: justify;\">El Museo Ixchel del Traje Ind\u00edgena y la Universidad de San Carlos de Guatemala ser\u00e1n los anfitriones de este encuentro, el cual reunir\u00e1 a creadores, portadores e investigadores del patrimonio textil de Am\u00e9rica. Participar\u00e1n expertos de pa\u00edses como M\u00e9xico, Argentina, Chile, Bolivia, Ecuador, Israel, Alemania y Guatemala, para la discusi\u00f3n e intercambio de informaci\u00f3n.\u00a0<\/p>\n<p style=\"text-align: justify;\">Los textiles tradicionales atesoran la sabidur\u00eda, historia y cosmovisi\u00f3n de los pueblos ancestrales. En esta \u00e9poca se hace necesario analizar el impacto que factores como la producci\u00f3n industrial, la globalizaci\u00f3n, el turismo y la moda tienen en ellos.<\/p>\n<p style=\"text-align: justify;\">Al respecto, el Ing. Agr. Mario God\u00ednez, director del Centro de Estudio de las Culturas en Guatemala (CECEG), de la USAC, una de las dependencias sancarlistas involucrada en la organizaci\u00f3n del evento, comenta: \u201cLos textiles son manifestaciones de la identidad, del arte y del patrimonio, que han probado su permanencia a lo largo del tiempo, en algunos casos durante milenios, no exentos de innovaciones importantes en relaci\u00f3n con su tecnolog\u00eda, uso, confecci\u00f3n y significado. Esta din\u00e1mica tan compleja y longeva presenta retos importantes para los hacedores, portadores e investigadores\u201d.<\/p>\n<p style=\"text-align: justify;\">Este a\u00f1o el evento ofrecer\u00e1 un an\u00e1lisis integral. Expositores nacionales e internacionales desarrollar\u00e1n <strong>m\u00e1s de 45 ponencias<\/strong>, para conformar un espacio interactivo que propicia el acercamiento, conocimiento, an\u00e1lisis y conservaci\u00f3n de las diversas expresiones textiles.<\/p>\n<p style=\"text-align: justify;\">La actividad est\u00e1 conformada por mesas tem\u00e1ticas: 1. <em>\u201cSalvaguarda de las tradiciones\u201d<\/em>, 2. <em>\u201cNarrativas textiles\u201d,<\/em> 3. <em>\u201cInnovaci\u00f3n y transformaci\u00f3n\u201d.<\/em> Los ejes de trabajo contemplaron aspectos como las estrategias para la documentaci\u00f3n textil; investigaci\u00f3n de las tradiciones textiles en las Am\u00e9ricas; significados, simbolismo e interpretaci\u00f3n de las narrativas textiles; tensiones entre la tradici\u00f3n y la industria de la moda; entre otros.<\/p>\n<figure id=\"attachment_15497\" aria-describedby=\"caption-attachment-15497\" style=\"width: 800px\" class=\"wp-caption aligncenter\"><img loading=\"lazy\" decoding=\"async\" class=\"wp-image-15497 size-full\" src=\"https:\/\/soy.usac.edu.gt\/wp-content\/uploads\/2021\/10\/teijidos.jpg\" alt=\"\" width=\"800\" height=\"450\" srcset=\"https:\/\/soy.usac.edu.gt\/wp-content\/uploads\/2021\/10\/teijidos.jpg 800w, https:\/\/soy.usac.edu.gt\/wp-content\/uploads\/2021\/10\/teijidos-300x169.jpg 300w, https:\/\/soy.usac.edu.gt\/wp-content\/uploads\/2021\/10\/teijidos-768x432.jpg 768w\" sizes=\"auto, (max-width: 800px) 100vw, 800px\" \/><figcaption id=\"caption-attachment-15497\" class=\"wp-caption-text\">Fotograf\u00edas de internet<\/figcaption><\/figure>\n<h5 style=\"text-align: justify;\"><strong>Importancia del evento<\/strong><\/h5>\n<p style=\"text-align: justify;\">De acuerdo con el Ing. Agr. God\u00ednez, la relevancia de este evento radica en la necesidad de comprender las din\u00e1micas que est\u00e1n surgiendo en torno a los textiles tradicionales, para evitar la discriminaci\u00f3n y el racismo en los debates generados sobre este tema. \u00a0\u00a0<\/p>\n<p style=\"text-align: justify;\">\u201cEl encuentro aporta al conocimiento de una gran \u00e1rea cultural milenaria que no ha sido tomada en cuenta en toda su dimensi\u00f3n. Se busca evitar pr\u00e1cticas privatizadoras y reconocer las din\u00e1micas de los pueblos originarios\u201d, agrega.<\/p>\n<p style=\"text-align: justify;\">El abordaje de los textiles tambi\u00e9n contempla su apreciaci\u00f3n: \u201cSe pretende que la sociedad valore al textil tradicional como un arte y conozca sus significados\u201d.<\/p>\n<p style=\"text-align: justify;\">Seg\u00fan el profesional, mediante las ponencias, se espera comprender y respaldar las din\u00e1micas de los pueblos que poseen textiles tradicionales, para que puedan defenderlos y conservarlos.\u00a0<\/p>\n<p style=\"text-align: justify;\">\u201cAsimismo, se tiene como objetivo conocer toda la rica innovaci\u00f3n tecnol\u00f3gica y art\u00edstica que existe alrededor de la elaboraci\u00f3n de los textiles tradicionales\u201d, concluye.<\/p>\n<p>\u00a0<\/p>\n<h5 style=\"text-align: justify;\"><strong>\u00bfC\u00f3mo participar?<\/strong><\/h5>\n<p style=\"text-align: justify;\">Las ponencias se presentar\u00e1n <strong>del 26 al 28 de octubre<\/strong> desde las 8:30 de la ma\u00f1ana hasta las 6:00 de la tarde (horario de Guatemala) de forma virtual. Podr\u00e1n visualizarse de forma libre y gratuita. El acceso ser\u00e1 proporcionado por el Museo Ixchel del Traje Ind\u00edgena de Guatemala, a trav\u00e9s de sus plataformas digitales, as\u00ed como los canales de <em>Facebook live<\/em> de las dem\u00e1s instituciones que contribuyeron a organizar el evento.<\/p>\n<p style=\"text-align: justify;\">\u00a0<\/p>\n\n\n\n<div class=\"wp-block-buttons is-layout-flex wp-block-buttons-is-layout-flex\">\n<div class=\"wp-block-button\"><a class=\"wp-block-button__link has-vivid-cyan-blue-background-color has-background\" href=\"https:\/\/sites.google.com\/museotextil.org\/textilesdelasamericas\/TextilesDeLasAmericas\/inscripcion\" target=\"_blank\" rel=\"noreferrer noopener\">Inscripciones<\/a><\/div>\n\n\n\n<div class=\"wp-block-button\"><a class=\"wp-block-button__link has-vivid-cyan-blue-background-color has-background\" href=\"https:\/\/www.dropbox.com\/s\/nnkmbtginkfpf9x\/Programa%20Encuetro%20Textiles%20de%20las%20Am%C3%A9ricas.pdf?dl=0\" target=\"_blank\" rel=\"noreferrer noopener\">Programa de actividades<\/a><\/div>\n<\/div>\n\n\n\n<div style=\"height:100px\" aria-hidden=\"true\" class=\"wp-block-spacer\"><\/div>\n\n\n\n<h2 class=\"wp-block-heading\">Mayor informaci\u00f3n<\/h2>\n\n\n\n<figure id=\"attachment_15496\" aria-describedby=\"caption-attachment-15496\" style=\"width: 1960px\" class=\"wp-caption aligncenter\"><img loading=\"lazy\" decoding=\"async\" class=\"wp-image-15496 size-full\" src=\"https:\/\/soy.usac.edu.gt\/wp-content\/uploads\/2021\/10\/CKC4IXVDTJANPOOTETBO6QMDUY.jpg\" alt=\"\" width=\"1960\" height=\"1306\" srcset=\"https:\/\/soy.usac.edu.gt\/wp-content\/uploads\/2021\/10\/CKC4IXVDTJANPOOTETBO6QMDUY.jpg 1960w, https:\/\/soy.usac.edu.gt\/wp-content\/uploads\/2021\/10\/CKC4IXVDTJANPOOTETBO6QMDUY-300x200.jpg 300w, https:\/\/soy.usac.edu.gt\/wp-content\/uploads\/2021\/10\/CKC4IXVDTJANPOOTETBO6QMDUY-1024x682.jpg 1024w, https:\/\/soy.usac.edu.gt\/wp-content\/uploads\/2021\/10\/CKC4IXVDTJANPOOTETBO6QMDUY-768x512.jpg 768w, https:\/\/soy.usac.edu.gt\/wp-content\/uploads\/2021\/10\/CKC4IXVDTJANPOOTETBO6QMDUY-1536x1023.jpg 1536w\" sizes=\"auto, (max-width: 1960px) 100vw, 1960px\" \/><figcaption id=\"caption-attachment-15496\" class=\"wp-caption-text\">Fotograf\u00edas de internet<\/figcaption><\/figure>\n<blockquote>\n<p style=\"text-align: justify;\">Para plantear dudas, puede establecerse comunicaci\u00f3n en <a href=\"mailto:textilesdelasamericas@museoixchel.org\">textilesdelasamericas@museoixchel.org<\/a>. Quien requiera constancia de participaci\u00f3n puede solicitarla en este mismo link. \u00a0<\/p>\n<\/blockquote>\n<h5 style=\"text-align: justify;\"><strong>Organizadores y colaboradores<\/strong><\/h5>\n<p style=\"text-align: justify;\">Para ofrecer informaci\u00f3n multidisciplinaria, se requiri\u00f3 la articulaci\u00f3n de m\u00faltiples instituciones. El Ing. Agr. Mario God\u00ednez indica que CECEG es parte del comit\u00e9 organizador del encuentro, por lo que se ha involucrado en las diferentes comisiones.<\/p>\n<p style=\"text-align: justify;\">A\u00f1adi\u00f3 que las instituciones encargadas del encuentro enfrentaron adecuadamente los obst\u00e1culos impuestos por la pandemia: \u201cInicialmente se hab\u00eda dise\u00f1ado el evento para que fuera presencial, debido a la pandemia se tuvo que posponer y estructurarlo de tal manera que pudiera presentarse virtualmente. Esto represent\u00f3 grandes retos para el comit\u00e9 organizador, pero los hemos superado y hoy estamos preparados para la realizaci\u00f3n exitosa del encuentro\u201d.<\/p>\n<p style=\"text-align: justify;\">Sobre el papel que desempe\u00f1a CECEG, explica que este es un centro de investigaci\u00f3n especializado en las din\u00e1micas culturales nacionales que se producen y est\u00e1n en constante cambio, para poner en valor las tradiciones, costumbres y hechos socioculturales del pa\u00eds.<\/p>\n<p style=\"text-align: justify;\">Es el centro que ha rescatado mucha de la tradici\u00f3n cultural nacional y la ha puesto a disposici\u00f3n de la sociedad, para que conozca sus ra\u00edces, el origen y los condicionantes que presenta la actualidad cultural.<\/p>\n<p style=\"text-align: justify;\">Entre los organizadores tambi\u00e9n est\u00e1 el Museo Ixchel del Traje Ind\u00edgena; Friends of the Ixchel Museum, Inc.; El Colegio de San Luis; Universidad Aut\u00f3noma de San Luis Potos\u00ed; Facultad del H\u00e1bitat; Fundaci\u00f3n Alfredo Harp Hel\u00fa, Oaxaca; y el Museo Textil de Oaxaca.<\/p>\n<p style=\"text-align: justify;\">Se cont\u00f3 con la colaboraci\u00f3n de instituciones como la Direcci\u00f3n General de Investigaci\u00f3n (USAC), Museo Nacional de Antropolog\u00eda, Museo Casa del Rebozo y la Universidad Intercultural Ind\u00edgena de Michoac\u00e1n (UIIM).<\/p>\n","protected":false},"excerpt":{"rendered":"<p>El 26, 27 y 28 de octubre se realizar\u00e1 una serie de ponencias virtuales que abordar\u00e1n diversos temas relacionados con el patrimonio textil del continente americano.<\/p>\n","protected":false},"author":1,"featured_media":15495,"comment_status":"closed","ping_status":"open","sticky":false,"template":"","format":"standard","meta":{"_exactmetrics_skip_tracking":false,"_exactmetrics_sitenote_active":false,"_exactmetrics_sitenote_note":"","_exactmetrics_sitenote_category":0,"_jetpack_memberships_contains_paid_content":false,"footnotes":""},"categories":[233,97,29],"tags":[],"class_list":["post-15492","post","type-post","status-publish","format-standard","has-post-thumbnail","hentry","category-becas-y-convocatorias-2","category-cultura-noticias","category-noticias"],"aioseo_notices":[],"jetpack_featured_media_url":"https:\/\/soy.usac.edu.gt\/wp-content\/uploads\/2021\/10\/D8X2124.jpg","views":"","jetpack-related-posts":[{"id":20115,"url":"https:\/\/soy.usac.edu.gt\/?p=20115","url_meta":{"origin":15492,"position":0},"title":"\ud83d\udc69\u200d\ud83d\udd2cPresentan resultados de investigaciones","author":"Divisi\u00f3n de Publicidad","date":"5 abril, 2024","format":false,"excerpt":"Con el fin de dar a conocer los resultados de una parte de los proyectos de investigaci\u00f3n realizados en 2023, la Direcci\u00f3n General de Investigaci\u00f3n (DIGI) organiz\u00f3 el Encuentro de Patrimonio Cultural, Documental e Hist\u00f3rico de Guatemala, en el que equipos integrados por investigadores y estudiantes de la USAC compartieron\u2026","rel":"","context":"En \u00abSin categor\u00eda\u00bb","block_context":{"text":"Sin categor\u00eda","link":"https:\/\/soy.usac.edu.gt\/?cat=1"},"img":{"alt_text":"","src":"https:\/\/i0.wp.com\/soy.usac.edu.gt\/wp-content\/uploads\/2024\/04\/WhatsApp-Image-2024-04-05-at-3.19.56-PM.jpeg?resize=350%2C200&ssl=1","width":350,"height":200,"srcset":"https:\/\/i0.wp.com\/soy.usac.edu.gt\/wp-content\/uploads\/2024\/04\/WhatsApp-Image-2024-04-05-at-3.19.56-PM.jpeg?resize=350%2C200&ssl=1 1x, https:\/\/i0.wp.com\/soy.usac.edu.gt\/wp-content\/uploads\/2024\/04\/WhatsApp-Image-2024-04-05-at-3.19.56-PM.jpeg?resize=525%2C300&ssl=1 1.5x, https:\/\/i0.wp.com\/soy.usac.edu.gt\/wp-content\/uploads\/2024\/04\/WhatsApp-Image-2024-04-05-at-3.19.56-PM.jpeg?resize=700%2C400&ssl=1 2x, https:\/\/i0.wp.com\/soy.usac.edu.gt\/wp-content\/uploads\/2024\/04\/WhatsApp-Image-2024-04-05-at-3.19.56-PM.jpeg?resize=1050%2C600&ssl=1 3x"},"classes":[]},{"id":12345,"url":"https:\/\/soy.usac.edu.gt\/?p=12345","url_meta":{"origin":15492,"position":1},"title":"CSU se pronuncia ante ocupaci\u00f3n de edificio de rector\u00eda","author":"Divisi\u00f3n de Publicidad","date":"11 septiembre, 2020","format":false,"excerpt":"Un llamado a los participantes en esta indebida acci\u00f3n de fuerza a deponer las medidas de hecho.","rel":"","context":"En \u00abNoticias\u00bb","block_context":{"text":"Noticias","link":"https:\/\/soy.usac.edu.gt\/?cat=29"},"img":{"alt_text":"","src":"","width":0,"height":0},"classes":[]},{"id":6387,"url":"https:\/\/soy.usac.edu.gt\/?p=6387","url_meta":{"origin":15492,"position":2},"title":"Investigadora de USAC nominada a galard\u00f3n Guatemaltecos Ilustres","author":"Edwin Medina","date":"1 junio, 2019","format":false,"excerpt":"La cient\u00edfica Isabel Amor\u00edn, quien trabaja actualmente en la Universidad de San Carlos de Guatemala, se encuentra en la lista de los guatemaltecos m\u00e1s destacados del \u00faltimo a\u00f1o.","rel":"","context":"En \u00abCiencia y Tecnolog\u00eda\u00bb","block_context":{"text":"Ciencia y Tecnolog\u00eda","link":"https:\/\/soy.usac.edu.gt\/?cat=122"},"img":{"alt_text":"","src":"https:\/\/i0.wp.com\/soy.usac.edu.gt\/wp-content\/uploads\/2019\/05\/IMG_7201.jpg?resize=350%2C200&ssl=1","width":350,"height":200,"srcset":"https:\/\/i0.wp.com\/soy.usac.edu.gt\/wp-content\/uploads\/2019\/05\/IMG_7201.jpg?resize=350%2C200&ssl=1 1x, https:\/\/i0.wp.com\/soy.usac.edu.gt\/wp-content\/uploads\/2019\/05\/IMG_7201.jpg?resize=525%2C300&ssl=1 1.5x, https:\/\/i0.wp.com\/soy.usac.edu.gt\/wp-content\/uploads\/2019\/05\/IMG_7201.jpg?resize=700%2C400&ssl=1 2x, https:\/\/i0.wp.com\/soy.usac.edu.gt\/wp-content\/uploads\/2019\/05\/IMG_7201.jpg?resize=1050%2C600&ssl=1 3x, https:\/\/i0.wp.com\/soy.usac.edu.gt\/wp-content\/uploads\/2019\/05\/IMG_7201.jpg?resize=1400%2C800&ssl=1 4x"},"classes":[]},{"id":19144,"url":"https:\/\/soy.usac.edu.gt\/?p=19144","url_meta":{"origin":15492,"position":3},"title":"Inauguran exposici\u00f3n sobre tradiciones de Semana Santa","author":"Divisi\u00f3n de Publicidad","date":"8 marzo, 2023","format":false,"excerpt":"La USAC y la Universidad Popular (UP) presentan una muestra fotogr\u00e1fica acerca de las actividades que se realizan en distintos puntos del pa\u00eds durante la Semana Mayor. La exposici\u00f3n Costumbres y tradiciones de la Semana Santa se encuentra en la Galer\u00eda \"Eloy Amado Herrera\" de la Universidad Popular y estar\u00e1\u2026","rel":"","context":"En \u00abCultura\u00bb","block_context":{"text":"Cultura","link":"https:\/\/soy.usac.edu.gt\/?cat=123"},"img":{"alt_text":"","src":"https:\/\/i0.wp.com\/soy.usac.edu.gt\/wp-content\/uploads\/2023\/03\/25n.jpg?resize=350%2C200&ssl=1","width":350,"height":200,"srcset":"https:\/\/i0.wp.com\/soy.usac.edu.gt\/wp-content\/uploads\/2023\/03\/25n.jpg?resize=350%2C200&ssl=1 1x, https:\/\/i0.wp.com\/soy.usac.edu.gt\/wp-content\/uploads\/2023\/03\/25n.jpg?resize=525%2C300&ssl=1 1.5x, https:\/\/i0.wp.com\/soy.usac.edu.gt\/wp-content\/uploads\/2023\/03\/25n.jpg?resize=700%2C400&ssl=1 2x, https:\/\/i0.wp.com\/soy.usac.edu.gt\/wp-content\/uploads\/2023\/03\/25n.jpg?resize=1050%2C600&ssl=1 3x, https:\/\/i0.wp.com\/soy.usac.edu.gt\/wp-content\/uploads\/2023\/03\/25n.jpg?resize=1400%2C800&ssl=1 4x"},"classes":[]},{"id":5866,"url":"https:\/\/soy.usac.edu.gt\/?p=5866","url_meta":{"origin":15492,"position":4},"title":"Sancarlista dise\u00f1a un filtro que podr\u00eda salvar los r\u00edos de Guatemala","author":"Divisi\u00f3n de Publicidad","date":"6 mayo, 2019","format":false,"excerpt":"Isabel Amor\u00edn, graduada de qu\u00edmica de la Tricentenaria, con solo 27 a\u00f1os de edad, es la cient\u00edfica que dise\u00f1\u00f3 un filtro con restos de crust\u00e1ceos para eliminar colorantes en los cuerpos de agua.","rel":"","context":"En \u00abCiencia y Tecnolog\u00eda\u00bb","block_context":{"text":"Ciencia y Tecnolog\u00eda","link":"https:\/\/soy.usac.edu.gt\/?cat=122"},"img":{"alt_text":"","src":"https:\/\/i0.wp.com\/soy.usac.edu.gt\/wp-content\/uploads\/2019\/05\/IMG_7180.jpg?resize=350%2C200&ssl=1","width":350,"height":200,"srcset":"https:\/\/i0.wp.com\/soy.usac.edu.gt\/wp-content\/uploads\/2019\/05\/IMG_7180.jpg?resize=350%2C200&ssl=1 1x, https:\/\/i0.wp.com\/soy.usac.edu.gt\/wp-content\/uploads\/2019\/05\/IMG_7180.jpg?resize=525%2C300&ssl=1 1.5x, https:\/\/i0.wp.com\/soy.usac.edu.gt\/wp-content\/uploads\/2019\/05\/IMG_7180.jpg?resize=700%2C400&ssl=1 2x, https:\/\/i0.wp.com\/soy.usac.edu.gt\/wp-content\/uploads\/2019\/05\/IMG_7180.jpg?resize=1050%2C600&ssl=1 3x, https:\/\/i0.wp.com\/soy.usac.edu.gt\/wp-content\/uploads\/2019\/05\/IMG_7180.jpg?resize=1400%2C800&ssl=1 4x"},"classes":[]},{"id":5654,"url":"https:\/\/soy.usac.edu.gt\/?p=5654","url_meta":{"origin":15492,"position":5},"title":"Hoy inicia la 50 edici\u00f3n de Musicoral","author":"Divisi\u00f3n de Publicidad","date":"24 abril, 2019","format":false,"excerpt":"El m\u00e1s importante y antiguo festival de m\u00fasica coral en Guatemala celebra su cincuenta aniversario.","rel":"","context":"En \u00abCultura\u00bb","block_context":{"text":"Cultura","link":"https:\/\/soy.usac.edu.gt\/?cat=97"},"img":{"alt_text":"","src":"https:\/\/i0.wp.com\/soy.usac.edu.gt\/wp-content\/uploads\/2019\/04\/CORO-USAC.jpg?resize=350%2C200&ssl=1","width":350,"height":200,"srcset":"https:\/\/i0.wp.com\/soy.usac.edu.gt\/wp-content\/uploads\/2019\/04\/CORO-USAC.jpg?resize=350%2C200&ssl=1 1x, https:\/\/i0.wp.com\/soy.usac.edu.gt\/wp-content\/uploads\/2019\/04\/CORO-USAC.jpg?resize=525%2C300&ssl=1 1.5x, https:\/\/i0.wp.com\/soy.usac.edu.gt\/wp-content\/uploads\/2019\/04\/CORO-USAC.jpg?resize=700%2C400&ssl=1 2x, https:\/\/i0.wp.com\/soy.usac.edu.gt\/wp-content\/uploads\/2019\/04\/CORO-USAC.jpg?resize=1050%2C600&ssl=1 3x, https:\/\/i0.wp.com\/soy.usac.edu.gt\/wp-content\/uploads\/2019\/04\/CORO-USAC.jpg?resize=1400%2C800&ssl=1 4x"},"classes":[]}],"jetpack_sharing_enabled":true,"_links":{"self":[{"href":"https:\/\/soy.usac.edu.gt\/index.php?rest_route=\/wp\/v2\/posts\/15492","targetHints":{"allow":["GET"]}}],"collection":[{"href":"https:\/\/soy.usac.edu.gt\/index.php?rest_route=\/wp\/v2\/posts"}],"about":[{"href":"https:\/\/soy.usac.edu.gt\/index.php?rest_route=\/wp\/v2\/types\/post"}],"author":[{"embeddable":true,"href":"https:\/\/soy.usac.edu.gt\/index.php?rest_route=\/wp\/v2\/users\/1"}],"replies":[{"embeddable":true,"href":"https:\/\/soy.usac.edu.gt\/index.php?rest_route=%2Fwp%2Fv2%2Fcomments&post=15492"}],"version-history":[{"count":3,"href":"https:\/\/soy.usac.edu.gt\/index.php?rest_route=\/wp\/v2\/posts\/15492\/revisions"}],"predecessor-version":[{"id":15499,"href":"https:\/\/soy.usac.edu.gt\/index.php?rest_route=\/wp\/v2\/posts\/15492\/revisions\/15499"}],"wp:featuredmedia":[{"embeddable":true,"href":"https:\/\/soy.usac.edu.gt\/index.php?rest_route=\/wp\/v2\/media\/15495"}],"wp:attachment":[{"href":"https:\/\/soy.usac.edu.gt\/index.php?rest_route=%2Fwp%2Fv2%2Fmedia&parent=15492"}],"wp:term":[{"taxonomy":"category","embeddable":true,"href":"https:\/\/soy.usac.edu.gt\/index.php?rest_route=%2Fwp%2Fv2%2Fcategories&post=15492"},{"taxonomy":"post_tag","embeddable":true,"href":"https:\/\/soy.usac.edu.gt\/index.php?rest_route=%2Fwp%2Fv2%2Ftags&post=15492"}],"curies":[{"name":"wp","href":"https:\/\/api.w.org\/{rel}","templated":true}]}}