{"id":16066,"date":"2021-11-19T10:54:24","date_gmt":"2021-11-19T16:54:24","guid":{"rendered":"https:\/\/soy.usac.edu.gt\/?p=16066"},"modified":"2021-11-19T14:46:41","modified_gmt":"2021-11-19T20:46:41","slug":"usac-rinde-homenaje-postumo-al-sordo-barnoya","status":"publish","type":"post","link":"https:\/\/soy.usac.edu.gt\/?p=16066","title":{"rendered":"USAC rinde homenaje p\u00f3stumo al Sordo Barnoya"},"content":{"rendered":"\n<p style=\"text-align: justify;\"><strong><em>Durante la actividad realizada en el Museo de la Universidad de San Carlos de Guatemala (MUSAC), se conmemor\u00f3 al m\u00e9dico, ur\u00f3logo, poeta, excatedr\u00e1tico de la Facultad de Ciencias M\u00e9dicas y <\/em><em>huelguero vitalicio.<\/em><\/strong><\/p>\n<p style=\"text-align: justify;\">Jos\u00e9, el \u201cSordo\u201d Barnoya, fue el heredero de una tradici\u00f3n huelguera, que su padre, el conocido Chinche Barnoya, le inculc\u00f3 desde temprana edad. Fue el hijo predilecto de La Chabela por herencia y por convicci\u00f3n. Por herencia, porque su padre fue uno de los autores de La Chalana, el emblem\u00e1tico canto de los universitarios sancarlistas. Por convicci\u00f3n, porque no dudaba en afirmar: \u201cPara m\u00ed la Universidad de San Carlos es mi segunda madre y mis h\u00e9roes son los 150 000 muertos de la guerra, las aldeas arrasadas y los intelectuales pol\u00edticos asesinados porque el pensar ha sido un delito\u201d.<\/p>\n<p style=\"text-align: justify;\">El acto solemne inici\u00f3 con un minuto de aplausos en memoria del Dr. Jos\u00e9 Barnoya Garc\u00eda, asistieron las autoridades universitarias, quienes reconocieron la trayectoria del tan querido y connotado sancarlista. \u00a0Asimismo, se cont\u00f3 con la intervenci\u00f3n de los hijos del homenajeado, Margarita y Joaqu\u00edn Barnoya P\u00e9rez.<\/p>\n<p style=\"text-align: justify;\">Como parte del programa, el Lic. Jos\u00e9 Luis Perdomo, premio nacional de literatura, destac\u00f3 la comicidad de Barnoya como una herramienta para criticar su contexto. Lo record\u00f3 como un intelectual que dej\u00f3 un legado en la tradici\u00f3n, la literatura y la medicina, quien supo hacer frente a la persecuci\u00f3n pol\u00edtica para continuar su labor po\u00e9tica y period\u00edstica en favor de la libertad.<\/p>\n<p style=\"text-align: justify;\">Posteriormente, el secretario general, Dr. Gustavo Taracena, dio lectura al Acuerdo de Rector\u00eda N\u00famero 0933-2021, el cual manifiesta las condolencias a la familia del Dr. Jos\u00e9 Barnoya por tan irreparable p\u00e9rdida. El documento fue entregado a su hija, Margarita; y el reconocimiento p\u00f3stumo fue recibido por su hijo, Joaqu\u00edn, de manos del rector en funciones, M. A. Pablo Oliva.<\/p>\n<p style=\"text-align: justify;\">En representaci\u00f3n de la familia Barnoya Garc\u00eda, su hijo expres\u00f3: \u201cHablamos repetidamente con mi padre de los homenajes p\u00f3stumos y siempre me dijo: &#8216;<em>Ya no importan, igual ya no estar\u00e9<\/em>&#8216;<em>.\u00a0 <\/em>Pues ahora s\u00ed puedo decir que importan, y es que la Real Academia de la Lengua Espa\u00f1ola indica que un homenaje es un acto que se celebra en honor a alguien.<\/p>\n<p style=\"text-align: justify;\">Sin embargo, no lo considero p\u00f3stumo, ya que, seg\u00fan la misma fuente, estos son elogios que tributan a un difunto. Primero, no son elogios, y, segundo, no hay ning\u00fan difunto. M\u00e1s que elogio, considero este acto un compromiso no solo de parte de la familia y amigos, sino de todas las autoridades universitarias y estudiantes de todas las universidades del pa\u00eds; un compromiso de seguir el ejemplo de un hombre \u00edntegro, curioso, culto pero ante todo humilde. Un hombre que sigui\u00f3 al pie de la letra la frase de Monteforte\u00a0 Toledo, aquella que dice: &#8216;<em>Hay que pasar del amor a la muerte sin detenerse por la vejez<\/em>&#8216;<em>\u201d.<\/em><\/p>\n<p style=\"text-align: justify;\">Al finalizar el homenaje, el M. A. Oliva manifest\u00f3: \u201cJos\u00e9 Barnoya es un \u00edcono de nuestra casa de estudios superiores, un ejemplo de profesional, que a lo largo de su vida se caracteriz\u00f3 por ser un m\u00e9dico ilustre, pero la jocosidad era parte de su personalidad.<\/p>\n<p style=\"text-align: justify;\">El Sordo Barnoya, como lo conoc\u00edamos quienes le ten\u00edamos cari\u00f1o y aprecio, siempre dejar\u00e1 intactos en nuestros recuerdos sus grandes aportes, como un profesor ejemplar, polifac\u00e9tico, erudito y amante de las letras. Fue escritor de columnas de opini\u00f3n, de leyendas y poes\u00eda, lo que amerit\u00f3 m\u00faltiples reconocimientos.<\/p>\n<p style=\"text-align: justify;\">Creo, sin miedo a equivocarme, que personas como \u00e9l nacieron para ser l\u00edderes, cr\u00edticos y emp\u00e1ticos con el pueblo, ya que su pertinencia social lo llev\u00f3 a ser un \u00edcono de la Huelga de Todos los Dolores\u201d.<\/p>\n<p style=\"text-align: justify;\">A\u00f1adi\u00f3: \u201cSiempre ser\u00e1 recordado como ejemplo de los valores sancarlistas, una persona correcta e intachable, con un coraz\u00f3n noble que nos entreg\u00f3 con sus acciones hasta el \u00faltimo d\u00eda\u201d.<\/p>\n<p>\u00a0<\/p>\n<p>\u00a0<\/p>\n<div id=\"metaslider-id-16092\" style=\"width: 100%;\" class=\"ml-slider-3-106-0 metaslider metaslider-flex metaslider-16092 ml-slider has-dots-nav ms-theme-default\" role=\"region\" aria-label=\"Nueva presentaci\u00f3n de diapositivas\" data-height=\"1707\" data-width=\"2560\">\n    <div id=\"metaslider_container_16092\">\n        <div id=\"metaslider_16092\">\n            <ul class='slides'>\n                <li style=\"display: block; width: 100%;\" class=\"slide-16093 ms-image \" aria-roledescription=\"slide\" data-date=\"2021-11-19 10:00:26\" data-filename=\"WhatsApp-Image-2021-11-18-at-13.43.36-2-1279x853.jpeg\" data-slide-type=\"image\"><img loading=\"lazy\" decoding=\"async\" src=\"https:\/\/soy.usac.edu.gt\/wp-content\/uploads\/2021\/11\/WhatsApp-Image-2021-11-18-at-13.43.36-2-1279x853.jpeg\" height=\"1707\" width=\"2560\" alt=\"\" class=\"slider-16092 slide-16093 msDefaultImage\" title=\"WhatsApp Image 2021-11-18 at 13.43.36 (2)\" \/><\/li>\n                <li style=\"display: none; width: 100%;\" class=\"slide-16094 ms-image \" aria-roledescription=\"slide\" data-date=\"2021-11-19 10:00:26\" data-filename=\"WhatsApp-Image-2021-11-18-at-13.43.37-1-1279x853.jpeg\" data-slide-type=\"image\"><img loading=\"lazy\" decoding=\"async\" src=\"https:\/\/soy.usac.edu.gt\/wp-content\/uploads\/2021\/11\/WhatsApp-Image-2021-11-18-at-13.43.37-1-1279x853.jpeg\" height=\"1707\" width=\"2560\" alt=\"\" class=\"slider-16092 slide-16094 msDefaultImage\" title=\"WhatsApp Image 2021-11-18 at 13.43.37 (1)\" \/><\/li>\n                <li style=\"display: none; width: 100%;\" class=\"slide-16095 ms-image \" aria-roledescription=\"slide\" data-date=\"2021-11-19 10:00:26\" data-filename=\"WhatsApp-Image-2021-11-18-at-13.43.36-1-1279x853.jpeg\" data-slide-type=\"image\"><img loading=\"lazy\" decoding=\"async\" src=\"https:\/\/soy.usac.edu.gt\/wp-content\/uploads\/2021\/11\/WhatsApp-Image-2021-11-18-at-13.43.36-1-1279x853.jpeg\" height=\"1707\" width=\"2560\" alt=\"\" class=\"slider-16092 slide-16095 msDefaultImage\" title=\"WhatsApp Image 2021-11-18 at 13.43.36 (1)\" \/><\/li>\n                <li style=\"display: none; width: 100%;\" class=\"slide-16096 ms-image \" aria-roledescription=\"slide\" data-date=\"2021-11-19 10:00:26\" data-filename=\"WhatsApp-Image-2021-11-18-at-13.43.36-3-1279x853.jpeg\" data-slide-type=\"image\"><img loading=\"lazy\" decoding=\"async\" src=\"https:\/\/soy.usac.edu.gt\/wp-content\/uploads\/2021\/11\/WhatsApp-Image-2021-11-18-at-13.43.36-3-1279x853.jpeg\" height=\"1707\" width=\"2560\" alt=\"\" class=\"slider-16092 slide-16096 msDefaultImage\" title=\"WhatsApp Image 2021-11-18 at 13.43.36 (3)\" \/><\/li>\n                <li style=\"display: none; width: 100%;\" class=\"slide-16097 ms-image \" aria-roledescription=\"slide\" data-date=\"2021-11-19 10:00:26\" data-filename=\"WhatsApp-Image-2021-11-18-at-13.43.37-1279x853.jpeg\" data-slide-type=\"image\"><img loading=\"lazy\" decoding=\"async\" src=\"https:\/\/soy.usac.edu.gt\/wp-content\/uploads\/2021\/11\/WhatsApp-Image-2021-11-18-at-13.43.37-1279x853.jpeg\" height=\"1707\" width=\"2560\" alt=\"\" class=\"slider-16092 slide-16097 msDefaultImage\" title=\"WhatsApp Image 2021-11-18 at 13.43.37\" \/><\/li>\n                <li style=\"display: none; width: 100%;\" class=\"slide-16098 ms-image \" aria-roledescription=\"slide\" data-date=\"2021-11-19 10:00:26\" data-filename=\"WhatsApp-Image-2021-11-18-at-13.43.36-1279x853.jpeg\" data-slide-type=\"image\"><img loading=\"lazy\" decoding=\"async\" src=\"https:\/\/soy.usac.edu.gt\/wp-content\/uploads\/2021\/11\/WhatsApp-Image-2021-11-18-at-13.43.36-1279x853.jpeg\" height=\"1707\" width=\"2560\" alt=\"\" class=\"slider-16092 slide-16098 msDefaultImage\" title=\"WhatsApp Image 2021-11-18 at 13.43.36\" \/><\/li>\n                <li style=\"display: none; width: 100%;\" class=\"slide-16099 ms-image \" aria-roledescription=\"slide\" data-date=\"2021-11-19 10:00:26\" data-filename=\"WhatsApp-Image-2021-11-18-at-13.43.35-6-1279x853.jpeg\" data-slide-type=\"image\"><img loading=\"lazy\" decoding=\"async\" src=\"https:\/\/soy.usac.edu.gt\/wp-content\/uploads\/2021\/11\/WhatsApp-Image-2021-11-18-at-13.43.35-6-1279x853.jpeg\" height=\"1707\" width=\"2560\" alt=\"\" class=\"slider-16092 slide-16099 msDefaultImage\" title=\"WhatsApp Image 2021-11-18 at 13.43.35 (6)\" \/><\/li>\n                <li style=\"display: none; width: 100%;\" class=\"slide-16100 ms-image \" aria-roledescription=\"slide\" data-date=\"2021-11-19 10:00:26\" data-filename=\"WhatsApp-Image-2021-11-18-at-13.43.35-5-1279x853.jpeg\" data-slide-type=\"image\"><img loading=\"lazy\" decoding=\"async\" src=\"https:\/\/soy.usac.edu.gt\/wp-content\/uploads\/2021\/11\/WhatsApp-Image-2021-11-18-at-13.43.35-5-1279x853.jpeg\" height=\"1707\" width=\"2560\" alt=\"\" class=\"slider-16092 slide-16100 msDefaultImage\" title=\"WhatsApp Image 2021-11-18 at 13.43.35 (5)\" \/><\/li>\n                <li style=\"display: none; width: 100%;\" class=\"slide-16101 ms-image \" aria-roledescription=\"slide\" data-date=\"2021-11-19 10:00:27\" data-filename=\"WhatsApp-Image-2021-11-18-at-13.43.35-4-1279x853.jpeg\" data-slide-type=\"image\"><img loading=\"lazy\" decoding=\"async\" src=\"https:\/\/soy.usac.edu.gt\/wp-content\/uploads\/2021\/11\/WhatsApp-Image-2021-11-18-at-13.43.35-4-1279x853.jpeg\" height=\"1707\" width=\"2560\" alt=\"\" class=\"slider-16092 slide-16101 msDefaultImage\" title=\"WhatsApp Image 2021-11-18 at 13.43.35 (4)\" \/><\/li>\n                <li style=\"display: none; width: 100%;\" class=\"slide-16102 ms-image \" aria-roledescription=\"slide\" data-date=\"2021-11-19 10:00:27\" data-filename=\"WhatsApp-Image-2021-11-18-at-13.43.35-1279x853.jpeg\" data-slide-type=\"image\"><img loading=\"lazy\" decoding=\"async\" src=\"https:\/\/soy.usac.edu.gt\/wp-content\/uploads\/2021\/11\/WhatsApp-Image-2021-11-18-at-13.43.35-1279x853.jpeg\" height=\"1707\" width=\"2560\" alt=\"\" class=\"slider-16092 slide-16102 msDefaultImage\" title=\"WhatsApp Image 2021-11-18 at 13.43.35\" \/><\/li>\n                <li style=\"display: none; width: 100%;\" class=\"slide-16103 ms-image \" aria-roledescription=\"slide\" data-date=\"2021-11-19 10:00:27\" data-filename=\"WhatsApp-Image-2021-11-18-at-13.43.35-1-1279x853.jpeg\" data-slide-type=\"image\"><img loading=\"lazy\" decoding=\"async\" src=\"https:\/\/soy.usac.edu.gt\/wp-content\/uploads\/2021\/11\/WhatsApp-Image-2021-11-18-at-13.43.35-1-1279x853.jpeg\" height=\"1707\" width=\"2560\" alt=\"\" class=\"slider-16092 slide-16103 msDefaultImage\" title=\"WhatsApp Image 2021-11-18 at 13.43.35 (1)\" \/><\/li>\n                <li style=\"display: none; width: 100%;\" class=\"slide-16104 ms-image \" aria-roledescription=\"slide\" data-date=\"2021-11-19 10:00:27\" data-filename=\"WhatsApp-Image-2021-11-18-at-13.43.35-2-1279x853.jpeg\" data-slide-type=\"image\"><img loading=\"lazy\" decoding=\"async\" src=\"https:\/\/soy.usac.edu.gt\/wp-content\/uploads\/2021\/11\/WhatsApp-Image-2021-11-18-at-13.43.35-2-1279x853.jpeg\" height=\"1707\" width=\"2560\" alt=\"\" class=\"slider-16092 slide-16104 msDefaultImage\" title=\"WhatsApp Image 2021-11-18 at 13.43.35 (2)\" \/><\/li>\n                <li style=\"display: none; width: 100%;\" class=\"slide-16105 ms-image \" aria-roledescription=\"slide\" data-date=\"2021-11-19 10:00:27\" data-filename=\"WhatsApp-Image-2021-11-18-at-13.43.35-3-1279x853.jpeg\" data-slide-type=\"image\"><img loading=\"lazy\" decoding=\"async\" src=\"https:\/\/soy.usac.edu.gt\/wp-content\/uploads\/2021\/11\/WhatsApp-Image-2021-11-18-at-13.43.35-3-1279x853.jpeg\" height=\"1707\" width=\"2560\" alt=\"\" class=\"slider-16092 slide-16105 msDefaultImage\" title=\"WhatsApp Image 2021-11-18 at 13.43.35 (3)\" \/><\/li>\n                <li style=\"display: none; width: 100%;\" class=\"slide-16106 ms-image \" aria-roledescription=\"slide\" data-date=\"2021-11-19 10:00:27\" data-filename=\"WhatsApp-Image-2021-11-18-at-13.43.34-1279x853.jpeg\" data-slide-type=\"image\"><img loading=\"lazy\" decoding=\"async\" src=\"https:\/\/soy.usac.edu.gt\/wp-content\/uploads\/2021\/11\/WhatsApp-Image-2021-11-18-at-13.43.34-1279x853.jpeg\" height=\"1707\" width=\"2560\" alt=\"\" class=\"slider-16092 slide-16106 msDefaultImage\" title=\"WhatsApp Image 2021-11-18 at 13.43.34\" \/><\/li>\n                <li style=\"display: none; width: 100%;\" class=\"slide-16107 ms-image \" aria-roledescription=\"slide\" data-date=\"2021-11-19 10:00:27\" data-filename=\"WhatsApp-Image-2021-11-18-at-13.43.34-1-1279x853.jpeg\" data-slide-type=\"image\"><img loading=\"lazy\" decoding=\"async\" src=\"https:\/\/soy.usac.edu.gt\/wp-content\/uploads\/2021\/11\/WhatsApp-Image-2021-11-18-at-13.43.34-1-1279x853.jpeg\" height=\"1707\" width=\"2560\" alt=\"\" class=\"slider-16092 slide-16107 msDefaultImage\" title=\"WhatsApp Image 2021-11-18 at 13.43.34 (1)\" \/><\/li>\n                <li style=\"display: none; width: 100%;\" class=\"slide-16108 ms-image \" aria-roledescription=\"slide\" data-date=\"2021-11-19 10:00:27\" data-filename=\"WhatsApp-Image-2021-11-18-at-13.43.34-2-1279x853.jpeg\" data-slide-type=\"image\"><img loading=\"lazy\" decoding=\"async\" src=\"https:\/\/soy.usac.edu.gt\/wp-content\/uploads\/2021\/11\/WhatsApp-Image-2021-11-18-at-13.43.34-2-1279x853.jpeg\" height=\"1707\" width=\"2560\" alt=\"\" class=\"slider-16092 slide-16108 msDefaultImage\" title=\"WhatsApp Image 2021-11-18 at 13.43.34 (2)\" \/><\/li>\n                <li style=\"display: none; width: 100%;\" class=\"slide-16109 ms-image \" aria-roledescription=\"slide\" data-date=\"2021-11-19 10:00:27\" data-filename=\"WhatsApp-Image-2021-11-18-at-13.43.34-3-1279x853.jpeg\" data-slide-type=\"image\"><img loading=\"lazy\" decoding=\"async\" src=\"https:\/\/soy.usac.edu.gt\/wp-content\/uploads\/2021\/11\/WhatsApp-Image-2021-11-18-at-13.43.34-3-1279x853.jpeg\" height=\"1707\" width=\"2560\" alt=\"\" class=\"slider-16092 slide-16109 msDefaultImage\" title=\"WhatsApp Image 2021-11-18 at 13.43.34 (3)\" \/><\/li>\n            <\/ul>\n        <\/div>\n        \n    <\/div>\n<\/div>\n","protected":false},"excerpt":{"rendered":"<p>Durante la actividad realizada en el Museo de la Universidad de San Carlos de Guatemala (MUSAC), se conmemor\u00f3 al m\u00e9dico, ur\u00f3logo, poeta, excatedr\u00e1tico de la Facultad de Ciencias M\u00e9dicas y huelguero vitalicio.<\/p>\n","protected":false},"author":1,"featured_media":16090,"comment_status":"closed","ping_status":"open","sticky":false,"template":"","format":"standard","meta":{"_exactmetrics_skip_tracking":false,"_exactmetrics_sitenote_active":false,"_exactmetrics_sitenote_note":"","_exactmetrics_sitenote_category":0,"_jetpack_memberships_contains_paid_content":false,"footnotes":""},"categories":[29],"tags":[],"class_list":["post-16066","post","type-post","status-publish","format-standard","has-post-thumbnail","hentry","category-noticias"],"aioseo_notices":[],"jetpack_featured_media_url":"https:\/\/soy.usac.edu.gt\/wp-content\/uploads\/2021\/11\/WhatsApp-Image-2021-11-18-at-13.43.38.jpeg","views":"","jetpack-related-posts":[{"id":13543,"url":"https:\/\/soy.usac.edu.gt\/?p=13543","url_meta":{"origin":16066,"position":0},"title":"Expo 360 Grados de la Centenaria Huelga de Dolores","author":"Divisi\u00f3n de Publicidad","date":"19 marzo, 2021","format":false,"excerpt":"El Museo de la Universidad de San Carlos de Guatemala presentar\u00e1 de manera virtual la exposici\u00f3n Centenaria Huelga de Dolores en 123 A\u00f1os con la intervenci\u00f3n de 11 artistas.","rel":"","context":"En \u00abActividades\u00bb","block_context":{"text":"Actividades","link":"https:\/\/soy.usac.edu.gt\/?cat=126"},"img":{"alt_text":"","src":"https:\/\/i0.wp.com\/soy.usac.edu.gt\/wp-content\/uploads\/2021\/03\/chavela12.jpeg?resize=350%2C200&ssl=1","width":350,"height":200,"srcset":"https:\/\/i0.wp.com\/soy.usac.edu.gt\/wp-content\/uploads\/2021\/03\/chavela12.jpeg?resize=350%2C200&ssl=1 1x, https:\/\/i0.wp.com\/soy.usac.edu.gt\/wp-content\/uploads\/2021\/03\/chavela12.jpeg?resize=525%2C300&ssl=1 1.5x, https:\/\/i0.wp.com\/soy.usac.edu.gt\/wp-content\/uploads\/2021\/03\/chavela12.jpeg?resize=700%2C400&ssl=1 2x, https:\/\/i0.wp.com\/soy.usac.edu.gt\/wp-content\/uploads\/2021\/03\/chavela12.jpeg?resize=1050%2C600&ssl=1 3x"},"classes":[]},{"id":3119,"url":"https:\/\/soy.usac.edu.gt\/?p=3119","url_meta":{"origin":16066,"position":1},"title":"Estudiantes realizan Huelga de Dolores Extraordinaria","author":"Divisi\u00f3n de Publicidad","date":"13 noviembre, 2018","format":false,"excerpt":"Los comit\u00e9s de las distintas Unidades Acad\u00e9micas organizaron una Huelga de Dolores Extraordinaria para exigir al Congreso un presupuesto digno para la USAC. Encapuchados de la Universidad se reunieron en la rector\u00eda para emprender una caminata pac\u00edfica hacia el Congreso con el fin de exigir a los diputados la aprobaci\u00f3n\u2026","rel":"","context":"En \u00abNoticias\u00bb","block_context":{"text":"Noticias","link":"https:\/\/soy.usac.edu.gt\/?cat=29"},"img":{"alt_text":"","src":"https:\/\/i0.wp.com\/soy.usac.edu.gt\/wp-content\/uploads\/2018\/11\/MANIFESTACI%C3%93N-ENCAPUCHADOS-1.jpeg?resize=350%2C200&ssl=1","width":350,"height":200,"srcset":"https:\/\/i0.wp.com\/soy.usac.edu.gt\/wp-content\/uploads\/2018\/11\/MANIFESTACI%C3%93N-ENCAPUCHADOS-1.jpeg?resize=350%2C200&ssl=1 1x, https:\/\/i0.wp.com\/soy.usac.edu.gt\/wp-content\/uploads\/2018\/11\/MANIFESTACI%C3%93N-ENCAPUCHADOS-1.jpeg?resize=525%2C300&ssl=1 1.5x, https:\/\/i0.wp.com\/soy.usac.edu.gt\/wp-content\/uploads\/2018\/11\/MANIFESTACI%C3%93N-ENCAPUCHADOS-1.jpeg?resize=700%2C400&ssl=1 2x, https:\/\/i0.wp.com\/soy.usac.edu.gt\/wp-content\/uploads\/2018\/11\/MANIFESTACI%C3%93N-ENCAPUCHADOS-1.jpeg?resize=1050%2C600&ssl=1 3x"},"classes":[]},{"id":5516,"url":"https:\/\/soy.usac.edu.gt\/?p=5516","url_meta":{"origin":16066,"position":2},"title":"El verdadero sentido de la Huelga de Dolores","author":"Divisi\u00f3n de Publicidad","date":"9 abril, 2019","format":false,"excerpt":"Cobros ilegales, violencia y delincuencia ponen en entredicho a una tradici\u00f3n centenaria.","rel":"","context":"En \u00abNoticias\u00bb","block_context":{"text":"Noticias","link":"https:\/\/soy.usac.edu.gt\/?cat=29"},"img":{"alt_text":"","src":"https:\/\/i0.wp.com\/soy.usac.edu.gt\/wp-content\/uploads\/2019\/04\/57092855_790419088021008_6593255552229310464_n.jpg?resize=350%2C200&ssl=1","width":350,"height":200,"srcset":"https:\/\/i0.wp.com\/soy.usac.edu.gt\/wp-content\/uploads\/2019\/04\/57092855_790419088021008_6593255552229310464_n.jpg?resize=350%2C200&ssl=1 1x, https:\/\/i0.wp.com\/soy.usac.edu.gt\/wp-content\/uploads\/2019\/04\/57092855_790419088021008_6593255552229310464_n.jpg?resize=525%2C300&ssl=1 1.5x, https:\/\/i0.wp.com\/soy.usac.edu.gt\/wp-content\/uploads\/2019\/04\/57092855_790419088021008_6593255552229310464_n.jpg?resize=700%2C400&ssl=1 2x, https:\/\/i0.wp.com\/soy.usac.edu.gt\/wp-content\/uploads\/2019\/04\/57092855_790419088021008_6593255552229310464_n.jpg?resize=1050%2C600&ssl=1 3x, https:\/\/i0.wp.com\/soy.usac.edu.gt\/wp-content\/uploads\/2019\/04\/57092855_790419088021008_6593255552229310464_n.jpg?resize=1400%2C800&ssl=1 4x"},"classes":[]},{"id":13685,"url":"https:\/\/soy.usac.edu.gt\/?p=13685","url_meta":{"origin":16066,"position":3},"title":"Edici\u00f3n No. 301 del Peri\u00f3dico de la USAC","author":"Divisi\u00f3n de Publicidad","date":"25 marzo, 2021","format":false,"excerpt":"Le\u00e9 lo m\u00e1s reciente del acontecer de la universidad.","rel":"","context":"En \u00abNoticias\u00bb","block_context":{"text":"Noticias","link":"https:\/\/soy.usac.edu.gt\/?cat=29"},"img":{"alt_text":"","src":"https:\/\/i0.wp.com\/soy.usac.edu.gt\/wp-content\/uploads\/2021\/03\/11.-FINCA-SAN-JULIAN-web-scaled.jpg?resize=350%2C200&ssl=1","width":350,"height":200,"srcset":"https:\/\/i0.wp.com\/soy.usac.edu.gt\/wp-content\/uploads\/2021\/03\/11.-FINCA-SAN-JULIAN-web-scaled.jpg?resize=350%2C200&ssl=1 1x, https:\/\/i0.wp.com\/soy.usac.edu.gt\/wp-content\/uploads\/2021\/03\/11.-FINCA-SAN-JULIAN-web-scaled.jpg?resize=525%2C300&ssl=1 1.5x, https:\/\/i0.wp.com\/soy.usac.edu.gt\/wp-content\/uploads\/2021\/03\/11.-FINCA-SAN-JULIAN-web-scaled.jpg?resize=700%2C400&ssl=1 2x, https:\/\/i0.wp.com\/soy.usac.edu.gt\/wp-content\/uploads\/2021\/03\/11.-FINCA-SAN-JULIAN-web-scaled.jpg?resize=1050%2C600&ssl=1 3x, https:\/\/i0.wp.com\/soy.usac.edu.gt\/wp-content\/uploads\/2021\/03\/11.-FINCA-SAN-JULIAN-web-scaled.jpg?resize=1400%2C800&ssl=1 4x"},"classes":[]},{"id":2788,"url":"https:\/\/soy.usac.edu.gt\/?p=2788","url_meta":{"origin":16066,"position":4},"title":"Capacitan a sancarlistas en comunicaci\u00f3n no verbal","author":"Divisi\u00f3n de Publicidad","date":"30 octubre, 2018","format":false,"excerpt":"La Usac y el Benem\u00e9rito Comit\u00e9 Pro Ciegos y Sordos de Guatemala realizaron un programa educativo para capacitar a trabajadores y profesionales universitarios en lenguaje de se\u00f1as. A trav\u00e9s de un trabajo en conjunto la USAC y Benem\u00e9rito Comit\u00e9 Pro Ciegos desarrollaron en cooperaci\u00f3n un programa educativo destinado a ense\u00f1ar\u2026","rel":"","context":"En \u00abNoticias\u00bb","block_context":{"text":"Noticias","link":"https:\/\/soy.usac.edu.gt\/?cat=29"},"img":{"alt_text":"","src":"https:\/\/i0.wp.com\/soy.usac.edu.gt\/wp-content\/uploads\/2018\/10\/capacitaci%C3%B3n-lenguaje-de-se%C3%B1as-2.jpg?resize=350%2C200&ssl=1","width":350,"height":200,"srcset":"https:\/\/i0.wp.com\/soy.usac.edu.gt\/wp-content\/uploads\/2018\/10\/capacitaci%C3%B3n-lenguaje-de-se%C3%B1as-2.jpg?resize=350%2C200&ssl=1 1x, https:\/\/i0.wp.com\/soy.usac.edu.gt\/wp-content\/uploads\/2018\/10\/capacitaci%C3%B3n-lenguaje-de-se%C3%B1as-2.jpg?resize=525%2C300&ssl=1 1.5x, https:\/\/i0.wp.com\/soy.usac.edu.gt\/wp-content\/uploads\/2018\/10\/capacitaci%C3%B3n-lenguaje-de-se%C3%B1as-2.jpg?resize=700%2C400&ssl=1 2x, https:\/\/i0.wp.com\/soy.usac.edu.gt\/wp-content\/uploads\/2018\/10\/capacitaci%C3%B3n-lenguaje-de-se%C3%B1as-2.jpg?resize=1050%2C600&ssl=1 3x, https:\/\/i0.wp.com\/soy.usac.edu.gt\/wp-content\/uploads\/2018\/10\/capacitaci%C3%B3n-lenguaje-de-se%C3%B1as-2.jpg?resize=1400%2C800&ssl=1 4x"},"classes":[]},{"id":10060,"url":"https:\/\/soy.usac.edu.gt\/?p=10060","url_meta":{"origin":16066,"position":5},"title":"USAC celebra 75 a\u00f1os de autonom\u00eda universitaria","author":"Divisi\u00f3n de Publicidad","date":"1 diciembre, 2019","format":false,"excerpt":"En este d\u00eda la USAC conmemor\u00f3 75 a\u00f1os de impartir educaci\u00f3n superior al servicio de la poblaci\u00f3n, como un triunfo obtenido con la autonom\u00eda universitaria,\u00a0 proclamada en el Decreto No. 12 emitido por la Junta Revolucionaria de 1944.","rel":"","context":"En \u00abEstudiantes\u00bb","block_context":{"text":"Estudiantes","link":"https:\/\/soy.usac.edu.gt\/?cat=585"},"img":{"alt_text":"","src":"https:\/\/i0.wp.com\/soy.usac.edu.gt\/wp-content\/uploads\/2019\/12\/DESTACADA.jpg?resize=350%2C200&ssl=1","width":350,"height":200,"srcset":"https:\/\/i0.wp.com\/soy.usac.edu.gt\/wp-content\/uploads\/2019\/12\/DESTACADA.jpg?resize=350%2C200&ssl=1 1x, https:\/\/i0.wp.com\/soy.usac.edu.gt\/wp-content\/uploads\/2019\/12\/DESTACADA.jpg?resize=525%2C300&ssl=1 1.5x, https:\/\/i0.wp.com\/soy.usac.edu.gt\/wp-content\/uploads\/2019\/12\/DESTACADA.jpg?resize=700%2C400&ssl=1 2x, https:\/\/i0.wp.com\/soy.usac.edu.gt\/wp-content\/uploads\/2019\/12\/DESTACADA.jpg?resize=1050%2C600&ssl=1 3x"},"classes":[]}],"jetpack_sharing_enabled":true,"_links":{"self":[{"href":"https:\/\/soy.usac.edu.gt\/index.php?rest_route=\/wp\/v2\/posts\/16066","targetHints":{"allow":["GET"]}}],"collection":[{"href":"https:\/\/soy.usac.edu.gt\/index.php?rest_route=\/wp\/v2\/posts"}],"about":[{"href":"https:\/\/soy.usac.edu.gt\/index.php?rest_route=\/wp\/v2\/types\/post"}],"author":[{"embeddable":true,"href":"https:\/\/soy.usac.edu.gt\/index.php?rest_route=\/wp\/v2\/users\/1"}],"replies":[{"embeddable":true,"href":"https:\/\/soy.usac.edu.gt\/index.php?rest_route=%2Fwp%2Fv2%2Fcomments&post=16066"}],"version-history":[{"count":6,"href":"https:\/\/soy.usac.edu.gt\/index.php?rest_route=\/wp\/v2\/posts\/16066\/revisions"}],"predecessor-version":[{"id":16113,"href":"https:\/\/soy.usac.edu.gt\/index.php?rest_route=\/wp\/v2\/posts\/16066\/revisions\/16113"}],"wp:featuredmedia":[{"embeddable":true,"href":"https:\/\/soy.usac.edu.gt\/index.php?rest_route=\/wp\/v2\/media\/16090"}],"wp:attachment":[{"href":"https:\/\/soy.usac.edu.gt\/index.php?rest_route=%2Fwp%2Fv2%2Fmedia&parent=16066"}],"wp:term":[{"taxonomy":"category","embeddable":true,"href":"https:\/\/soy.usac.edu.gt\/index.php?rest_route=%2Fwp%2Fv2%2Fcategories&post=16066"},{"taxonomy":"post_tag","embeddable":true,"href":"https:\/\/soy.usac.edu.gt\/index.php?rest_route=%2Fwp%2Fv2%2Ftags&post=16066"}],"curies":[{"name":"wp","href":"https:\/\/api.w.org\/{rel}","templated":true}]}}