{"id":16350,"date":"2022-02-02T09:25:48","date_gmt":"2022-02-02T15:25:48","guid":{"rendered":"https:\/\/soy.usac.edu.gt\/?p=16350"},"modified":"2022-02-02T09:25:48","modified_gmt":"2022-02-02T15:25:48","slug":"conoce-el-proceso-de-eleccion-de-rector","status":"publish","type":"post","link":"https:\/\/soy.usac.edu.gt\/?p=16350","title":{"rendered":"Conoce el proceso de elecci\u00f3n de rector"},"content":{"rendered":"\n<h5 style=\"text-align: justify;\"><em><strong>La designaci\u00f3n de los cuerpos electorales se realizar\u00e1 el 23 de marzo y la selecci\u00f3n del rector, el 27 de abril.\u00a0<\/strong><\/em><\/h5>\n<p style=\"text-align: justify;\"><span style=\"font-weight: 400;\">La elecci\u00f3n de las autoridades universitarias constituye uno de los legados m\u00e1s importantes de la autonom\u00eda universitaria, garantiza que esta instituci\u00f3n pueda gobernarse a s\u00ed misma y tome las decisiones convenientes para el desarrollo acad\u00e9mico, sin injerencia externa. La relevancia de este proceso radica en la participaci\u00f3n representativa de los distintos sectores universitarios para dirigir el destino de esta casa de estudios.<\/span><\/p>\n<p style=\"text-align: justify;\"><span style=\"font-weight: 400;\">Soy USAC entrevist\u00f3 al secretario general de esta casa de estudios, M. V. Gustavo Enrique Taracena Gil, sobre el proceso de elecci\u00f3n de rector, con el fin de obtener detalles del mismo.<\/span><\/p>\n<p style=\"text-align: justify;\">\u00a0<\/p>\n<h5 style=\"text-align: justify;\"><strong>\u00bfCu\u00e1ndo se realiz\u00f3 la convocatoria?<\/strong><\/h5>\n<p style=\"text-align: justify;\"><span style=\"font-weight: 400;\">Al encontrase pr\u00f3ximo a culminar el per\u00edodo rectoral 2018-2022, el Consejo Superior Universitario (CSU) convoc\u00f3 a la elecci\u00f3n de rector en el Acta No. 43, punto TERCERO, inciso 3.2, del 22 de septiembre de 2021, convocatoria que fue publicada en Prensa Libre, El Peri\u00f3dico y el Diario de Centro Am\u00e9rica, con fecha 7 de octubre, adem\u00e1s, se public\u00f3 en las p\u00e1ginas oficiales de la universidad y en redes sociales.<\/span><\/p>\n<p style=\"text-align: justify;\">\u00a0<\/p>\n<h5 style=\"text-align: justify;\"><strong>\u00bfC\u00f3mo se elige al rector?<\/strong><\/h5>\n<p style=\"text-align: justify;\"><span style=\"font-weight: 400;\">El proceso consta de dos fases. Primero deben constituirse los cuerpos electorales en cada facultad y colegio profesional, posteriormente, ellos se encargan de proponer a los candidatos a rector y votar.<\/span><\/p>\n<p style=\"text-align: justify;\">\u00a0<\/p>\n<h5 style=\"text-align: justify;\"><strong>\u00bfEn qu\u00e9 consiste la primera etapa?<\/strong><\/h5>\n<p style=\"text-align: justify;\"><span style=\"font-weight: 400;\">En la elecci\u00f3n de cuerpos electorales. De acuerdo con las leyes universitarias, cada una de las diez facultades elige a cinco representantes docentes y cinco estudiantiles, para un total de cien electores. Asimismo, cada uno de los catorce colegios profesionales existentes en el pa\u00eds deber\u00e1 seleccionar a cinco electores, para un total de setenta.<\/span><\/p>\n<p style=\"text-align: justify;\"><span style=\"font-weight: 400;\">Por facultad se conforman dos cuerpos electorales (uno docente y uno estudiantil) y cada colegio profesional integra uno, para un total de 34.<\/span><\/p>\n<p style=\"text-align: justify;\"><span style=\"font-weight: 400;\">Cada junta directiva o tribunal electoral de las respectivas unidades acad\u00e9micas y colegios realizar\u00e1 el procedimiento de selecci\u00f3n de representantes seg\u00fan sus criterios y normas particulares. Podr\u00e1 haber segunda vuelta o, incluso, tercera; esto depender\u00e1 de las circunstancias que se produzcan.<\/span><\/p>\n<p style=\"text-align: justify;\"><span style=\"font-weight: 400;\">Tanto los colegios profesionales como las unidades acad\u00e9micas deben realizar la selecci\u00f3n de cuerpos electorales el mismo d\u00eda: 23 de marzo de 2022.<\/span><\/p>\n<figure id=\"attachment_16356\" aria-describedby=\"caption-attachment-16356\" style=\"width: 1280px\" class=\"wp-caption aligncenter\"><img loading=\"lazy\" decoding=\"async\" class=\"wp-image-16356 size-full\" src=\"https:\/\/soy.usac.edu.gt\/wp-content\/uploads\/2022\/02\/WhatsApp-Image-2022-02-02-at-8.41.41-AM.jpeg\" alt=\"\" width=\"1280\" height=\"853\" \/><figcaption id=\"caption-attachment-16356\" class=\"wp-caption-text\">El M. V. Gustavo Taracena, secretario general de la USAC, inform\u00f3 que pr\u00f3ximamente se estar\u00e1 realizando la conformaci\u00f3n de los cuerpos electorales que designar\u00e1n al rector, per\u00edodo 2022-2025. Fotos: Edson Lozano\u00a0<\/figcaption><\/figure>\n<h5 style=\"text-align: justify;\"><strong>\u00bfHan iniciado las convocatorias para designar a los electores?<\/strong><\/h5>\n<p style=\"text-align: justify;\"><span style=\"font-weight: 400;\">Hasta el momento, han realizado la convocatoria el Colegio de Ingenieros, el Colegio de Ingenieros Qu\u00edmicos, el Colegio de Ciencias Econ\u00f3micas, el Colegio de Profesionales de Enfermer\u00eda de Guatemala y el Colegio de Psic\u00f3logos. Usualmente las convocatorias pueden consultarse en el Diario de Centro Am\u00e9rica o en las redes sociales de cada colegio.<\/span><\/p>\n<p style=\"text-align: justify;\">\u00a0<\/p>\n<h5 style=\"text-align: justify;\"><strong>\u00bfCu\u00e1les son los requisitos para conformar los cuerpos electorales?<\/strong><\/h5>\n<p style=\"text-align: justify;\"><span style=\"font-weight: 400;\">Los catedr\u00e1ticos deben ser titulares y colegiados activos. Los estudiantes deben ser regulares, guatemaltecos, estar inscritos en el ciclo acad\u00e9mico actual y haber aprobado todos los cursos del primer a\u00f1o.<\/span><\/p>\n<p style=\"text-align: justify;\">\u00a0<\/p>\n<h5 style=\"text-align: justify;\"><strong>\u00bfC\u00f3mo se desarrolla la segunda fase del proceso?<\/strong><\/h5>\n<p style=\"text-align: justify;\"><span style=\"font-weight: 400;\">Los cuerpos electorales son quienes proponen a los candidatos a rector. Posteriormente, los 170 representantes votan uno por uno de forma secreta en una urna por el candidato que consideren adecuado.<\/span><\/p>\n<p style=\"text-align: justify;\"><span style=\"font-weight: 400;\">Los catedr\u00e1ticos pueden votar dos veces, como docentes y profesionales. Esta actividad se realizar\u00e1 el 27 de abril en el Sal\u00f3n General Mayor del Museo de la Universidad de San Carlos de Guatemala.<\/span><\/p>\n<p style=\"text-align: justify;\"><span style=\"font-weight: 400;\">Los requisitos para optar al puesto de rector se encuentran regulados en el art\u00edculo 27 de la Ley Org\u00e1nica de la USAC: ser originario de Centroam\u00e9rica, ser titulado o incorporado en alguna de las facultades de la Universidad de San Carlos, haber ejercido la docencia universitaria por lo menos cinco a\u00f1os, estar en el goce de sus derechos civiles y ser del estado seglar.<\/span><\/p>\n<p style=\"text-align: justify;\">\u00a0<\/p>\n<h5 style=\"text-align: justify;\"><strong>\u00bfC\u00f3mo se velar\u00e1 por la transparencia del proceso?<\/strong><\/h5>\n<p style=\"text-align: justify;\"><span style=\"font-weight: 400;\">Se contar\u00e1 con la presencia de representantes del Consejo Superior Universitario y fiscales por cada grupo. Tambi\u00e9n se busca dar publicidad al proceso mediante estrategias de comunicaci\u00f3n que involucren tanto a los medios internos como externos y se prev\u00e9 la organizaci\u00f3n de un foro.<\/span><\/p>\n<p>\u00a0<\/p>\n<p style=\"text-align: justify;\">\u00a0<\/p>\n","protected":false},"excerpt":{"rendered":"<p>La designaci\u00f3n de los cuerpos electorales se realizar\u00e1 el 23 de marzo y la selecci\u00f3n del rector, el 27 de abril.\u00a0<\/p>\n","protected":false},"author":1,"featured_media":16357,"comment_status":"closed","ping_status":"open","sticky":false,"template":"","format":"standard","meta":{"_exactmetrics_skip_tracking":false,"_exactmetrics_sitenote_active":false,"_exactmetrics_sitenote_note":"","_exactmetrics_sitenote_category":0,"_jetpack_memberships_contains_paid_content":false,"footnotes":""},"categories":[152,29],"tags":[],"class_list":["post-16350","post","type-post","status-publish","format-standard","has-post-thumbnail","hentry","category-entrevistas","category-noticias"],"aioseo_notices":[],"jetpack_featured_media_url":"https:\/\/soy.usac.edu.gt\/wp-content\/uploads\/2022\/02\/WhatsApp-Image-2022-02-02-at-9.20.11-AM-1.jpeg","views":"","jetpack-related-posts":[{"id":16895,"url":"https:\/\/soy.usac.edu.gt\/?p=16895","url_meta":{"origin":16350,"position":0},"title":"Cuerpo Electoral elegir\u00e1 rector","author":"Divisi\u00f3n de Publicidad","date":"30 marzo, 2022","format":false,"excerpt":"El pasado 23, 24 y 25 de marzo se llev\u00f3 a cabo el proceso para integrar los cuerpos electorales que tendr\u00e1n la responsabilidad de elegir a la m\u00e1xima autoridad de la Universidad de San Carlos de Guatemala el pr\u00f3ximo 27 de abril.","rel":"","context":"En \u00abNoticias\u00bb","block_context":{"text":"Noticias","link":"https:\/\/soy.usac.edu.gt\/?cat=29"},"img":{"alt_text":"","src":"https:\/\/i0.wp.com\/soy.usac.edu.gt\/wp-content\/uploads\/2022\/03\/FOpqOxDXwAQhEkI.jpg?resize=350%2C200&ssl=1","width":350,"height":200,"srcset":"https:\/\/i0.wp.com\/soy.usac.edu.gt\/wp-content\/uploads\/2022\/03\/FOpqOxDXwAQhEkI.jpg?resize=350%2C200&ssl=1 1x, https:\/\/i0.wp.com\/soy.usac.edu.gt\/wp-content\/uploads\/2022\/03\/FOpqOxDXwAQhEkI.jpg?resize=525%2C300&ssl=1 1.5x, https:\/\/i0.wp.com\/soy.usac.edu.gt\/wp-content\/uploads\/2022\/03\/FOpqOxDXwAQhEkI.jpg?resize=700%2C400&ssl=1 2x, https:\/\/i0.wp.com\/soy.usac.edu.gt\/wp-content\/uploads\/2022\/03\/FOpqOxDXwAQhEkI.jpg?resize=1050%2C600&ssl=1 3x"},"classes":[]},{"id":15378,"url":"https:\/\/soy.usac.edu.gt\/?p=15378","url_meta":{"origin":16350,"position":1},"title":"Convocatoria a elecci\u00f3n de rector de la USAC, per\u00edodo 2022-2026","author":"Divisi\u00f3n de Publicidad","date":"7 octubre, 2021","format":false,"excerpt":"Convocar a la integraci\u00f3n del Cuerpo Electoral Universitario, a fin de que los profesores y estudiantes de las diez (10) Facultades de la Universidad, que satisfagan los requisitos legales y estatutarios; y los miembros de los catorce (14) Colegios Profesionales, que tambi\u00e9n satisfagan los requisitos legales y estatutarios, procedan a\u2026","rel":"","context":"En \u00abBecas y Convocatorias\u00bb","block_context":{"text":"Becas y Convocatorias","link":"https:\/\/soy.usac.edu.gt\/?cat=127"},"img":{"alt_text":"","src":"https:\/\/i0.wp.com\/soy.usac.edu.gt\/wp-content\/uploads\/2021\/01\/convocatoria_Mesa-de-trabajo-1.jpg?resize=350%2C200&ssl=1","width":350,"height":200,"srcset":"https:\/\/i0.wp.com\/soy.usac.edu.gt\/wp-content\/uploads\/2021\/01\/convocatoria_Mesa-de-trabajo-1.jpg?resize=350%2C200&ssl=1 1x, https:\/\/i0.wp.com\/soy.usac.edu.gt\/wp-content\/uploads\/2021\/01\/convocatoria_Mesa-de-trabajo-1.jpg?resize=525%2C300&ssl=1 1.5x, https:\/\/i0.wp.com\/soy.usac.edu.gt\/wp-content\/uploads\/2021\/01\/convocatoria_Mesa-de-trabajo-1.jpg?resize=700%2C400&ssl=1 2x, https:\/\/i0.wp.com\/soy.usac.edu.gt\/wp-content\/uploads\/2021\/01\/convocatoria_Mesa-de-trabajo-1.jpg?resize=1050%2C600&ssl=1 3x, https:\/\/i0.wp.com\/soy.usac.edu.gt\/wp-content\/uploads\/2021\/01\/convocatoria_Mesa-de-trabajo-1.jpg?resize=1400%2C800&ssl=1 4x"},"classes":[]},{"id":16480,"url":"https:\/\/soy.usac.edu.gt\/?p=16480","url_meta":{"origin":16350,"position":2},"title":"Trascendencia de la elecci\u00f3n de rector de la USAC","author":"Divisi\u00f3n de Publicidad","date":"3 marzo, 2022","format":false,"excerpt":"El rector es la figura m\u00e1s visible de la USAC, preside el CSU, que es, a su vez, su cuerpo consultivo. Adem\u00e1s, integra y preside el CEU.","rel":"","context":"En \u00abNoticias\u00bb","block_context":{"text":"Noticias","link":"https:\/\/soy.usac.edu.gt\/?cat=29"},"img":{"alt_text":"","src":"https:\/\/i0.wp.com\/soy.usac.edu.gt\/wp-content\/uploads\/2022\/03\/IMG_8925-copia.jpg?resize=350%2C200&ssl=1","width":350,"height":200,"srcset":"https:\/\/i0.wp.com\/soy.usac.edu.gt\/wp-content\/uploads\/2022\/03\/IMG_8925-copia.jpg?resize=350%2C200&ssl=1 1x, https:\/\/i0.wp.com\/soy.usac.edu.gt\/wp-content\/uploads\/2022\/03\/IMG_8925-copia.jpg?resize=525%2C300&ssl=1 1.5x, https:\/\/i0.wp.com\/soy.usac.edu.gt\/wp-content\/uploads\/2022\/03\/IMG_8925-copia.jpg?resize=700%2C400&ssl=1 2x, https:\/\/i0.wp.com\/soy.usac.edu.gt\/wp-content\/uploads\/2022\/03\/IMG_8925-copia.jpg?resize=1050%2C600&ssl=1 3x, https:\/\/i0.wp.com\/soy.usac.edu.gt\/wp-content\/uploads\/2022\/03\/IMG_8925-copia.jpg?resize=1400%2C800&ssl=1 4x"},"classes":[]},{"id":16906,"url":"https:\/\/soy.usac.edu.gt\/?p=16906","url_meta":{"origin":16350,"position":3},"title":"As\u00ed fueron las votaciones","author":"Divisi\u00f3n de Publicidad","date":"30 marzo, 2022","format":false,"excerpt":"La Universidad de San Carlos de Guatemala, en seguimiento a sus normas y estatutos, organiz\u00f3 la elecci\u00f3n de candidatos a rector el pasado 23, 24 y 25 de marzo,","rel":"","context":"En \u00abNoticias\u00bb","block_context":{"text":"Noticias","link":"https:\/\/soy.usac.edu.gt\/?cat=29"},"img":{"alt_text":"","src":"https:\/\/i0.wp.com\/soy.usac.edu.gt\/wp-content\/uploads\/2022\/03\/agronomia-2.jpg?resize=350%2C200&ssl=1","width":350,"height":200,"srcset":"https:\/\/i0.wp.com\/soy.usac.edu.gt\/wp-content\/uploads\/2022\/03\/agronomia-2.jpg?resize=350%2C200&ssl=1 1x, https:\/\/i0.wp.com\/soy.usac.edu.gt\/wp-content\/uploads\/2022\/03\/agronomia-2.jpg?resize=525%2C300&ssl=1 1.5x, https:\/\/i0.wp.com\/soy.usac.edu.gt\/wp-content\/uploads\/2022\/03\/agronomia-2.jpg?resize=700%2C400&ssl=1 2x, https:\/\/i0.wp.com\/soy.usac.edu.gt\/wp-content\/uploads\/2022\/03\/agronomia-2.jpg?resize=1050%2C600&ssl=1 3x, https:\/\/i0.wp.com\/soy.usac.edu.gt\/wp-content\/uploads\/2022\/03\/agronomia-2.jpg?resize=1400%2C800&ssl=1 4x"},"classes":[]},{"id":17314,"url":"https:\/\/soy.usac.edu.gt\/?p=17314","url_meta":{"origin":16350,"position":4},"title":"Walter Mazariegos es electo rector de la USAC","author":"Divisi\u00f3n de Publicidad","date":"14 mayo, 2022","format":false,"excerpt":"Con un total de 72 votos e igual n\u00famero de electores, fue el candidato ganador para el periodo 2022-2026.","rel":"","context":"En \u00abNoticias\u00bb","block_context":{"text":"Noticias","link":"https:\/\/soy.usac.edu.gt\/?cat=29"},"img":{"alt_text":"","src":"https:\/\/i0.wp.com\/soy.usac.edu.gt\/wp-content\/uploads\/2022\/05\/WhatsApp-Image-2022-05-14-at-12.26.31-PM.jpeg?resize=350%2C200&ssl=1","width":350,"height":200,"srcset":"https:\/\/i0.wp.com\/soy.usac.edu.gt\/wp-content\/uploads\/2022\/05\/WhatsApp-Image-2022-05-14-at-12.26.31-PM.jpeg?resize=350%2C200&ssl=1 1x, https:\/\/i0.wp.com\/soy.usac.edu.gt\/wp-content\/uploads\/2022\/05\/WhatsApp-Image-2022-05-14-at-12.26.31-PM.jpeg?resize=525%2C300&ssl=1 1.5x, https:\/\/i0.wp.com\/soy.usac.edu.gt\/wp-content\/uploads\/2022\/05\/WhatsApp-Image-2022-05-14-at-12.26.31-PM.jpeg?resize=700%2C400&ssl=1 2x, https:\/\/i0.wp.com\/soy.usac.edu.gt\/wp-content\/uploads\/2022\/05\/WhatsApp-Image-2022-05-14-at-12.26.31-PM.jpeg?resize=1050%2C600&ssl=1 3x, https:\/\/i0.wp.com\/soy.usac.edu.gt\/wp-content\/uploads\/2022\/05\/WhatsApp-Image-2022-05-14-at-12.26.31-PM.jpeg?resize=1400%2C800&ssl=1 4x"},"classes":[]},{"id":17307,"url":"https:\/\/soy.usac.edu.gt\/?p=17307","url_meta":{"origin":16350,"position":5},"title":"Estos son los motivos por los que 5 cuerpos electorales quedaron fuera de la elecci\u00f3n de rector","author":"Divisi\u00f3n de Publicidad","date":"13 mayo, 2022","format":false,"excerpt":"Secretar\u00eda General realiz\u00f3 una s\u00edntesis del informe circunstanciado sobre el estatus de los procesos eleccionarios de los colegios profesionales que no participan en la elecci\u00f3n de rector.","rel":"","context":"En \u00abNoticias\u00bb","block_context":{"text":"Noticias","link":"https:\/\/soy.usac.edu.gt\/?cat=29"},"img":{"alt_text":"","src":"https:\/\/i0.wp.com\/soy.usac.edu.gt\/wp-content\/uploads\/2021\/02\/COMUNICADO-IMAGEN-WEB.jpeg?resize=350%2C200&ssl=1","width":350,"height":200,"srcset":"https:\/\/i0.wp.com\/soy.usac.edu.gt\/wp-content\/uploads\/2021\/02\/COMUNICADO-IMAGEN-WEB.jpeg?resize=350%2C200&ssl=1 1x, https:\/\/i0.wp.com\/soy.usac.edu.gt\/wp-content\/uploads\/2021\/02\/COMUNICADO-IMAGEN-WEB.jpeg?resize=525%2C300&ssl=1 1.5x, https:\/\/i0.wp.com\/soy.usac.edu.gt\/wp-content\/uploads\/2021\/02\/COMUNICADO-IMAGEN-WEB.jpeg?resize=700%2C400&ssl=1 2x"},"classes":[]}],"jetpack_sharing_enabled":true,"_links":{"self":[{"href":"https:\/\/soy.usac.edu.gt\/index.php?rest_route=\/wp\/v2\/posts\/16350","targetHints":{"allow":["GET"]}}],"collection":[{"href":"https:\/\/soy.usac.edu.gt\/index.php?rest_route=\/wp\/v2\/posts"}],"about":[{"href":"https:\/\/soy.usac.edu.gt\/index.php?rest_route=\/wp\/v2\/types\/post"}],"author":[{"embeddable":true,"href":"https:\/\/soy.usac.edu.gt\/index.php?rest_route=\/wp\/v2\/users\/1"}],"replies":[{"embeddable":true,"href":"https:\/\/soy.usac.edu.gt\/index.php?rest_route=%2Fwp%2Fv2%2Fcomments&post=16350"}],"version-history":[{"count":5,"href":"https:\/\/soy.usac.edu.gt\/index.php?rest_route=\/wp\/v2\/posts\/16350\/revisions"}],"predecessor-version":[{"id":20002,"href":"https:\/\/soy.usac.edu.gt\/index.php?rest_route=\/wp\/v2\/posts\/16350\/revisions\/20002"}],"wp:featuredmedia":[{"embeddable":true,"href":"https:\/\/soy.usac.edu.gt\/index.php?rest_route=\/wp\/v2\/media\/16357"}],"wp:attachment":[{"href":"https:\/\/soy.usac.edu.gt\/index.php?rest_route=%2Fwp%2Fv2%2Fmedia&parent=16350"}],"wp:term":[{"taxonomy":"category","embeddable":true,"href":"https:\/\/soy.usac.edu.gt\/index.php?rest_route=%2Fwp%2Fv2%2Fcategories&post=16350"},{"taxonomy":"post_tag","embeddable":true,"href":"https:\/\/soy.usac.edu.gt\/index.php?rest_route=%2Fwp%2Fv2%2Ftags&post=16350"}],"curies":[{"name":"wp","href":"https:\/\/api.w.org\/{rel}","templated":true}]}}