{"id":16408,"date":"2022-02-04T09:30:01","date_gmt":"2022-02-04T15:30:01","guid":{"rendered":"https:\/\/soy.usac.edu.gt\/?p=16408"},"modified":"2022-07-20T11:47:49","modified_gmt":"2022-07-20T17:47:49","slug":"es-necesaria-la-dosis-de-refuerzo","status":"publish","type":"post","link":"https:\/\/soy.usac.edu.gt\/?p=16408","title":{"rendered":"\u00bfEs necesaria la dosis de refuerzo?"},"content":{"rendered":"\n<h5 style=\"text-align: justify;\"><strong>Diversas dudas han surgido luego de darse a conocer la aplicaci\u00f3n de una dosis de refuerzo para hacer frente a la pandemia.<\/strong><\/h5>\n<p style=\"text-align: justify;\"><span style=\"font-weight: 400;\">Fotos de Elio Morales<\/span><\/p>\n<p style=\"text-align: justify;\"><span style=\"font-weight: 400;\">Este a\u00f1o el Gobierno de Guatemala anunci\u00f3 que se iniciar\u00eda la aplicaci\u00f3n de una tercera dosis de los diferentes biol\u00f3gicos en los centros de vacunaci\u00f3n. Lo anterior ha generado controversias, incertidumbre e incluso una baja afluencia en las unidades de inmunizaci\u00f3n. Sin embargo, es indispensable buscar respuestas cient\u00edficas.\u00a0<\/span><\/p>\n<p style=\"text-align: justify;\"><span style=\"font-weight: 400;\">La Organizaci\u00f3n Mundial de la Salud (OMS) ha comprobado que el sistema inmune responde efectivamente ante el COVID-19 a las pocas semanas de aplicarse la vacuna, pero la protecci\u00f3n se reduce con el paso del tiempo. Se tiene establecido que, a partir de los tres o cuatro meses, los anticuerpos empiezan a disminuir o desaparecer, por lo que aplicar otra vacuna incrementa el efecto beneficioso de las antecesoras.<\/span><\/p>\n<p>\u00a0<\/p>\n<h5 style=\"text-align: justify;\"><strong>\u00bfC\u00f3mo funciona el refuerzo?<\/strong><\/h5>\n<p style=\"text-align: justify;\"><span style=\"font-weight: 400;\">Seg\u00fan el Dr. Diego Reyes, coordinador del centro de vacunaci\u00f3n del Instituto Guatemalteco de Seguridad Social (IGSS) \u2014ubicado en el edificio S-12 de la Universidad de San Carlos de Guatemala\u2014, conforme m\u00e1s gente est\u00e9 vacunada y reciba el refuerzo, el virus ser\u00e1 menos intenso en relaci\u00f3n con el n\u00famero de infectados en el pa\u00eds.<\/span><\/p>\n<p style=\"text-align: justify;\"><span style=\"font-weight: 400;\">\u201cEs importante aclarar que la vacuna perfecta no existe, ya que esta no garantiza no enfermarse, pero cuando se reciben estos nuevos anticuerpos, se busca que las personas contagiadas solo tengan s\u00edntomas leves o, en el mejor de los casos, sean asintom\u00e1ticos\u201d, explica Reyes.<\/span><\/p>\n<p><img loading=\"lazy\" decoding=\"async\" class=\"aligncenter size-full wp-image-16411\" src=\"https:\/\/soy.usac.edu.gt\/wp-content\/uploads\/2022\/02\/vacuna-2.jpeg\" alt=\"\" width=\"840\" height=\"560\" \/><\/p>\n<h5 style=\"text-align: justify;\"><strong>\u00bfDebo vacunarme si me contagi\u00e9?<\/strong><\/h5>\n<p style=\"text-align: justify;\"><span style=\"font-weight: 400;\">La respuesta es s\u00ed, Reyes expone que, entre m\u00e1s personas vacunadas existan en el pa\u00eds, no solo se reduce la capacidad de contagio, sino tambi\u00e9n bajan las posibilidades de aparici\u00f3n de nuevas variantes, pero al haber personas sin vacunas, este riesgo incrementa.\u00a0<\/span><\/p>\n<p style=\"text-align: justify;\"><span style=\"font-weight: 400;\">La cartera de salud recomienda que quienes padecieron la enfermedad deben vacunarse 90 d\u00edas despu\u00e9s de haber obtenido un resultado negativo, este criterio se aplica para las diferentes dosis y biol\u00f3gicos. Por otro lado, es necesario individualizar los casos, ya que quienes poseen enfermedades cr\u00f3nicas, c\u00e1ncer o inmunodeficiencia deben vacunarse en cuanto tengan el resultado negativo, sin necesidad de que transcurra el plazo indicado.<\/span><\/p>\n<p style=\"text-align: justify;\"><span style=\"font-weight: 400;\">El Ministerio de Salud P\u00fablica y Asistencia Social estima m\u00e1s de 24 000 casos activos de COVID-19, seg\u00fan los datos obtenidos a finales de enero de 2022.<\/span><\/p>\n<p>\u00a0<\/p>\n<h5 style=\"text-align: justify;\"><strong>Secuelas del COVID-19<\/strong><\/h5>\n<p style=\"text-align: justify;\"><span style=\"font-weight: 400;\">No vacunarse incrementa las posibilidades de que se produzcan da\u00f1os severos en la salud. En algunos casos, como consecuencias, pueden quedar afecciones pulmonares que necesitan terapia de rehabilitaci\u00f3n; malestar general; dolores de cabeza; afecciones mentales y emocionales, causadas por el miedo, estr\u00e9s e incertidumbre.<\/span><\/p>\n<p style=\"text-align: justify;\"><span style=\"font-weight: 400;\">Reyes explic\u00f3 que la reinfecci\u00f3n es posible. Esto quiere decir que una persona que fue contagiada puede enfermarse otra vez, y la aparici\u00f3n de las nuevas variantes aumenta las probabilidades de que esto ocurra.<\/span><\/p>\n<p>\u00a0<\/p>\n<h5 style=\"text-align: justify;\"><strong>\u00bfSe debe vacunar durante el embarazo?<\/strong><\/h5>\n<p style=\"text-align: justify;\"><span style=\"font-weight: 400;\">Hasta el momento se tiene contemplado que las mujeres embarazadas se deben vacunar en la semana n\u00famero trece del per\u00edodo de gestaci\u00f3n. Se puede utilizar cualquier biol\u00f3gico e, incluso, aplicar la tercera dosis.<\/span><\/p>\n<p>\u00a0<\/p>\n<h5 style=\"text-align: justify;\"><strong>\u00bfPuedo colocarme otra vacuna para una enfermedad distinta?<\/strong><\/h5>\n<p style=\"text-align: justify;\"><span style=\"font-weight: 400;\">Es prudente dejar un per\u00edodo de dos semanas para poder administrase cualquier otra vacuna, con el fin de tener un mejor control.<\/span><\/p>\n<p>\u00a0<\/p>\n<h5 style=\"text-align: justify;\"><strong>Centros de vacunaci\u00f3n en USAC<\/strong><\/h5>\n<p style=\"text-align: justify;\"><span style=\"font-weight: 400;\">Este a\u00f1o USAC inici\u00f3 con dos centros de vacunaci\u00f3n habilitados. Uno se ubica en el edificio S-12 y es administrado por el IGSS. El otro se encuentra en el Polideportivo y es atendido por el Minsiterio de Salud P\u00fablica y Asistencia Social (MSPAS). Ambos est\u00e1n en el campus central.<\/span><\/p>\n<p style=\"text-align: justify;\"><span style=\"font-weight: 400;\">La Dra. Delia Fuentes, supervisora del centro de vacunaci\u00f3n ubicado en el Polideportivo, indic\u00f3 que se est\u00e1n suministrando los biol\u00f3gicos AstraZeneca; Sputnik V, primera y segunda dosis; Moderna, primera y segunda dosis; Pfizer, primera y segunda dosis; y el refuerzo de los cuatro biol\u00f3gicos. Este centro atiende a la poblaci\u00f3n de 8:00 a 14:00 de lunes a viernes, adem\u00e1s, est\u00e1 disponible un fin de semana al mes.<\/span><\/p>\n<p style=\"text-align: justify;\"><span style=\"font-weight: 400;\">\u201cEs muy importante mantener las medidas de bioseguridad, el uso de mascarilla, el lavado de manos y el distanciamiento social\u201d, expres\u00f3 Delia Fuentes.<\/span><\/p>\n<p style=\"text-align: justify;\"><span style=\"font-weight: 400;\">En el centro que atiende el IGSS en el edificio S-12, se est\u00e1 atendiendo tambi\u00e9n el esquema heter\u00f3logo de AstraZeneca; Pfizer; Moderna, primera y segunda dosis, as\u00ed como dosis de refuerzo; y el refuerzo de Sputnik V.<\/span><\/p>\n<p style=\"text-align: justify;\"><span style=\"font-weight: 400;\">\u201cSe agradece el apoyo que nos dio la universidad, que abri\u00f3 sus puertas al IGSS y a m\u00e1s de 60 000 personas. Nuestra idea es poder seguir colaborando\u201d, manifest\u00f3 Diego Reyes, coordinador del centro de vacunaci\u00f3n del IGSS, ubicado en el edificio S-12 de la USAC.<\/span><\/p>\n<p style=\"text-align: justify;\"><span style=\"font-weight: 400;\">Este centro atiende a la poblaci\u00f3n en general, afiliados y no afiliados, de lunes a domingo desde las 7:00 de la ma\u00f1ana hasta las 15:00 horas. Los detalles pueden ser consultados en las redes sociales del IGSS.<\/span><\/p>\n<p><img loading=\"lazy\" decoding=\"async\" class=\"aligncenter size-full wp-image-16410\" src=\"https:\/\/soy.usac.edu.gt\/wp-content\/uploads\/2022\/02\/vacuna-3.jpeg\" alt=\"\" width=\"800\" height=\"540\" \/><\/p>\n<h5 style=\"text-align: justify;\"><strong>Requisitos<\/strong><\/h5>\n<ul>\n<li style=\"text-align: justify;\"><span style=\"font-weight: 400;\">Los mayores de edad deben portar el documento personal de identificaci\u00f3n (DPI).\u00a0\u00a0<\/span><\/li>\n<li style=\"text-align: justify;\"><span style=\"font-weight: 400;\">Los adolescentes de 12 a 17 a\u00f1os deben asistir con un acompa\u00f1ante, que puede ser el padre o la madre,\u00a0 \u00fanicamente se requiere el CUI, idealmente puede presentarse la partida de nacimiento.<\/span><\/li>\n<li style=\"text-align: justify;\"><span style=\"font-weight: 400;\">Deben pasar 3 meses de aplicada la segunda dosis para vacunarse con el refuerzo.<\/span><\/li>\n<li style=\"text-align: justify;\"><span style=\"font-weight: 400;\">Poblaci\u00f3n en riesgo<\/span><\/li>\n<li style=\"text-align: justify;\"><span style=\"font-weight: 400;\">En Guatemala el grupo etario con mayor n\u00famero de infecciones por COVID-19 es el de 20 a 29 a\u00f1os.<\/span><\/li>\n<li style=\"text-align: justify;\"><span style=\"font-weight: 400;\">Cifras de contagios<\/span><\/li>\n<li style=\"text-align: justify;\"><span style=\"font-weight: 400;\">En Guatemala, a la tercera semana de enero de 2022, se reportan los siguientes datos:\u00a0<\/span><\/li>\n<li style=\"text-align: justify;\"><span style=\"font-weight: 400;\">6 724 566 personas vacunadas con la primera dosis.\u00a0<\/span><\/li>\n<li style=\"text-align: justify;\"><span style=\"font-weight: 400;\">4 999 809 personas vacunadas con la segunda dosis.<\/span><\/li>\n<li style=\"text-align: justify;\"><span style=\"font-weight: 400;\">674 107 personas vacunadas con la dosis de refuerzo.<\/span><\/li>\n<\/ul>\n<p style=\"text-align: justify;\"><span style=\"font-weight: 400;\">Fuente: https:\/\/tablerocovid.mspas.gob.gt\/<\/span><\/p>\n<p style=\"text-align: justify;\">\u00a0<\/p>\n","protected":false},"excerpt":{"rendered":"<p>Diversas dudas han surgido luego de darse a conocer la aplicaci\u00f3n de una dosis de refuerzo para hacer frente a la pandemia.<\/p>\n","protected":false},"author":14,"featured_media":16415,"comment_status":"closed","ping_status":"open","sticky":false,"template":"","format":"standard","meta":{"_exactmetrics_skip_tracking":false,"_exactmetrics_sitenote_active":false,"_exactmetrics_sitenote_note":"","_exactmetrics_sitenote_category":0,"_jetpack_memberships_contains_paid_content":false,"footnotes":""},"categories":[122,29],"tags":[],"class_list":["post-16408","post","type-post","status-publish","format-standard","has-post-thumbnail","hentry","category-ciencia-y-tecnologia","category-noticias"],"aioseo_notices":[],"jetpack_featured_media_url":"https:\/\/soy.usac.edu.gt\/wp-content\/uploads\/2022\/02\/vacuna-1.jpeg","views":"","jetpack-related-posts":[{"id":14700,"url":"https:\/\/soy.usac.edu.gt\/?p=14700","url_meta":{"origin":16408,"position":0},"title":"Las vacunas disminuyen la gravedad del virus","author":"Divisi\u00f3n de Publicidad","date":"9 julio, 2021","format":false,"excerpt":"La vacuna no constituye un blindaje contra la enfermedad COVID-19. Sin embargo, la aplicaci\u00f3n de la misma reduce sus secuelas.","rel":"","context":"En \u00abCiencia y Tecnolog\u00eda\u00bb","block_context":{"text":"Ciencia y Tecnolog\u00eda","link":"https:\/\/soy.usac.edu.gt\/?cat=122"},"img":{"alt_text":"","src":"https:\/\/i0.wp.com\/soy.usac.edu.gt\/wp-content\/uploads\/2021\/07\/WhatsApp-Image-2021-07-05-at-11.00.25.jpeg?resize=350%2C200&ssl=1","width":350,"height":200,"srcset":"https:\/\/i0.wp.com\/soy.usac.edu.gt\/wp-content\/uploads\/2021\/07\/WhatsApp-Image-2021-07-05-at-11.00.25.jpeg?resize=350%2C200&ssl=1 1x, https:\/\/i0.wp.com\/soy.usac.edu.gt\/wp-content\/uploads\/2021\/07\/WhatsApp-Image-2021-07-05-at-11.00.25.jpeg?resize=525%2C300&ssl=1 1.5x, https:\/\/i0.wp.com\/soy.usac.edu.gt\/wp-content\/uploads\/2021\/07\/WhatsApp-Image-2021-07-05-at-11.00.25.jpeg?resize=700%2C400&ssl=1 2x, https:\/\/i0.wp.com\/soy.usac.edu.gt\/wp-content\/uploads\/2021\/07\/WhatsApp-Image-2021-07-05-at-11.00.25.jpeg?resize=1050%2C600&ssl=1 3x"},"classes":[]},{"id":15018,"url":"https:\/\/soy.usac.edu.gt\/?p=15018","url_meta":{"origin":16408,"position":1},"title":"Conoce el calendario de vacunaci\u00f3n de segunda dosis para estudiantes de la USAC","author":"Divisi\u00f3n de Publicidad","date":"27 agosto, 2021","format":false,"excerpt":"Conoce ac\u00e1 el calendario oficial de vacunaci\u00f3n de segunda dosis de estudiantes sancarlistas.\u00a0","rel":"","context":"En \u00abEstudiantes\u00bb","block_context":{"text":"Estudiantes","link":"https:\/\/soy.usac.edu.gt\/?cat=585"},"img":{"alt_text":"","src":"https:\/\/i0.wp.com\/soy.usac.edu.gt\/wp-content\/uploads\/2021\/08\/vacunacion-estudiantes-sancarlistas-web-26.jpeg?resize=350%2C200&ssl=1","width":350,"height":200,"srcset":"https:\/\/i0.wp.com\/soy.usac.edu.gt\/wp-content\/uploads\/2021\/08\/vacunacion-estudiantes-sancarlistas-web-26.jpeg?resize=350%2C200&ssl=1 1x, https:\/\/i0.wp.com\/soy.usac.edu.gt\/wp-content\/uploads\/2021\/08\/vacunacion-estudiantes-sancarlistas-web-26.jpeg?resize=525%2C300&ssl=1 1.5x, https:\/\/i0.wp.com\/soy.usac.edu.gt\/wp-content\/uploads\/2021\/08\/vacunacion-estudiantes-sancarlistas-web-26.jpeg?resize=700%2C400&ssl=1 2x, https:\/\/i0.wp.com\/soy.usac.edu.gt\/wp-content\/uploads\/2021\/08\/vacunacion-estudiantes-sancarlistas-web-26.jpeg?resize=1050%2C600&ssl=1 3x"},"classes":[]},{"id":14714,"url":"https:\/\/soy.usac.edu.gt\/?p=14714","url_meta":{"origin":16408,"position":2},"title":"Efectividad de la vacuna contra la COVID-19","author":"Divisi\u00f3n de Publicidad","date":"9 julio, 2021","format":false,"excerpt":"La aplicaci\u00f3n de las dosis ayuda a tener inmunidad de reba\u00f1o o colectiva con prontitud. Cuantas m\u00e1s personas est\u00e9n vacunadas, menos tiempo llevar\u00e1 erradicar la pandemia.","rel":"","context":"En \u00abCiencia y Tecnolog\u00eda\u00bb","block_context":{"text":"Ciencia y Tecnolog\u00eda","link":"https:\/\/soy.usac.edu.gt\/?cat=122"},"img":{"alt_text":"","src":"https:\/\/i0.wp.com\/soy.usac.edu.gt\/wp-content\/uploads\/2021\/07\/WhatsApp-Image-2021-07-05-at-11.00.25-1.jpeg?resize=350%2C200&ssl=1","width":350,"height":200,"srcset":"https:\/\/i0.wp.com\/soy.usac.edu.gt\/wp-content\/uploads\/2021\/07\/WhatsApp-Image-2021-07-05-at-11.00.25-1.jpeg?resize=350%2C200&ssl=1 1x, https:\/\/i0.wp.com\/soy.usac.edu.gt\/wp-content\/uploads\/2021\/07\/WhatsApp-Image-2021-07-05-at-11.00.25-1.jpeg?resize=525%2C300&ssl=1 1.5x, https:\/\/i0.wp.com\/soy.usac.edu.gt\/wp-content\/uploads\/2021\/07\/WhatsApp-Image-2021-07-05-at-11.00.25-1.jpeg?resize=700%2C400&ssl=1 2x, https:\/\/i0.wp.com\/soy.usac.edu.gt\/wp-content\/uploads\/2021\/07\/WhatsApp-Image-2021-07-05-at-11.00.25-1.jpeg?resize=1050%2C600&ssl=1 3x"},"classes":[]},{"id":14994,"url":"https:\/\/soy.usac.edu.gt\/?p=14994","url_meta":{"origin":16408,"position":3},"title":"Puestos de vacunaci\u00f3n de la USAC estar\u00e1n abiertos el fin de semana","author":"Divisi\u00f3n de Publicidad","date":"20 agosto, 2021","format":false,"excerpt":"Informaci\u00f3n importante sobre los puestos de vacunaci\u00f3n de la USAC.","rel":"","context":"En \u00abNoticias\u00bb","block_context":{"text":"Noticias","link":"https:\/\/soy.usac.edu.gt\/?cat=29"},"img":{"alt_text":"","src":"https:\/\/i0.wp.com\/soy.usac.edu.gt\/wp-content\/uploads\/2021\/02\/COMUNICADO-IMAGEN-WEB.jpeg?resize=350%2C200&ssl=1","width":350,"height":200,"srcset":"https:\/\/i0.wp.com\/soy.usac.edu.gt\/wp-content\/uploads\/2021\/02\/COMUNICADO-IMAGEN-WEB.jpeg?resize=350%2C200&ssl=1 1x, https:\/\/i0.wp.com\/soy.usac.edu.gt\/wp-content\/uploads\/2021\/02\/COMUNICADO-IMAGEN-WEB.jpeg?resize=525%2C300&ssl=1 1.5x, https:\/\/i0.wp.com\/soy.usac.edu.gt\/wp-content\/uploads\/2021\/02\/COMUNICADO-IMAGEN-WEB.jpeg?resize=700%2C400&ssl=1 2x"},"classes":[]},{"id":14606,"url":"https:\/\/soy.usac.edu.gt\/?p=14606","url_meta":{"origin":16408,"position":4},"title":"IGSS empieza a aplicar segunda dosis","author":"Divisi\u00f3n de Publicidad","date":"14 junio, 2021","format":false,"excerpt":"Los afiliados asistieron al centro de vacunaci\u00f3n de la Ciudad Universitaria para la segunda dosis de la vacuna contra la enfermedad COVID-19.","rel":"","context":"En \u00abNoticias\u00bb","block_context":{"text":"Noticias","link":"https:\/\/soy.usac.edu.gt\/?cat=29"},"img":{"alt_text":"","src":"https:\/\/i0.wp.com\/soy.usac.edu.gt\/wp-content\/uploads\/2021\/06\/WhatsApp-Image-2021-06-14-at-11.53.54.jpeg?resize=350%2C200&ssl=1","width":350,"height":200,"srcset":"https:\/\/i0.wp.com\/soy.usac.edu.gt\/wp-content\/uploads\/2021\/06\/WhatsApp-Image-2021-06-14-at-11.53.54.jpeg?resize=350%2C200&ssl=1 1x, https:\/\/i0.wp.com\/soy.usac.edu.gt\/wp-content\/uploads\/2021\/06\/WhatsApp-Image-2021-06-14-at-11.53.54.jpeg?resize=525%2C300&ssl=1 1.5x, https:\/\/i0.wp.com\/soy.usac.edu.gt\/wp-content\/uploads\/2021\/06\/WhatsApp-Image-2021-06-14-at-11.53.54.jpeg?resize=700%2C400&ssl=1 2x, https:\/\/i0.wp.com\/soy.usac.edu.gt\/wp-content\/uploads\/2021\/06\/WhatsApp-Image-2021-06-14-at-11.53.54.jpeg?resize=1050%2C600&ssl=1 3x"},"classes":[]},{"id":15094,"url":"https:\/\/soy.usac.edu.gt\/?p=15094","url_meta":{"origin":16408,"position":5},"title":"Hacen un llamado a los guatemaltecos para que asistan a vacunarse \u00a0","author":"Divisi\u00f3n de Publicidad","date":"17 septiembre, 2021","format":false,"excerpt":"Ante la baja afluencia en los puestos de vacunaci\u00f3n, trabajadores de salud instan a la poblaci\u00f3n a inmunizarse.","rel":"","context":"En \u00abNoticias\u00bb","block_context":{"text":"Noticias","link":"https:\/\/soy.usac.edu.gt\/?cat=29"},"img":{"alt_text":"","src":"https:\/\/i0.wp.com\/soy.usac.edu.gt\/wp-content\/uploads\/2021\/09\/WhatsApp-Image-2021-09-17-at-10.24.20-1.jpeg?resize=350%2C200&ssl=1","width":350,"height":200,"srcset":"https:\/\/i0.wp.com\/soy.usac.edu.gt\/wp-content\/uploads\/2021\/09\/WhatsApp-Image-2021-09-17-at-10.24.20-1.jpeg?resize=350%2C200&ssl=1 1x, https:\/\/i0.wp.com\/soy.usac.edu.gt\/wp-content\/uploads\/2021\/09\/WhatsApp-Image-2021-09-17-at-10.24.20-1.jpeg?resize=525%2C300&ssl=1 1.5x, https:\/\/i0.wp.com\/soy.usac.edu.gt\/wp-content\/uploads\/2021\/09\/WhatsApp-Image-2021-09-17-at-10.24.20-1.jpeg?resize=700%2C400&ssl=1 2x, https:\/\/i0.wp.com\/soy.usac.edu.gt\/wp-content\/uploads\/2021\/09\/WhatsApp-Image-2021-09-17-at-10.24.20-1.jpeg?resize=1050%2C600&ssl=1 3x"},"classes":[]}],"jetpack_sharing_enabled":true,"_links":{"self":[{"href":"https:\/\/soy.usac.edu.gt\/index.php?rest_route=\/wp\/v2\/posts\/16408","targetHints":{"allow":["GET"]}}],"collection":[{"href":"https:\/\/soy.usac.edu.gt\/index.php?rest_route=\/wp\/v2\/posts"}],"about":[{"href":"https:\/\/soy.usac.edu.gt\/index.php?rest_route=\/wp\/v2\/types\/post"}],"author":[{"embeddable":true,"href":"https:\/\/soy.usac.edu.gt\/index.php?rest_route=\/wp\/v2\/users\/14"}],"replies":[{"embeddable":true,"href":"https:\/\/soy.usac.edu.gt\/index.php?rest_route=%2Fwp%2Fv2%2Fcomments&post=16408"}],"version-history":[{"count":3,"href":"https:\/\/soy.usac.edu.gt\/index.php?rest_route=\/wp\/v2\/posts\/16408\/revisions"}],"predecessor-version":[{"id":16417,"href":"https:\/\/soy.usac.edu.gt\/index.php?rest_route=\/wp\/v2\/posts\/16408\/revisions\/16417"}],"wp:featuredmedia":[{"embeddable":true,"href":"https:\/\/soy.usac.edu.gt\/index.php?rest_route=\/wp\/v2\/media\/16415"}],"wp:attachment":[{"href":"https:\/\/soy.usac.edu.gt\/index.php?rest_route=%2Fwp%2Fv2%2Fmedia&parent=16408"}],"wp:term":[{"taxonomy":"category","embeddable":true,"href":"https:\/\/soy.usac.edu.gt\/index.php?rest_route=%2Fwp%2Fv2%2Fcategories&post=16408"},{"taxonomy":"post_tag","embeddable":true,"href":"https:\/\/soy.usac.edu.gt\/index.php?rest_route=%2Fwp%2Fv2%2Ftags&post=16408"}],"curies":[{"name":"wp","href":"https:\/\/api.w.org\/{rel}","templated":true}]}}