{"id":16428,"date":"2022-02-14T14:24:41","date_gmt":"2022-02-14T20:24:41","guid":{"rendered":"https:\/\/soy.usac.edu.gt\/?p=16428"},"modified":"2022-02-14T14:24:45","modified_gmt":"2022-02-14T20:24:45","slug":"obten-financiamiento-para-proyectos-y-estudios-cientificos","status":"publish","type":"post","link":"https:\/\/soy.usac.edu.gt\/?p=16428","title":{"rendered":"Obt\u00e9n financiamiento para proyectos y estudios cient\u00edficos"},"content":{"rendered":"\n<p style=\"text-align: justify;\">\u00a0<\/p>\n<p style=\"text-align: justify;\"><strong>CONCYT cuenta con iniciativas que favorecen a la poblaci\u00f3n mediante fondos para la formaci\u00f3n en \u00e1mbitos cient\u00edficos, desarrollo y socializaci\u00f3n de proyectos. A continuaci\u00f3n, se describen los distintos programas con los contactos para obtener mayor informaci\u00f3n:<\/strong><\/p>\n<ul style=\"text-align: justify;\">\n<li>La Convocatoria CTi 1-2022, del programa Forma CTi:<strong> en su l\u00ednea de financiamiento Educa CTi, tiene como objetivo dar apoyo econ\u00f3mico complementario a becas de estudio cient\u00edfico en Guatemala, como ingenier\u00edas, ciencias b\u00e1sicas y aplicadas, agr\u00edcolas, ambientales, de la salud, sociales, veterinarias, psicolog\u00eda y psicopedagog\u00eda.<\/strong><\/li>\n<\/ul>\n<p style=\"text-align: justify;\"><strong>El financiamiento es de un m\u00e1ximo de <\/strong>Q 150 000.00 anuales<strong>, por un tiempo no mayor a <\/strong>cinco a\u00f1os<strong>.\u00a0 La presentaci\u00f3n de perfiles estar\u00e1 abierta hasta el <\/strong>11 de marzo<strong>. Los interesados pueden solicitar m\u00e1s informaci\u00f3n al correo<\/strong>\u00a0<a href=\"mailto:gchoquin@senacyt.gob.gt\">gchoquin@senacyt.gob.gt<\/a>\u00a0<strong>o al tel\u00e9fono<\/strong> 2317-2600, ext. 155.<\/p>\n<ul style=\"text-align: justify;\">\n<li>Convocatoria CTi 2-2022, del programa Comunica CTi:\u00a0<strong>en su l\u00ednea de financiamiento Difunde CTi, da apoyo econ\u00f3mico a eventos cient\u00edficos, tecnol\u00f3gicos o de innovaci\u00f3n tecnol\u00f3gica,<\/strong><strong>\u202f<\/strong><strong>como congresos, foros, seminarios, talleres, capacitaciones, entrenamientos, certificaciones, ferias y actividades de sensibilizaci\u00f3n, formaci\u00f3n o promoci\u00f3n, entre otros.<\/strong><strong>\u202f<\/strong><strong>Estos pueden ser en modalidad f\u00edsica o virtual.\u00a0<\/strong><\/li>\n<\/ul>\n<p style=\"text-align: justify;\"><strong>El monto m\u00e1ximo por financiar es de <\/strong>Q 125 000.00\u202fpor un a\u00f1o<strong>. La convocatoria permanecer\u00e1 abierta hasta el <\/strong>30 de noviembre<strong>. Para m\u00e1s informaci\u00f3n, comun\u00edcate al correo<\/strong>\u00a0<a href=\"mailto:epaiz@senacyt.gob.gt\">epaiz@senacyt.gob.gt<\/a>\u00a0<strong>o al tel\u00e9fono <\/strong>2317-2600, ext. 154<strong>.<\/strong><\/p>\n<ul style=\"text-align: justify;\">\n<li>Convocatoria CTi 3-2022, del programa Proinnova CTi<strong>:<\/strong><strong>en sus l\u00edneas de financiamiento EmprendeCTi y TransfiereCTi, busca a guatemaltecos que realizan proyectos basados en soluciones que promuevan el desarrollo social, econ\u00f3mico, ambiental y cultural aplicando ciencia y tecnolog\u00eda.<\/strong><\/li>\n<\/ul>\n<p style=\"text-align: justify;\"><strong>El monto m\u00e1ximo por financiar es de <\/strong>Q 500 000.00<strong>\u202f<\/strong><strong>en EmprendeCTi y <\/strong>Q 400 000.00<strong> para TransfiereCTi. La convocatoria estar\u00e1 vigente hasta el <\/strong>8 de julio<strong>. Para m\u00e1s informaci\u00f3n, comun\u00edcate al correo<\/strong>\u00a0<a href=\"mailto:jvidaurre@senacyt.gob.gt\">jvidaurre@senacyt.gob.gt<\/a>\u00a0 <strong>o al tel\u00e9fono <\/strong>2317-2600, ext. 148<strong>.<\/strong><\/p>\n<ul>\n<li style=\"text-align: justify;\">Revista Hero\u00ednas en la Ciencia<strong>: tiene como objetivo reconocer y visibilizar el trabajo de mujeres guatemaltecas en la ciencia, la tecnolog\u00eda y la innovaci\u00f3n. La convocatoria estar\u00e1 abierta hasta el <\/strong>18 de marzo<strong>, para consultar las bases visita el siguiente link: \u00a0<a href=\"https:\/\/senacyt.gob.gt\/portal\/images\/2022\/actividades\/bases_heroinas_ciencia.pdf\">https:\/\/senacyt.gob.gt\/portal\/images\/2022\/actividades\/bases_heroinas_ciencia.pdf<\/a>.<\/strong><\/li>\n<\/ul>\n","protected":false},"excerpt":{"rendered":"<p>CONCYT cuenta con iniciativas que favorecen a la poblaci\u00f3n mediante fondos para la formaci\u00f3n en \u00e1mbitos cient\u00edficos, desarrollo y socializaci\u00f3n de proyectos. A continuaci\u00f3n, se describen los distintos programas con los contactos para obtener mayor informaci\u00f3n:<\/p>\n","protected":false},"author":1,"featured_media":14976,"comment_status":"closed","ping_status":"open","sticky":false,"template":"","format":"standard","meta":{"_exactmetrics_skip_tracking":false,"_exactmetrics_sitenote_active":false,"_exactmetrics_sitenote_note":"","_exactmetrics_sitenote_category":0,"_jetpack_memberships_contains_paid_content":false,"footnotes":""},"categories":[233,122],"tags":[112,134,130],"class_list":["post-16428","post","type-post","status-publish","format-standard","has-post-thumbnail","hentry","category-becas-y-convocatorias-2","category-ciencia-y-tecnologia","tag-becas-y-convocatorias","tag-ciencia-y-tecnologia","tag-estudiantes"],"aioseo_notices":[],"jetpack_featured_media_url":"https:\/\/soy.usac.edu.gt\/wp-content\/uploads\/2021\/08\/WhatsApp-Image-2021-08-17-at-8.12.09-AM.jpeg","views":"","jetpack-related-posts":[{"id":2963,"url":"https:\/\/soy.usac.edu.gt\/?p=2963","url_meta":{"origin":16428,"position":0},"title":"Oportunidad de beca completa para estudiar en Suecia","author":"Divisi\u00f3n de Publicidad","date":"4 noviembre, 2018","format":false,"excerpt":"\u00bfTienes ambici\u00f3n, experiencia de liderazgo y una s\u00f3lida formaci\u00f3n profesional? El Instituto Sueco de Becas de Estudios (SISS) esta brindando la oportunidad para que profesionales sancarlistas puedan\u00a0aplicar para obtener una maestr\u00eda en Suecia totalmente financiada. La informaci\u00f3n sobre la convocatoria estar\u00e1 disponible el 1 de diciembre de 2018 para los\u2026","rel":"","context":"En \u00abBecas y Convocatorias\u00bb","block_context":{"text":"Becas y Convocatorias","link":"https:\/\/soy.usac.edu.gt\/?cat=127"},"img":{"alt_text":"","src":"https:\/\/i0.wp.com\/soy.usac.edu.gt\/wp-content\/uploads\/2018\/11\/sweden.jpg?resize=350%2C200&ssl=1","width":350,"height":200,"srcset":"https:\/\/i0.wp.com\/soy.usac.edu.gt\/wp-content\/uploads\/2018\/11\/sweden.jpg?resize=350%2C200&ssl=1 1x, https:\/\/i0.wp.com\/soy.usac.edu.gt\/wp-content\/uploads\/2018\/11\/sweden.jpg?resize=525%2C300&ssl=1 1.5x, https:\/\/i0.wp.com\/soy.usac.edu.gt\/wp-content\/uploads\/2018\/11\/sweden.jpg?resize=700%2C400&ssl=1 2x"},"classes":[]},{"id":8944,"url":"https:\/\/soy.usac.edu.gt\/?p=8944","url_meta":{"origin":16428,"position":1},"title":"Aplica para obtener una beca de tecnolog\u00eda en India","author":"Divisi\u00f3n de Publicidad","date":"22 octubre, 2019","format":false,"excerpt":"El ITEC es el programa de Cooperaci\u00f3n T\u00e9cnica y Econ\u00f3mica de la India, quienes est\u00e1n ofreciendo becas para estudiantes de Guatemala, El Salvador y Honduras.","rel":"","context":"En \u00abBecas y convocatorias\u00bb","block_context":{"text":"Becas y convocatorias","link":"https:\/\/soy.usac.edu.gt\/?cat=233"},"img":{"alt_text":"","src":"https:\/\/i0.wp.com\/soy.usac.edu.gt\/wp-content\/uploads\/2019\/10\/holi-the-festival-of-colors-india-109420836-58e011443df78c51624c663b.jpg?resize=350%2C200&ssl=1","width":350,"height":200,"srcset":"https:\/\/i0.wp.com\/soy.usac.edu.gt\/wp-content\/uploads\/2019\/10\/holi-the-festival-of-colors-india-109420836-58e011443df78c51624c663b.jpg?resize=350%2C200&ssl=1 1x, https:\/\/i0.wp.com\/soy.usac.edu.gt\/wp-content\/uploads\/2019\/10\/holi-the-festival-of-colors-india-109420836-58e011443df78c51624c663b.jpg?resize=525%2C300&ssl=1 1.5x, https:\/\/i0.wp.com\/soy.usac.edu.gt\/wp-content\/uploads\/2019\/10\/holi-the-festival-of-colors-india-109420836-58e011443df78c51624c663b.jpg?resize=700%2C400&ssl=1 2x"},"classes":[]},{"id":2974,"url":"https:\/\/soy.usac.edu.gt\/?p=2974","url_meta":{"origin":16428,"position":2},"title":"Becas completas para licenciaturas en Semyung University en Korea","author":"Divisi\u00f3n de Publicidad","date":"4 noviembre, 2018","format":false,"excerpt":"La aplicaci\u00f3n es para varias \u00e1reas de estudio, y estar\u00e1 abierta hasta el 30 de noviembre. La Embajada de Guatemala en Korea y la oficina de promoci\u00f3n de becas; estar\u00e1 prestando apoyo y revisando aplicaciones para las becas hasta el 15 de noviembre del 2018 con el objeto que los\u2026","rel":"","context":"En \u00abBecas y Convocatorias\u00bb","block_context":{"text":"Becas y Convocatorias","link":"https:\/\/soy.usac.edu.gt\/?cat=127"},"img":{"alt_text":"","src":"https:\/\/i0.wp.com\/soy.usac.edu.gt\/wp-content\/uploads\/2018\/11\/maxresdefault-5.jpg?resize=350%2C200&ssl=1","width":350,"height":200,"srcset":"https:\/\/i0.wp.com\/soy.usac.edu.gt\/wp-content\/uploads\/2018\/11\/maxresdefault-5.jpg?resize=350%2C200&ssl=1 1x, https:\/\/i0.wp.com\/soy.usac.edu.gt\/wp-content\/uploads\/2018\/11\/maxresdefault-5.jpg?resize=525%2C300&ssl=1 1.5x, https:\/\/i0.wp.com\/soy.usac.edu.gt\/wp-content\/uploads\/2018\/11\/maxresdefault-5.jpg?resize=700%2C400&ssl=1 2x, https:\/\/i0.wp.com\/soy.usac.edu.gt\/wp-content\/uploads\/2018\/11\/maxresdefault-5.jpg?resize=1050%2C600&ssl=1 3x"},"classes":[]},{"id":7793,"url":"https:\/\/soy.usac.edu.gt\/?p=7793","url_meta":{"origin":16428,"position":3},"title":"Aplica a becas tecnol\u00f3gicas en Corea del Sur","author":"Divisi\u00f3n de Publicidad","date":"26 julio, 2019","format":false,"excerpt":"A partir de la vinculaci\u00f3n que establece la Coordinadora General de Cooperaci\u00f3n y Relaciones Internacionales con distintas entidades para promover la formaci\u00f3n acad\u00e9mica en otros pa\u00edses, la Secretar\u00eda General de Planificaci\u00f3n (SEGEPLAN) ha presentado dos convocatorias dirigidas a guatemaltecos para que puedas aplicar a becas de posgrado en Corea del\u2026","rel":"","context":"En \u00abBecas y Convocatorias\u00bb","block_context":{"text":"Becas y Convocatorias","link":"https:\/\/soy.usac.edu.gt\/?cat=127"},"img":{"alt_text":"","src":"https:\/\/i0.wp.com\/soy.usac.edu.gt\/wp-content\/uploads\/2019\/07\/dims.jpg?resize=350%2C200&ssl=1","width":350,"height":200,"srcset":"https:\/\/i0.wp.com\/soy.usac.edu.gt\/wp-content\/uploads\/2019\/07\/dims.jpg?resize=350%2C200&ssl=1 1x, https:\/\/i0.wp.com\/soy.usac.edu.gt\/wp-content\/uploads\/2019\/07\/dims.jpg?resize=525%2C300&ssl=1 1.5x, https:\/\/i0.wp.com\/soy.usac.edu.gt\/wp-content\/uploads\/2019\/07\/dims.jpg?resize=700%2C400&ssl=1 2x, https:\/\/i0.wp.com\/soy.usac.edu.gt\/wp-content\/uploads\/2019\/07\/dims.jpg?resize=1050%2C600&ssl=1 3x, https:\/\/i0.wp.com\/soy.usac.edu.gt\/wp-content\/uploads\/2019\/07\/dims.jpg?resize=1400%2C800&ssl=1 4x"},"classes":[]},{"id":12289,"url":"https:\/\/soy.usac.edu.gt\/?p=12289","url_meta":{"origin":16428,"position":4},"title":"Conoce las opciones de estudio en el extranjero","author":"Divisi\u00f3n de Publicidad","date":"8 septiembre, 2020","format":false,"excerpt":"Del 10 al 12 de septiembre se llevar\u00e1 a cabo el Festival de Becas Internacional","rel":"","context":"En \u00abBecas y convocatorias\u00bb","block_context":{"text":"Becas y convocatorias","link":"https:\/\/soy.usac.edu.gt\/?cat=233"},"img":{"alt_text":"","src":"https:\/\/i0.wp.com\/soy.usac.edu.gt\/wp-content\/uploads\/2020\/09\/pag-9-becas2.jpg?resize=350%2C200&ssl=1","width":350,"height":200,"srcset":"https:\/\/i0.wp.com\/soy.usac.edu.gt\/wp-content\/uploads\/2020\/09\/pag-9-becas2.jpg?resize=350%2C200&ssl=1 1x, https:\/\/i0.wp.com\/soy.usac.edu.gt\/wp-content\/uploads\/2020\/09\/pag-9-becas2.jpg?resize=525%2C300&ssl=1 1.5x, https:\/\/i0.wp.com\/soy.usac.edu.gt\/wp-content\/uploads\/2020\/09\/pag-9-becas2.jpg?resize=700%2C400&ssl=1 2x"},"classes":[]},{"id":7386,"url":"https:\/\/soy.usac.edu.gt\/?p=7386","url_meta":{"origin":16428,"position":5},"title":"Oportunidad de becas para licenciaturas en Corea","author":"Divisi\u00f3n de Publicidad","date":"11 julio, 2019","format":false,"excerpt":"La Universidad Nacional de Se\u00fal tiene abierta una convocatoria para licenciaturas en diferentes \u00e1reas de estudio.","rel":"","context":"En \u00abBecas y Convocatorias\u00bb","block_context":{"text":"Becas y Convocatorias","link":"https:\/\/soy.usac.edu.gt\/?cat=127"},"img":{"alt_text":"","src":"https:\/\/i0.wp.com\/soy.usac.edu.gt\/wp-content\/uploads\/2019\/07\/SE%C3%9AL-COREA.jpg?resize=350%2C200&ssl=1","width":350,"height":200,"srcset":"https:\/\/i0.wp.com\/soy.usac.edu.gt\/wp-content\/uploads\/2019\/07\/SE%C3%9AL-COREA.jpg?resize=350%2C200&ssl=1 1x, https:\/\/i0.wp.com\/soy.usac.edu.gt\/wp-content\/uploads\/2019\/07\/SE%C3%9AL-COREA.jpg?resize=525%2C300&ssl=1 1.5x, https:\/\/i0.wp.com\/soy.usac.edu.gt\/wp-content\/uploads\/2019\/07\/SE%C3%9AL-COREA.jpg?resize=700%2C400&ssl=1 2x, https:\/\/i0.wp.com\/soy.usac.edu.gt\/wp-content\/uploads\/2019\/07\/SE%C3%9AL-COREA.jpg?resize=1050%2C600&ssl=1 3x, https:\/\/i0.wp.com\/soy.usac.edu.gt\/wp-content\/uploads\/2019\/07\/SE%C3%9AL-COREA.jpg?resize=1400%2C800&ssl=1 4x"},"classes":[]}],"jetpack_sharing_enabled":true,"_links":{"self":[{"href":"https:\/\/soy.usac.edu.gt\/index.php?rest_route=\/wp\/v2\/posts\/16428","targetHints":{"allow":["GET"]}}],"collection":[{"href":"https:\/\/soy.usac.edu.gt\/index.php?rest_route=\/wp\/v2\/posts"}],"about":[{"href":"https:\/\/soy.usac.edu.gt\/index.php?rest_route=\/wp\/v2\/types\/post"}],"author":[{"embeddable":true,"href":"https:\/\/soy.usac.edu.gt\/index.php?rest_route=\/wp\/v2\/users\/1"}],"replies":[{"embeddable":true,"href":"https:\/\/soy.usac.edu.gt\/index.php?rest_route=%2Fwp%2Fv2%2Fcomments&post=16428"}],"version-history":[{"count":3,"href":"https:\/\/soy.usac.edu.gt\/index.php?rest_route=\/wp\/v2\/posts\/16428\/revisions"}],"predecessor-version":[{"id":16431,"href":"https:\/\/soy.usac.edu.gt\/index.php?rest_route=\/wp\/v2\/posts\/16428\/revisions\/16431"}],"wp:featuredmedia":[{"embeddable":true,"href":"https:\/\/soy.usac.edu.gt\/index.php?rest_route=\/wp\/v2\/media\/14976"}],"wp:attachment":[{"href":"https:\/\/soy.usac.edu.gt\/index.php?rest_route=%2Fwp%2Fv2%2Fmedia&parent=16428"}],"wp:term":[{"taxonomy":"category","embeddable":true,"href":"https:\/\/soy.usac.edu.gt\/index.php?rest_route=%2Fwp%2Fv2%2Fcategories&post=16428"},{"taxonomy":"post_tag","embeddable":true,"href":"https:\/\/soy.usac.edu.gt\/index.php?rest_route=%2Fwp%2Fv2%2Ftags&post=16428"}],"curies":[{"name":"wp","href":"https:\/\/api.w.org\/{rel}","templated":true}]}}