{"id":17164,"date":"2022-04-22T12:41:51","date_gmt":"2022-04-22T18:41:51","guid":{"rendered":"https:\/\/soy.usac.edu.gt\/?p=17164"},"modified":"2022-04-22T15:50:47","modified_gmt":"2022-04-22T21:50:47","slug":"se-realizara-infousac-2022","status":"publish","type":"post","link":"https:\/\/soy.usac.edu.gt\/?p=17164","title":{"rendered":"Se realizar\u00e1 INFOUSAC 2022"},"content":{"rendered":"\n<p style=\"text-align: justify;\"><strong><em>La feria informativa para conocer la oferta acad\u00e9mica y el proceso de ingreso a la Universidad de San Carlos de Guatemala se llevar\u00e1 a cabo pr\u00f3ximamente. <\/em><\/strong><\/p>\n<p style=\"text-align: justify;\">Este a\u00f1o el evento se continuar\u00e1 desarrollando en modalidad virtual del 3 al 6 de mayo. En este espacio los aspirantes a ingresar a la universidad podr\u00e1n conocer la informaci\u00f3n de todas las carreras de las unidades acad\u00e9micas (facultades, escuelas, centros e institutos universitarios), requisitos y pasos para ingresar.<\/p>\n<p style=\"text-align: justify;\">El sitio habilitado para este evento ser\u00e1 , a trav\u00e9s del canal de <strong><span style=\"color: #3366ff;\"><a style=\"color: #3366ff;\" href=\"https:\/\/www.youtube.com\/c\/SistemadeUbicaci%C3%B3nyNivelaci%C3%B3nSUN\" target=\"_blank\" rel=\"noopener\">YouTube.<\/a><\/span><\/strong><\/p>\n<p style=\"text-align: justify;\">Los interesados podr\u00e1n obtener detalles de c\u00f3mo realizar la Prueba de Orientaci\u00f3n Vocacional, la cual es fundamental para generar el documento que permitir\u00e1 continuar el resto de fases para acceder a esta casa de estudios.<\/p>\n<p style=\"text-align: justify;\">En la p\u00e1gina de Facebook del <strong><span style=\"color: #3366ff;\"><a style=\"color: #3366ff;\" href=\"https:\/\/www.facebook.com\/SUNUSAC\" target=\"_blank\" rel=\"noopener\">Sistema de Ubicaci\u00f3n y Nivelaci\u00f3n<\/a> <\/span><\/strong>se publicar\u00e1 la programaci\u00f3n de las unidades acad\u00e9micas y sus respectivas\u00a0\u00a0 carreras.\u00a0 Adem\u00e1s, por medio de videos, se mostrar\u00e1n las instalaciones de los diferentes campus de USAC.<\/p>\n<p style=\"text-align: justify;\">La ingeniera Guipssy Men\u00e9ndez, coordinadora del Sistema de Ubicaci\u00f3n y Nivelaci\u00f3n (SUN), invit\u00f3 a la poblaci\u00f3n a conocer la tricentenaria Universidad de San Carlos de Guatemala, su oferta acad\u00e9mica y la p\u00e1gina <span style=\"color: #3366ff;\"><strong><a style=\"color: #3366ff;\" href=\"https:\/\/sun.usac.edu.gt\/\">https:\/\/sun.usac.edu.gt\/<\/a>,<\/strong><\/span> donde adem\u00e1s de contar con informaci\u00f3n del proceso de ingreso, se podr\u00e1 acceder a m\u00faltiples herramientas y cursos virtuales.<\/p>\n<h5 style=\"text-align: justify;\"><strong>En video<\/strong><\/h5>\n<p style=\"text-align: justify;\">\u00a0<\/p>\n<p><iframe loading=\"lazy\" style=\"border: none; overflow: hidden;\" src=\"https:\/\/www.facebook.com\/plugins\/video.php?height=306&amp;href=https%3A%2F%2Fwww.facebook.com%2Fsoyusac%2Fvideos%2F1050614479194135%2F&amp;show_text=false&amp;width=560&amp;t=0\" width=\"560\" height=\"306\" frameborder=\"0\" scrolling=\"no\" allowfullscreen=\"allowfullscreen\"><\/iframe><\/p>\n","protected":false},"excerpt":{"rendered":"<p>La feria informativa para conocer la oferta acad\u00e9mica y el proceso de ingreso a la Universidad de San Carlos de Guatemala se llevar\u00e1 a cabo pr\u00f3ximamente.<\/p>\n","protected":false},"author":14,"featured_media":17167,"comment_status":"closed","ping_status":"open","sticky":false,"template":"","format":"standard","meta":{"_exactmetrics_skip_tracking":false,"_exactmetrics_sitenote_active":false,"_exactmetrics_sitenote_note":"","_exactmetrics_sitenote_category":0,"_jetpack_memberships_contains_paid_content":false,"footnotes":""},"categories":[585,764,29],"tags":[765],"class_list":["post-17164","post","type-post","status-publish","format-standard","has-post-thumbnail","hentry","category-estudiantes","category-infousac","category-noticias","tag-infousac2022"],"aioseo_notices":[],"jetpack_featured_media_url":"https:\/\/soy.usac.edu.gt\/wp-content\/uploads\/2022\/04\/WhatsApp-Image-2022-04-22-at-12.21.40-PM-1.jpeg","views":"","jetpack-related-posts":[{"id":6019,"url":"https:\/\/soy.usac.edu.gt\/?p=6019","url_meta":{"origin":17164,"position":0},"title":"M\u00e1s de 25 mil estudiantes visitar\u00e1n INFOUSAC 2019","author":"Divisi\u00f3n de Publicidad","date":"14 mayo, 2019","format":false,"excerpt":"La feria informativa InfoUSAC 2019 abri\u00f3 sus puertas a los alumnos de nivel medio para mostrarles el cronograma de actividades y la oferta acad\u00e9mica de la Universidad de San Carlos de Guatemala.","rel":"","context":"En \u00abNoticias\u00bb","block_context":{"text":"Noticias","link":"https:\/\/soy.usac.edu.gt\/?cat=29"},"img":{"alt_text":"","src":"https:\/\/i0.wp.com\/soy.usac.edu.gt\/wp-content\/uploads\/2019\/05\/1-3.jpg?resize=350%2C200&ssl=1","width":350,"height":200,"srcset":"https:\/\/i0.wp.com\/soy.usac.edu.gt\/wp-content\/uploads\/2019\/05\/1-3.jpg?resize=350%2C200&ssl=1 1x, https:\/\/i0.wp.com\/soy.usac.edu.gt\/wp-content\/uploads\/2019\/05\/1-3.jpg?resize=525%2C300&ssl=1 1.5x, https:\/\/i0.wp.com\/soy.usac.edu.gt\/wp-content\/uploads\/2019\/05\/1-3.jpg?resize=700%2C400&ssl=1 2x, https:\/\/i0.wp.com\/soy.usac.edu.gt\/wp-content\/uploads\/2019\/05\/1-3.jpg?resize=1050%2C600&ssl=1 3x, https:\/\/i0.wp.com\/soy.usac.edu.gt\/wp-content\/uploads\/2019\/05\/1-3.jpg?resize=1400%2C800&ssl=1 4x"},"classes":[]},{"id":13656,"url":"https:\/\/soy.usac.edu.gt\/?p=13656","url_meta":{"origin":17164,"position":1},"title":"En mayo se realizar\u00e1 INFOUSAC 2021","author":"Divisi\u00f3n de Publicidad","date":"25 marzo, 2021","format":false,"excerpt":"El evento tiene por objetivo que los estudiantes de nivel medio conozcan informaci\u00f3n importante para iniciar los estudios superiores.","rel":"","context":"En \u00abEstudiantes\u00bb","block_context":{"text":"Estudiantes","link":"https:\/\/soy.usac.edu.gt\/?cat=585"},"img":{"alt_text":"","src":"https:\/\/i0.wp.com\/soy.usac.edu.gt\/wp-content\/uploads\/2019\/05\/CSC_0023.jpg?resize=350%2C200&ssl=1","width":350,"height":200,"srcset":"https:\/\/i0.wp.com\/soy.usac.edu.gt\/wp-content\/uploads\/2019\/05\/CSC_0023.jpg?resize=350%2C200&ssl=1 1x, https:\/\/i0.wp.com\/soy.usac.edu.gt\/wp-content\/uploads\/2019\/05\/CSC_0023.jpg?resize=525%2C300&ssl=1 1.5x, https:\/\/i0.wp.com\/soy.usac.edu.gt\/wp-content\/uploads\/2019\/05\/CSC_0023.jpg?resize=700%2C400&ssl=1 2x, https:\/\/i0.wp.com\/soy.usac.edu.gt\/wp-content\/uploads\/2019\/05\/CSC_0023.jpg?resize=1050%2C600&ssl=1 3x, https:\/\/i0.wp.com\/soy.usac.edu.gt\/wp-content\/uploads\/2019\/05\/CSC_0023.jpg?resize=1400%2C800&ssl=1 4x"},"classes":[]},{"id":11418,"url":"https:\/\/soy.usac.edu.gt\/?p=11418","url_meta":{"origin":17164,"position":2},"title":"Si quieres ingresar a la USAC el pr\u00f3ximo a\u00f1o, \u00a1no te pierdas INFOUSAC en l\u00ednea!","author":"Divisi\u00f3n de Publicidad","date":"29 abril, 2020","format":false,"excerpt":"INOFUSAC tiene como finalidad dar a conocer a la poblaci\u00f3n la oferta acad\u00e9mica y procesos de ingreso a la universidad. Esta vez la actividad se realizar\u00e1 de forma virtual en los canales oficiales del Sistema de Ubicaci\u00f3n y Nivelaci\u00f3n (SUN) del 5 al 8 de mayo.","rel":"","context":"En \u00abNoticias\u00bb","block_context":{"text":"Noticias","link":"https:\/\/soy.usac.edu.gt\/?cat=29"},"img":{"alt_text":"","src":"https:\/\/i0.wp.com\/soy.usac.edu.gt\/wp-content\/uploads\/2020\/04\/infousac-uno.jpg?resize=350%2C200&ssl=1","width":350,"height":200,"srcset":"https:\/\/i0.wp.com\/soy.usac.edu.gt\/wp-content\/uploads\/2020\/04\/infousac-uno.jpg?resize=350%2C200&ssl=1 1x, https:\/\/i0.wp.com\/soy.usac.edu.gt\/wp-content\/uploads\/2020\/04\/infousac-uno.jpg?resize=525%2C300&ssl=1 1.5x, https:\/\/i0.wp.com\/soy.usac.edu.gt\/wp-content\/uploads\/2020\/04\/infousac-uno.jpg?resize=700%2C400&ssl=1 2x, https:\/\/i0.wp.com\/soy.usac.edu.gt\/wp-content\/uploads\/2020\/04\/infousac-uno.jpg?resize=1050%2C600&ssl=1 3x, https:\/\/i0.wp.com\/soy.usac.edu.gt\/wp-content\/uploads\/2020\/04\/infousac-uno.jpg?resize=1400%2C800&ssl=1 4x"},"classes":[]},{"id":5798,"url":"https:\/\/soy.usac.edu.gt\/?p=5798","url_meta":{"origin":17164,"position":3},"title":"USAC realizar\u00e1 feria informativa para graduandos","author":"Divisi\u00f3n de Publicidad","date":"3 mayo, 2019","format":false,"excerpt":"Del 14 al 17 mayo \u00a0la USAC llevar\u00e1 a cabo una feria informativa dirigida a establecimientos educativos y graduandos que desean conocer la oferta educativa de la Tricentenaria.","rel":"","context":"En \u00abM\u00e1s Noticias\u00bb","block_context":{"text":"M\u00e1s Noticias","link":"https:\/\/soy.usac.edu.gt\/?cat=96"},"img":{"alt_text":"","src":"https:\/\/i0.wp.com\/soy.usac.edu.gt\/wp-content\/uploads\/2019\/05\/IMG_1696.jpg?resize=350%2C200&ssl=1","width":350,"height":200,"srcset":"https:\/\/i0.wp.com\/soy.usac.edu.gt\/wp-content\/uploads\/2019\/05\/IMG_1696.jpg?resize=350%2C200&ssl=1 1x, https:\/\/i0.wp.com\/soy.usac.edu.gt\/wp-content\/uploads\/2019\/05\/IMG_1696.jpg?resize=525%2C300&ssl=1 1.5x, https:\/\/i0.wp.com\/soy.usac.edu.gt\/wp-content\/uploads\/2019\/05\/IMG_1696.jpg?resize=700%2C400&ssl=1 2x, https:\/\/i0.wp.com\/soy.usac.edu.gt\/wp-content\/uploads\/2019\/05\/IMG_1696.jpg?resize=1050%2C600&ssl=1 3x, https:\/\/i0.wp.com\/soy.usac.edu.gt\/wp-content\/uploads\/2019\/05\/IMG_1696.jpg?resize=1400%2C800&ssl=1 4x"},"classes":[]},{"id":17186,"url":"https:\/\/soy.usac.edu.gt\/?p=17186","url_meta":{"origin":17164,"position":4},"title":"Muy pronto se realizar\u00e1 INFOUSAC","author":"Divisi\u00f3n de Publicidad","date":"29 abril, 2022","format":false,"excerpt":"Con el lema \u201cLa visi\u00f3n de tu futuro\u201d, la Semana Informativa brindar\u00e1 orientaci\u00f3n del 3 al 6 de mayo a quienes deseen ingresar a la USAC.","rel":"","context":"En \u00abNoticias\u00bb","block_context":{"text":"Noticias","link":"https:\/\/soy.usac.edu.gt\/?cat=29"},"img":{"alt_text":"","src":"https:\/\/i0.wp.com\/soy.usac.edu.gt\/wp-content\/uploads\/2022\/04\/WhatsApp-Image-2022-04-29-at-4.36.26-PM-4.jpeg?resize=350%2C200&ssl=1","width":350,"height":200,"srcset":"https:\/\/i0.wp.com\/soy.usac.edu.gt\/wp-content\/uploads\/2022\/04\/WhatsApp-Image-2022-04-29-at-4.36.26-PM-4.jpeg?resize=350%2C200&ssl=1 1x, https:\/\/i0.wp.com\/soy.usac.edu.gt\/wp-content\/uploads\/2022\/04\/WhatsApp-Image-2022-04-29-at-4.36.26-PM-4.jpeg?resize=525%2C300&ssl=1 1.5x, https:\/\/i0.wp.com\/soy.usac.edu.gt\/wp-content\/uploads\/2022\/04\/WhatsApp-Image-2022-04-29-at-4.36.26-PM-4.jpeg?resize=700%2C400&ssl=1 2x, https:\/\/i0.wp.com\/soy.usac.edu.gt\/wp-content\/uploads\/2022\/04\/WhatsApp-Image-2022-04-29-at-4.36.26-PM-4.jpeg?resize=1050%2C600&ssl=1 3x"},"classes":[]},{"id":18904,"url":"https:\/\/soy.usac.edu.gt\/?p=18904","url_meta":{"origin":17164,"position":5},"title":"USAC informa sobre las carreras que imparte","author":"Divisi\u00f3n de Publicidad","date":"3 noviembre, 2022","format":false,"excerpt":"Del 3 al 6 de noviembre, en el Club Deportivo Los Arcos, las personas interesadas podr\u00e1n obtener informaci\u00f3n sobre las facultades, escuelas, carreras y procesos de admisi\u00f3n de esta casa de estudios.","rel":"","context":"En \u00abEstudiantes\u00bb","block_context":{"text":"Estudiantes","link":"https:\/\/soy.usac.edu.gt\/?cat=585"},"img":{"alt_text":"","src":"https:\/\/i0.wp.com\/soy.usac.edu.gt\/wp-content\/uploads\/2022\/11\/WhatsApp-Image-2022-11-03-at-10.13.28.jpeg?resize=350%2C200&ssl=1","width":350,"height":200,"srcset":"https:\/\/i0.wp.com\/soy.usac.edu.gt\/wp-content\/uploads\/2022\/11\/WhatsApp-Image-2022-11-03-at-10.13.28.jpeg?resize=350%2C200&ssl=1 1x, https:\/\/i0.wp.com\/soy.usac.edu.gt\/wp-content\/uploads\/2022\/11\/WhatsApp-Image-2022-11-03-at-10.13.28.jpeg?resize=525%2C300&ssl=1 1.5x, https:\/\/i0.wp.com\/soy.usac.edu.gt\/wp-content\/uploads\/2022\/11\/WhatsApp-Image-2022-11-03-at-10.13.28.jpeg?resize=700%2C400&ssl=1 2x, https:\/\/i0.wp.com\/soy.usac.edu.gt\/wp-content\/uploads\/2022\/11\/WhatsApp-Image-2022-11-03-at-10.13.28.jpeg?resize=1050%2C600&ssl=1 3x, https:\/\/i0.wp.com\/soy.usac.edu.gt\/wp-content\/uploads\/2022\/11\/WhatsApp-Image-2022-11-03-at-10.13.28.jpeg?resize=1400%2C800&ssl=1 4x"},"classes":[]}],"jetpack_sharing_enabled":true,"_links":{"self":[{"href":"https:\/\/soy.usac.edu.gt\/index.php?rest_route=\/wp\/v2\/posts\/17164","targetHints":{"allow":["GET"]}}],"collection":[{"href":"https:\/\/soy.usac.edu.gt\/index.php?rest_route=\/wp\/v2\/posts"}],"about":[{"href":"https:\/\/soy.usac.edu.gt\/index.php?rest_route=\/wp\/v2\/types\/post"}],"author":[{"embeddable":true,"href":"https:\/\/soy.usac.edu.gt\/index.php?rest_route=\/wp\/v2\/users\/14"}],"replies":[{"embeddable":true,"href":"https:\/\/soy.usac.edu.gt\/index.php?rest_route=%2Fwp%2Fv2%2Fcomments&post=17164"}],"version-history":[{"count":4,"href":"https:\/\/soy.usac.edu.gt\/index.php?rest_route=\/wp\/v2\/posts\/17164\/revisions"}],"predecessor-version":[{"id":17170,"href":"https:\/\/soy.usac.edu.gt\/index.php?rest_route=\/wp\/v2\/posts\/17164\/revisions\/17170"}],"wp:featuredmedia":[{"embeddable":true,"href":"https:\/\/soy.usac.edu.gt\/index.php?rest_route=\/wp\/v2\/media\/17167"}],"wp:attachment":[{"href":"https:\/\/soy.usac.edu.gt\/index.php?rest_route=%2Fwp%2Fv2%2Fmedia&parent=17164"}],"wp:term":[{"taxonomy":"category","embeddable":true,"href":"https:\/\/soy.usac.edu.gt\/index.php?rest_route=%2Fwp%2Fv2%2Fcategories&post=17164"},{"taxonomy":"post_tag","embeddable":true,"href":"https:\/\/soy.usac.edu.gt\/index.php?rest_route=%2Fwp%2Fv2%2Ftags&post=17164"}],"curies":[{"name":"wp","href":"https:\/\/api.w.org\/{rel}","templated":true}]}}