{"id":17229,"date":"2022-04-29T17:41:55","date_gmt":"2022-04-29T23:41:55","guid":{"rendered":"https:\/\/soy.usac.edu.gt\/?p=17229"},"modified":"2022-07-20T12:35:17","modified_gmt":"2022-07-20T18:35:17","slug":"una-condicion-diferente-no-nos-define","status":"publish","type":"post","link":"https:\/\/soy.usac.edu.gt\/?p=17229","title":{"rendered":"\u201cUna condici\u00f3n diferente no nos define\u201d"},"content":{"rendered":"\n<h5 style=\"text-align: justify;\"><em><strong>Miss Wheelchair Guatemala es un certamen creado con el prop\u00f3sito de promover el empoderamiento de las mujeres con discapacidad motriz. Desde 2019 hasta la fecha la corona ha estado en manos de la sancarlista Mar\u00eda Gertrudis de Le\u00f3n Gavarrete.<\/strong><\/em><\/h5>\n<p style=\"text-align: justify;\"><strong>Fotos cortes\u00eda de la entrevistada<\/strong><\/p>\n<p style=\"text-align: justify;\"><span style=\"font-weight: 400;\">Cada ser humano tiene una historia que contar, en la que hay sue\u00f1os alcanzados o por alcanzar, momentos felices y otros no tanto; sin embargo, la perseverancia y la motivaci\u00f3n permiten superar los obst\u00e1culos. Este es el caso de Mar\u00eda Gertrudis de Le\u00f3n Gavarrete, una mujer con discapacidad motriz y usuaria de silla de ruedas desde hace 14 a\u00f1os, quien se gradu\u00f3 de publicista y actualmente estudia Ciencias de la Comunicaci\u00f3n en la USAC.<\/span><\/p>\n<p style=\"text-align: justify;\"><span style=\"font-weight: 400;\">Adem\u00e1s asistir\u00e1 el 29 de octubre al certamen Miss Wheelchair (Miss Silla de Ruedas) en Rosarito, Baja California, M\u00e9xico. El Peri\u00f3dico de la USAC entrevist\u00f3 a la actual ganadora para conocer sobre su vida y la participaci\u00f3n que tendr\u00e1 en el pr\u00f3ximo concurso, donde se disputar\u00e1 la corona internacional.<\/span><\/p>\n<p>\u00a0<\/p>\n<h4 style=\"text-align: justify;\"><strong>\u00bfC\u00f3mo nace el evento Miss Wheelchair Guatemala?<\/strong><\/h4>\n<p style=\"text-align: justify;\"><span style=\"font-weight: 400;\">Internacionalmente, el certamen fue creado con el prop\u00f3sito de cambiar la imagen que muchos tienen de las mujeres con discapacidad f\u00edsica.\u00a0<\/span><\/p>\n<p style=\"text-align: justify;\"><span style=\"font-weight: 400;\">En 2017 The Only One Foundation llev\u00f3 a cabo Miss Wheelchair World en Varsovia, Polonia.<\/span><\/p>\n<p style=\"text-align: justify;\"><span style=\"font-weight: 400;\">Pahola Solano, quien represent\u00f3 a Guatemala en la primera edici\u00f3n internacional en ese a\u00f1o, trajo el proyecto a nuestro pa\u00eds, con el objetivo de exaltar el talento y belleza de las mujeres con discapacidad que son usuarias de silla de ruedas, para contrarrestar la discriminaci\u00f3n en todos los \u00e1mbitos.<\/span><\/p>\n<p style=\"text-align: justify;\"><span style=\"font-weight: 400;\">Desde 2019 la corona que obtuve en el concurso nacional sigue en mi poder, si Dios lo permite la entregar\u00e9 hasta que hagan una nueva edici\u00f3n en Guatemala. Este a\u00f1o representar\u00e9 al pa\u00eds en el certamen internacional.<\/span><\/p>\n<p>\u00a0<\/p>\n<h4 style=\"text-align: justify;\"><strong>\u00bfQu\u00e9 te motiv\u00f3 a participar?<\/strong><\/h4>\n<p style=\"text-align: justify;\"><span style=\"font-weight: 400;\">El fervor y af\u00e1n de evidenciar el potencial, fortaleza y habilidades que las personas con discapacidad hemos desarrollado. Quiero empoderar a las mujeres y suprimir la exclusi\u00f3n social que tanto nos afecta.<\/span><\/p>\n<p>\u00a0<\/p>\n<h4 style=\"text-align: justify;\"><strong>Este concurso empodera a las mujeres con discapacidad, \u00bfcu\u00e1l ser\u00eda tu mensaje?<\/strong><\/h4>\n<p style=\"text-align: justify;\"><span style=\"font-weight: 400;\">\u00a1Atr\u00e9vanse a brillar m\u00e1s! Una condici\u00f3n diferente no nos define ni es determinante para nuestra identidad o capacidad, como algunas personas pudieran llegar a pensar. Somos humanas y podemos superar cualquier obst\u00e1culo si nos lo proponemos.<\/span><\/p>\n<p><img loading=\"lazy\" decoding=\"async\" class=\"aligncenter size-full wp-image-17239\" src=\"https:\/\/soy.usac.edu.gt\/wp-content\/uploads\/2022\/04\/3.png\" alt=\"\" width=\"1944\" height=\"1296\" \/><\/p>\n<h4 style=\"text-align: justify;\"><strong>\u00bfQu\u00e9 aspectos se toman en cuenta en Miss Wheelchair?<\/strong><\/h4>\n<p style=\"text-align: justify;\"><span style=\"font-weight: 400;\">Para participar solo debes ser mayor de edad, tener mucha actitud, visi\u00f3n y, por supuesto, estar atenta a las convocatorias que se publican en la p\u00e1gina de Miss <\/span><span style=\"font-weight: 400;\"><br \/><\/span><span style=\"font-weight: 400;\">Wheelchair Guatemala.<\/span><\/p>\n<p style=\"text-align: justify;\"><span style=\"font-weight: 400;\">En cuanto a la metodolog\u00eda, la admisi\u00f3n se realiza de acuerdo con la calificaci\u00f3n conferida por la junta directiva de la organizaci\u00f3n. Con respecto al evento, la ganadora del certamen es elegida por un jurado calificador con personajes de reconocida honorabilidad y conocimiento sobre los cert\u00e1menes de belleza y derechos de las personas con discapacidad, se asigna la nota de 0 a 5 puntos en los siguientes aspectos: f\u00edsico, gracia, actitud, confianza en s\u00ed misma, vestuario y movimiento en el escenario.<\/span><\/p>\n<p>\u00a0<\/p>\n<blockquote>\n<p><strong>\u201cEn mis tiempos libres contribuyo a desarrollar trabajos de incidencia social\u201d, Gertrudis de Le\u00f3n.<\/strong><\/p>\n<\/blockquote>\n<p>\u00a0<\/p>\n<h4 style=\"text-align: justify;\"><strong>\u00bfCu\u00e1les son tus logros m\u00e1s importantes?<\/strong><\/h4>\n<p style=\"text-align: justify;\"><span style=\"font-weight: 400;\">Desarrollarme acad\u00e9mica y profesionalmente en un pa\u00eds que no es inclusivo, sin duda, forma parte de los logros m\u00e1s importantes para m\u00ed. En diciembre de 2019, uno de mis mayores logros fue ser elegida como Miss Wheelchair Guatemala, que a su vez conlleva no solo la responsabilidad de ser la representante del m\u00e1s de un mill\u00f3n y medio de personas con discapacidad, sino tambi\u00e9n de todo nuestro pa\u00eds.<\/span><\/p>\n<p style=\"text-align: justify;\"><span style=\"font-weight: 400;\">El logro m\u00e1s grande ha sido sobrepasar expectativas y demostrarme constantemente que soy capaz de lograr lo que me propongo.<\/span><\/p>\n<p>\u00a0<\/p>\n<h4 style=\"text-align: justify;\"><strong>\u00bfC\u00f3mo podemos ayudar a tener una cultura de apoyo a las personas con discapacidad?<\/strong><\/h4>\n<p style=\"text-align: justify;\"><span style=\"font-weight: 400;\">Considero que la clave de todo radica en la empat\u00eda. Apropiarnos de esta es uno de los primeros pasos hacia la inclusi\u00f3n porque en cualquier \u00e1mbito permite conocer la vivencia que el otro tiene frente al mundo que nos rodea.<\/span><\/p>\n<p style=\"text-align: justify;\"><span style=\"font-weight: 400;\">Existen demasiadas barreras f\u00edsicas pero, sobre todo, actitudinales en la sociedad, que a su vez dificultan la accesibilidad y la inclusi\u00f3n. Si en nuestra cultura fueran menos ego\u00edstas, pensaran en los dem\u00e1s y vieran m\u00e1s all\u00e1 de lo evidente, para optar por el altruismo y excluir los prejuicios, sin duda alguna, la accesibilidad e inserci\u00f3n laboral ser\u00edan un buen punto de partida para avanzar de manera integral e indiscriminada.<\/span><\/p>\n<h4>\u00a0<\/h4>\n<h4 style=\"text-align: justify;\"><strong>H\u00e1blanos un poco sobre los derechos de la mujer con discapacidad<\/strong><\/h4>\n<p style=\"text-align: justify;\"><span style=\"font-weight: 400;\">Ser mujer y adem\u00e1s tener una discapacidad implica enfrentarte a una cantidad de dificultades que reducen la oportunidad de desarrollarte. La poblaci\u00f3n femenina es una de las m\u00e1s vulneradas, lamentablemente, parte de la sociedad nos da la espalda.<\/span><\/p>\n<p style=\"text-align: justify;\"><span style=\"font-weight: 400;\">Es indispensable empoderarnos y, como mujeres, unirnos para sanar y lograr una sociedad con igualdad y equidad de g\u00e9nero. El esfuerzo de pocos, como los activistas, sigue contribuyendo a cerrar las brechas de desigualdad.<\/span><\/p>\n<p>\u00a0<\/p>\n<h4 style=\"text-align: justify;\"><strong>Cu\u00e9ntanos tu experiencia de vida en una silla de ruedas y c\u00f3mo has superado los obst\u00e1culos<\/strong><\/h4>\n<p style=\"text-align: justify;\"><span style=\"font-weight: 400;\">Nac\u00ed con una discapacidad y soy usuaria de silla de ruedas desde hace 14 a\u00f1os. El camino no ha sido f\u00e1cil para m\u00ed ni para mi familia. En el contexto de educaci\u00f3n, infraestructura e inserci\u00f3n laboral existen muchas barreras, he vivido dificultades, como cualquier persona, pero al final creo que solo depende de ti sacar las fuerzas para sobrepasar los obst\u00e1culos que se presenten. Dios, mi voluntad, mi madre y por supuesto el apoyo y cari\u00f1o que recibo de muchos \u00e1ngeles que Dios ha puesto en mi camino me motivan a no darme por vencida.<\/span><\/p>\n<p>\u00a0<\/p>\n<h4 style=\"text-align: justify;\"><strong>\u00bfCu\u00e1les son tus planes a corto y mediano plazo?<\/strong><\/h4>\n<p style=\"text-align: justify;\"><span style=\"font-weight: 400;\">Soy una mujer de retos. A corto plazo, seguir\u00e9 prepar\u00e1ndome para representar dignamente a Guatemala en la segunda edici\u00f3n del certamen. A largo plazo, uno de mis mayores deseos es seguir promoviendo espacios de inclusi\u00f3n para que todos los guatemaltecos, sin excepci\u00f3n, tengan los mismos derechos de desarrollarse libre y plenamente en cualquier \u00e1mbito de la vida.<\/span><\/p>\n<p style=\"text-align: justify;\"><img loading=\"lazy\" decoding=\"async\" class=\"aligncenter size-full wp-image-17238\" src=\"https:\/\/soy.usac.edu.gt\/wp-content\/uploads\/2022\/04\/WhatsApp-Image-2022-04-29-at-4.36.26-PM-6-1.jpeg\" alt=\"\" width=\"853\" height=\"1280\" \/><\/p>\n<p style=\"text-align: justify;\"><br \/><br \/><br \/><\/p>\n","protected":false},"excerpt":{"rendered":"<p>Miss Wheelchair Guatemala es un certamen creado con el prop\u00f3sito de promover el empoderamiento de las mujeres con discapacidad motriz. Desde 2019 hasta la fecha la corona ha estado en manos de la sancarlista Mar\u00eda Gertrudis de Le\u00f3n Gavarrete.<\/p>\n","protected":false},"author":1,"featured_media":17237,"comment_status":"closed","ping_status":"open","sticky":false,"template":"","format":"standard","meta":{"_exactmetrics_skip_tracking":false,"_exactmetrics_sitenote_active":false,"_exactmetrics_sitenote_note":"","_exactmetrics_sitenote_category":0,"_jetpack_memberships_contains_paid_content":false,"footnotes":""},"categories":[585,1],"tags":[],"class_list":["post-17229","post","type-post","status-publish","format-standard","has-post-thumbnail","hentry","category-estudiantes","category-sin-categoria"],"aioseo_notices":[],"jetpack_featured_media_url":"https:\/\/soy.usac.edu.gt\/wp-content\/uploads\/2022\/04\/1.png","views":"","jetpack-related-posts":[{"id":21075,"url":"https:\/\/soy.usac.edu.gt\/?p=21075","url_meta":{"origin":17229,"position":0},"title":"La USAC presenta los \u00abCriterios T\u00e9cnicos para el Desarrollo de Espacios Universitarios Accesibles\u00bb con el apoyo de organizaciones clave en discapacidad","author":"Mario Aguilar","date":"15 noviembre, 2024","format":false,"excerpt":"La USAC presenta los \"Criterios T\u00e9cnicos para el Desarrollo de Espacios Universitarios Accesibles\" con el apoyo de organizaciones clave en discapacidad La Universidad de San Carlos de Guatemala (USAC) present\u00f3 oficialmente la gu\u00eda \"Criterios T\u00e9cnicos para el Desarrollo de Espacios Universitarios Accesibles\", un documento estrat\u00e9gico desarrollado con la colaboraci\u00f3n de\u2026","rel":"","context":"En \u00abActividades\u00bb","block_context":{"text":"Actividades","link":"https:\/\/soy.usac.edu.gt\/?cat=126"},"img":{"alt_text":"","src":"https:\/\/i0.wp.com\/soy.usac.edu.gt\/wp-content\/uploads\/2024\/11\/WhatsApp-Image-2024-11-15-at-1.03.47-PM-7.jpeg?resize=350%2C200&ssl=1","width":350,"height":200,"srcset":"https:\/\/i0.wp.com\/soy.usac.edu.gt\/wp-content\/uploads\/2024\/11\/WhatsApp-Image-2024-11-15-at-1.03.47-PM-7.jpeg?resize=350%2C200&ssl=1 1x, https:\/\/i0.wp.com\/soy.usac.edu.gt\/wp-content\/uploads\/2024\/11\/WhatsApp-Image-2024-11-15-at-1.03.47-PM-7.jpeg?resize=525%2C300&ssl=1 1.5x, https:\/\/i0.wp.com\/soy.usac.edu.gt\/wp-content\/uploads\/2024\/11\/WhatsApp-Image-2024-11-15-at-1.03.47-PM-7.jpeg?resize=700%2C400&ssl=1 2x, https:\/\/i0.wp.com\/soy.usac.edu.gt\/wp-content\/uploads\/2024\/11\/WhatsApp-Image-2024-11-15-at-1.03.47-PM-7.jpeg?resize=1050%2C600&ssl=1 3x, https:\/\/i0.wp.com\/soy.usac.edu.gt\/wp-content\/uploads\/2024\/11\/WhatsApp-Image-2024-11-15-at-1.03.47-PM-7.jpeg?resize=1400%2C800&ssl=1 4x"},"classes":[]},{"id":9797,"url":"https:\/\/soy.usac.edu.gt\/?p=9797","url_meta":{"origin":17229,"position":1},"title":"Inauguran sistema preventivo y de reducci\u00f3n de desastres","author":"Erick Iv\u00e1n de Le\u00f3n","date":"28 noviembre, 2019","format":false,"excerpt":"Autoridades de la Universidad de San Carlos de Guatemala (USAC) y del Centro de Estudios de Desarrollo Seguro y Desastres (CEDESYD) inauguraron el sistema de alarma inclusivo en un acto protocolario realizado en el vest\u00edbulo del edificio de Rector\u00eda, al que asistieron profesionales, trabajadores administrativos, estudiantes e invitados especiales.","rel":"","context":"En \u00abM\u00e1s Noticias\u00bb","block_context":{"text":"M\u00e1s Noticias","link":"https:\/\/soy.usac.edu.gt\/?cat=96"},"img":{"alt_text":"","src":"https:\/\/i0.wp.com\/soy.usac.edu.gt\/wp-content\/uploads\/2019\/11\/IMG_0786.jpeg?resize=350%2C200&ssl=1","width":350,"height":200,"srcset":"https:\/\/i0.wp.com\/soy.usac.edu.gt\/wp-content\/uploads\/2019\/11\/IMG_0786.jpeg?resize=350%2C200&ssl=1 1x, https:\/\/i0.wp.com\/soy.usac.edu.gt\/wp-content\/uploads\/2019\/11\/IMG_0786.jpeg?resize=525%2C300&ssl=1 1.5x, https:\/\/i0.wp.com\/soy.usac.edu.gt\/wp-content\/uploads\/2019\/11\/IMG_0786.jpeg?resize=700%2C400&ssl=1 2x, https:\/\/i0.wp.com\/soy.usac.edu.gt\/wp-content\/uploads\/2019\/11\/IMG_0786.jpeg?resize=1050%2C600&ssl=1 3x, https:\/\/i0.wp.com\/soy.usac.edu.gt\/wp-content\/uploads\/2019\/11\/IMG_0786.jpeg?resize=1400%2C800&ssl=1 4x"},"classes":[]},{"id":18004,"url":"https:\/\/soy.usac.edu.gt\/?p=18004","url_meta":{"origin":17229,"position":2},"title":"USAC y Comit\u00e9 Pro Ciegos y Sordos de Guatemala promover\u00e1n la inclusi\u00f3n de personas con discapacidad en la educaci\u00f3n superior","author":"Divisi\u00f3n de Publicidad","date":"19 agosto, 2022","format":false,"excerpt":"Mediante la firma de un convenio se establecieron las bases para desarrollar estrategias de apoyo a personas con discapacidad para que accedan a esta casa de estudios.","rel":"","context":"En \u00abNoticias\u00bb","block_context":{"text":"Noticias","link":"https:\/\/soy.usac.edu.gt\/?cat=29"},"img":{"alt_text":"","src":"https:\/\/i0.wp.com\/soy.usac.edu.gt\/wp-content\/uploads\/2022\/08\/WhatsApp-Image-2022-08-19-at-3.17.33-PM-3-1.jpeg?resize=350%2C200&ssl=1","width":350,"height":200,"srcset":"https:\/\/i0.wp.com\/soy.usac.edu.gt\/wp-content\/uploads\/2022\/08\/WhatsApp-Image-2022-08-19-at-3.17.33-PM-3-1.jpeg?resize=350%2C200&ssl=1 1x, https:\/\/i0.wp.com\/soy.usac.edu.gt\/wp-content\/uploads\/2022\/08\/WhatsApp-Image-2022-08-19-at-3.17.33-PM-3-1.jpeg?resize=525%2C300&ssl=1 1.5x, https:\/\/i0.wp.com\/soy.usac.edu.gt\/wp-content\/uploads\/2022\/08\/WhatsApp-Image-2022-08-19-at-3.17.33-PM-3-1.jpeg?resize=700%2C400&ssl=1 2x, https:\/\/i0.wp.com\/soy.usac.edu.gt\/wp-content\/uploads\/2022\/08\/WhatsApp-Image-2022-08-19-at-3.17.33-PM-3-1.jpeg?resize=1050%2C600&ssl=1 3x, https:\/\/i0.wp.com\/soy.usac.edu.gt\/wp-content\/uploads\/2022\/08\/WhatsApp-Image-2022-08-19-at-3.17.33-PM-3-1.jpeg?resize=1400%2C800&ssl=1 4x"},"classes":[]},{"id":21582,"url":"https:\/\/soy.usac.edu.gt\/?p=21582","url_meta":{"origin":17229,"position":3},"title":"Facultad de Ciencias Econ\u00f3micas fortalece sus espacios","author":"Divisi\u00f3n de Publicidad","date":"23 junio, 2025","format":false,"excerpt":"Con nuevo mobiliario y equipo Gracias al respaldo de la Administraci\u00f3n Central y al liderazgo del se\u00f1or rector M.A. Walter Mazariegos, la Facultad de Ciencias Econ\u00f3micas de la Universidad de San Carlos de Guatemala recibi\u00f3 una entrega significativa de mobiliario y equipo que mejorar\u00e1 las condiciones para la formaci\u00f3n acad\u00e9mica\u2026","rel":"","context":"En \u00abEstudiantes\u00bb","block_context":{"text":"Estudiantes","link":"https:\/\/soy.usac.edu.gt\/?cat=585"},"img":{"alt_text":"","src":"https:\/\/i0.wp.com\/soy.usac.edu.gt\/wp-content\/uploads\/2025\/06\/DPI07836-1.jpg?resize=350%2C200&ssl=1","width":350,"height":200,"srcset":"https:\/\/i0.wp.com\/soy.usac.edu.gt\/wp-content\/uploads\/2025\/06\/DPI07836-1.jpg?resize=350%2C200&ssl=1 1x, https:\/\/i0.wp.com\/soy.usac.edu.gt\/wp-content\/uploads\/2025\/06\/DPI07836-1.jpg?resize=525%2C300&ssl=1 1.5x, https:\/\/i0.wp.com\/soy.usac.edu.gt\/wp-content\/uploads\/2025\/06\/DPI07836-1.jpg?resize=700%2C400&ssl=1 2x, https:\/\/i0.wp.com\/soy.usac.edu.gt\/wp-content\/uploads\/2025\/06\/DPI07836-1.jpg?resize=1050%2C600&ssl=1 3x, https:\/\/i0.wp.com\/soy.usac.edu.gt\/wp-content\/uploads\/2025\/06\/DPI07836-1.jpg?resize=1400%2C800&ssl=1 4x"},"classes":[]},{"id":17373,"url":"https:\/\/soy.usac.edu.gt\/?p=17373","url_meta":{"origin":17229,"position":4},"title":"USAC y el Comit\u00e9 Pro Ciegos y Sordos grad\u00faan a la primera promoci\u00f3n de interpretaci\u00f3n en lengua de se\u00f1as","author":"Divisi\u00f3n de Publicidad","date":"27 mayo, 2022","format":false,"excerpt":"La primera cohorte ser\u00e1 de gran ayuda para que el pa\u00eds sea m\u00e1s inclusivo para las personas con discapacidad auditiva.","rel":"","context":"En \u00abCiencia y Tecnolog\u00eda\u00bb","block_context":{"text":"Ciencia y Tecnolog\u00eda","link":"https:\/\/soy.usac.edu.gt\/?cat=122"},"img":{"alt_text":"","src":"https:\/\/i0.wp.com\/soy.usac.edu.gt\/wp-content\/uploads\/2018\/10\/capacitaci%C3%B3n-lenguaje-de-se%C3%B1as-2.jpg?resize=350%2C200&ssl=1","width":350,"height":200,"srcset":"https:\/\/i0.wp.com\/soy.usac.edu.gt\/wp-content\/uploads\/2018\/10\/capacitaci%C3%B3n-lenguaje-de-se%C3%B1as-2.jpg?resize=350%2C200&ssl=1 1x, https:\/\/i0.wp.com\/soy.usac.edu.gt\/wp-content\/uploads\/2018\/10\/capacitaci%C3%B3n-lenguaje-de-se%C3%B1as-2.jpg?resize=525%2C300&ssl=1 1.5x, https:\/\/i0.wp.com\/soy.usac.edu.gt\/wp-content\/uploads\/2018\/10\/capacitaci%C3%B3n-lenguaje-de-se%C3%B1as-2.jpg?resize=700%2C400&ssl=1 2x, https:\/\/i0.wp.com\/soy.usac.edu.gt\/wp-content\/uploads\/2018\/10\/capacitaci%C3%B3n-lenguaje-de-se%C3%B1as-2.jpg?resize=1050%2C600&ssl=1 3x, https:\/\/i0.wp.com\/soy.usac.edu.gt\/wp-content\/uploads\/2018\/10\/capacitaci%C3%B3n-lenguaje-de-se%C3%B1as-2.jpg?resize=1400%2C800&ssl=1 4x"},"classes":[]},{"id":2170,"url":"https:\/\/soy.usac.edu.gt\/?p=2170","url_meta":{"origin":17229,"position":5},"title":"\u00a1Por una USAC inclusiva!","author":"Divisi\u00f3n de Publicidad","date":"11 agosto, 2018","format":false,"excerpt":"Las Pol\u00edticas de Atenci\u00f3n a las Personas con Discapacidad, en la Universidad de San Carlos de Guatemala, constituyen un marco institucional orientado a dirigir las acciones prioritarias que deben tomar las unidades acad\u00e9micas y administrativas para la inclusi\u00f3n efectiva de las personas con discapacidad en la educaci\u00f3n superior. En relaci\u00f3n\u2026","rel":"","context":"En \u00abNoticias\u00bb","block_context":{"text":"Noticias","link":"https:\/\/soy.usac.edu.gt\/?cat=29"},"img":{"alt_text":"","src":"https:\/\/i0.wp.com\/soy.usac.edu.gt\/wp-content\/uploads\/2018\/08\/foto-discapacidad.jpg?resize=350%2C200&ssl=1","width":350,"height":200,"srcset":"https:\/\/i0.wp.com\/soy.usac.edu.gt\/wp-content\/uploads\/2018\/08\/foto-discapacidad.jpg?resize=350%2C200&ssl=1 1x, https:\/\/i0.wp.com\/soy.usac.edu.gt\/wp-content\/uploads\/2018\/08\/foto-discapacidad.jpg?resize=525%2C300&ssl=1 1.5x, https:\/\/i0.wp.com\/soy.usac.edu.gt\/wp-content\/uploads\/2018\/08\/foto-discapacidad.jpg?resize=700%2C400&ssl=1 2x"},"classes":[]}],"jetpack_sharing_enabled":true,"_links":{"self":[{"href":"https:\/\/soy.usac.edu.gt\/index.php?rest_route=\/wp\/v2\/posts\/17229","targetHints":{"allow":["GET"]}}],"collection":[{"href":"https:\/\/soy.usac.edu.gt\/index.php?rest_route=\/wp\/v2\/posts"}],"about":[{"href":"https:\/\/soy.usac.edu.gt\/index.php?rest_route=\/wp\/v2\/types\/post"}],"author":[{"embeddable":true,"href":"https:\/\/soy.usac.edu.gt\/index.php?rest_route=\/wp\/v2\/users\/1"}],"replies":[{"embeddable":true,"href":"https:\/\/soy.usac.edu.gt\/index.php?rest_route=%2Fwp%2Fv2%2Fcomments&post=17229"}],"version-history":[{"count":5,"href":"https:\/\/soy.usac.edu.gt\/index.php?rest_route=\/wp\/v2\/posts\/17229\/revisions"}],"predecessor-version":[{"id":17241,"href":"https:\/\/soy.usac.edu.gt\/index.php?rest_route=\/wp\/v2\/posts\/17229\/revisions\/17241"}],"wp:featuredmedia":[{"embeddable":true,"href":"https:\/\/soy.usac.edu.gt\/index.php?rest_route=\/wp\/v2\/media\/17237"}],"wp:attachment":[{"href":"https:\/\/soy.usac.edu.gt\/index.php?rest_route=%2Fwp%2Fv2%2Fmedia&parent=17229"}],"wp:term":[{"taxonomy":"category","embeddable":true,"href":"https:\/\/soy.usac.edu.gt\/index.php?rest_route=%2Fwp%2Fv2%2Fcategories&post=17229"},{"taxonomy":"post_tag","embeddable":true,"href":"https:\/\/soy.usac.edu.gt\/index.php?rest_route=%2Fwp%2Fv2%2Ftags&post=17229"}],"curies":[{"name":"wp","href":"https:\/\/api.w.org\/{rel}","templated":true}]}}