{"id":17299,"date":"2022-05-12T13:57:49","date_gmt":"2022-05-12T19:57:49","guid":{"rendered":"https:\/\/soy.usac.edu.gt\/?p=17299"},"modified":"2022-05-12T14:39:35","modified_gmt":"2022-05-12T20:39:35","slug":"el-origen-de-la-hepatitis-aguda-grave-en-ninos-reportada-mundialmente-aun-es-de-origen-desconocido","status":"publish","type":"post","link":"https:\/\/soy.usac.edu.gt\/?p=17299","title":{"rendered":"El origen de la hepatitis aguda grave en ni\u00f1os reportada mundialmente a\u00fan es de origen desconocido"},"content":{"rendered":"\n<p style=\"text-align: justify;\"><strong><em>La enfermedad es un misterio que ha empezado a alarmar no solo a la comunidad m\u00e9dica sino a la poblaci\u00f3n mundial. Hasta ahora en Guatemala solo hay un caso que se encuentra en estudio.<\/em><\/strong><\/p>\n<p style=\"text-align: justify;\">Fotos cortes\u00eda LNS<\/p>\n<p style=\"text-align: justify;\">Un informe de la Organizaci\u00f3n Panamericana de la Salud (OPS) de fecha 3 de mayo de 2022 ha reportado casos en 20 pa\u00edses. La mayor\u00eda se encuentra en Reino Unido, el primer pa\u00eds en dar el anuncio. En Am\u00e9rica se registraron casos en Estados Unidos y los pa\u00edses de la regi\u00f3n, quienes est\u00e1n monitoreando la situaci\u00f3n.<\/p>\n<p style=\"text-align: justify;\">El informe del 25 al 29 de abril de la OPS estableci\u00f3 que, por primera vez, el 5 de abril de 2022, el Centro Nacional de Enlace para el Reglamento Sanitario Internacional de Reino Unido alert\u00f3 sobre 10 casos de hepatitis aguda grave de causa desconocida en ni\u00f1os peque\u00f1os previamente sanos en Escocia. Hasta la fecha se han notificado 348 casos probables en 21 pa\u00edses, incluyendo 26 ni\u00f1os que requirieron trasplante hep\u00e1tico, y 15 pa\u00edses han informado de 5 o menos casos.<\/p>\n<p style=\"text-align: justify;\">\u00a0<\/p>\n<h4 style=\"text-align: justify;\"><strong>En Guatemala<\/strong><\/h4>\n<p style=\"text-align: justify;\">El pasado 10 de mayo el Ministerio de Salud y Asistencia Social, por medio de un comunicado, inform\u00f3 que existe un posible caso de hepatitis aguda en estudio. Se est\u00e1 a la espera de los resultados por parte del Laboratorio Nacional de Salud (LNS). El comunicado recomienda: \u201cEstar atentos a s\u00edntomas que puedan presentar, especialmente ni\u00f1os, tales como: diarrea o v\u00f3mitos y principalmente si hay se\u00f1ales de ictericia, que es la coloraci\u00f3n amarilla de los ojos y la piel, de ser as\u00ed se debe buscar inmediatamente atenci\u00f3n m\u00e9dica\u201d.\u00a0<\/p>\n<p style=\"text-align: justify;\">Al consultar al jefe de Laboratorio Nacional de Salud, Lic. C\u00e9sar Roberto Conde, explic\u00f3: \u201cEn Guatemala, por el momento, hay un solo caso que est\u00e1 en estudio, a\u00fan no se tiene la conclusi\u00f3n, este evento se encuentra en investigaci\u00f3n\u201d.<\/p>\n<p style=\"text-align: justify;\">Explica que la enfermedad ha afectado principalmente a pacientes menores de edad, de 1 mes a 16 a\u00f1os. En una alta proporci\u00f3n de los casos se ha detectado la presencia del adenovirus tipo 41, que es una causa com\u00fan de gastroenteritis aguda pedi\u00e1trica; t\u00edpicamente se presenta con diarrea, fiebre y v\u00f3mitos. Hab\u00edan sido reportados algunos casos de hepatitis por adenovirus en ni\u00f1os inmunosuprimidos (con sistema inmune d\u00e9bil), pero hasta ahora no hay evidencia cient\u00edfica de que el adenovirus tipo 41 cause hepatitis en ni\u00f1os sanos.<\/p>\n<p style=\"text-align: justify;\">\u201cActualmente el trabajo del Laboratorio Nacional con respecto a la enfermedad es procesar las muestras que se obtengan de investigaciones de casos de hepatitis aguda grave. En su papel de vigilante epidemiol\u00f3gico, realizar\u00e1 un panel de pruebas para descartar otros agentes infecciosos, como hepatitis A, B y C, fiebre amarilla, leptospirosis, malaria, dengue y adenovirus\u201d, a\u00f1adi\u00f3.<\/p>\n<p style=\"text-align: justify;\">Seg\u00fan expone Conde, este panel se reportar\u00e1 al m\u00e9dico tratante en el transcurso de 48 horas despu\u00e9s del ingreso y registro en el Laboratorio Nacional de Salud. \u201cSe informar\u00e1 a las autoridades de salud p\u00fablica para la confirmaci\u00f3n o descarte de cualquier caso\u201d, afirma.<\/p>\n<p style=\"text-align: justify;\">Para prevenir la enfermedad, recomienda seguir medidas b\u00e1sicas de higiene como el lavado de manos, cubrirse al toser o estornudar; esto previene la transmisi\u00f3n del adenovirus.<\/p>\n<p>\u00a0<\/p>\n<figure id=\"attachment_17301\" aria-describedby=\"caption-attachment-17301\" style=\"width: 1024px\" class=\"wp-caption aligncenter\"><img loading=\"lazy\" decoding=\"async\" class=\"wp-image-17301 size-full\" src=\"https:\/\/soy.usac.edu.gt\/wp-content\/uploads\/2022\/05\/WhatsApp-Image-2022-05-12-at-12.36.43-PM.jpeg\" alt=\"\" width=\"1024\" height=\"683\" \/><figcaption id=\"caption-attachment-17301\" class=\"wp-caption-text\">Licenciado C\u00e9sar Roberto Conde Pereira, Jefe del Laboratorio Nacional de Salud.<\/figcaption><\/figure>\n<p style=\"text-align: justify;\">\u00a0<\/p>\n<h5 style=\"text-align: justify;\"><strong>\u00bfPor qu\u00e9 el brote de hepatitis en ni\u00f1os es considerado inusual? <\/strong><\/h5>\n<p style=\"text-align: justify;\">El evento es investigado por la OMS, hasta el momento indican que las pruebas de laboratorio excluyen que sean casos de hepatitis virales conocidas. En muchas ocasiones se constat\u00f3 una infecci\u00f3n por adenovirus en los ni\u00f1os y el v\u00ednculo entre estos dos se investiga como una de las hip\u00f3tesis sobre las causas subyacentes, explica la organizaci\u00f3n en su sitio web oficial.<\/p>\n<p style=\"text-align: justify;\">El adenovirus es un virus com\u00fan que puede causar s\u00edntomas respiratorios o v\u00f3mitos y diarrea. En general, la infecci\u00f3n tiene una duraci\u00f3n limitada y no evoluciona a cuadros preocupantes, aunque se han registrado casos raros de infecciones graves por adenovirus que han causado hepatitis en pacientes inmunosuprimidos o personas sometidas a trasplantes. Sin embargo, los ni\u00f1os con hepatitis aguda grave \u00faltimamente no responden a esta descripci\u00f3n, pues previamente estaban saludables.<\/p>\n<p style=\"text-align: justify;\">\u00a0<\/p>\n<p style=\"text-align: justify;\">\u00a0<\/p>\n<p style=\"text-align: justify;\">\u00a0<\/p>\n<p style=\"text-align: justify;\">\u00a0<\/p>\n","protected":false},"excerpt":{"rendered":"<p>La enfermedad es un misterio que ha empezado a alarmar no solo a la comunidad m\u00e9dica sino a la poblaci\u00f3n mundial. Hasta ahora en Guatemala solo hay un caso que se encuentra en estudio.<\/p>\n","protected":false},"author":1,"featured_media":17302,"comment_status":"closed","ping_status":"open","sticky":false,"template":"","format":"standard","meta":{"_exactmetrics_skip_tracking":false,"_exactmetrics_sitenote_active":false,"_exactmetrics_sitenote_note":"","_exactmetrics_sitenote_category":0,"_jetpack_memberships_contains_paid_content":false,"footnotes":""},"categories":[122,29],"tags":[335],"class_list":["post-17299","post","type-post","status-publish","format-standard","has-post-thumbnail","hentry","category-ciencia-y-tecnologia","category-noticias","tag-salud"],"aioseo_notices":[],"jetpack_featured_media_url":"https:\/\/soy.usac.edu.gt\/wp-content\/uploads\/2022\/05\/WhatsApp-Image-2022-05-12-at-12.36.44-PM.jpeg","views":"","jetpack-related-posts":[{"id":22697,"url":"https:\/\/soy.usac.edu.gt\/?p=22697","url_meta":{"origin":17299,"position":0},"title":"Academia y comunidad se unen por entornos m\u00e1s saludables","author":"Divisi\u00f3n de Publicidad","date":"19 febrero, 2026","format":false,"excerpt":"Con el firme compromiso de vincular el conocimiento acad\u00e9mico con las necesidades reales de la poblaci\u00f3n, en la Facultad de Humanidades se desarroll\u00f3 el lanzamiento de la Estrategia de Vivienda Saludable, una iniciativa orientada a fortalecer la calidad de vida desde un enfoque integral y comunitario. En el acto estuvieron\u2026","rel":"","context":"En \u00abActividades\u00bb","block_context":{"text":"Actividades","link":"https:\/\/soy.usac.edu.gt\/?cat=126"},"img":{"alt_text":"","src":"https:\/\/i0.wp.com\/soy.usac.edu.gt\/wp-content\/uploads\/2026\/03\/WhatsApp-Image-2026-03-03-at-12.30.45-PM.jpeg?resize=350%2C200&ssl=1","width":350,"height":200,"srcset":"https:\/\/i0.wp.com\/soy.usac.edu.gt\/wp-content\/uploads\/2026\/03\/WhatsApp-Image-2026-03-03-at-12.30.45-PM.jpeg?resize=350%2C200&ssl=1 1x, https:\/\/i0.wp.com\/soy.usac.edu.gt\/wp-content\/uploads\/2026\/03\/WhatsApp-Image-2026-03-03-at-12.30.45-PM.jpeg?resize=525%2C300&ssl=1 1.5x, https:\/\/i0.wp.com\/soy.usac.edu.gt\/wp-content\/uploads\/2026\/03\/WhatsApp-Image-2026-03-03-at-12.30.45-PM.jpeg?resize=700%2C400&ssl=1 2x, https:\/\/i0.wp.com\/soy.usac.edu.gt\/wp-content\/uploads\/2026\/03\/WhatsApp-Image-2026-03-03-at-12.30.45-PM.jpeg?resize=1050%2C600&ssl=1 3x, https:\/\/i0.wp.com\/soy.usac.edu.gt\/wp-content\/uploads\/2026\/03\/WhatsApp-Image-2026-03-03-at-12.30.45-PM.jpeg?resize=1400%2C800&ssl=1 4x"},"classes":[]},{"id":22131,"url":"https:\/\/soy.usac.edu.gt\/?p=22131","url_meta":{"origin":17299,"position":1},"title":"Congreso Internacional de \u00c9tica en la Investigaci\u00f3n \u2013 USAC 2025","author":"Divisi\u00f3n de Publicidad","date":"3 octubre, 2025","format":false,"excerpt":"El Aula Magna IGL\u00da de la Universidad de San Carlos de Guatemala se convirti\u00f3 en el punto de encuentro para reflexionar sobre los retos y oportunidades de la \u00e9tica en la investigaci\u00f3n. La USAC fue protagonista con la participaci\u00f3n de la Dra. Alice Burgos Paniagua, Directora General de Investigaci\u00f3n, quien\u2026","rel":"","context":"En \u00abCiencia y Tecnolog\u00eda\u00bb","block_context":{"text":"Ciencia y Tecnolog\u00eda","link":"https:\/\/soy.usac.edu.gt\/?cat=122"},"img":{"alt_text":"","src":"https:\/\/i0.wp.com\/soy.usac.edu.gt\/wp-content\/uploads\/2025\/10\/IMG_5688.jpg?resize=350%2C200&ssl=1","width":350,"height":200,"srcset":"https:\/\/i0.wp.com\/soy.usac.edu.gt\/wp-content\/uploads\/2025\/10\/IMG_5688.jpg?resize=350%2C200&ssl=1 1x, https:\/\/i0.wp.com\/soy.usac.edu.gt\/wp-content\/uploads\/2025\/10\/IMG_5688.jpg?resize=525%2C300&ssl=1 1.5x, https:\/\/i0.wp.com\/soy.usac.edu.gt\/wp-content\/uploads\/2025\/10\/IMG_5688.jpg?resize=700%2C400&ssl=1 2x, https:\/\/i0.wp.com\/soy.usac.edu.gt\/wp-content\/uploads\/2025\/10\/IMG_5688.jpg?resize=1050%2C600&ssl=1 3x"},"classes":[]},{"id":14983,"url":"https:\/\/soy.usac.edu.gt\/?p=14983","url_meta":{"origin":17299,"position":2},"title":"Estudio revela el impacto de la pandemia en la salud mental del personal m\u00e9dico","author":"Divisi\u00f3n de Publicidad","date":"18 agosto, 2021","format":false,"excerpt":"Mediante una encuesta pudieron evaluarse los cambios en la salud mental de quienes atienden casos de la enfermedad COVID-19.","rel":"","context":"En \u00abNoticias\u00bb","block_context":{"text":"Noticias","link":"https:\/\/soy.usac.edu.gt\/?cat=29"},"img":{"alt_text":"","src":"https:\/\/i0.wp.com\/soy.usac.edu.gt\/wp-content\/uploads\/2021\/08\/1.jpeg?resize=350%2C200&ssl=1","width":350,"height":200,"srcset":"https:\/\/i0.wp.com\/soy.usac.edu.gt\/wp-content\/uploads\/2021\/08\/1.jpeg?resize=350%2C200&ssl=1 1x, https:\/\/i0.wp.com\/soy.usac.edu.gt\/wp-content\/uploads\/2021\/08\/1.jpeg?resize=525%2C300&ssl=1 1.5x, https:\/\/i0.wp.com\/soy.usac.edu.gt\/wp-content\/uploads\/2021\/08\/1.jpeg?resize=700%2C400&ssl=1 2x, https:\/\/i0.wp.com\/soy.usac.edu.gt\/wp-content\/uploads\/2021\/08\/1.jpeg?resize=1050%2C600&ssl=1 3x"},"classes":[]},{"id":16148,"url":"https:\/\/soy.usac.edu.gt\/?p=16148","url_meta":{"origin":17299,"position":3},"title":"As\u00ed se gesta la violencia","author":"Divisi\u00f3n de Publicidad","date":"23 noviembre, 2021","format":false,"excerpt":"Iniciando el an\u00e1lisis de la prevenci\u00f3n y erradicaci\u00f3n de la violencia contra las mujeres desde el sector salud, se puede mencionar un hito beneficioso que se convirti\u00f3 en una obligaci\u00f3n para los Estados miembros de la Organizaci\u00f3n Mundial de la Salud (OMS) y la Organizaci\u00f3n Panamericana de la Salud (OPS).","rel":"","context":"En \u00abNoticias\u00bb","block_context":{"text":"Noticias","link":"https:\/\/soy.usac.edu.gt\/?cat=29"},"img":{"alt_text":"","src":"https:\/\/i0.wp.com\/soy.usac.edu.gt\/wp-content\/uploads\/2021\/11\/WhatsApp-Image-2021-11-19-at-12.36.39.jpeg?resize=350%2C200&ssl=1","width":350,"height":200,"srcset":"https:\/\/i0.wp.com\/soy.usac.edu.gt\/wp-content\/uploads\/2021\/11\/WhatsApp-Image-2021-11-19-at-12.36.39.jpeg?resize=350%2C200&ssl=1 1x, https:\/\/i0.wp.com\/soy.usac.edu.gt\/wp-content\/uploads\/2021\/11\/WhatsApp-Image-2021-11-19-at-12.36.39.jpeg?resize=525%2C300&ssl=1 1.5x, https:\/\/i0.wp.com\/soy.usac.edu.gt\/wp-content\/uploads\/2021\/11\/WhatsApp-Image-2021-11-19-at-12.36.39.jpeg?resize=700%2C400&ssl=1 2x, https:\/\/i0.wp.com\/soy.usac.edu.gt\/wp-content\/uploads\/2021\/11\/WhatsApp-Image-2021-11-19-at-12.36.39.jpeg?resize=1050%2C600&ssl=1 3x"},"classes":[]},{"id":11358,"url":"https:\/\/soy.usac.edu.gt\/?p=11358","url_meta":{"origin":17299,"position":4},"title":"CSU recomienda ampliaci\u00f3n de toque de queda y cuarentena general","author":"Divisi\u00f3n de Publicidad","date":"12 abril, 2020","format":false,"excerpt":"Ante el aumento de casos activos de COVID-19 en el territorio de Guatemala y el pr\u00f3ximo vencimiento de las medidas de distanciamiento social decretadas por el Organismo Ejecutivo,","rel":"","context":"En \u00abNoticias\u00bb","block_context":{"text":"Noticias","link":"https:\/\/soy.usac.edu.gt\/?cat=29"},"img":{"alt_text":"","src":"","width":0,"height":0},"classes":[]},{"id":3951,"url":"https:\/\/soy.usac.edu.gt\/?p=3951","url_meta":{"origin":17299,"position":5},"title":"Advierten sobre enfermedad vinculada al consumo y crianza de cerdos","author":"Divisi\u00f3n de Publicidad","date":"9 febrero, 2019","format":false,"excerpt":"El complejo teniasis\/cisticercosis es una enfermedad tropical desatendida por el Ministerio de Salud, solo en 2018 se reportaron 45 casos en el pa\u00eds. La Facultad de Medicina Veterinaria y Zootecnia (FMVZ) realiz\u00f3 un seminario cient\u00edfico para divulgar un proyecto de investigaci\u00f3n que la USAC trabajar\u00e1 junto a Ross University sobre\u2026","rel":"","context":"En \u00abCiencia y Tecnolog\u00eda\u00bb","block_context":{"text":"Ciencia y Tecnolog\u00eda","link":"https:\/\/soy.usac.edu.gt\/?cat=122"},"img":{"alt_text":"","src":"https:\/\/i0.wp.com\/soy.usac.edu.gt\/wp-content\/uploads\/2019\/02\/WhatsApp-Image-2019-02-09-at-14.27.17.jpeg?resize=350%2C200&ssl=1","width":350,"height":200,"srcset":"https:\/\/i0.wp.com\/soy.usac.edu.gt\/wp-content\/uploads\/2019\/02\/WhatsApp-Image-2019-02-09-at-14.27.17.jpeg?resize=350%2C200&ssl=1 1x, https:\/\/i0.wp.com\/soy.usac.edu.gt\/wp-content\/uploads\/2019\/02\/WhatsApp-Image-2019-02-09-at-14.27.17.jpeg?resize=525%2C300&ssl=1 1.5x, https:\/\/i0.wp.com\/soy.usac.edu.gt\/wp-content\/uploads\/2019\/02\/WhatsApp-Image-2019-02-09-at-14.27.17.jpeg?resize=700%2C400&ssl=1 2x, https:\/\/i0.wp.com\/soy.usac.edu.gt\/wp-content\/uploads\/2019\/02\/WhatsApp-Image-2019-02-09-at-14.27.17.jpeg?resize=1050%2C600&ssl=1 3x"},"classes":[]}],"jetpack_sharing_enabled":true,"_links":{"self":[{"href":"https:\/\/soy.usac.edu.gt\/index.php?rest_route=\/wp\/v2\/posts\/17299","targetHints":{"allow":["GET"]}}],"collection":[{"href":"https:\/\/soy.usac.edu.gt\/index.php?rest_route=\/wp\/v2\/posts"}],"about":[{"href":"https:\/\/soy.usac.edu.gt\/index.php?rest_route=\/wp\/v2\/types\/post"}],"author":[{"embeddable":true,"href":"https:\/\/soy.usac.edu.gt\/index.php?rest_route=\/wp\/v2\/users\/1"}],"replies":[{"embeddable":true,"href":"https:\/\/soy.usac.edu.gt\/index.php?rest_route=%2Fwp%2Fv2%2Fcomments&post=17299"}],"version-history":[{"count":4,"href":"https:\/\/soy.usac.edu.gt\/index.php?rest_route=\/wp\/v2\/posts\/17299\/revisions"}],"predecessor-version":[{"id":17306,"href":"https:\/\/soy.usac.edu.gt\/index.php?rest_route=\/wp\/v2\/posts\/17299\/revisions\/17306"}],"wp:featuredmedia":[{"embeddable":true,"href":"https:\/\/soy.usac.edu.gt\/index.php?rest_route=\/wp\/v2\/media\/17302"}],"wp:attachment":[{"href":"https:\/\/soy.usac.edu.gt\/index.php?rest_route=%2Fwp%2Fv2%2Fmedia&parent=17299"}],"wp:term":[{"taxonomy":"category","embeddable":true,"href":"https:\/\/soy.usac.edu.gt\/index.php?rest_route=%2Fwp%2Fv2%2Fcategories&post=17299"},{"taxonomy":"post_tag","embeddable":true,"href":"https:\/\/soy.usac.edu.gt\/index.php?rest_route=%2Fwp%2Fv2%2Ftags&post=17299"}],"curies":[{"name":"wp","href":"https:\/\/api.w.org\/{rel}","templated":true}]}}