{"id":17789,"date":"2022-07-27T11:25:01","date_gmt":"2022-07-27T17:25:01","guid":{"rendered":"https:\/\/soy.usac.edu.gt\/?p=17789"},"modified":"2022-07-27T11:25:02","modified_gmt":"2022-07-27T17:25:02","slug":"necesitas-estudiar-para-las-pruebas-basicas","status":"publish","type":"post","link":"https:\/\/soy.usac.edu.gt\/?p=17789","title":{"rendered":"\u00bfNecesitas estudiar para las Pruebas B\u00e1sicas? \u00a0"},"content":{"rendered":"\n<p style=\"text-align: justify;\"><strong><em>El Programa Acad\u00e9mico Preparatorio (PAP) de la universidad te permite obtener formaci\u00f3n para estas evaluaciones. <\/em><\/strong><\/p>\n<p style=\"text-align: justify;\"><em>\u00a0<\/em>El PAP es la alternativa oficial de la USAC para nivelar tus conocimientos de Lenguaje, Matem\u00e1tica, F\u00edsica, Qu\u00edmica y Biolog\u00eda. Los cursos son impartidos en modalidad virtual y duran un semestre. El \u00fanico requisito de inscripci\u00f3n es contar con los resultados de la Prueba de Orientaci\u00f3n Vocacional y pagar los cursos que requieras.<\/p>\n<p style=\"text-align: justify;\">Si al finalizar los cursos, apruebas los ex\u00e1menes que se efect\u00faan, ya no es necesario realizar las Pruebas B\u00e1sicas, un requisito importante en el proceso de ingreso a la universidad.\u00a0 Las inscripciones estar\u00e1n habilitadas hasta el 5 de agosto de 2022.<\/p>\n<p style=\"text-align: justify;\">\u00a0<\/p>\n<h4 style=\"text-align: justify;\"><strong>Jornadas disponibles:<\/strong><\/h4>\n<p style=\"text-align: justify;\">\u00a0\u00a0\u00a0\u00a0\u00a0\u00a0 Matutina: de 7:00 a 14:00 horas.<\/p>\n<p style=\"text-align: justify;\">\u00a0\u00a0\u00a0\u00a0\u00a0\u00a0 Vespertina-nocturna: de 16:00 a 20:00 horas.<\/p>\n<p style=\"text-align: justify;\">\u00a0\u00a0\u00a0\u00a0\u00a0\u00a0 Sabatina: de 7:00 a 12:00 y de 13:00 a 18:00 horas.<\/p>\n<p style=\"text-align: justify;\">\u00a0<\/p>\n<h4 style=\"text-align: justify;\"><strong>Toma en cuenta:<\/strong><\/h4>\n<ul style=\"text-align: justify;\">\n<li>Qu\u00edmica no se encuentra disponible en la jornada vespertina-nocturna del plan diario.<\/li>\n<li>En las jornadas matutina y vespertina-nocturna, los cursos se imparten una hora diaria dentro de la jornada que elijas.<\/li>\n<li>En la jornada sabatina solo podr\u00e1s inscribirte en dos cursos, los cuales tendr\u00e1n una duraci\u00f3n de cinco horas cada uno.<\/li>\n<li>La habilitaci\u00f3n de cursos y horarios se realiza si hay una cantidad m\u00ednima de estudiantes.<\/li>\n<\/ul>\n<p style=\"text-align: justify;\">\u00a0<\/p>\n<h4><strong>Pago \u00fanico<\/strong><\/h4>\n<p style=\"text-align: justify;\">De 1 a 2 cursos: Q 350.00\u00a0\u00a0\u00a0\u00a0\u00a0<\/p>\n<p style=\"text-align: justify;\">De 3 a 5 cursos: Q 500.00<\/p>\n<p style=\"text-align: justify;\">\u00a0<\/p>\n<ul style=\"text-align: justify;\">\n<li>Inscripci\u00f3n extempor\u00e1nea en l\u00ednea: hasta el 5 de agosto de 2022 a las 15:30 horas<\/li>\n<\/ul>\n<p style=\"text-align: justify;\">\u00a0<\/p>\n<h4 style=\"text-align: justify;\"><strong>\u00bfC\u00f3mo inscribirse?<\/strong><\/h4>\n<ul style=\"text-align: justify;\">\n<li><strong>PASO 1 <\/strong><\/li>\n<\/ul>\n<p style=\"text-align: justify;\"><strong>Selecciona los cursos y genera la boleta de pago<\/strong><\/p>\n<p style=\"text-align: justify;\">Ingresa en<strong> <a href=\"https:\/\/sunenlinea.usac.edu.gt\/saar\/\">https:\/\/sunenlinea.usac.edu.gt\/saar\/<\/a> <\/strong>y elige la opci\u00f3n \u201cCrear cuenta\u201d, proporciona los datos que se te solicitan, elige la opci\u00f3n \u201cIniciar sesi\u00f3n\u201d. En el men\u00fa \u201cPAP\u201d accede a la opci\u00f3n \u201cAsignaci\u00f3n de cursos\u201d, selecciona los que te asignar\u00e1s y da clic en \u201cGenerar boleta de pago\u201d.<\/p>\n<p style=\"text-align: justify;\">Revisa bien tus datos personales y materias seleccionadas, ya que no se realizar\u00e1n cambios ni devoluciones.<\/p>\n<p style=\"text-align: justify;\">\u00a0<\/p>\n<ul style=\"text-align: justify;\">\n<li><strong>PASO 2 <\/strong><\/li>\n<\/ul>\n<p style=\"text-align: justify;\"><strong>Efect\u00faa el pago de la boleta<\/strong><\/p>\n<p style=\"text-align: justify;\">Con la boleta generada, efect\u00faa el pago en G&amp;T Continental, BANRURAL o BANTRAB.<\/p>\n<p style=\"text-align: justify;\">\u00a0<\/p>\n<ul style=\"text-align: justify;\">\n<li><strong>PASO 3 <\/strong><\/li>\n<\/ul>\n<p style=\"text-align: justify;\"><strong>As\u00edgnate los cursos y horarios<\/strong><\/p>\n<p style=\"text-align: justify;\">Despu\u00e9s de realizar el pago, vuelve a ingresar en <strong><a href=\"https:\/\/sunenlinea.usac.edu.gt\/saar\/\">https:\/\/sunenlinea.usac.edu.gt\/saar\/<\/a> <\/strong>e inicia sesi\u00f3n; posteriormente, elige el men\u00fa \u201cPAP\u201d, opci\u00f3n \u201cAsignaci\u00f3n de cursos\u201d.\u00a0<\/p>\n<p style=\"text-align: justify;\">\u00a0<\/p>\n<p style=\"text-align: justify;\">Selecciona el horario de los cursos que pagaste, luego da clic en el bot\u00f3n \u201cAsignar\u201d. Si todo es correcto, se desplegar\u00e1 la constancia de inscripci\u00f3n.<\/p>\n<p style=\"text-align: justify;\">Revisa bien tus datos personales, jornada y horario seleccionados, ya que no se realizar\u00e1 ning\u00fan cambio.<\/p>\n<p style=\"text-align: justify;\">\u00a0<\/p>\n<ul style=\"text-align: justify;\">\n<li><strong>PASO 4 <\/strong><\/li>\n<\/ul>\n<p style=\"text-align: justify;\"><strong>Env\u00eda tu papeler\u00eda<\/strong><\/p>\n<p style=\"text-align: justify;\">Ingresa en el enlace del formulario que aparece en la constancia de inscripci\u00f3n, llena los datos y env\u00eda los documentos que all\u00ed se solicitan.<\/p>\n<ul style=\"text-align: justify;\">\n<li><strong>PASO 5 <\/strong><\/li>\n<\/ul>\n<p style=\"text-align: justify;\"><strong>Genera la constancia de cursos asignados<\/strong><\/p>\n<p style=\"text-align: justify;\">Ingresa en la p\u00e1gina https:\/\/sunenlinea.usac.edu.gt\/saar\/; en el men\u00fa \u201cPAP\u201d, elige la opci\u00f3n \u201cCursos asignados\u201d, se desplegar\u00e1 la fecha en que podr\u00e1s generar la constancia de cursos asignados con la informaci\u00f3n de docente y enlace virtual de clases.<\/p>\n<p style=\"text-align: justify;\"><strong><em>\u00a0<\/em><\/strong><\/p>\n<h4 style=\"text-align: justify;\"><strong>Nota importante<\/strong><\/h4>\n<p style=\"text-align: justify;\">Debes cumplir todos los pasos descritos en el procedimiento, en caso de no hacerlo, tu inscripci\u00f3n quedar\u00e1 sin efecto.<\/p>\n<p>\u00a0<\/p>\n\n\n\n<hr class=\"wp-block-separator\"\/>\n","protected":false},"excerpt":{"rendered":"<p>El Programa Acad\u00e9mico Preparatorio (PAP) de la universidad te permite obtener formaci\u00f3n para estas evaluaciones.<\/p>\n","protected":false},"author":1,"featured_media":17794,"comment_status":"closed","ping_status":"open","sticky":false,"template":"","format":"standard","meta":{"_exactmetrics_skip_tracking":false,"_exactmetrics_sitenote_active":false,"_exactmetrics_sitenote_note":"","_exactmetrics_sitenote_category":0,"_jetpack_memberships_contains_paid_content":false,"footnotes":""},"categories":[29],"tags":[],"class_list":["post-17789","post","type-post","status-publish","format-standard","has-post-thumbnail","hentry","category-noticias"],"aioseo_notices":[],"jetpack_featured_media_url":"https:\/\/soy.usac.edu.gt\/wp-content\/uploads\/2022\/07\/IMG_8067.jpg","views":"","jetpack-related-posts":[{"id":10227,"url":"https:\/\/soy.usac.edu.gt\/?p=10227","url_meta":{"origin":17789,"position":0},"title":"Ingresa a la USAC a trav\u00e9s del PAP","author":"Divisi\u00f3n de Publicidad","date":"11 enero, 2020","format":false,"excerpt":"Del 17 al 20 de enero ser\u00e1n las inscripciones del Programa Acad\u00e9mico Preparatorio (PAP), el cual ayuda a ganar las Pruebas B\u00e1sicas.\u00a0","rel":"","context":"En \u00abEstudiantes\u00bb","block_context":{"text":"Estudiantes","link":"https:\/\/soy.usac.edu.gt\/?cat=585"},"img":{"alt_text":"","src":"https:\/\/i0.wp.com\/soy.usac.edu.gt\/wp-content\/uploads\/2020\/01\/no-2.jpg?resize=350%2C200&ssl=1","width":350,"height":200,"srcset":"https:\/\/i0.wp.com\/soy.usac.edu.gt\/wp-content\/uploads\/2020\/01\/no-2.jpg?resize=350%2C200&ssl=1 1x, https:\/\/i0.wp.com\/soy.usac.edu.gt\/wp-content\/uploads\/2020\/01\/no-2.jpg?resize=525%2C300&ssl=1 1.5x, https:\/\/i0.wp.com\/soy.usac.edu.gt\/wp-content\/uploads\/2020\/01\/no-2.jpg?resize=700%2C400&ssl=1 2x, https:\/\/i0.wp.com\/soy.usac.edu.gt\/wp-content\/uploads\/2020\/01\/no-2.jpg?resize=1050%2C600&ssl=1 3x, https:\/\/i0.wp.com\/soy.usac.edu.gt\/wp-content\/uploads\/2020\/01\/no-2.jpg?resize=1400%2C800&ssl=1 4x"},"classes":[]},{"id":3864,"url":"https:\/\/soy.usac.edu.gt\/?p=3864","url_meta":{"origin":17789,"position":1},"title":"PAP: una oportunidad m\u00e1s para ingresar a la U","author":"Divisi\u00f3n de Publicidad","date":"5 febrero, 2019","format":false,"excerpt":"Si aspiras a ser estudiante sancarlista y no lograste ganar las pruebas de conocimientos b\u00e1sicos, esta informaci\u00f3n te ser\u00e1 \u00fatil. Si hasta el momento no has ganado las pruebas de conocimientos b\u00e1sicos \u2014un requisito para poder ingresar a la Universidad de San Carlos\u2014, a\u00fan existe otra posibilidad: el Programa Acad\u00e9mico\u2026","rel":"","context":"En \u00abNoticias\u00bb","block_context":{"text":"Noticias","link":"https:\/\/soy.usac.edu.gt\/?cat=29"},"img":{"alt_text":"","src":"https:\/\/i0.wp.com\/soy.usac.edu.gt\/wp-content\/uploads\/2019\/02\/1.jpg?resize=350%2C200&ssl=1","width":350,"height":200,"srcset":"https:\/\/i0.wp.com\/soy.usac.edu.gt\/wp-content\/uploads\/2019\/02\/1.jpg?resize=350%2C200&ssl=1 1x, https:\/\/i0.wp.com\/soy.usac.edu.gt\/wp-content\/uploads\/2019\/02\/1.jpg?resize=525%2C300&ssl=1 1.5x, https:\/\/i0.wp.com\/soy.usac.edu.gt\/wp-content\/uploads\/2019\/02\/1.jpg?resize=700%2C400&ssl=1 2x, https:\/\/i0.wp.com\/soy.usac.edu.gt\/wp-content\/uploads\/2019\/02\/1.jpg?resize=1050%2C600&ssl=1 3x, https:\/\/i0.wp.com\/soy.usac.edu.gt\/wp-content\/uploads\/2019\/02\/1.jpg?resize=1400%2C800&ssl=1 4x"},"classes":[]},{"id":4447,"url":"https:\/\/soy.usac.edu.gt\/?p=4447","url_meta":{"origin":17789,"position":2},"title":"Alertan sobre cobros ilegales","author":"Divisi\u00f3n de Publicidad","date":"5 marzo, 2019","format":false,"excerpt":"El Consejo Superior Universitario (CSU) alerta a los aspirantes a ingresar a esta casa de estudios sobre cobros ilegales.","rel":"","context":"En \u00abNoticias\u00bb","block_context":{"text":"Noticias","link":"https:\/\/soy.usac.edu.gt\/?cat=29"},"img":{"alt_text":"","src":"https:\/\/i0.wp.com\/soy.usac.edu.gt\/wp-content\/uploads\/2019\/03\/2.jpg?resize=350%2C200&ssl=1","width":350,"height":200,"srcset":"https:\/\/i0.wp.com\/soy.usac.edu.gt\/wp-content\/uploads\/2019\/03\/2.jpg?resize=350%2C200&ssl=1 1x, https:\/\/i0.wp.com\/soy.usac.edu.gt\/wp-content\/uploads\/2019\/03\/2.jpg?resize=525%2C300&ssl=1 1.5x, https:\/\/i0.wp.com\/soy.usac.edu.gt\/wp-content\/uploads\/2019\/03\/2.jpg?resize=700%2C400&ssl=1 2x, https:\/\/i0.wp.com\/soy.usac.edu.gt\/wp-content\/uploads\/2019\/03\/2.jpg?resize=1050%2C600&ssl=1 3x, https:\/\/i0.wp.com\/soy.usac.edu.gt\/wp-content\/uploads\/2019\/03\/2.jpg?resize=1400%2C800&ssl=1 4x"},"classes":[]},{"id":6011,"url":"https:\/\/soy.usac.edu.gt\/?p=6011","url_meta":{"origin":17789,"position":3},"title":"Este es el calendario de las Pruebas B\u00e1sicas 2019","author":"Divisi\u00f3n de Publicidad","date":"14 mayo, 2019","format":false,"excerpt":"A partir de junio los aspirantes podr\u00e1n realizarse las pruebas de conocimientos b\u00e1sicos.","rel":"","context":"En \u00abNoticias\u00bb","block_context":{"text":"Noticias","link":"https:\/\/soy.usac.edu.gt\/?cat=29"},"img":{"alt_text":"","src":"https:\/\/i0.wp.com\/soy.usac.edu.gt\/wp-content\/uploads\/2019\/05\/CSC_0023.jpg?resize=350%2C200&ssl=1","width":350,"height":200,"srcset":"https:\/\/i0.wp.com\/soy.usac.edu.gt\/wp-content\/uploads\/2019\/05\/CSC_0023.jpg?resize=350%2C200&ssl=1 1x, https:\/\/i0.wp.com\/soy.usac.edu.gt\/wp-content\/uploads\/2019\/05\/CSC_0023.jpg?resize=525%2C300&ssl=1 1.5x, https:\/\/i0.wp.com\/soy.usac.edu.gt\/wp-content\/uploads\/2019\/05\/CSC_0023.jpg?resize=700%2C400&ssl=1 2x, https:\/\/i0.wp.com\/soy.usac.edu.gt\/wp-content\/uploads\/2019\/05\/CSC_0023.jpg?resize=1050%2C600&ssl=1 3x, https:\/\/i0.wp.com\/soy.usac.edu.gt\/wp-content\/uploads\/2019\/05\/CSC_0023.jpg?resize=1400%2C800&ssl=1 4x"},"classes":[]},{"id":5180,"url":"https:\/\/soy.usac.edu.gt\/?p=5180","url_meta":{"origin":17789,"position":4},"title":"Aspirantes a ingresar a la USAC reciben gu\u00edas actualizadas","author":"Edwin Medina","date":"22 marzo, 2019","format":false,"excerpt":"Hoy se present\u00f3 oficialmente un libro preparatorio de Lenguaje, realizado por el doctor honoris causa Mario Roberto Morales.","rel":"","context":"En \u00abM\u00e1s Noticias\u00bb","block_context":{"text":"M\u00e1s Noticias","link":"https:\/\/soy.usac.edu.gt\/?cat=96"},"img":{"alt_text":"","src":"https:\/\/i0.wp.com\/soy.usac.edu.gt\/wp-content\/uploads\/2019\/03\/PORTADA-3.jpg?resize=350%2C200&ssl=1","width":350,"height":200,"srcset":"https:\/\/i0.wp.com\/soy.usac.edu.gt\/wp-content\/uploads\/2019\/03\/PORTADA-3.jpg?resize=350%2C200&ssl=1 1x, https:\/\/i0.wp.com\/soy.usac.edu.gt\/wp-content\/uploads\/2019\/03\/PORTADA-3.jpg?resize=525%2C300&ssl=1 1.5x, https:\/\/i0.wp.com\/soy.usac.edu.gt\/wp-content\/uploads\/2019\/03\/PORTADA-3.jpg?resize=700%2C400&ssl=1 2x, https:\/\/i0.wp.com\/soy.usac.edu.gt\/wp-content\/uploads\/2019\/03\/PORTADA-3.jpg?resize=1050%2C600&ssl=1 3x, https:\/\/i0.wp.com\/soy.usac.edu.gt\/wp-content\/uploads\/2019\/03\/PORTADA-3.jpg?resize=1400%2C800&ssl=1 4x"},"classes":[]},{"id":17186,"url":"https:\/\/soy.usac.edu.gt\/?p=17186","url_meta":{"origin":17789,"position":5},"title":"Muy pronto se realizar\u00e1 INFOUSAC","author":"Divisi\u00f3n de Publicidad","date":"29 abril, 2022","format":false,"excerpt":"Con el lema \u201cLa visi\u00f3n de tu futuro\u201d, la Semana Informativa brindar\u00e1 orientaci\u00f3n del 3 al 6 de mayo a quienes deseen ingresar a la USAC.","rel":"","context":"En \u00abNoticias\u00bb","block_context":{"text":"Noticias","link":"https:\/\/soy.usac.edu.gt\/?cat=29"},"img":{"alt_text":"","src":"https:\/\/i0.wp.com\/soy.usac.edu.gt\/wp-content\/uploads\/2022\/04\/WhatsApp-Image-2022-04-29-at-4.36.26-PM-4.jpeg?resize=350%2C200&ssl=1","width":350,"height":200,"srcset":"https:\/\/i0.wp.com\/soy.usac.edu.gt\/wp-content\/uploads\/2022\/04\/WhatsApp-Image-2022-04-29-at-4.36.26-PM-4.jpeg?resize=350%2C200&ssl=1 1x, https:\/\/i0.wp.com\/soy.usac.edu.gt\/wp-content\/uploads\/2022\/04\/WhatsApp-Image-2022-04-29-at-4.36.26-PM-4.jpeg?resize=525%2C300&ssl=1 1.5x, https:\/\/i0.wp.com\/soy.usac.edu.gt\/wp-content\/uploads\/2022\/04\/WhatsApp-Image-2022-04-29-at-4.36.26-PM-4.jpeg?resize=700%2C400&ssl=1 2x, https:\/\/i0.wp.com\/soy.usac.edu.gt\/wp-content\/uploads\/2022\/04\/WhatsApp-Image-2022-04-29-at-4.36.26-PM-4.jpeg?resize=1050%2C600&ssl=1 3x"},"classes":[]}],"jetpack_sharing_enabled":true,"_links":{"self":[{"href":"https:\/\/soy.usac.edu.gt\/index.php?rest_route=\/wp\/v2\/posts\/17789","targetHints":{"allow":["GET"]}}],"collection":[{"href":"https:\/\/soy.usac.edu.gt\/index.php?rest_route=\/wp\/v2\/posts"}],"about":[{"href":"https:\/\/soy.usac.edu.gt\/index.php?rest_route=\/wp\/v2\/types\/post"}],"author":[{"embeddable":true,"href":"https:\/\/soy.usac.edu.gt\/index.php?rest_route=\/wp\/v2\/users\/1"}],"replies":[{"embeddable":true,"href":"https:\/\/soy.usac.edu.gt\/index.php?rest_route=%2Fwp%2Fv2%2Fcomments&post=17789"}],"version-history":[{"count":5,"href":"https:\/\/soy.usac.edu.gt\/index.php?rest_route=\/wp\/v2\/posts\/17789\/revisions"}],"predecessor-version":[{"id":17796,"href":"https:\/\/soy.usac.edu.gt\/index.php?rest_route=\/wp\/v2\/posts\/17789\/revisions\/17796"}],"wp:featuredmedia":[{"embeddable":true,"href":"https:\/\/soy.usac.edu.gt\/index.php?rest_route=\/wp\/v2\/media\/17794"}],"wp:attachment":[{"href":"https:\/\/soy.usac.edu.gt\/index.php?rest_route=%2Fwp%2Fv2%2Fmedia&parent=17789"}],"wp:term":[{"taxonomy":"category","embeddable":true,"href":"https:\/\/soy.usac.edu.gt\/index.php?rest_route=%2Fwp%2Fv2%2Fcategories&post=17789"},{"taxonomy":"post_tag","embeddable":true,"href":"https:\/\/soy.usac.edu.gt\/index.php?rest_route=%2Fwp%2Fv2%2Ftags&post=17789"}],"curies":[{"name":"wp","href":"https:\/\/api.w.org\/{rel}","templated":true}]}}