{"id":17819,"date":"2022-08-01T15:56:18","date_gmt":"2022-08-01T21:56:18","guid":{"rendered":"https:\/\/soy.usac.edu.gt\/?p=17819"},"modified":"2022-08-01T15:56:19","modified_gmt":"2022-08-01T21:56:19","slug":"comision-de-dialogo-busca-acercamiento-con-estudiantes-video","status":"publish","type":"post","link":"https:\/\/soy.usac.edu.gt\/?p=17819","title":{"rendered":"Comisi\u00f3n de di\u00e1logo busca acercamiento con estudiantes (Video)"},"content":{"rendered":"\n<p><b>El CSU, a trav\u00e9s de la Comisi\u00f3n de Di\u00e1logo, exhorta a la instalaci\u00f3n de una mesa, para lograr consensos, que permitan la entrega de las instalaciones universitarias. #SoyUSAC<\/b><\/p>\n<p><div class=\"jetpack-video-wrapper\"><iframe loading=\"lazy\" title=\"Buscan instalar mesa de di\u00e1logo\" width=\"640\" height=\"360\" src=\"https:\/\/www.youtube.com\/embed\/UGb6mNzdc4E?feature=oembed\" frameborder=\"0\" allow=\"accelerometer; autoplay; clipboard-write; encrypted-media; gyroscope; picture-in-picture; web-share\" referrerpolicy=\"strict-origin-when-cross-origin\" allowfullscreen><\/iframe><\/div><\/p>\n<p>\u00a0<\/p>\n","protected":false},"excerpt":{"rendered":"<p>El CSU, a trav\u00e9s de la Comisi\u00f3n de Di\u00e1logo, exhorta a la instalaci\u00f3n de una mesa, para lograr consensos, que permitan la entrega de las instalaciones universitarias.<\/p>\n","protected":false},"author":1,"featured_media":17810,"comment_status":"closed","ping_status":"open","sticky":false,"template":"","format":"standard","meta":{"_exactmetrics_skip_tracking":false,"_exactmetrics_sitenote_active":false,"_exactmetrics_sitenote_note":"","_exactmetrics_sitenote_category":0,"_jetpack_memberships_contains_paid_content":false,"footnotes":""},"categories":[31],"tags":[],"class_list":["post-17819","post","type-post","status-publish","format-standard","has-post-thumbnail","hentry","category-videos"],"aioseo_notices":[],"jetpack_featured_media_url":"https:\/\/soy.usac.edu.gt\/wp-content\/uploads\/2022\/08\/WhatsApp-Image-2022-08-01-at-3.39.09-PM-1.jpeg","views":"","jetpack-related-posts":[{"id":7901,"url":"https:\/\/soy.usac.edu.gt\/?p=7901","url_meta":{"origin":17819,"position":0},"title":"Avanza di\u00e1logo para la apertura de la universidad","author":"Edwin Medina","date":"8 agosto, 2019","format":false,"excerpt":"Ayer la Comisi\u00f3n de Di\u00e1logo del Consejo Superior Universitario (CSU) se reuni\u00f3 con los representantes del Colectivo Estudiantil Universitario (CEU) con el prop\u00f3sito de lograr consensos que permitan reactivar las actividades en las instalaciones universitarias, en una jornada que inici\u00f3 a las 9 a. m.","rel":"","context":"En \u00abNoticias\u00bb","block_context":{"text":"Noticias","link":"https:\/\/soy.usac.edu.gt\/?cat=29"},"img":{"alt_text":"","src":"https:\/\/i0.wp.com\/soy.usac.edu.gt\/wp-content\/uploads\/2018\/07\/rector%C3%ADa.jpg?resize=350%2C200&ssl=1","width":350,"height":200,"srcset":"https:\/\/i0.wp.com\/soy.usac.edu.gt\/wp-content\/uploads\/2018\/07\/rector%C3%ADa.jpg?resize=350%2C200&ssl=1 1x, https:\/\/i0.wp.com\/soy.usac.edu.gt\/wp-content\/uploads\/2018\/07\/rector%C3%ADa.jpg?resize=525%2C300&ssl=1 1.5x, https:\/\/i0.wp.com\/soy.usac.edu.gt\/wp-content\/uploads\/2018\/07\/rector%C3%ADa.jpg?resize=700%2C400&ssl=1 2x"},"classes":[]},{"id":17807,"url":"https:\/\/soy.usac.edu.gt\/?p=17807","url_meta":{"origin":17819,"position":1},"title":"Buscan instalar mesa de di\u00e1logo","author":"Divisi\u00f3n de Publicidad","date":"1 agosto, 2022","format":false,"excerpt":"El Consejo Superior Universitario (CSU) nombr\u00f3 a una Comisi\u00f3n de Di\u00e1logo que tiene como prop\u00f3sito recuperar las instalaciones universitarias.","rel":"","context":"En \u00abSin categor\u00eda\u00bb","block_context":{"text":"Sin categor\u00eda","link":"https:\/\/soy.usac.edu.gt\/?cat=1"},"img":{"alt_text":"","src":"https:\/\/i0.wp.com\/soy.usac.edu.gt\/wp-content\/uploads\/2022\/08\/WhatsApp-Image-2022-08-01-at-3.39.09-PM.jpeg?resize=350%2C200&ssl=1","width":350,"height":200,"srcset":"https:\/\/i0.wp.com\/soy.usac.edu.gt\/wp-content\/uploads\/2022\/08\/WhatsApp-Image-2022-08-01-at-3.39.09-PM.jpeg?resize=350%2C200&ssl=1 1x, https:\/\/i0.wp.com\/soy.usac.edu.gt\/wp-content\/uploads\/2022\/08\/WhatsApp-Image-2022-08-01-at-3.39.09-PM.jpeg?resize=525%2C300&ssl=1 1.5x, https:\/\/i0.wp.com\/soy.usac.edu.gt\/wp-content\/uploads\/2022\/08\/WhatsApp-Image-2022-08-01-at-3.39.09-PM.jpeg?resize=700%2C400&ssl=1 2x, https:\/\/i0.wp.com\/soy.usac.edu.gt\/wp-content\/uploads\/2022\/08\/WhatsApp-Image-2022-08-01-at-3.39.09-PM.jpeg?resize=1050%2C600&ssl=1 3x, https:\/\/i0.wp.com\/soy.usac.edu.gt\/wp-content\/uploads\/2022\/08\/WhatsApp-Image-2022-08-01-at-3.39.09-PM.jpeg?resize=1400%2C800&ssl=1 4x"},"classes":[]},{"id":18129,"url":"https:\/\/soy.usac.edu.gt\/?p=18129","url_meta":{"origin":17819,"position":2},"title":"Hacen esfuerzos para iniciar el di\u00e1logo","author":"Divisi\u00f3n de Publicidad","date":"26 agosto, 2022","format":false,"excerpt":"Desde el 1 de agosto los estudiantes contin\u00faan sin nombrar a sus representantes.\u00a0","rel":"","context":"En \u00abNoticias\u00bb","block_context":{"text":"Noticias","link":"https:\/\/soy.usac.edu.gt\/?cat=29"},"img":{"alt_text":"","src":"https:\/\/i0.wp.com\/soy.usac.edu.gt\/wp-content\/uploads\/2022\/08\/WhatsApp-Image-2022-08-26-at-5.15.11-PM.jpeg?resize=350%2C200&ssl=1","width":350,"height":200,"srcset":"https:\/\/i0.wp.com\/soy.usac.edu.gt\/wp-content\/uploads\/2022\/08\/WhatsApp-Image-2022-08-26-at-5.15.11-PM.jpeg?resize=350%2C200&ssl=1 1x, https:\/\/i0.wp.com\/soy.usac.edu.gt\/wp-content\/uploads\/2022\/08\/WhatsApp-Image-2022-08-26-at-5.15.11-PM.jpeg?resize=525%2C300&ssl=1 1.5x, https:\/\/i0.wp.com\/soy.usac.edu.gt\/wp-content\/uploads\/2022\/08\/WhatsApp-Image-2022-08-26-at-5.15.11-PM.jpeg?resize=700%2C400&ssl=1 2x, https:\/\/i0.wp.com\/soy.usac.edu.gt\/wp-content\/uploads\/2022\/08\/WhatsApp-Image-2022-08-26-at-5.15.11-PM.jpeg?resize=1050%2C600&ssl=1 3x"},"classes":[]},{"id":12542,"url":"https:\/\/soy.usac.edu.gt\/?p=12542","url_meta":{"origin":17819,"position":3},"title":"Estudiantes abandonan mesa de di\u00e1logo","author":"Divisi\u00f3n de Publicidad","date":"14 octubre, 2020","format":false,"excerpt":"Luego de un mes de negociaciones y que el CSU cumpliera sus exigencias, los estudiantes mantienen medidas de hecho y se retiran de la mesa de di\u00e1logo.","rel":"","context":"En \u00abEstudiantes\u00bb","block_context":{"text":"Estudiantes","link":"https:\/\/soy.usac.edu.gt\/?cat=585"},"img":{"alt_text":"","src":"https:\/\/i0.wp.com\/soy.usac.edu.gt\/wp-content\/uploads\/2020\/10\/MESA-DE-DIA%CC%81LOGO-ROMPEN-DESTACADA.jpg?resize=350%2C200&ssl=1","width":350,"height":200,"srcset":"https:\/\/i0.wp.com\/soy.usac.edu.gt\/wp-content\/uploads\/2020\/10\/MESA-DE-DIA%CC%81LOGO-ROMPEN-DESTACADA.jpg?resize=350%2C200&ssl=1 1x, https:\/\/i0.wp.com\/soy.usac.edu.gt\/wp-content\/uploads\/2020\/10\/MESA-DE-DIA%CC%81LOGO-ROMPEN-DESTACADA.jpg?resize=525%2C300&ssl=1 1.5x, https:\/\/i0.wp.com\/soy.usac.edu.gt\/wp-content\/uploads\/2020\/10\/MESA-DE-DIA%CC%81LOGO-ROMPEN-DESTACADA.jpg?resize=700%2C400&ssl=1 2x"},"classes":[]},{"id":8000,"url":"https:\/\/soy.usac.edu.gt\/?p=8000","url_meta":{"origin":17819,"position":4},"title":"CSU buscar\u00e1 hoy la entrega de las instalaciones de la USAC","author":"Divisi\u00f3n de Publicidad","date":"27 agosto, 2019","format":false,"excerpt":"A trav\u00e9s del di\u00e1logo, el Consejo Superior Universitario (CSU) buscar\u00e1 la entrega de las instalaciones de la universidad hoy a las cuatro de la tarde.","rel":"","context":"En \u00abNoticias\u00bb","block_context":{"text":"Noticias","link":"https:\/\/soy.usac.edu.gt\/?cat=29"},"img":{"alt_text":"","src":"https:\/\/i0.wp.com\/soy.usac.edu.gt\/wp-content\/uploads\/2019\/08\/WhatsApp-Image-2019-08-27-at-13.50.41.jpeg?resize=350%2C200&ssl=1","width":350,"height":200,"srcset":"https:\/\/i0.wp.com\/soy.usac.edu.gt\/wp-content\/uploads\/2019\/08\/WhatsApp-Image-2019-08-27-at-13.50.41.jpeg?resize=350%2C200&ssl=1 1x, https:\/\/i0.wp.com\/soy.usac.edu.gt\/wp-content\/uploads\/2019\/08\/WhatsApp-Image-2019-08-27-at-13.50.41.jpeg?resize=525%2C300&ssl=1 1.5x, https:\/\/i0.wp.com\/soy.usac.edu.gt\/wp-content\/uploads\/2019\/08\/WhatsApp-Image-2019-08-27-at-13.50.41.jpeg?resize=700%2C400&ssl=1 2x, https:\/\/i0.wp.com\/soy.usac.edu.gt\/wp-content\/uploads\/2019\/08\/WhatsApp-Image-2019-08-27-at-13.50.41.jpeg?resize=1050%2C600&ssl=1 3x"},"classes":[]},{"id":12406,"url":"https:\/\/soy.usac.edu.gt\/?p=12406","url_meta":{"origin":17819,"position":5},"title":"CSU se pronuncia ante los \u00faltimos sucesos","author":"Divisi\u00f3n de Publicidad","date":"18 septiembre, 2020","format":false,"excerpt":"Conclusiones alcanzadas del di\u00e1logo establecido","rel":"","context":"En \u00abNoticias\u00bb","block_context":{"text":"Noticias","link":"https:\/\/soy.usac.edu.gt\/?cat=29"},"img":{"alt_text":"","src":"https:\/\/i0.wp.com\/soy.usac.edu.gt\/wp-content\/uploads\/2020\/09\/boleti%CC%81n-informativo.jpg?resize=350%2C200&ssl=1","width":350,"height":200,"srcset":"https:\/\/i0.wp.com\/soy.usac.edu.gt\/wp-content\/uploads\/2020\/09\/boleti%CC%81n-informativo.jpg?resize=350%2C200&ssl=1 1x, https:\/\/i0.wp.com\/soy.usac.edu.gt\/wp-content\/uploads\/2020\/09\/boleti%CC%81n-informativo.jpg?resize=525%2C300&ssl=1 1.5x, https:\/\/i0.wp.com\/soy.usac.edu.gt\/wp-content\/uploads\/2020\/09\/boleti%CC%81n-informativo.jpg?resize=700%2C400&ssl=1 2x"},"classes":[]}],"jetpack_sharing_enabled":true,"_links":{"self":[{"href":"https:\/\/soy.usac.edu.gt\/index.php?rest_route=\/wp\/v2\/posts\/17819","targetHints":{"allow":["GET"]}}],"collection":[{"href":"https:\/\/soy.usac.edu.gt\/index.php?rest_route=\/wp\/v2\/posts"}],"about":[{"href":"https:\/\/soy.usac.edu.gt\/index.php?rest_route=\/wp\/v2\/types\/post"}],"author":[{"embeddable":true,"href":"https:\/\/soy.usac.edu.gt\/index.php?rest_route=\/wp\/v2\/users\/1"}],"replies":[{"embeddable":true,"href":"https:\/\/soy.usac.edu.gt\/index.php?rest_route=%2Fwp%2Fv2%2Fcomments&post=17819"}],"version-history":[{"count":1,"href":"https:\/\/soy.usac.edu.gt\/index.php?rest_route=\/wp\/v2\/posts\/17819\/revisions"}],"predecessor-version":[{"id":17820,"href":"https:\/\/soy.usac.edu.gt\/index.php?rest_route=\/wp\/v2\/posts\/17819\/revisions\/17820"}],"wp:featuredmedia":[{"embeddable":true,"href":"https:\/\/soy.usac.edu.gt\/index.php?rest_route=\/wp\/v2\/media\/17810"}],"wp:attachment":[{"href":"https:\/\/soy.usac.edu.gt\/index.php?rest_route=%2Fwp%2Fv2%2Fmedia&parent=17819"}],"wp:term":[{"taxonomy":"category","embeddable":true,"href":"https:\/\/soy.usac.edu.gt\/index.php?rest_route=%2Fwp%2Fv2%2Fcategories&post=17819"},{"taxonomy":"post_tag","embeddable":true,"href":"https:\/\/soy.usac.edu.gt\/index.php?rest_route=%2Fwp%2Fv2%2Ftags&post=17819"}],"curies":[{"name":"wp","href":"https:\/\/api.w.org\/{rel}","templated":true}]}}