{"id":18423,"date":"2022-09-11T10:36:31","date_gmt":"2022-09-11T16:36:31","guid":{"rendered":"https:\/\/soy.usac.edu.gt\/?p=18423"},"modified":"2022-09-13T09:14:18","modified_gmt":"2022-09-13T15:14:18","slug":"docentes-podran-aplicar-en-programa-de-movilidad-europea","status":"publish","type":"post","link":"https:\/\/soy.usac.edu.gt\/?p=18423","title":{"rendered":"Docentes podr\u00e1n participar en programa europeo de movilidad"},"content":{"rendered":"\n<p><strong>La convocatoria est\u00e1 dirigida a catedr\u00e1ticos sancarlistas interesados en formarse en distintas \u00e1reas de conocimiento.\u00a0<\/strong><\/p>\n<p style=\"font-weight: 400; text-align: justify;\">La Coordinadora General de Cooperaci\u00f3n y Relaciones Internacionales (CGCRI), de la Universidad de San Carlos (USAC), informa que la <em>Sapienza Universit\u00e0 di Roma <\/em>convoca a los docentes de esta casa de estudios a participar en la Movilidad Crediticia Internacional de personal de ense\u00f1anza para el segundo semestre del ciclo acad\u00e9mico de 2023.<\/p>\n<p style=\"font-weight: 400; text-align: justify;\">La referida movilidad docente forma parte del programa Erasmus+KA107, el cual ofrece oportunidades para ejercer la ense\u00f1anza o adquirir formaci\u00f3n acad\u00e9mica en instituciones de educaci\u00f3n superior en Europa.<\/p>\n<p style=\"font-weight: 400; text-align: justify;\">El objetivo de la convocatoria es seleccionar docentes de la USAC para participar en Erasmus+KA107, que brinda opciones para todas las \u00e1reas del conocimiento universitario, excepto farmacia y medicina. La estad\u00eda durar\u00e1 12 d\u00edas, y hay fechas disponibles de febrero a julio de 2023. La recepci\u00f3n de registros cierra el 10 de octubre de 2022.<\/p>\n<p style=\"font-weight: 400; text-align: justify;\">Los interesados deben cumplir los siguientes requisitos: contrato laboral docente, conocimiento certificado del idioma ingl\u00e9s o italiano, lista de publicaciones realizadas y una carta de invitaci\u00f3n firmada por uno de los profesores de la\u00a0<em>Sapienza<\/em>, entre otros.<\/p>\n<blockquote>\n<h5 style=\"font-weight: 400; text-align: justify;\"><strong>Se puede enviar la solicitud de la informaci\u00f3n completa a las siguientes direcciones electr\u00f3nicas: <\/strong><a style=\"font-size: inherit;\" href=\"mailto:convocatoriascooperacion@usac.edu.gt\">convocatoriascooperacion@usac.edu.gt, <\/a><a style=\"font-size: inherit;\" href=\"mailto:mtmolina_33@hotmail.com\">mtmolina_33@hotmail.com<\/a><\/h5>\n<\/blockquote>\n","protected":false},"excerpt":{"rendered":"<p>La convocatoria est\u00e1 dirigida a catedr\u00e1ticos sancarlistas interesados en impartir docencia en Europa o formarse en alg\u00fan campo en particular.\u00a0<\/p>\n","protected":false},"author":16,"featured_media":18455,"comment_status":"closed","ping_status":"open","sticky":false,"template":"","format":"standard","meta":{"_exactmetrics_skip_tracking":false,"_exactmetrics_sitenote_active":false,"_exactmetrics_sitenote_note":"","_exactmetrics_sitenote_category":0,"_jetpack_memberships_contains_paid_content":false,"footnotes":""},"categories":[233,29],"tags":[112],"class_list":["post-18423","post","type-post","status-publish","format-standard","has-post-thumbnail","hentry","category-becas-y-convocatorias-2","category-noticias","tag-becas-y-convocatorias"],"aioseo_notices":[],"jetpack_featured_media_url":"https:\/\/soy.usac.edu.gt\/wp-content\/uploads\/2022\/09\/La-capital-italiana-esta-plagada-de-arte-historia-y-belleza.jpg","views":"","jetpack-related-posts":[{"id":18484,"url":"https:\/\/soy.usac.edu.gt\/?p=18484","url_meta":{"origin":18423,"position":0},"title":"Becas de maestr\u00eda y doctorado en Italia para estudiantes de la USAC","author":"Erick Iv\u00e1n de Le\u00f3n","date":"19 septiembre, 2022","format":false,"excerpt":"El programa est\u00e1 dirigido a estudiantes de la USAC que deseen realizar su maestr\u00eda o doctorado en el extranjero durante el ciclo acad\u00e9mico 2023.","rel":"","context":"En \u00abBecas y convocatorias\u00bb","block_context":{"text":"Becas y convocatorias","link":"https:\/\/soy.usac.edu.gt\/?cat=233"},"img":{"alt_text":"","src":"https:\/\/i0.wp.com\/soy.usac.edu.gt\/wp-content\/uploads\/2022\/09\/italia-venecia-e1579918757767.jpg?resize=350%2C200&ssl=1","width":350,"height":200,"srcset":"https:\/\/i0.wp.com\/soy.usac.edu.gt\/wp-content\/uploads\/2022\/09\/italia-venecia-e1579918757767.jpg?resize=350%2C200&ssl=1 1x, https:\/\/i0.wp.com\/soy.usac.edu.gt\/wp-content\/uploads\/2022\/09\/italia-venecia-e1579918757767.jpg?resize=525%2C300&ssl=1 1.5x, https:\/\/i0.wp.com\/soy.usac.edu.gt\/wp-content\/uploads\/2022\/09\/italia-venecia-e1579918757767.jpg?resize=700%2C400&ssl=1 2x"},"classes":[]},{"id":22433,"url":"https:\/\/soy.usac.edu.gt\/?p=22433","url_meta":{"origin":18423,"position":1},"title":"Compromiso y excelencia:","author":"Divisi\u00f3n de Publicidad","date":"18 noviembre, 2025","format":false,"excerpt":"USAC celebra a sus estudiantes becados. En la USAC, cada beca representa una historia que avanza, un sue\u00f1o que se fortalece y un talento que encuentra camino. Con ese esp\u00edritu, se realiz\u00f3 el Encuentro Acad\u00e9mico de Docentes Becados USAC 2022\u20132025, un espacio donde los profesores beneficiados compartieron logros, experiencias y\u2026","rel":"","context":"En \u00abActividades\u00bb","block_context":{"text":"Actividades","link":"https:\/\/soy.usac.edu.gt\/?cat=126"},"img":{"alt_text":"","src":"https:\/\/i0.wp.com\/soy.usac.edu.gt\/wp-content\/uploads\/2025\/11\/WhatsApp-Image-2025-11-19-at-9.42.12-AM-2.jpeg?resize=350%2C200&ssl=1","width":350,"height":200,"srcset":"https:\/\/i0.wp.com\/soy.usac.edu.gt\/wp-content\/uploads\/2025\/11\/WhatsApp-Image-2025-11-19-at-9.42.12-AM-2.jpeg?resize=350%2C200&ssl=1 1x, https:\/\/i0.wp.com\/soy.usac.edu.gt\/wp-content\/uploads\/2025\/11\/WhatsApp-Image-2025-11-19-at-9.42.12-AM-2.jpeg?resize=525%2C300&ssl=1 1.5x, https:\/\/i0.wp.com\/soy.usac.edu.gt\/wp-content\/uploads\/2025\/11\/WhatsApp-Image-2025-11-19-at-9.42.12-AM-2.jpeg?resize=700%2C400&ssl=1 2x, https:\/\/i0.wp.com\/soy.usac.edu.gt\/wp-content\/uploads\/2025\/11\/WhatsApp-Image-2025-11-19-at-9.42.12-AM-2.jpeg?resize=1050%2C600&ssl=1 3x, https:\/\/i0.wp.com\/soy.usac.edu.gt\/wp-content\/uploads\/2025\/11\/WhatsApp-Image-2025-11-19-at-9.42.12-AM-2.jpeg?resize=1400%2C800&ssl=1 4x"},"classes":[]},{"id":14222,"url":"https:\/\/soy.usac.edu.gt\/?p=14222","url_meta":{"origin":18423,"position":2},"title":"Participa en intercambios acad\u00e9micos en Taiw\u00e1n","author":"Divisi\u00f3n de Publicidad","date":"12 mayo, 2021","format":false,"excerpt":"El intercambio acad\u00e9mico est\u00e1 dirigido a profesionales de asuntos internacionales, investigadores, as\u00ed como docentes interesados en profundizar en temas relacionadas con Taiw\u00e1n, para realizar trabajos investigativos en universidades o instituciones acad\u00e9micas de Taiw\u00e1n.","rel":"","context":"En \u00abBecas y convocatorias\u00bb","block_context":{"text":"Becas y convocatorias","link":"https:\/\/soy.usac.edu.gt\/?cat=233"},"img":{"alt_text":"","src":"https:\/\/i0.wp.com\/soy.usac.edu.gt\/wp-content\/uploads\/2021\/05\/estudiantes-taiwan.jpg?resize=350%2C200&ssl=1","width":350,"height":200,"srcset":"https:\/\/i0.wp.com\/soy.usac.edu.gt\/wp-content\/uploads\/2021\/05\/estudiantes-taiwan.jpg?resize=350%2C200&ssl=1 1x, https:\/\/i0.wp.com\/soy.usac.edu.gt\/wp-content\/uploads\/2021\/05\/estudiantes-taiwan.jpg?resize=525%2C300&ssl=1 1.5x"},"classes":[]},{"id":22263,"url":"https:\/\/soy.usac.edu.gt\/?p=22263","url_meta":{"origin":18423,"position":3},"title":"Festival de Becas: Oportunidades para la comunidad sancarlista","author":"Divisi\u00f3n de Publicidad","date":"29 octubre, 2025","format":false,"excerpt":"El Festival de Becas y Seminario de Vinculaci\u00f3n Internacional reuni\u00f3 hoy a 14 instituciones nacionales e internacionales que comparten un objetivo en com\u00fan: acercar oportunidades reales de estudio, intercambio, movilidad acad\u00e9mica y cooperaci\u00f3n a la comunidad sancarlista. El acto protocolario cont\u00f3 con la participaci\u00f3n del Rector M.A. Walter Mazariegos, el\u2026","rel":"","context":"En \u00abActividades\u00bb","block_context":{"text":"Actividades","link":"https:\/\/soy.usac.edu.gt\/?cat=126"},"img":{"alt_text":"","src":"https:\/\/i0.wp.com\/soy.usac.edu.gt\/wp-content\/uploads\/2025\/10\/WhatsApp-Image-2025-10-30-at-8.44.31-AM-2.jpeg?resize=350%2C200&ssl=1","width":350,"height":200,"srcset":"https:\/\/i0.wp.com\/soy.usac.edu.gt\/wp-content\/uploads\/2025\/10\/WhatsApp-Image-2025-10-30-at-8.44.31-AM-2.jpeg?resize=350%2C200&ssl=1 1x, https:\/\/i0.wp.com\/soy.usac.edu.gt\/wp-content\/uploads\/2025\/10\/WhatsApp-Image-2025-10-30-at-8.44.31-AM-2.jpeg?resize=525%2C300&ssl=1 1.5x, https:\/\/i0.wp.com\/soy.usac.edu.gt\/wp-content\/uploads\/2025\/10\/WhatsApp-Image-2025-10-30-at-8.44.31-AM-2.jpeg?resize=700%2C400&ssl=1 2x, https:\/\/i0.wp.com\/soy.usac.edu.gt\/wp-content\/uploads\/2025\/10\/WhatsApp-Image-2025-10-30-at-8.44.31-AM-2.jpeg?resize=1050%2C600&ssl=1 3x, https:\/\/i0.wp.com\/soy.usac.edu.gt\/wp-content\/uploads\/2025\/10\/WhatsApp-Image-2025-10-30-at-8.44.31-AM-2.jpeg?resize=1400%2C800&ssl=1 4x"},"classes":[]},{"id":12289,"url":"https:\/\/soy.usac.edu.gt\/?p=12289","url_meta":{"origin":18423,"position":4},"title":"Conoce las opciones de estudio en el extranjero","author":"Divisi\u00f3n de Publicidad","date":"8 septiembre, 2020","format":false,"excerpt":"Del 10 al 12 de septiembre se llevar\u00e1 a cabo el Festival de Becas Internacional","rel":"","context":"En \u00abBecas y convocatorias\u00bb","block_context":{"text":"Becas y convocatorias","link":"https:\/\/soy.usac.edu.gt\/?cat=233"},"img":{"alt_text":"","src":"https:\/\/i0.wp.com\/soy.usac.edu.gt\/wp-content\/uploads\/2020\/09\/pag-9-becas2.jpg?resize=350%2C200&ssl=1","width":350,"height":200,"srcset":"https:\/\/i0.wp.com\/soy.usac.edu.gt\/wp-content\/uploads\/2020\/09\/pag-9-becas2.jpg?resize=350%2C200&ssl=1 1x, https:\/\/i0.wp.com\/soy.usac.edu.gt\/wp-content\/uploads\/2020\/09\/pag-9-becas2.jpg?resize=525%2C300&ssl=1 1.5x, https:\/\/i0.wp.com\/soy.usac.edu.gt\/wp-content\/uploads\/2020\/09\/pag-9-becas2.jpg?resize=700%2C400&ssl=1 2x"},"classes":[]},{"id":8826,"url":"https:\/\/soy.usac.edu.gt\/?p=8826","url_meta":{"origin":18423,"position":5},"title":"Festival de Becas, una oportunidad para crecer","author":"Divisi\u00f3n de Publicidad","date":"12 octubre, 2019","format":false,"excerpt":"El Festival de Becas ser\u00e1 una actividad importante para toda la poblaci\u00f3n estudiantil guatemalteca, por todas las oportunidades de estudio que brindar\u00e1n las embajadas acreditadas en el pa\u00eds y distintas instituciones.","rel":"","context":"En \u00abBecas y Convocatorias\u00bb","block_context":{"text":"Becas y Convocatorias","link":"https:\/\/soy.usac.edu.gt\/?cat=127"},"img":{"alt_text":"","src":"https:\/\/i0.wp.com\/soy.usac.edu.gt\/wp-content\/uploads\/2019\/10\/feria-de-becas-dos.jpeg?resize=350%2C200&ssl=1","width":350,"height":200,"srcset":"https:\/\/i0.wp.com\/soy.usac.edu.gt\/wp-content\/uploads\/2019\/10\/feria-de-becas-dos.jpeg?resize=350%2C200&ssl=1 1x, https:\/\/i0.wp.com\/soy.usac.edu.gt\/wp-content\/uploads\/2019\/10\/feria-de-becas-dos.jpeg?resize=525%2C300&ssl=1 1.5x, https:\/\/i0.wp.com\/soy.usac.edu.gt\/wp-content\/uploads\/2019\/10\/feria-de-becas-dos.jpeg?resize=700%2C400&ssl=1 2x, https:\/\/i0.wp.com\/soy.usac.edu.gt\/wp-content\/uploads\/2019\/10\/feria-de-becas-dos.jpeg?resize=1050%2C600&ssl=1 3x"},"classes":[]}],"jetpack_sharing_enabled":true,"_links":{"self":[{"href":"https:\/\/soy.usac.edu.gt\/index.php?rest_route=\/wp\/v2\/posts\/18423","targetHints":{"allow":["GET"]}}],"collection":[{"href":"https:\/\/soy.usac.edu.gt\/index.php?rest_route=\/wp\/v2\/posts"}],"about":[{"href":"https:\/\/soy.usac.edu.gt\/index.php?rest_route=\/wp\/v2\/types\/post"}],"author":[{"embeddable":true,"href":"https:\/\/soy.usac.edu.gt\/index.php?rest_route=\/wp\/v2\/users\/16"}],"replies":[{"embeddable":true,"href":"https:\/\/soy.usac.edu.gt\/index.php?rest_route=%2Fwp%2Fv2%2Fcomments&post=18423"}],"version-history":[{"count":10,"href":"https:\/\/soy.usac.edu.gt\/index.php?rest_route=\/wp\/v2\/posts\/18423\/revisions"}],"predecessor-version":[{"id":18466,"href":"https:\/\/soy.usac.edu.gt\/index.php?rest_route=\/wp\/v2\/posts\/18423\/revisions\/18466"}],"wp:featuredmedia":[{"embeddable":true,"href":"https:\/\/soy.usac.edu.gt\/index.php?rest_route=\/wp\/v2\/media\/18455"}],"wp:attachment":[{"href":"https:\/\/soy.usac.edu.gt\/index.php?rest_route=%2Fwp%2Fv2%2Fmedia&parent=18423"}],"wp:term":[{"taxonomy":"category","embeddable":true,"href":"https:\/\/soy.usac.edu.gt\/index.php?rest_route=%2Fwp%2Fv2%2Fcategories&post=18423"},{"taxonomy":"post_tag","embeddable":true,"href":"https:\/\/soy.usac.edu.gt\/index.php?rest_route=%2Fwp%2Fv2%2Ftags&post=18423"}],"curies":[{"name":"wp","href":"https:\/\/api.w.org\/{rel}","templated":true}]}}