{"id":18427,"date":"2022-09-11T12:42:25","date_gmt":"2022-09-11T18:42:25","guid":{"rendered":"https:\/\/soy.usac.edu.gt\/?p=18427"},"modified":"2022-09-11T12:58:10","modified_gmt":"2022-09-11T18:58:10","slug":"realizan-inauguracion-simultanea-del-segundo-semestre-a-nivel-nacional","status":"publish","type":"post","link":"https:\/\/soy.usac.edu.gt\/?p=18427","title":{"rendered":"Realizan inauguraci\u00f3n simult\u00e1nea del segundo semestre a nivel nacional"},"content":{"rendered":"\n<p style=\"text-align: justify;\"><strong><i>En los 22 departamentos del pa\u00eds se llev\u00f3 a cabo la lecci\u00f3n inaugural del segundo ciclo acad\u00e9mico 2022.<\/i><\/strong><\/p>\n<p style=\"text-align: justify;\"><span style=\"font-weight: 400;\">La charla <\/span><i><span style=\"font-weight: 400;\">\u201cLa internacionalizaci\u00f3n y la calidad universitaria\u201d <\/span><\/i><span style=\"font-weight: 400;\">se imparti\u00f3 <\/span><span style=\"font-weight: 400;\">de forma presencial y simult\u00e1nea<\/span><span style=\"font-weight: 400;\"> con la participaci\u00f3n de m\u00e1s de 4500 personas.&nbsp;<\/span><\/p>\n<p style=\"text-align: justify;\"><span style=\"font-weight: 400;\">\u201cMe complace dar por inaugurado el ciclo acad\u00e9mico, estoy seguro de que ustedes son una pieza clave para el desarrollo y que continuar\u00e1n colocando a nuestra casa de estudios entre los m\u00e1s grandes est\u00e1ndares\u201d, declar\u00f3 el rector M. A. Walter Mazariegos ante los estudiantes, tras dar inicio al acto acad\u00e9mico.&nbsp;<\/span><\/p>\n<p style=\"text-align: justify;\"><span style=\"font-weight: 400;\">\u201cLa internacionalizaci\u00f3n es un proceso articulador que fortalece las funciones principales de la universidad, como la extensi\u00f3n, la docencia y la extensi\u00f3n, esto marca la diferencia de cara a los rankings de las universidades del mundo, que son bastante competitivos, pero el trabajo en equipo contribuye a que la universidad destaque en estos medidores alrededor del mundo\u201d, expres\u00f3 el conferencista Oruam Marichal Guevara, catedr\u00e1tico de la Universidad de Ciego de \u00c1vila \u00abM\u00e1ximo G\u00f3mez B\u00e1ez\u00bb, de Cuba.&nbsp;<\/span><\/p>\n<p style=\"text-align: justify;\"><br><b>De forma simult\u00e1nea<\/b><\/p>\n<p style=\"text-align: justify;\"><span style=\"font-weight: 400;\">El evento acad\u00e9mico se realiz\u00f3 en esta modalidad en 32 lugares distintos, entre ellos, Solol\u00e1, Santa Rosa, Chiquimula, Totonicap\u00e1n, Zacapa, Quetzaltenango, Jutiapa, Retalhuleu, Zunilito, Escuintla, San Marcos, lzabal, Sacatep\u00e9quez, Chimaltenango, Alta Verapaz, Baja Verapaz, El Progreso, Jalapa, Quich\u00e9, Huehuetenango, Pet\u00e9n, Santa Luc\u00eda, Coatepeque, San Jos\u00e9 Ojetenam, Catarina, Telem\u00e1n, Raxruh\u00e1, Ipala, Morales, Sanarate, Chiquimulilla y Barberena.<\/span><\/p>\n<p style=\"text-align: justify;\"><span style=\"font-weight: 400;\">En la ciudad capital, en el campus central, se hizo una conferencia virtual con la participaci\u00f3n del rector M. A. Walter Mazariegos, estudiantes y catedr\u00e1ticos de las escuelas y facultades. En la misma estuvieron conectadas, en promedio,&nbsp; 1300 personas.&nbsp;<\/span><\/p>\n<p style=\"text-align: justify;\">&nbsp;<\/p>\n\n\n\n<h2 class=\"wp-block-heading\">Vea la lecci\u00f3n inaugural<\/h2>\n\n\n<p><iframe loading=\"lazy\" style=\"border: none; overflow: hidden;\" src=\"https:\/\/www.facebook.com\/plugins\/video.php?height=314&amp;href=https%3A%2F%2Fwww.facebook.com%2Fsoyusac%2Fvideos%2F770517277507360%2F&amp;show_text=false&amp;width=560&amp;t=0\" width=\"560\" height=\"314\" frameborder=\"0\" scrolling=\"no\" allowfullscreen=\"allowfullscreen\"><\/iframe><\/p>\n\n\n<h2 class=\"wp-block-heading\">En fotos<\/h2>\n\n\n\n<div class=\"alignnormal\"><div id=\"metaslider-id-18437\" style=\"width: 100%;\" class=\"ml-slider-3-106-0 metaslider metaslider-flex metaslider-18437 ml-slider has-dots-nav ms-theme-default\" role=\"region\" aria-label=\"primer\" data-height=\"800\" data-width=\"1200\">\n    <div id=\"metaslider_container_18437\">\n        <div id=\"metaslider_18437\">\n            <ul class='slides'>\n                <li style=\"display: block; width: 100%;\" class=\"slide-18445 ms-image \" aria-roledescription=\"slide\" data-date=\"2022-09-11 12:40:48\" data-filename=\"WhatsApp-Image-2022-09-11-at-12.07.25-PM-3-1080x720.jpeg\" data-slide-type=\"image\"><img loading=\"lazy\" decoding=\"async\" src=\"https:\/\/soy.usac.edu.gt\/wp-content\/uploads\/2022\/09\/WhatsApp-Image-2022-09-11-at-12.07.25-PM-3-1080x720.jpeg\" height=\"800\" width=\"1200\" alt=\"\" class=\"slider-18437 slide-18445 msDefaultImage\" title=\"WhatsApp Image 2022-09-11 at 12.07.25 PM (3)\" \/><div class=\"caption-wrap\"><div class=\"caption\">El rector M. A. Walter Mazariegos inaugur\u00f3 el segundo semestre 2022<\/div><\/div><\/li>\n                <li style=\"display: none; width: 100%;\" class=\"slide-18442 ms-image \" aria-roledescription=\"slide\" data-date=\"2022-09-11 12:40:48\" data-filename=\"CONFERENCISTA2-815x544.png\" data-slide-type=\"image\"><img loading=\"lazy\" decoding=\"async\" src=\"https:\/\/soy.usac.edu.gt\/wp-content\/uploads\/2022\/09\/CONFERENCISTA2-815x544.png\" height=\"800\" width=\"1200\" alt=\"\" class=\"slider-18437 slide-18442 msDefaultImage\" title=\"CONFERENCISTA2\" \/><\/li>\n                <li style=\"display: none; width: 100%;\" class=\"slide-18443 ms-image \" aria-roledescription=\"slide\" data-date=\"2022-09-11 12:40:48\" data-filename=\"CONFERENCISTA22-852x568.png\" data-slide-type=\"image\"><img loading=\"lazy\" decoding=\"async\" src=\"https:\/\/soy.usac.edu.gt\/wp-content\/uploads\/2022\/09\/CONFERENCISTA22-852x568.png\" height=\"800\" width=\"1200\" alt=\"\" class=\"slider-18437 slide-18443 msDefaultImage\" title=\"CONFERENCISTA22\" \/><\/li>\n                <li style=\"display: none; width: 100%;\" class=\"slide-18444 ms-image \" aria-roledescription=\"slide\" data-date=\"2022-09-11 12:40:48\" data-filename=\"CONFERENCISTA23-769x513.png\" data-slide-type=\"image\"><img loading=\"lazy\" decoding=\"async\" src=\"https:\/\/soy.usac.edu.gt\/wp-content\/uploads\/2022\/09\/CONFERENCISTA23-769x513.png\" height=\"800\" width=\"1200\" alt=\"\" class=\"slider-18437 slide-18444 msDefaultImage\" title=\"CONFERENCISTA23\" \/><\/li>\n                <li style=\"display: none; width: 100%;\" class=\"slide-18448 ms-image \" aria-roledescription=\"slide\" data-date=\"2022-09-11 12:44:10\" data-filename=\"CONFERENCISTA-841x561.png\" data-slide-type=\"image\"><img loading=\"lazy\" decoding=\"async\" src=\"https:\/\/soy.usac.edu.gt\/wp-content\/uploads\/2022\/09\/CONFERENCISTA-841x561.png\" height=\"800\" width=\"1200\" alt=\"\" class=\"slider-18437 slide-18448 msDefaultImage\" title=\"CONFERENCISTA\" \/><div class=\"caption-wrap\"><div class=\"caption\">Conferencista Oruam Marichal Guevara, catedr\u00e1tico de la Universidad de Ciego de \u00c1vila \"M\u00e1ximo G\u00f3mez B\u00e1ez\", de Cuba. \n<\/div><\/div><\/li>\n                <li style=\"display: none; width: 100%;\" class=\"slide-18451 ms-image \" aria-roledescription=\"slide\" data-date=\"2022-09-11 12:58:40\" data-filename=\"WhatsApp-Image-2022-09-11-at-11.45.28-AM-1080x720.jpeg\" data-slide-type=\"image\"><img loading=\"lazy\" decoding=\"async\" src=\"https:\/\/soy.usac.edu.gt\/wp-content\/uploads\/2022\/09\/WhatsApp-Image-2022-09-11-at-11.45.28-AM-1080x720.jpeg\" height=\"800\" width=\"1200\" alt=\"\" class=\"slider-18437 slide-18451 msDefaultImage\" title=\"WhatsApp Image 2022-09-11 at 11.45.28 AM\" \/><\/li>\n            <\/ul>\n        <\/div>\n        \n    <\/div>\n<\/div><\/div>\n\n\n","protected":false},"excerpt":{"rendered":"<p>En los 22 departamentos del pa\u00eds se llev\u00f3 a cabo la lecci\u00f3n inaugural del segundo ciclo acad\u00e9mico 2022.<\/p>\n","protected":false},"author":1,"featured_media":18449,"comment_status":"closed","ping_status":"open","sticky":false,"template":"","format":"standard","meta":{"_exactmetrics_skip_tracking":false,"_exactmetrics_sitenote_active":false,"_exactmetrics_sitenote_note":"","_exactmetrics_sitenote_category":0,"_jetpack_memberships_contains_paid_content":false,"footnotes":""},"categories":[29],"tags":[],"class_list":["post-18427","post","type-post","status-publish","format-standard","has-post-thumbnail","hentry","category-noticias"],"aioseo_notices":[],"jetpack_featured_media_url":"https:\/\/soy.usac.edu.gt\/wp-content\/uploads\/2022\/09\/WhatsApp-Image-2022-09-11-at-12.50.12-PM.jpeg","views":"","jetpack-related-posts":[{"id":12289,"url":"https:\/\/soy.usac.edu.gt\/?p=12289","url_meta":{"origin":18427,"position":0},"title":"Conoce las opciones de estudio en el extranjero","author":"Divisi\u00f3n de Publicidad","date":"8 septiembre, 2020","format":false,"excerpt":"Del 10 al 12 de septiembre se llevar\u00e1 a cabo el Festival de Becas Internacional","rel":"","context":"En \u00abBecas y convocatorias\u00bb","block_context":{"text":"Becas y convocatorias","link":"https:\/\/soy.usac.edu.gt\/?cat=233"},"img":{"alt_text":"","src":"https:\/\/i0.wp.com\/soy.usac.edu.gt\/wp-content\/uploads\/2020\/09\/pag-9-becas2.jpg?resize=350%2C200&ssl=1","width":350,"height":200,"srcset":"https:\/\/i0.wp.com\/soy.usac.edu.gt\/wp-content\/uploads\/2020\/09\/pag-9-becas2.jpg?resize=350%2C200&ssl=1 1x, https:\/\/i0.wp.com\/soy.usac.edu.gt\/wp-content\/uploads\/2020\/09\/pag-9-becas2.jpg?resize=525%2C300&ssl=1 1.5x, https:\/\/i0.wp.com\/soy.usac.edu.gt\/wp-content\/uploads\/2020\/09\/pag-9-becas2.jpg?resize=700%2C400&ssl=1 2x"},"classes":[]},{"id":22154,"url":"https:\/\/soy.usac.edu.gt\/?p=22154","url_meta":{"origin":18427,"position":1},"title":"SEP realiza Asamblea General para impulsar la excelencia acad\u00e9mica","author":"Divisi\u00f3n de Publicidad","date":"6 octubre, 2025","format":false,"excerpt":"En un espacio de di\u00e1logo acad\u00e9mico y reconocimiento institucional, la Universidad de San Carlos de Guatemala, a trav\u00e9s del Sistema de Estudios de Postgrado (SEP), celebr\u00f3 la Asamblea General Ordinaria No. 04-2025, reafirmando su compromiso con la excelencia, la innovaci\u00f3n y la internacionalizaci\u00f3n de los programas de posgrado. Entre las\u2026","rel":"","context":"En \u00abActividades\u00bb","block_context":{"text":"Actividades","link":"https:\/\/soy.usac.edu.gt\/?cat=126"},"img":{"alt_text":"","src":"https:\/\/i0.wp.com\/soy.usac.edu.gt\/wp-content\/uploads\/2025\/10\/DSC00567-1-scaled.jpg?resize=350%2C200&ssl=1","width":350,"height":200,"srcset":"https:\/\/i0.wp.com\/soy.usac.edu.gt\/wp-content\/uploads\/2025\/10\/DSC00567-1-scaled.jpg?resize=350%2C200&ssl=1 1x, https:\/\/i0.wp.com\/soy.usac.edu.gt\/wp-content\/uploads\/2025\/10\/DSC00567-1-scaled.jpg?resize=525%2C300&ssl=1 1.5x, https:\/\/i0.wp.com\/soy.usac.edu.gt\/wp-content\/uploads\/2025\/10\/DSC00567-1-scaled.jpg?resize=700%2C400&ssl=1 2x, https:\/\/i0.wp.com\/soy.usac.edu.gt\/wp-content\/uploads\/2025\/10\/DSC00567-1-scaled.jpg?resize=1050%2C600&ssl=1 3x, https:\/\/i0.wp.com\/soy.usac.edu.gt\/wp-content\/uploads\/2025\/10\/DSC00567-1-scaled.jpg?resize=1400%2C800&ssl=1 4x"},"classes":[]},{"id":7773,"url":"https:\/\/soy.usac.edu.gt\/?p=7773","url_meta":{"origin":18427,"position":2},"title":"EFPEM celebr\u00f3 su 21 aniversario de ser escuela no facultativa","author":"Divisi\u00f3n de Publicidad","date":"26 julio, 2019","format":false,"excerpt":"El pasado 22 de julio la Escuela de Formaci\u00f3n de Profesores de Ense\u00f1anza Media (EFPEM) conmemor\u00f3 su 21 aniversario con una serie de actividades acad\u00e9micas y culturales, donde se uni\u00f3 la participaci\u00f3n de estudiantes, docentes y personal administrativo.","rel":"","context":"En \u00abNoticias\u00bb","block_context":{"text":"Noticias","link":"https:\/\/soy.usac.edu.gt\/?cat=29"},"img":{"alt_text":"","src":"https:\/\/i0.wp.com\/soy.usac.edu.gt\/wp-content\/uploads\/2019\/07\/aniversario11_1.jpg?resize=350%2C200&ssl=1","width":350,"height":200,"srcset":"https:\/\/i0.wp.com\/soy.usac.edu.gt\/wp-content\/uploads\/2019\/07\/aniversario11_1.jpg?resize=350%2C200&ssl=1 1x, https:\/\/i0.wp.com\/soy.usac.edu.gt\/wp-content\/uploads\/2019\/07\/aniversario11_1.jpg?resize=525%2C300&ssl=1 1.5x, https:\/\/i0.wp.com\/soy.usac.edu.gt\/wp-content\/uploads\/2019\/07\/aniversario11_1.jpg?resize=700%2C400&ssl=1 2x, https:\/\/i0.wp.com\/soy.usac.edu.gt\/wp-content\/uploads\/2019\/07\/aniversario11_1.jpg?resize=1050%2C600&ssl=1 3x, https:\/\/i0.wp.com\/soy.usac.edu.gt\/wp-content\/uploads\/2019\/07\/aniversario11_1.jpg?resize=1400%2C800&ssl=1 4x"},"classes":[]},{"id":12789,"url":"https:\/\/soy.usac.edu.gt\/?p=12789","url_meta":{"origin":18427,"position":3},"title":"Jard\u00edn Infantil y Colegio Rey Carlos Segundo termina ciclo escolar at\u00edpico","author":"Divisi\u00f3n de Publicidad","date":"4 noviembre, 2020","format":false,"excerpt":"La instituci\u00f3n educativa para hijos de estudiantes y trabajadores de la universidad concluy\u00f3 sus actividades sin novedad, pese a la coyuntura de la pandemia.\u00a0","rel":"","context":"En \u00abEstudiantes\u00bb","block_context":{"text":"Estudiantes","link":"https:\/\/soy.usac.edu.gt\/?cat=585"},"img":{"alt_text":"","src":"https:\/\/i0.wp.com\/soy.usac.edu.gt\/wp-content\/uploads\/2020\/11\/DSC_4784-scaled.jpg?resize=350%2C200&ssl=1","width":350,"height":200,"srcset":"https:\/\/i0.wp.com\/soy.usac.edu.gt\/wp-content\/uploads\/2020\/11\/DSC_4784-scaled.jpg?resize=350%2C200&ssl=1 1x, https:\/\/i0.wp.com\/soy.usac.edu.gt\/wp-content\/uploads\/2020\/11\/DSC_4784-scaled.jpg?resize=525%2C300&ssl=1 1.5x, https:\/\/i0.wp.com\/soy.usac.edu.gt\/wp-content\/uploads\/2020\/11\/DSC_4784-scaled.jpg?resize=700%2C400&ssl=1 2x, https:\/\/i0.wp.com\/soy.usac.edu.gt\/wp-content\/uploads\/2020\/11\/DSC_4784-scaled.jpg?resize=1050%2C600&ssl=1 3x, https:\/\/i0.wp.com\/soy.usac.edu.gt\/wp-content\/uploads\/2020\/11\/DSC_4784-scaled.jpg?resize=1400%2C800&ssl=1 4x"},"classes":[]},{"id":21879,"url":"https:\/\/soy.usac.edu.gt\/?p=21879","url_meta":{"origin":18427,"position":4},"title":"USAC fue sede de la reuni\u00f3n del Sistema para la Internacionalizaci\u00f3n de la Educaci\u00f3n Superior Centroamericana (SIESCA)","author":"Divisi\u00f3n de Publicidad","date":"4 septiembre, 2025","format":false,"excerpt":"As\u00ed se vivi\u00f3 en la USAC la reuni\u00f3n del Sistema para la Internacionalizaci\u00f3n de la Educaci\u00f3n Superior Centroamericana (SIESCA), desarrollada en el Aula Magna \u201cJos\u00e9 Rolz Bennett\u201d de la Facultad de Humanidades. El encuentro reuni\u00f3 a destacadas autoridades:\u2022 M.A. Walter Mazariegos, rector de la Universidad de San Carlos de Guatemala\u2026","rel":"","context":"En \u00abActividades\u00bb","block_context":{"text":"Actividades","link":"https:\/\/soy.usac.edu.gt\/?cat=126"},"img":{"alt_text":"","src":"https:\/\/i0.wp.com\/soy.usac.edu.gt\/wp-content\/uploads\/2025\/09\/WhatsApp-Image-2025-09-05-at-9.49.10-AM.jpeg?resize=350%2C200&ssl=1","width":350,"height":200,"srcset":"https:\/\/i0.wp.com\/soy.usac.edu.gt\/wp-content\/uploads\/2025\/09\/WhatsApp-Image-2025-09-05-at-9.49.10-AM.jpeg?resize=350%2C200&ssl=1 1x, https:\/\/i0.wp.com\/soy.usac.edu.gt\/wp-content\/uploads\/2025\/09\/WhatsApp-Image-2025-09-05-at-9.49.10-AM.jpeg?resize=525%2C300&ssl=1 1.5x, https:\/\/i0.wp.com\/soy.usac.edu.gt\/wp-content\/uploads\/2025\/09\/WhatsApp-Image-2025-09-05-at-9.49.10-AM.jpeg?resize=700%2C400&ssl=1 2x, https:\/\/i0.wp.com\/soy.usac.edu.gt\/wp-content\/uploads\/2025\/09\/WhatsApp-Image-2025-09-05-at-9.49.10-AM.jpeg?resize=1050%2C600&ssl=1 3x, https:\/\/i0.wp.com\/soy.usac.edu.gt\/wp-content\/uploads\/2025\/09\/WhatsApp-Image-2025-09-05-at-9.49.10-AM.jpeg?resize=1400%2C800&ssl=1 4x"},"classes":[]},{"id":22575,"url":"https:\/\/soy.usac.edu.gt\/?p=22575","url_meta":{"origin":18427,"position":5},"title":"Reflexi\u00f3n acad\u00e9mica sobre los or\u00edgenes de la educaci\u00f3n superior en Guatemala","author":"Divisi\u00f3n de Publicidad","date":"29 enero, 2026","format":false,"excerpt":"En el marco de la conmemoraci\u00f3n de los 350 a\u00f1os de fundaci\u00f3n de la Universidad de San Carlos de Guatemala, se desarroll\u00f3 la Lecci\u00f3n Inaugural del Primer Semestre 2026, un espacio de reflexi\u00f3n hist\u00f3rica y acad\u00e9mica sobre el papel de la educaci\u00f3n, la ciencia y la cultura en el pa\u00eds.\u2026","rel":"","context":"En \u00abActividades\u00bb","block_context":{"text":"Actividades","link":"https:\/\/soy.usac.edu.gt\/?cat=126"},"img":{"alt_text":"","src":"https:\/\/i0.wp.com\/soy.usac.edu.gt\/wp-content\/uploads\/2026\/02\/WhatsApp-Image-2026-02-03-at-9.32.16-AM.jpeg?resize=350%2C200&ssl=1","width":350,"height":200,"srcset":"https:\/\/i0.wp.com\/soy.usac.edu.gt\/wp-content\/uploads\/2026\/02\/WhatsApp-Image-2026-02-03-at-9.32.16-AM.jpeg?resize=350%2C200&ssl=1 1x, https:\/\/i0.wp.com\/soy.usac.edu.gt\/wp-content\/uploads\/2026\/02\/WhatsApp-Image-2026-02-03-at-9.32.16-AM.jpeg?resize=525%2C300&ssl=1 1.5x, https:\/\/i0.wp.com\/soy.usac.edu.gt\/wp-content\/uploads\/2026\/02\/WhatsApp-Image-2026-02-03-at-9.32.16-AM.jpeg?resize=700%2C400&ssl=1 2x, https:\/\/i0.wp.com\/soy.usac.edu.gt\/wp-content\/uploads\/2026\/02\/WhatsApp-Image-2026-02-03-at-9.32.16-AM.jpeg?resize=1050%2C600&ssl=1 3x"},"classes":[]}],"jetpack_sharing_enabled":true,"_links":{"self":[{"href":"https:\/\/soy.usac.edu.gt\/index.php?rest_route=\/wp\/v2\/posts\/18427","targetHints":{"allow":["GET"]}}],"collection":[{"href":"https:\/\/soy.usac.edu.gt\/index.php?rest_route=\/wp\/v2\/posts"}],"about":[{"href":"https:\/\/soy.usac.edu.gt\/index.php?rest_route=\/wp\/v2\/types\/post"}],"author":[{"embeddable":true,"href":"https:\/\/soy.usac.edu.gt\/index.php?rest_route=\/wp\/v2\/users\/1"}],"replies":[{"embeddable":true,"href":"https:\/\/soy.usac.edu.gt\/index.php?rest_route=%2Fwp%2Fv2%2Fcomments&post=18427"}],"version-history":[{"count":8,"href":"https:\/\/soy.usac.edu.gt\/index.php?rest_route=\/wp\/v2\/posts\/18427\/revisions"}],"predecessor-version":[{"id":18467,"href":"https:\/\/soy.usac.edu.gt\/index.php?rest_route=\/wp\/v2\/posts\/18427\/revisions\/18467"}],"wp:featuredmedia":[{"embeddable":true,"href":"https:\/\/soy.usac.edu.gt\/index.php?rest_route=\/wp\/v2\/media\/18449"}],"wp:attachment":[{"href":"https:\/\/soy.usac.edu.gt\/index.php?rest_route=%2Fwp%2Fv2%2Fmedia&parent=18427"}],"wp:term":[{"taxonomy":"category","embeddable":true,"href":"https:\/\/soy.usac.edu.gt\/index.php?rest_route=%2Fwp%2Fv2%2Fcategories&post=18427"},{"taxonomy":"post_tag","embeddable":true,"href":"https:\/\/soy.usac.edu.gt\/index.php?rest_route=%2Fwp%2Fv2%2Ftags&post=18427"}],"curies":[{"name":"wp","href":"https:\/\/api.w.org\/{rel}","templated":true}]}}