{"id":18484,"date":"2022-09-19T15:51:21","date_gmt":"2022-09-19T21:51:21","guid":{"rendered":"https:\/\/soy.usac.edu.gt\/?p=18484"},"modified":"2022-09-19T16:28:34","modified_gmt":"2022-09-19T22:28:34","slug":"becas-de-maestria-y-doctorado-en-italia-para-estudiantes-de-la-usac","status":"publish","type":"post","link":"https:\/\/soy.usac.edu.gt\/?p=18484","title":{"rendered":"Becas de maestr\u00eda y doctorado en Italia para estudiantes de la USAC"},"content":{"rendered":"\n<p style=\"text-align: justify;\"><strong>El programa est\u00e1 dirigido a estudiantes de la USAC que deseen realizar su maestr\u00eda o doctorado en el extranjero durante el ciclo acad\u00e9mico 2023.<\/strong><\/p>\n<p style=\"text-align: justify;\"><span style=\"font-weight: 400;\">La Coordinadora General de Cooperaci\u00f3n y Relaciones Internacionales (CGCRI), de la Universidad de San Carlos (USAC), informa que la <\/span><i><span style=\"font-weight: 400;\">Sapienza Universit\u00e0<\/span><\/i><span style=\"font-weight: 400;\"> de Roma, Italia, convoca a los alumnos a participar en el programa de movilidad Erasmus +KA107, fundado por la Comisi\u00f3n Europea en 1987 para financiar intercambios acad\u00e9micos internacionales hacia la Uni\u00f3n Europea.<\/span><\/p>\n<p style=\"text-align: justify;\"><span style=\"font-weight: 400;\">El objetivo de la convocatoria es seleccionar a estudiantes de la USAC de todas las \u00e1reas, excepto farmacia y medicina, para que realicen estudios superiores en la referida universidad italiana. <\/span><span style=\"font-weight: 400;\">La estad\u00eda para el efecto durar\u00e1 de febrero a julio del a\u00f1o pr\u00f3ximo y se estar\u00e1n recibiendo registros hasta el 10 de octubre del presente a\u00f1o.<\/span><\/p>\n<p>\u00a0<\/p>\n<h5><strong>Requisitos<\/strong><\/h5>\n<p style=\"text-align: justify;\"><span style=\"font-weight: 400;\">Los candidatos de pregrado y maestr\u00eda deben estar matriculados en la Universidad de San Carlos, haber completado 60 cr\u00e9ditos y presentar carta de motivaci\u00f3n, expediente en ingl\u00e9s, convenio de aprendizaje con la lista detallada de los cursos que desea realizar en la <\/span><i><span style=\"font-weight: 400;\">Sapienza<\/span><\/i><span style=\"font-weight: 400;\"> o descripci\u00f3n del tema de investigaci\u00f3n, carta de aceptaci\u00f3n firmada por uno de los catedr\u00e1ticos de la misma universidad y certificado de conocimiento del idioma ingl\u00e9s o italiano, entre otros.<\/span><\/p>\n<p style=\"text-align: justify;\"><span style=\"font-weight: 400;\">Los candidatos de doctorado deben agregar la indicaci\u00f3n exacta del tema a realizar, lista de publicaciones y la carta de aprobaci\u00f3n del personal acad\u00e9mico.<\/span><\/p>\n<p style=\"text-align: left;\"><span style=\"font-weight: 400;\"><strong>Se puede solicitar informaci\u00f3n adicional a las siguientes direcciones electr\u00f3nicas:<\/strong> convocatoriascooperacion@usac.edu.gt, mtmolina_33@hotmail.com<\/span><\/p>\n","protected":false},"excerpt":{"rendered":"<p>El programa est\u00e1 dirigido a estudiantes de la USAC que deseen realizar su maestr\u00eda o doctorado en el extranjero durante el ciclo acad\u00e9mico 2023.<\/p>\n","protected":false},"author":16,"featured_media":18487,"comment_status":"closed","ping_status":"open","sticky":false,"template":"","format":"standard","meta":{"_exactmetrics_skip_tracking":false,"_exactmetrics_sitenote_active":false,"_exactmetrics_sitenote_note":"","_exactmetrics_sitenote_category":0,"_jetpack_memberships_contains_paid_content":false,"footnotes":""},"categories":[233,29],"tags":[],"class_list":["post-18484","post","type-post","status-publish","format-standard","has-post-thumbnail","hentry","category-becas-y-convocatorias-2","category-noticias"],"aioseo_notices":[],"jetpack_featured_media_url":"https:\/\/soy.usac.edu.gt\/wp-content\/uploads\/2022\/09\/italia-venecia-e1579918757767.jpg","views":"","jetpack-related-posts":[{"id":12890,"url":"https:\/\/soy.usac.edu.gt\/?p=12890","url_meta":{"origin":18484,"position":0},"title":"USAC otorga ayuda econ\u00f3mica a estudiantes de postgrado","author":"Divisi\u00f3n de Publicidad","date":"18 noviembre, 2020","format":false,"excerpt":"Este programa benefici\u00f3 a 115 estudiantes afectados econ\u00f3micamente por la pandemia.","rel":"","context":"En \u00abBecas y Convocatorias\u00bb","block_context":{"text":"Becas y Convocatorias","link":"https:\/\/soy.usac.edu.gt\/?cat=127"},"img":{"alt_text":"","src":"https:\/\/i0.wp.com\/soy.usac.edu.gt\/wp-content\/uploads\/2020\/11\/WhatsApp-Image-2020-11-18-at-6.27.52-PM-7.jpeg?resize=350%2C200&ssl=1","width":350,"height":200,"srcset":"https:\/\/i0.wp.com\/soy.usac.edu.gt\/wp-content\/uploads\/2020\/11\/WhatsApp-Image-2020-11-18-at-6.27.52-PM-7.jpeg?resize=350%2C200&ssl=1 1x, https:\/\/i0.wp.com\/soy.usac.edu.gt\/wp-content\/uploads\/2020\/11\/WhatsApp-Image-2020-11-18-at-6.27.52-PM-7.jpeg?resize=525%2C300&ssl=1 1.5x, https:\/\/i0.wp.com\/soy.usac.edu.gt\/wp-content\/uploads\/2020\/11\/WhatsApp-Image-2020-11-18-at-6.27.52-PM-7.jpeg?resize=700%2C400&ssl=1 2x, https:\/\/i0.wp.com\/soy.usac.edu.gt\/wp-content\/uploads\/2020\/11\/WhatsApp-Image-2020-11-18-at-6.27.52-PM-7.jpeg?resize=1050%2C600&ssl=1 3x"},"classes":[]},{"id":13927,"url":"https:\/\/soy.usac.edu.gt\/?p=13927","url_meta":{"origin":18484,"position":1},"title":"Aplica a ofertas de becas internacionales para doctorado","author":"Divisi\u00f3n de Publicidad","date":"21 abril, 2021","format":false,"excerpt":"Conoce ofertas de becas en dos universidades extranjeras.","rel":"","context":"En \u00abBecas y convocatorias\u00bb","block_context":{"text":"Becas y convocatorias","link":"https:\/\/soy.usac.edu.gt\/?cat=233"},"img":{"alt_text":"","src":"https:\/\/i0.wp.com\/soy.usac.edu.gt\/wp-content\/uploads\/2021\/04\/zarra.jpg?resize=350%2C200&ssl=1","width":350,"height":200,"srcset":"https:\/\/i0.wp.com\/soy.usac.edu.gt\/wp-content\/uploads\/2021\/04\/zarra.jpg?resize=350%2C200&ssl=1 1x, https:\/\/i0.wp.com\/soy.usac.edu.gt\/wp-content\/uploads\/2021\/04\/zarra.jpg?resize=525%2C300&ssl=1 1.5x, https:\/\/i0.wp.com\/soy.usac.edu.gt\/wp-content\/uploads\/2021\/04\/zarra.jpg?resize=700%2C400&ssl=1 2x, https:\/\/i0.wp.com\/soy.usac.edu.gt\/wp-content\/uploads\/2021\/04\/zarra.jpg?resize=1050%2C600&ssl=1 3x"},"classes":[]},{"id":8826,"url":"https:\/\/soy.usac.edu.gt\/?p=8826","url_meta":{"origin":18484,"position":2},"title":"Festival de Becas, una oportunidad para crecer","author":"Divisi\u00f3n de Publicidad","date":"12 octubre, 2019","format":false,"excerpt":"El Festival de Becas ser\u00e1 una actividad importante para toda la poblaci\u00f3n estudiantil guatemalteca, por todas las oportunidades de estudio que brindar\u00e1n las embajadas acreditadas en el pa\u00eds y distintas instituciones.","rel":"","context":"En \u00abBecas y Convocatorias\u00bb","block_context":{"text":"Becas y Convocatorias","link":"https:\/\/soy.usac.edu.gt\/?cat=127"},"img":{"alt_text":"","src":"https:\/\/i0.wp.com\/soy.usac.edu.gt\/wp-content\/uploads\/2019\/10\/feria-de-becas-dos.jpeg?resize=350%2C200&ssl=1","width":350,"height":200,"srcset":"https:\/\/i0.wp.com\/soy.usac.edu.gt\/wp-content\/uploads\/2019\/10\/feria-de-becas-dos.jpeg?resize=350%2C200&ssl=1 1x, https:\/\/i0.wp.com\/soy.usac.edu.gt\/wp-content\/uploads\/2019\/10\/feria-de-becas-dos.jpeg?resize=525%2C300&ssl=1 1.5x, https:\/\/i0.wp.com\/soy.usac.edu.gt\/wp-content\/uploads\/2019\/10\/feria-de-becas-dos.jpeg?resize=700%2C400&ssl=1 2x, https:\/\/i0.wp.com\/soy.usac.edu.gt\/wp-content\/uploads\/2019\/10\/feria-de-becas-dos.jpeg?resize=1050%2C600&ssl=1 3x"},"classes":[]},{"id":16433,"url":"https:\/\/soy.usac.edu.gt\/?p=16433","url_meta":{"origin":18484,"position":3},"title":"Turqu\u00eda otorgar\u00e1 becas de estudio completas en sus mejores universidades","author":"Divisi\u00f3n de Publicidad","date":"16 febrero, 2022","format":false,"excerpt":"\u00fcrkiye Scholarships es un programa completo que incluye apoyo financiero, matr\u00edcula, alojamiento y seguro m\u00e9dico. Adem\u00e1s, brinda colocaci\u00f3n universitaria e instalaciones acad\u00e9micas, sociales y culturales a sus beneficiarios en todos los niveles de educaci\u00f3n superior.","rel":"","context":"En \u00abBecas y convocatorias\u00bb","block_context":{"text":"Becas y convocatorias","link":"https:\/\/soy.usac.edu.gt\/?cat=233"},"img":{"alt_text":"","src":"https:\/\/i0.wp.com\/soy.usac.edu.gt\/wp-content\/uploads\/2022\/02\/Turquia_Capadocia_shutterstock_94447651_Tatiana-Popova_Shutterstock.jpeg?resize=350%2C200&ssl=1","width":350,"height":200,"srcset":"https:\/\/i0.wp.com\/soy.usac.edu.gt\/wp-content\/uploads\/2022\/02\/Turquia_Capadocia_shutterstock_94447651_Tatiana-Popova_Shutterstock.jpeg?resize=350%2C200&ssl=1 1x, https:\/\/i0.wp.com\/soy.usac.edu.gt\/wp-content\/uploads\/2022\/02\/Turquia_Capadocia_shutterstock_94447651_Tatiana-Popova_Shutterstock.jpeg?resize=525%2C300&ssl=1 1.5x, https:\/\/i0.wp.com\/soy.usac.edu.gt\/wp-content\/uploads\/2022\/02\/Turquia_Capadocia_shutterstock_94447651_Tatiana-Popova_Shutterstock.jpeg?resize=700%2C400&ssl=1 2x, https:\/\/i0.wp.com\/soy.usac.edu.gt\/wp-content\/uploads\/2022\/02\/Turquia_Capadocia_shutterstock_94447651_Tatiana-Popova_Shutterstock.jpeg?resize=1050%2C600&ssl=1 3x"},"classes":[]},{"id":12289,"url":"https:\/\/soy.usac.edu.gt\/?p=12289","url_meta":{"origin":18484,"position":4},"title":"Conoce las opciones de estudio en el extranjero","author":"Divisi\u00f3n de Publicidad","date":"8 septiembre, 2020","format":false,"excerpt":"Del 10 al 12 de septiembre se llevar\u00e1 a cabo el Festival de Becas Internacional","rel":"","context":"En \u00abBecas y convocatorias\u00bb","block_context":{"text":"Becas y convocatorias","link":"https:\/\/soy.usac.edu.gt\/?cat=233"},"img":{"alt_text":"","src":"https:\/\/i0.wp.com\/soy.usac.edu.gt\/wp-content\/uploads\/2020\/09\/pag-9-becas2.jpg?resize=350%2C200&ssl=1","width":350,"height":200,"srcset":"https:\/\/i0.wp.com\/soy.usac.edu.gt\/wp-content\/uploads\/2020\/09\/pag-9-becas2.jpg?resize=350%2C200&ssl=1 1x, https:\/\/i0.wp.com\/soy.usac.edu.gt\/wp-content\/uploads\/2020\/09\/pag-9-becas2.jpg?resize=525%2C300&ssl=1 1.5x, https:\/\/i0.wp.com\/soy.usac.edu.gt\/wp-content\/uploads\/2020\/09\/pag-9-becas2.jpg?resize=700%2C400&ssl=1 2x"},"classes":[]},{"id":18423,"url":"https:\/\/soy.usac.edu.gt\/?p=18423","url_meta":{"origin":18484,"position":5},"title":"Docentes podr\u00e1n participar en programa europeo de movilidad","author":"Erick Iv\u00e1n de Le\u00f3n","date":"11 septiembre, 2022","format":false,"excerpt":"La convocatoria est\u00e1 dirigida a catedr\u00e1ticos sancarlistas interesados en impartir docencia en Europa o formarse en alg\u00fan campo en particular.\u00a0","rel":"","context":"En \u00abBecas y convocatorias\u00bb","block_context":{"text":"Becas y convocatorias","link":"https:\/\/soy.usac.edu.gt\/?cat=233"},"img":{"alt_text":"","src":"https:\/\/i0.wp.com\/soy.usac.edu.gt\/wp-content\/uploads\/2022\/09\/La-capital-italiana-esta-plagada-de-arte-historia-y-belleza.jpg?resize=350%2C200&ssl=1","width":350,"height":200,"srcset":"https:\/\/i0.wp.com\/soy.usac.edu.gt\/wp-content\/uploads\/2022\/09\/La-capital-italiana-esta-plagada-de-arte-historia-y-belleza.jpg?resize=350%2C200&ssl=1 1x, https:\/\/i0.wp.com\/soy.usac.edu.gt\/wp-content\/uploads\/2022\/09\/La-capital-italiana-esta-plagada-de-arte-historia-y-belleza.jpg?resize=525%2C300&ssl=1 1.5x, https:\/\/i0.wp.com\/soy.usac.edu.gt\/wp-content\/uploads\/2022\/09\/La-capital-italiana-esta-plagada-de-arte-historia-y-belleza.jpg?resize=700%2C400&ssl=1 2x"},"classes":[]}],"jetpack_sharing_enabled":true,"_links":{"self":[{"href":"https:\/\/soy.usac.edu.gt\/index.php?rest_route=\/wp\/v2\/posts\/18484","targetHints":{"allow":["GET"]}}],"collection":[{"href":"https:\/\/soy.usac.edu.gt\/index.php?rest_route=\/wp\/v2\/posts"}],"about":[{"href":"https:\/\/soy.usac.edu.gt\/index.php?rest_route=\/wp\/v2\/types\/post"}],"author":[{"embeddable":true,"href":"https:\/\/soy.usac.edu.gt\/index.php?rest_route=\/wp\/v2\/users\/16"}],"replies":[{"embeddable":true,"href":"https:\/\/soy.usac.edu.gt\/index.php?rest_route=%2Fwp%2Fv2%2Fcomments&post=18484"}],"version-history":[{"count":5,"href":"https:\/\/soy.usac.edu.gt\/index.php?rest_route=\/wp\/v2\/posts\/18484\/revisions"}],"predecessor-version":[{"id":18502,"href":"https:\/\/soy.usac.edu.gt\/index.php?rest_route=\/wp\/v2\/posts\/18484\/revisions\/18502"}],"wp:featuredmedia":[{"embeddable":true,"href":"https:\/\/soy.usac.edu.gt\/index.php?rest_route=\/wp\/v2\/media\/18487"}],"wp:attachment":[{"href":"https:\/\/soy.usac.edu.gt\/index.php?rest_route=%2Fwp%2Fv2%2Fmedia&parent=18484"}],"wp:term":[{"taxonomy":"category","embeddable":true,"href":"https:\/\/soy.usac.edu.gt\/index.php?rest_route=%2Fwp%2Fv2%2Fcategories&post=18484"},{"taxonomy":"post_tag","embeddable":true,"href":"https:\/\/soy.usac.edu.gt\/index.php?rest_route=%2Fwp%2Fv2%2Ftags&post=18484"}],"curies":[{"name":"wp","href":"https:\/\/api.w.org\/{rel}","templated":true}]}}