{"id":18522,"date":"2022-09-24T11:22:41","date_gmt":"2022-09-24T17:22:41","guid":{"rendered":"https:\/\/soy.usac.edu.gt\/?p=18522"},"modified":"2022-09-24T11:23:08","modified_gmt":"2022-09-24T17:23:08","slug":"usac-acerca-la-entrega-de-titulos-a-sancarlistas-graduados","status":"publish","type":"post","link":"https:\/\/soy.usac.edu.gt\/?p=18522","title":{"rendered":"Usac acerca la entrega de t\u00edtulos a Sancarlistas graduados"},"content":{"rendered":"\n<p style=\"text-align: justify;\"><b><i>Con la finalidad de apoyar a los nuevos profesionales egresados de USAC, esta casa de estudios superiores ha implementado un plan de entrega de t\u00edtulos en diferentes lugares del pa\u00eds.<\/i><\/b><\/p>\n<p style=\"text-align: justify;\"><span style=\"font-weight: 400;\">Acercar la entrega del t\u00edtulo universitario a los egresados de la Universidad de San Carlos de Guatemala, subsanando las dificultades que se enfrentan por la pandemia de Covid-19 y la toma de las instalaciones de la m\u00e1xima casa de estudios, es el objetivo del plan que se implementa por las autoridades universitarias desde julio de este a\u00f1o, con el que han logrado que 3,188 profesionales lo reciban directamente.\u00a0<\/span><\/p>\n<p style=\"text-align: justify;\"><span style=\"font-weight: 400;\">El plan comprende la entrega tanto en la sede del\u00a0 Colegios\u00a0 de Profesionales, como llegar a la vivienda de profesionales que enfrentan dificultades de movilizaci\u00f3n, de esa cuenta, a la fecha se ha llegado a la residencia de profesionales que viven en municipios del departamento de Guatemala, por ejemplo, de San Raymundo, Mixco y San Miguel Petapa, y se ha previsto llegar a municipios de otros departamentos.<\/span><\/p>\n<p style=\"text-align: justify;\"><span style=\"font-weight: 400;\">Para lograr ese cometido se han generado coordinaciones previamente con la Junta\u00a0 Directiva del\u00a0 Colegio de Profesionales adem\u00e1s, la comunicaci\u00f3n v\u00eda telef\u00f3nica con los Sancarlitas para acordar lugar, fecha y hora en la que pueden recibir el documento que les acredita como profesionales.\u00a0<\/span><\/p>\n<p style=\"text-align: justify;\"><span style=\"font-weight: 400;\">El Rector M.A. Walter Mazariegos, ha instruido que se acerque a la puerta de las viviendas el procedimiento para apoyar a los egresados que tienen dificultades de salud o limitaciones que les complican la movilidad, adem\u00e1s, que se agilice el dotar de sus t\u00edtulos a los profesionales, tomando en cuenta que durante varios meses estuvo suspendido dicho procedimiento y eso afecta ante las opciones laborales a las que pueden optar.<\/span><\/p>\n<p>\u00a0<\/p>\n<div id=\"metaslider-id-18538\" style=\"width: 100%;\" class=\"ml-slider-3-106-0 metaslider metaslider-flex metaslider-18538 ml-slider has-dots-nav ms-theme-default\" role=\"region\" aria-label=\"t\u00edtulos\" data-height=\"800\" data-width=\"1200\">\n    <div id=\"metaslider_container_18538\">\n        <div id=\"metaslider_18538\">\n            <ul class='slides'>\n                <li style=\"display: block; width: 100%;\" class=\"slide-18539 ms-image \" aria-roledescription=\"slide\" data-date=\"2022-09-24 11:19:55\" data-filename=\"WhatsApp-Image-2022-09-23-at-7.50.28-PM-2-1-1066x710.jpeg\" data-slide-type=\"image\"><img loading=\"lazy\" decoding=\"async\" src=\"https:\/\/soy.usac.edu.gt\/wp-content\/uploads\/2022\/09\/WhatsApp-Image-2022-09-23-at-7.50.28-PM-2-1-1066x710.jpeg\" height=\"800\" width=\"1200\" alt=\"\" class=\"slider-18538 slide-18539 msDefaultImage\" title=\"WhatsApp Image 2022-09-23 at 7.50.28 PM (2)\" \/><\/li>\n                <li style=\"display: none; width: 100%;\" class=\"slide-18540 ms-image \" aria-roledescription=\"slide\" data-date=\"2022-09-24 11:19:55\" data-filename=\"WhatsApp-Image-2022-09-23-at-7.50.28-PM-2-1200x800.jpeg\" data-slide-type=\"image\"><img loading=\"lazy\" decoding=\"async\" src=\"https:\/\/soy.usac.edu.gt\/wp-content\/uploads\/2022\/09\/WhatsApp-Image-2022-09-23-at-7.50.28-PM-2-1200x800.jpeg\" height=\"800\" width=\"1200\" alt=\"\" class=\"slider-18538 slide-18540 msDefaultImage\" title=\"WhatsApp Image 2022-09-23 at 7.50.28 PM (2)\" \/><\/li>\n                <li style=\"display: none; width: 100%;\" class=\"slide-18542 ms-image \" aria-roledescription=\"slide\" data-date=\"2022-09-24 11:19:55\" data-filename=\"WhatsApp-Image-2022-09-23-at-7.50.28-PM-585x390.jpeg\" data-slide-type=\"image\"><img loading=\"lazy\" decoding=\"async\" src=\"https:\/\/soy.usac.edu.gt\/wp-content\/uploads\/2022\/09\/WhatsApp-Image-2022-09-23-at-7.50.28-PM-585x390.jpeg\" height=\"800\" width=\"1200\" alt=\"\" class=\"slider-18538 slide-18542 msDefaultImage\" title=\"WhatsApp Image 2022-09-23 at 7.50.28 PM\" \/><\/li>\n                <li style=\"display: none; width: 100%;\" class=\"slide-18543 ms-image \" aria-roledescription=\"slide\" data-date=\"2022-09-24 11:19:56\" data-filename=\"WhatsApp-Image-2022-09-23-at-7.50.28-PM-1-1200x800.jpeg\" data-slide-type=\"image\"><img loading=\"lazy\" decoding=\"async\" src=\"https:\/\/soy.usac.edu.gt\/wp-content\/uploads\/2022\/09\/WhatsApp-Image-2022-09-23-at-7.50.28-PM-1-1200x800.jpeg\" height=\"800\" width=\"1200\" alt=\"\" class=\"slider-18538 slide-18543 msDefaultImage\" title=\"WhatsApp Image 2022-09-23 at 7.50.28 PM (1)\" \/><\/li>\n                <li style=\"display: none; width: 100%;\" class=\"slide-18547 ms-image \" aria-roledescription=\"slide\" data-date=\"2022-09-26 09:59:57\" data-filename=\"WhatsApp-Image-2022-09-26-at-9.54.40-AM-900x600.jpeg\" data-slide-type=\"image\"><img loading=\"lazy\" decoding=\"async\" src=\"https:\/\/soy.usac.edu.gt\/wp-content\/uploads\/2022\/09\/WhatsApp-Image-2022-09-26-at-9.54.40-AM-900x600.jpeg\" height=\"800\" width=\"1200\" alt=\"\" class=\"slider-18538 slide-18547 msDefaultImage\" title=\"WhatsApp Image 2022-09-26 at 9.54.40 AM\" \/><\/li>\n                <li style=\"display: none; width: 100%;\" class=\"slide-18548 ms-image \" aria-roledescription=\"slide\" data-date=\"2022-09-26 09:59:57\" data-filename=\"WhatsApp-Image-2022-09-26-at-9.58.05-AM-1200x800.jpeg\" data-slide-type=\"image\"><img loading=\"lazy\" decoding=\"async\" src=\"https:\/\/soy.usac.edu.gt\/wp-content\/uploads\/2022\/09\/WhatsApp-Image-2022-09-26-at-9.58.05-AM-1200x800.jpeg\" height=\"800\" width=\"1200\" alt=\"\" class=\"slider-18538 slide-18548 msDefaultImage\" title=\"WhatsApp Image 2022-09-26 at 9.58.05 AM\" \/><\/li>\n            <\/ul>\n        <\/div>\n        \n    <\/div>\n<\/div>\n<p>\u00a0<\/p>\n<p style=\"text-align: justify;\">\u00a0<\/p>\n<h5 style=\"text-align: justify;\"><b>Testimonios<\/b><\/h5>\n<p style=\"text-align: justify;\"><span style=\"font-weight: 400;\">\u00a0\u00abMe siento muy contenta y felicito a las autoridades que han tenido a bien involucrarse para ejecutar de manera eficaz esta entrega y hoy es un d\u00eda lluvioso, pero las autoridades se hicieron presentes ac\u00e1 en mi casa para entregarme mi t\u00edtulo, estoy muy agradecida y en nombre propio y de mis colegas que est\u00e1n este proceso les agradezco y les env\u00edo un fuerte abrazo\u00bb.<\/span><\/p>\n<p style=\"text-align: justify;\"><strong>Dijo Rebeca Morales \/ egresada que recibi\u00f3 su t\u00edtulo en zona 17\u00a0<\/strong><\/p>\n<p style=\"text-align: justify;\"><span style=\"font-weight: 400;\">\u00bb Agradezco mucho la atenci\u00f3n con estas gestiones, es de mucha alegr\u00eda tener un t\u00edtulo de tan prestigiosa universidad, as\u00ed que los animo a todos para poder continuar con sus estudios y lograr este objetivo tan satisfactorio para nosotros\u00bb.\u00a0\u00a0<\/span><\/p>\n<p style=\"text-align: justify;\"><strong>David Tobar \/ egresado que recibi\u00f3 su t\u00edtulo Ciudad San Crist\u00f3bal\u00a0<\/strong><\/p>\n<p style=\"text-align: justify;\"><span style=\"font-weight: 400;\">\u00abEl mensaje que yo me puedo dar a todos los sancarlistas es que no desmayen que sigan luchando; este t\u00edtulo es una gran bendici\u00f3n y trae una gran historia, as\u00ed que muchas gracias a nuestro querido rector y las autoridades porque realmente se ve el trabajo, el compromiso que tiene con la universidad\u00bb.\u00a0\u00a0<\/span><\/p>\n<p style=\"text-align: justify;\"><strong>Mar\u00eda de los \u00c1ngeles Calder\u00f3n \/ egresada de la Facultad de Humanidades, recibi\u00f3 su t\u00edtulo en San Miguel Petapa\u00a0<\/strong><\/p>\n<p style=\"text-align: justify;\"><span style=\"font-weight: 400;\">\u201cAgradezco a las autoridades y a la universidad de San Carlos quienes est\u00e1n haciendo este enorme esfuerzo de entrega\u201d<\/span><\/p>\n<p style=\"text-align: justify;\"><strong>Elio Casta\u00f1eda \/ Egresado de la Facultad de Ciencias Econ\u00f3micas, y recibi\u00f3 su titulo en zona 9<\/strong><\/p>\n<p>\u00a0<\/p>\n<p style=\"text-align: justify;\"><b>Stand informativo\u00a0<\/b><\/p>\n<p style=\"text-align: justify;\"><span style=\"font-weight: 400;\">Para atender las dudas o consultas de forma presencial la universidad adem\u00e1s instal\u00f3 un puesto de informaci\u00f3n donde se pueden generar constancias de tr\u00e1mite de t\u00edtulos, impresi\u00f3n de carn\u00e9 universitario, adem\u00e1s de toda la informaci\u00f3n del proceso de ingreso a esta casa de estudios superiores para el a\u00f1o 2023.<\/span><\/p>\n<p>\u00a0<\/p>\n<blockquote>\n<p style=\"text-align: justify;\"><b><i>Se estima que en el 2023 ingresen alrededor de 65 mil estudiantes a la USAC<\/i><\/b><\/p>\n<\/blockquote>\n<p style=\"text-align: justify;\">\u00a0<\/p>\n","protected":false},"excerpt":{"rendered":"<p>Con la finalidad de apoyar a los nuevos profesionales egresados de USAC, esta casa de estudios superiores ha implementado un plan de entrega de t\u00edtulos en diferentes lugares del pa\u00eds.<\/p>\n","protected":false},"author":14,"featured_media":18533,"comment_status":"closed","ping_status":"open","sticky":false,"template":"","format":"standard","meta":{"_exactmetrics_skip_tracking":false,"_exactmetrics_sitenote_active":false,"_exactmetrics_sitenote_note":"","_exactmetrics_sitenote_category":0,"_jetpack_memberships_contains_paid_content":false,"footnotes":""},"categories":[29],"tags":[],"class_list":["post-18522","post","type-post","status-publish","format-standard","has-post-thumbnail","hentry","category-noticias"],"aioseo_notices":[],"jetpack_featured_media_url":"https:\/\/soy.usac.edu.gt\/wp-content\/uploads\/2022\/09\/WhatsApp-Image-2022-09-23-at-7.50.28-PM-1-1.jpeg","views":"","jetpack-related-posts":[{"id":18756,"url":"https:\/\/soy.usac.edu.gt\/?p=18756","url_meta":{"origin":18522,"position":0},"title":"250 t\u00edtulos y 364 carn\u00e9s son entregados en CUNOC","author":"Divisi\u00f3n de Publicidad","date":"27 octubre, 2022","format":false,"excerpt":"La administraci\u00f3n del Rector M. A. Walter Mazariegos llev\u00f3 a cabo una jornada de atenci\u00f3n estudiantil en Quetzaltenango.","rel":"","context":"En \u00abDepartamentales\u00bb","block_context":{"text":"Departamentales","link":"https:\/\/soy.usac.edu.gt\/?cat=95"},"img":{"alt_text":"","src":"https:\/\/i0.wp.com\/soy.usac.edu.gt\/wp-content\/uploads\/2022\/10\/14.jpg?resize=350%2C200&ssl=1","width":350,"height":200,"srcset":"https:\/\/i0.wp.com\/soy.usac.edu.gt\/wp-content\/uploads\/2022\/10\/14.jpg?resize=350%2C200&ssl=1 1x, https:\/\/i0.wp.com\/soy.usac.edu.gt\/wp-content\/uploads\/2022\/10\/14.jpg?resize=525%2C300&ssl=1 1.5x, https:\/\/i0.wp.com\/soy.usac.edu.gt\/wp-content\/uploads\/2022\/10\/14.jpg?resize=700%2C400&ssl=1 2x, https:\/\/i0.wp.com\/soy.usac.edu.gt\/wp-content\/uploads\/2022\/10\/14.jpg?resize=1050%2C600&ssl=1 3x, https:\/\/i0.wp.com\/soy.usac.edu.gt\/wp-content\/uploads\/2022\/10\/14.jpg?resize=1400%2C800&ssl=1 4x"},"classes":[]},{"id":17773,"url":"https:\/\/soy.usac.edu.gt\/?p=17773","url_meta":{"origin":18522,"position":1},"title":"USAC reanuda entrega de t\u00edtulos universitarios","author":"Edwin Medina","date":"26 julio, 2022","format":false,"excerpt":"Trabajamos por los estudiantes sancarlistas. A partir de hoy los egresados empezaron a recibir sus t\u00edtulos universitarios.","rel":"","context":"En \u00abNoticias\u00bb","block_context":{"text":"Noticias","link":"https:\/\/soy.usac.edu.gt\/?cat=29"},"img":{"alt_text":"","src":"https:\/\/i0.wp.com\/soy.usac.edu.gt\/wp-content\/uploads\/2022\/07\/WhatsApp-Image-2022-07-26-at-3.00.20-PM.jpeg?resize=350%2C200&ssl=1","width":350,"height":200,"srcset":"https:\/\/i0.wp.com\/soy.usac.edu.gt\/wp-content\/uploads\/2022\/07\/WhatsApp-Image-2022-07-26-at-3.00.20-PM.jpeg?resize=350%2C200&ssl=1 1x, https:\/\/i0.wp.com\/soy.usac.edu.gt\/wp-content\/uploads\/2022\/07\/WhatsApp-Image-2022-07-26-at-3.00.20-PM.jpeg?resize=525%2C300&ssl=1 1.5x, https:\/\/i0.wp.com\/soy.usac.edu.gt\/wp-content\/uploads\/2022\/07\/WhatsApp-Image-2022-07-26-at-3.00.20-PM.jpeg?resize=700%2C400&ssl=1 2x, https:\/\/i0.wp.com\/soy.usac.edu.gt\/wp-content\/uploads\/2022\/07\/WhatsApp-Image-2022-07-26-at-3.00.20-PM.jpeg?resize=1050%2C600&ssl=1 3x, https:\/\/i0.wp.com\/soy.usac.edu.gt\/wp-content\/uploads\/2022\/07\/WhatsApp-Image-2022-07-26-at-3.00.20-PM.jpeg?resize=1400%2C800&ssl=1 4x"},"classes":[]},{"id":10060,"url":"https:\/\/soy.usac.edu.gt\/?p=10060","url_meta":{"origin":18522,"position":2},"title":"USAC celebra 75 a\u00f1os de autonom\u00eda universitaria","author":"Divisi\u00f3n de Publicidad","date":"1 diciembre, 2019","format":false,"excerpt":"En este d\u00eda la USAC conmemor\u00f3 75 a\u00f1os de impartir educaci\u00f3n superior al servicio de la poblaci\u00f3n, como un triunfo obtenido con la autonom\u00eda universitaria,\u00a0 proclamada en el Decreto No. 12 emitido por la Junta Revolucionaria de 1944.","rel":"","context":"En \u00abEstudiantes\u00bb","block_context":{"text":"Estudiantes","link":"https:\/\/soy.usac.edu.gt\/?cat=585"},"img":{"alt_text":"","src":"https:\/\/i0.wp.com\/soy.usac.edu.gt\/wp-content\/uploads\/2019\/12\/DESTACADA.jpg?resize=350%2C200&ssl=1","width":350,"height":200,"srcset":"https:\/\/i0.wp.com\/soy.usac.edu.gt\/wp-content\/uploads\/2019\/12\/DESTACADA.jpg?resize=350%2C200&ssl=1 1x, https:\/\/i0.wp.com\/soy.usac.edu.gt\/wp-content\/uploads\/2019\/12\/DESTACADA.jpg?resize=525%2C300&ssl=1 1.5x, https:\/\/i0.wp.com\/soy.usac.edu.gt\/wp-content\/uploads\/2019\/12\/DESTACADA.jpg?resize=700%2C400&ssl=1 2x, https:\/\/i0.wp.com\/soy.usac.edu.gt\/wp-content\/uploads\/2019\/12\/DESTACADA.jpg?resize=1050%2C600&ssl=1 3x"},"classes":[]},{"id":19468,"url":"https:\/\/soy.usac.edu.gt\/?p=19468","url_meta":{"origin":18522,"position":3},"title":"Candidatos prometen otorgar el 5 % a la USAC","author":"Divisi\u00f3n de Publicidad","date":"7 junio, 2023","format":false,"excerpt":"Durante el foro Presidenciables USAC 2023, afirmaron que cumplir\u00e1n la entrega del aporte constitucional que le corresponde a esta casa de estudios.","rel":"","context":"En \u00abNoticias\u00bb","block_context":{"text":"Noticias","link":"https:\/\/soy.usac.edu.gt\/?cat=29"},"img":{"alt_text":"","src":"https:\/\/i0.wp.com\/soy.usac.edu.gt\/wp-content\/uploads\/2023\/06\/WhatsApp-Image-2023-06-07-at-10.53.09.jpeg?resize=350%2C200&ssl=1","width":350,"height":200,"srcset":"https:\/\/i0.wp.com\/soy.usac.edu.gt\/wp-content\/uploads\/2023\/06\/WhatsApp-Image-2023-06-07-at-10.53.09.jpeg?resize=350%2C200&ssl=1 1x, https:\/\/i0.wp.com\/soy.usac.edu.gt\/wp-content\/uploads\/2023\/06\/WhatsApp-Image-2023-06-07-at-10.53.09.jpeg?resize=525%2C300&ssl=1 1.5x, https:\/\/i0.wp.com\/soy.usac.edu.gt\/wp-content\/uploads\/2023\/06\/WhatsApp-Image-2023-06-07-at-10.53.09.jpeg?resize=700%2C400&ssl=1 2x, https:\/\/i0.wp.com\/soy.usac.edu.gt\/wp-content\/uploads\/2023\/06\/WhatsApp-Image-2023-06-07-at-10.53.09.jpeg?resize=1050%2C600&ssl=1 3x, https:\/\/i0.wp.com\/soy.usac.edu.gt\/wp-content\/uploads\/2023\/06\/WhatsApp-Image-2023-06-07-at-10.53.09.jpeg?resize=1400%2C800&ssl=1 4x"},"classes":[]},{"id":7804,"url":"https:\/\/soy.usac.edu.gt\/?p=7804","url_meta":{"origin":18522,"position":4},"title":"Luis Su\u00e1rez es reelecto como decano","author":"Erick Iv\u00e1n de Le\u00f3n","date":"26 julio, 2019","format":false,"excerpt":"El decano reelecto administrar\u00e1 la Facultad de Ciencias Econ\u00f3micas hasta 2023.\u00a0","rel":"","context":"En \u00abNoticias\u00bb","block_context":{"text":"Noticias","link":"https:\/\/soy.usac.edu.gt\/?cat=29"},"img":{"alt_text":"","src":"https:\/\/i0.wp.com\/soy.usac.edu.gt\/wp-content\/uploads\/2019\/07\/DSC_0029.jpg?resize=350%2C200&ssl=1","width":350,"height":200,"srcset":"https:\/\/i0.wp.com\/soy.usac.edu.gt\/wp-content\/uploads\/2019\/07\/DSC_0029.jpg?resize=350%2C200&ssl=1 1x, https:\/\/i0.wp.com\/soy.usac.edu.gt\/wp-content\/uploads\/2019\/07\/DSC_0029.jpg?resize=525%2C300&ssl=1 1.5x, https:\/\/i0.wp.com\/soy.usac.edu.gt\/wp-content\/uploads\/2019\/07\/DSC_0029.jpg?resize=700%2C400&ssl=1 2x, https:\/\/i0.wp.com\/soy.usac.edu.gt\/wp-content\/uploads\/2019\/07\/DSC_0029.jpg?resize=1050%2C600&ssl=1 3x, https:\/\/i0.wp.com\/soy.usac.edu.gt\/wp-content\/uploads\/2019\/07\/DSC_0029.jpg?resize=1400%2C800&ssl=1 4x"},"classes":[]},{"id":12988,"url":"https:\/\/soy.usac.edu.gt\/?p=12988","url_meta":{"origin":18522,"position":5},"title":"USAC cumple 76 a\u00f1os de ser aut\u00f3noma","author":"Divisi\u00f3n de Publicidad","date":"1 diciembre, 2020","format":false,"excerpt":"Hoy se realizar\u00e1 el acto acad\u00e9mico virtual que conmemora el 76 aniversario de la autonom\u00eda universitaria. Como parte de la celebraci\u00f3n, se otorga la Medalla Universitaria y el reconocimiento Profesional Ilustre de las Ciencias Literarias; adem\u00e1s, recientemente se efectu\u00f3 la entrega de t\u00edtulos universitarios\u00a0 a estudiantes de centros universitarios y\u2026","rel":"","context":"En \u00abNoticias\u00bb","block_context":{"text":"Noticias","link":"https:\/\/soy.usac.edu.gt\/?cat=29"},"img":{"alt_text":"","src":"https:\/\/i0.wp.com\/soy.usac.edu.gt\/wp-content\/uploads\/2019\/12\/DESTACADA.jpg?resize=350%2C200&ssl=1","width":350,"height":200,"srcset":"https:\/\/i0.wp.com\/soy.usac.edu.gt\/wp-content\/uploads\/2019\/12\/DESTACADA.jpg?resize=350%2C200&ssl=1 1x, https:\/\/i0.wp.com\/soy.usac.edu.gt\/wp-content\/uploads\/2019\/12\/DESTACADA.jpg?resize=525%2C300&ssl=1 1.5x, https:\/\/i0.wp.com\/soy.usac.edu.gt\/wp-content\/uploads\/2019\/12\/DESTACADA.jpg?resize=700%2C400&ssl=1 2x, https:\/\/i0.wp.com\/soy.usac.edu.gt\/wp-content\/uploads\/2019\/12\/DESTACADA.jpg?resize=1050%2C600&ssl=1 3x"},"classes":[]}],"jetpack_sharing_enabled":true,"_links":{"self":[{"href":"https:\/\/soy.usac.edu.gt\/index.php?rest_route=\/wp\/v2\/posts\/18522","targetHints":{"allow":["GET"]}}],"collection":[{"href":"https:\/\/soy.usac.edu.gt\/index.php?rest_route=\/wp\/v2\/posts"}],"about":[{"href":"https:\/\/soy.usac.edu.gt\/index.php?rest_route=\/wp\/v2\/types\/post"}],"author":[{"embeddable":true,"href":"https:\/\/soy.usac.edu.gt\/index.php?rest_route=\/wp\/v2\/users\/14"}],"replies":[{"embeddable":true,"href":"https:\/\/soy.usac.edu.gt\/index.php?rest_route=%2Fwp%2Fv2%2Fcomments&post=18522"}],"version-history":[{"count":7,"href":"https:\/\/soy.usac.edu.gt\/index.php?rest_route=\/wp\/v2\/posts\/18522\/revisions"}],"predecessor-version":[{"id":18544,"href":"https:\/\/soy.usac.edu.gt\/index.php?rest_route=\/wp\/v2\/posts\/18522\/revisions\/18544"}],"wp:featuredmedia":[{"embeddable":true,"href":"https:\/\/soy.usac.edu.gt\/index.php?rest_route=\/wp\/v2\/media\/18533"}],"wp:attachment":[{"href":"https:\/\/soy.usac.edu.gt\/index.php?rest_route=%2Fwp%2Fv2%2Fmedia&parent=18522"}],"wp:term":[{"taxonomy":"category","embeddable":true,"href":"https:\/\/soy.usac.edu.gt\/index.php?rest_route=%2Fwp%2Fv2%2Fcategories&post=18522"},{"taxonomy":"post_tag","embeddable":true,"href":"https:\/\/soy.usac.edu.gt\/index.php?rest_route=%2Fwp%2Fv2%2Ftags&post=18522"}],"curies":[{"name":"wp","href":"https:\/\/api.w.org\/{rel}","templated":true}]}}