{"id":18550,"date":"2022-10-03T16:43:37","date_gmt":"2022-10-03T22:43:37","guid":{"rendered":"https:\/\/soy.usac.edu.gt\/?p=18550"},"modified":"2022-10-04T12:50:31","modified_gmt":"2022-10-04T18:50:31","slug":"usac-participo-en-la-noche-iberoamericana-de-los-investigadores","status":"publish","type":"post","link":"https:\/\/soy.usac.edu.gt\/?p=18550","title":{"rendered":"USAC particip\u00f3 en \u201cLa Noche Iberoamericana de los Investigadores\u201d"},"content":{"rendered":"\n<p><strong>Por Barbara Arg\u00fcello\/DIGI<\/strong><\/p>\n<h5 style=\"text-align: left;\"><strong><i>Este es el evento de divulgaci\u00f3n cient\u00edfica m\u00e1s importante de la regi\u00f3n.<\/i><\/strong><\/h5>\n<p style=\"text-align: justify;\"><i><span style=\"font-weight: 400;\">Investigadores de distintas \u00e1reas del conocimiento, representaron a la Universidad de San Carlos de Guatemala en el evento de divulgaci\u00f3n cient\u00edfica m\u00e1s importante de la regi\u00f3n iberoamericana: \u201cLa Noche Iberoamericana de los investigadores\u201d, que se desarroll\u00f3 del 30 de septiembre al 1\u00b0 de octubre, bajo la coordinaci\u00f3n de la organizaci\u00f3n de Estados Iberoamericanos para la Educaci\u00f3n, la Ciencia y la Cultura, (OEI).<\/span><\/i><\/p>\n<p style=\"text-align: justify;\"><i><span style=\"font-weight: 400;\">Mariano Jabonero, Secretario General de la OEI explic\u00f3 que la iniciativa iberoamericana, deriva del evento original, \u201cLa Noche Europea de los Investigadores\u201d como un ejemplo de colaboraci\u00f3n y participaci\u00f3n entre dos zonas geogr\u00e1ficas y pol\u00edticas que comparten objetivos y preocupaciones comunes: \u201c No puede haber crecimiento, desarrollo,\u00a0 ni mejora de la productividad en la regi\u00f3n sin una cooperaci\u00f3n cient\u00edfica s\u00f3lida\u201d, apunt\u00f3; adem\u00e1s de se\u00f1alar que la ciencia necesita ser divulgada, comunicada y compartida para tener \u00e9xito real.\u00a0<\/span><\/i><\/p>\n<p style=\"text-align: justify;\"><i><span style=\"font-weight: 400;\">Representantes de las entidades de Ciencia y Tecnolog\u00eda de los 12 pa\u00edses participantes, acompa\u00f1aron la inauguraci\u00f3n de este evento y coincidieron en la necesidad de potenciar y visibilizar los aportes cient\u00edficos en todos los pa\u00edses de la regi\u00f3n. \u201cEl futuro de la humanidad tiene mucho que ver con el aporte que investigadores y acad\u00e9micos realizan cotidianamente para mejorar las condiciones de vida de nuestra gente; no solo para aumentar la competitividad y la productividad, sino, para resolver los problemas sociales, para transformar las pol\u00edticas de Estado en cada uno de los pa\u00edses. Toda la sociedad tiene que agradecer a investigadores y acad\u00e9micos el trabajo que realizan\u201d, enfatiz\u00f3 Daniel Filmus, ministro de Ciencia, Tecnolog\u00eda e Innovaci\u00f3n Productiva de Argentina.<\/span><\/i><\/p>\n<p style=\"text-align: justify;\"><i><span style=\"font-weight: 400;\">El programa de La Noche Iberoamericana de los Investigadores, incluy\u00f3 un total de 200 actividades, desarrolladas por m\u00e1s de 500 investigadores representantes de un centenar de instituciones. Guatemala junto a: Brasil, Chile, Argentina, Colombia, Costa Rica, Ecuador, M\u00e9xico, Paraguay, Per\u00fa, Rep\u00fablica Dominicana y Uruguay presentaron los aportes cient\u00edficos de sus investigaciones en beneficio de la sociedad.<\/span><\/i><\/p>\n<p style=\"text-align: justify;\">\u00a0<\/p>\n<blockquote>\n<h5><strong><i>Investigadores participantes por la Universidad de San Carlos de Guatemala<\/i><\/strong><\/h5>\n<p><i><span style=\"font-weight: 400;\">Un total de nueve cient\u00edficos\/as guatemaltecos participaron en este evento iberoamericano en representaci\u00f3n de la Universidad de San Carlos de Guatemala. Todas las investigaciones presentadas por la USAC durante el evento, fueron cofinanciadas a trav\u00e9s de la Direcci\u00f3n General de Investigaci\u00f3n (DIGI) y avaladas por las distintas unidades acad\u00e9micas de esta casa de estudios.<\/span><\/i><\/p>\n<p><i><span style=\"font-weight: 400;\"><strong>Karla Cord\u00f3n.<\/strong> Transformaci\u00f3n de setas comestibles nativas en harina para pastas como una alternativa para comunidades rurales.<\/span><\/i><\/p>\n<p><i><span style=\"font-weight: 400;\"><strong>Donald Wylman Gonz\u00e1lez Aguilar.<\/strong> Bienestar subjetivo, apoyo social y conexi\u00f3n acad\u00e9mica en estudiantes universitarios.<\/span><\/i><\/p>\n<p><i><span style=\"font-weight: 400;\"><strong>Edgar Esquit Choy.<\/strong> Los territorios comunales kaqchikeles durante la dominaci\u00f3n espa\u00f1ola.<\/span><\/i><\/p>\n<p><i><span style=\"font-weight: 400;\"><strong>Edward Mario Augusto Guerrero Guti\u00e9rrez.<\/strong> Membranas entrecruzadas con Cu+2 y su aplicaci\u00f3n en la filtraci\u00f3n de agua y agente biocida<\/span><\/i><\/p>\n<p><i><span style=\"font-weight: 400;\"><strong>Erick Fernando Garc\u00eda Alvarado.<\/strong> Rescate del conocimiento ancestral de las tejedoras tradicionales de Pal\u00edn, Escuintla; una mirada para comprender sus aportes al desarrollo local.<\/span><\/i><\/p>\n<p><i><span style=\"font-weight: 400;\"><strong>Josu\u00e9 Garc\u00eda P\u00e9rez.<\/strong> Evaluaci\u00f3n de los aceites esenciales de boldo, lavanda, salvia sija, y cardamomo como anest\u00e9sicos para alevines de tilapia<\/span><\/i><\/p>\n<p><i><span style=\"font-weight: 400;\"><strong>Lesly Yanira Xajil Ramos.<\/strong> Distribuci\u00f3n de polimorfismos del gen CYP2C19 en cinco grupos poblacionales de Guatemala y su implicaci\u00f3n en farmacovigilancia<\/span><\/i><\/p>\n<p><i><span style=\"font-weight: 400;\"><strong>Ricardo Andr\u00e9s Figueroa Ceballos.<\/strong> Diversidad y bioprospecci\u00f3n de hongos anamorfos en Guatemala (Fase III): Producci\u00f3n de amilasas y celulasas utilizando residuos agr\u00edcolas.<\/span><\/i><\/p>\n<p><i><span style=\"font-weight: 400;\"><strong>Sully Margot Cruz Vel\u00e1squez.<\/strong> Desarrollo de productos a base de semillas de ch\u00eda (Salvia hispanica L) para su aprovechamiento integral.<\/span><\/i><\/p>\n<\/blockquote>\n<p><i><span style=\"font-weight: 400;\">\u00a0<\/span><\/i><\/p>\n<p>\u00a0<\/p>\n<p><strong><i>Los invitamos a visitar el canal youtube.com\/user\/DIGIUSAC en donde est\u00e1n todas las conferencias presentadas por los cient\u00edficos de la USAC, durante La Noche Iberoamericana de los Investigadores.<\/i><\/strong><\/p>\n<p>\u00a0<\/p>\n<p><div class=\"jetpack-video-wrapper\"><iframe loading=\"lazy\" title=\"Noche iberoamericana de investigadores\" width=\"640\" height=\"360\" src=\"https:\/\/www.youtube.com\/embed\/gENRGLyxn2o?feature=oembed\" frameborder=\"0\" allow=\"accelerometer; autoplay; clipboard-write; encrypted-media; gyroscope; picture-in-picture; web-share\" referrerpolicy=\"strict-origin-when-cross-origin\" allowfullscreen><\/iframe><\/div><\/p>\n","protected":false},"excerpt":{"rendered":"<p>Este es el evento de divulgaci\u00f3n cient\u00edfica m\u00e1s importante de la regi\u00f3n.<\/p>\n","protected":false},"author":1,"featured_media":18552,"comment_status":"closed","ping_status":"open","sticky":false,"template":"","format":"standard","meta":{"_exactmetrics_skip_tracking":false,"_exactmetrics_sitenote_active":false,"_exactmetrics_sitenote_note":"","_exactmetrics_sitenote_category":0,"_jetpack_memberships_contains_paid_content":false,"footnotes":""},"categories":[122,29],"tags":[134],"class_list":["post-18550","post","type-post","status-publish","format-standard","has-post-thumbnail","hentry","category-ciencia-y-tecnologia","category-noticias","tag-ciencia-y-tecnologia"],"aioseo_notices":[],"jetpack_featured_media_url":"https:\/\/soy.usac.edu.gt\/wp-content\/uploads\/2022\/10\/mujeres-ciencia.jpg","views":"","jetpack-related-posts":[{"id":7886,"url":"https:\/\/soy.usac.edu.gt\/?p=7886","url_meta":{"origin":18550,"position":0},"title":"Sancarlistas destacan en festival de ciencia","author":"Edwin Medina","date":"1 agosto, 2019","format":false,"excerpt":"Uno de los eventos acad\u00e9micos m\u00e1s importantes de Latinoam\u00e9rica es la edici\u00f3n de los Veranos de la Ciencia\u00a0 realizada en Guanajuato, M\u00e9xico.","rel":"","context":"En \u00abNoticias\u00bb","block_context":{"text":"Noticias","link":"https:\/\/soy.usac.edu.gt\/?cat=29"},"img":{"alt_text":"","src":"https:\/\/i0.wp.com\/soy.usac.edu.gt\/wp-content\/uploads\/2019\/08\/DSC0756-1.jpg?resize=350%2C200&ssl=1","width":350,"height":200,"srcset":"https:\/\/i0.wp.com\/soy.usac.edu.gt\/wp-content\/uploads\/2019\/08\/DSC0756-1.jpg?resize=350%2C200&ssl=1 1x, https:\/\/i0.wp.com\/soy.usac.edu.gt\/wp-content\/uploads\/2019\/08\/DSC0756-1.jpg?resize=525%2C300&ssl=1 1.5x, https:\/\/i0.wp.com\/soy.usac.edu.gt\/wp-content\/uploads\/2019\/08\/DSC0756-1.jpg?resize=700%2C400&ssl=1 2x, https:\/\/i0.wp.com\/soy.usac.edu.gt\/wp-content\/uploads\/2019\/08\/DSC0756-1.jpg?resize=1050%2C600&ssl=1 3x, https:\/\/i0.wp.com\/soy.usac.edu.gt\/wp-content\/uploads\/2019\/08\/DSC0756-1.jpg?resize=1400%2C800&ssl=1 4x"},"classes":[]},{"id":20317,"url":"https:\/\/soy.usac.edu.gt\/?p=20317","url_meta":{"origin":18550,"position":1},"title":"Sancarlista recibe Premio Internacional de la Fundaci\u00f3n Princesa de Girona","author":"Divisi\u00f3n de Publicidad","date":"8 mayo, 2024","format":false,"excerpt":"Susana Arrechea, ingeniera qu\u00edmica, ha sido galardonada con el Premio Princesa de Girona Internacional 2024 en la categor\u00eda de \u201cCreaEmpresa\" por el proyecto Sun Road Guatemala y su labor en la digitalizaci\u00f3n de las comunidades rurales. La ceremonia \"Conexi\u00f3n talento iberoamericano\", donde recibi\u00f3 el premio, fue presidida por el rey\u2026","rel":"","context":"En \u00abCiencia y Tecnolog\u00eda\u00bb","block_context":{"text":"Ciencia y Tecnolog\u00eda","link":"https:\/\/soy.usac.edu.gt\/?cat=122"},"img":{"alt_text":"","src":"https:\/\/i0.wp.com\/soy.usac.edu.gt\/wp-content\/uploads\/2024\/05\/438059410_771926861747853_1976461147104942155_n.jpg?resize=350%2C200&ssl=1","width":350,"height":200,"srcset":"https:\/\/i0.wp.com\/soy.usac.edu.gt\/wp-content\/uploads\/2024\/05\/438059410_771926861747853_1976461147104942155_n.jpg?resize=350%2C200&ssl=1 1x, https:\/\/i0.wp.com\/soy.usac.edu.gt\/wp-content\/uploads\/2024\/05\/438059410_771926861747853_1976461147104942155_n.jpg?resize=525%2C300&ssl=1 1.5x, https:\/\/i0.wp.com\/soy.usac.edu.gt\/wp-content\/uploads\/2024\/05\/438059410_771926861747853_1976461147104942155_n.jpg?resize=700%2C400&ssl=1 2x, https:\/\/i0.wp.com\/soy.usac.edu.gt\/wp-content\/uploads\/2024\/05\/438059410_771926861747853_1976461147104942155_n.jpg?resize=1050%2C600&ssl=1 3x, https:\/\/i0.wp.com\/soy.usac.edu.gt\/wp-content\/uploads\/2024\/05\/438059410_771926861747853_1976461147104942155_n.jpg?resize=1400%2C800&ssl=1 4x"},"classes":[]},{"id":20712,"url":"https:\/\/soy.usac.edu.gt\/?p=20712","url_meta":{"origin":18550,"position":2},"title":"Simposio sobre Investigaci\u00f3n y Salud P\u00fablica en Guatemala re\u00fane a expertos y autoridades en la USAC","author":"Divisi\u00f3n de Publicidad","date":"11 septiembre, 2024","format":false,"excerpt":"El auditorio de la Facultad de Ciencias M\u00e9dicas de la Universidad de San Carlos de Guatemala (USAC) fue el escenario del Simposio sobre Investigaci\u00f3n y Salud P\u00fablica, un evento organizado por la Direcci\u00f3n General de Investigaci\u00f3n (DIGI) en colaboraci\u00f3n con la USAC. \u00a0 La actividad, realizada con el objetivo de\u2026","rel":"","context":"En \u00abCiencia y Tecnolog\u00eda\u00bb","block_context":{"text":"Ciencia y Tecnolog\u00eda","link":"https:\/\/soy.usac.edu.gt\/?cat=122"},"img":{"alt_text":"","src":"https:\/\/i0.wp.com\/soy.usac.edu.gt\/wp-content\/uploads\/2024\/09\/WhatsApp-Image-2024-09-11-at-3.28.54-PM-1-1.jpeg?resize=350%2C200&ssl=1","width":350,"height":200,"srcset":"https:\/\/i0.wp.com\/soy.usac.edu.gt\/wp-content\/uploads\/2024\/09\/WhatsApp-Image-2024-09-11-at-3.28.54-PM-1-1.jpeg?resize=350%2C200&ssl=1 1x, https:\/\/i0.wp.com\/soy.usac.edu.gt\/wp-content\/uploads\/2024\/09\/WhatsApp-Image-2024-09-11-at-3.28.54-PM-1-1.jpeg?resize=525%2C300&ssl=1 1.5x, https:\/\/i0.wp.com\/soy.usac.edu.gt\/wp-content\/uploads\/2024\/09\/WhatsApp-Image-2024-09-11-at-3.28.54-PM-1-1.jpeg?resize=700%2C400&ssl=1 2x, https:\/\/i0.wp.com\/soy.usac.edu.gt\/wp-content\/uploads\/2024\/09\/WhatsApp-Image-2024-09-11-at-3.28.54-PM-1-1.jpeg?resize=1050%2C600&ssl=1 3x, https:\/\/i0.wp.com\/soy.usac.edu.gt\/wp-content\/uploads\/2024\/09\/WhatsApp-Image-2024-09-11-at-3.28.54-PM-1-1.jpeg?resize=1400%2C800&ssl=1 4x"},"classes":[]},{"id":15557,"url":"https:\/\/soy.usac.edu.gt\/?p=15557","url_meta":{"origin":18550,"position":3},"title":"Inauguran congreso sobre compromiso social y voluntariado universitario","author":"Divisi\u00f3n de Publicidad","date":"26 octubre, 2021","format":false,"excerpt":"La USAC es la primera sede de este importante evento acad\u00e9mico internacional.","rel":"","context":"En \u00abActividades\u00bb","block_context":{"text":"Actividades","link":"https:\/\/soy.usac.edu.gt\/?cat=126"},"img":{"alt_text":"","src":"https:\/\/i0.wp.com\/soy.usac.edu.gt\/wp-content\/uploads\/2021\/10\/WhatsApp-Image-2021-10-26-at-11.43.45.jpeg?resize=350%2C200&ssl=1","width":350,"height":200,"srcset":"https:\/\/i0.wp.com\/soy.usac.edu.gt\/wp-content\/uploads\/2021\/10\/WhatsApp-Image-2021-10-26-at-11.43.45.jpeg?resize=350%2C200&ssl=1 1x, https:\/\/i0.wp.com\/soy.usac.edu.gt\/wp-content\/uploads\/2021\/10\/WhatsApp-Image-2021-10-26-at-11.43.45.jpeg?resize=525%2C300&ssl=1 1.5x, https:\/\/i0.wp.com\/soy.usac.edu.gt\/wp-content\/uploads\/2021\/10\/WhatsApp-Image-2021-10-26-at-11.43.45.jpeg?resize=700%2C400&ssl=1 2x, https:\/\/i0.wp.com\/soy.usac.edu.gt\/wp-content\/uploads\/2021\/10\/WhatsApp-Image-2021-10-26-at-11.43.45.jpeg?resize=1050%2C600&ssl=1 3x, https:\/\/i0.wp.com\/soy.usac.edu.gt\/wp-content\/uploads\/2021\/10\/WhatsApp-Image-2021-10-26-at-11.43.45.jpeg?resize=1400%2C800&ssl=1 4x"},"classes":[]},{"id":12048,"url":"https:\/\/soy.usac.edu.gt\/?p=12048","url_meta":{"origin":18550,"position":4},"title":"Sancarlista recibe The Diana Award 2020","author":"Divisi\u00f3n de Publicidad","date":"11 julio, 2020","format":false,"excerpt":"The Diana Award es el mayor reconocimiento que se entrega a los j\u00f3venes por su activismo humanitario y social.","rel":"","context":"En \u00abEstudiantes\u00bb","block_context":{"text":"Estudiantes","link":"https:\/\/soy.usac.edu.gt\/?cat=585"},"img":{"alt_text":"","src":"https:\/\/i0.wp.com\/soy.usac.edu.gt\/wp-content\/uploads\/2020\/07\/WhatsApp-Image-2020-07-10-at-7.44.31-PM.jpeg?resize=350%2C200&ssl=1","width":350,"height":200,"srcset":"https:\/\/i0.wp.com\/soy.usac.edu.gt\/wp-content\/uploads\/2020\/07\/WhatsApp-Image-2020-07-10-at-7.44.31-PM.jpeg?resize=350%2C200&ssl=1 1x, https:\/\/i0.wp.com\/soy.usac.edu.gt\/wp-content\/uploads\/2020\/07\/WhatsApp-Image-2020-07-10-at-7.44.31-PM.jpeg?resize=525%2C300&ssl=1 1.5x, https:\/\/i0.wp.com\/soy.usac.edu.gt\/wp-content\/uploads\/2020\/07\/WhatsApp-Image-2020-07-10-at-7.44.31-PM.jpeg?resize=700%2C400&ssl=1 2x"},"classes":[]},{"id":20178,"url":"https:\/\/soy.usac.edu.gt\/?p=20178","url_meta":{"origin":18550,"position":5},"title":"USAC fue anfitriona de intercambio acad\u00e9mico regional","author":"Divisi\u00f3n de Publicidad","date":"22 abril, 2024","format":false,"excerpt":"Hoy dio inicio la 61 Asamblea General del Sistema Regional Centroamericano y del Caribe de Investigaci\u00f3n y Postgrado (SIRCIP) con la USAC como anfitriona, evento que cont\u00f3 con la presencia en Guatemala de 25 vicerrectores, directores y coordinadores de investigaci\u00f3n y posgrado de diez universidades p\u00fablicas de Guatemala, El Salvador,\u2026","rel":"","context":"En \u00abCiencia y Tecnolog\u00eda\u00bb","block_context":{"text":"Ciencia y Tecnolog\u00eda","link":"https:\/\/soy.usac.edu.gt\/?cat=122"},"img":{"alt_text":"","src":"https:\/\/i0.wp.com\/soy.usac.edu.gt\/wp-content\/uploads\/2024\/04\/IMG_1985.jpg?resize=350%2C200&ssl=1","width":350,"height":200,"srcset":"https:\/\/i0.wp.com\/soy.usac.edu.gt\/wp-content\/uploads\/2024\/04\/IMG_1985.jpg?resize=350%2C200&ssl=1 1x, https:\/\/i0.wp.com\/soy.usac.edu.gt\/wp-content\/uploads\/2024\/04\/IMG_1985.jpg?resize=525%2C300&ssl=1 1.5x, https:\/\/i0.wp.com\/soy.usac.edu.gt\/wp-content\/uploads\/2024\/04\/IMG_1985.jpg?resize=700%2C400&ssl=1 2x, https:\/\/i0.wp.com\/soy.usac.edu.gt\/wp-content\/uploads\/2024\/04\/IMG_1985.jpg?resize=1050%2C600&ssl=1 3x, https:\/\/i0.wp.com\/soy.usac.edu.gt\/wp-content\/uploads\/2024\/04\/IMG_1985.jpg?resize=1400%2C800&ssl=1 4x"},"classes":[]}],"jetpack_sharing_enabled":true,"_links":{"self":[{"href":"https:\/\/soy.usac.edu.gt\/index.php?rest_route=\/wp\/v2\/posts\/18550","targetHints":{"allow":["GET"]}}],"collection":[{"href":"https:\/\/soy.usac.edu.gt\/index.php?rest_route=\/wp\/v2\/posts"}],"about":[{"href":"https:\/\/soy.usac.edu.gt\/index.php?rest_route=\/wp\/v2\/types\/post"}],"author":[{"embeddable":true,"href":"https:\/\/soy.usac.edu.gt\/index.php?rest_route=\/wp\/v2\/users\/1"}],"replies":[{"embeddable":true,"href":"https:\/\/soy.usac.edu.gt\/index.php?rest_route=%2Fwp%2Fv2%2Fcomments&post=18550"}],"version-history":[{"count":3,"href":"https:\/\/soy.usac.edu.gt\/index.php?rest_route=\/wp\/v2\/posts\/18550\/revisions"}],"predecessor-version":[{"id":18554,"href":"https:\/\/soy.usac.edu.gt\/index.php?rest_route=\/wp\/v2\/posts\/18550\/revisions\/18554"}],"wp:featuredmedia":[{"embeddable":true,"href":"https:\/\/soy.usac.edu.gt\/index.php?rest_route=\/wp\/v2\/media\/18552"}],"wp:attachment":[{"href":"https:\/\/soy.usac.edu.gt\/index.php?rest_route=%2Fwp%2Fv2%2Fmedia&parent=18550"}],"wp:term":[{"taxonomy":"category","embeddable":true,"href":"https:\/\/soy.usac.edu.gt\/index.php?rest_route=%2Fwp%2Fv2%2Fcategories&post=18550"},{"taxonomy":"post_tag","embeddable":true,"href":"https:\/\/soy.usac.edu.gt\/index.php?rest_route=%2Fwp%2Fv2%2Ftags&post=18550"}],"curies":[{"name":"wp","href":"https:\/\/api.w.org\/{rel}","templated":true}]}}