{"id":18904,"date":"2022-11-03T18:26:23","date_gmt":"2022-11-04T00:26:23","guid":{"rendered":"https:\/\/soy.usac.edu.gt\/?p=18904"},"modified":"2022-11-04T09:45:10","modified_gmt":"2022-11-04T15:45:10","slug":"usac-informa-sobre-las-carreras-que-imparte","status":"publish","type":"post","link":"https:\/\/soy.usac.edu.gt\/?p=18904","title":{"rendered":"USAC informa sobre las carreras que imparte"},"content":{"rendered":"\n<p>Fotos: Elio Morales y Edson Lozano<\/p>\n<p style=\"text-align: justify;\"><strong><em>Del 3 al 6 de noviembre, en el Club Deportivo Los Arcos, las personas interesadas podr\u00e1n obtener informaci\u00f3n sobre las facultades, escuelas, carreras y procesos de admisi\u00f3n de esta casa de estudios. <\/em><\/strong><\/p>\n<p style=\"text-align: justify;\"><strong>\u00a0<\/strong>La Universidad de San Carlos de Guatemala est\u00e1 llevando a cabo INFOUSAC 2022 para que los estudiantes de nivel medio conozcan las carreras e inicien el proceso de ingreso a la instituci\u00f3n.<\/p>\n<p style=\"text-align: justify;\">\u201cEl objetivo del evento es orientar a los participantes para que cuenten con elementos de an\u00e1lisis que les permitan elegir con seguridad una carrera universitaria. Esto les dar\u00e1 un mayor porcentaje de \u00e9xito y facilitar\u00e1 una r\u00e1pida inserci\u00f3n laboral\u201d, expuso Brenda Marroqu\u00edn, Directora General de Docencia, durante la inauguraci\u00f3n del evento.<\/p>\n<p style=\"text-align: justify;\">Esta es la segunda Feria Informativa que se realiza en el a\u00f1o. La primera se efectu\u00f3 en mayo en modalidad virtual. Esta edici\u00f3n extraordinaria se llev\u00f3 a cabo para que los estudiantes tengan una experiencia vivencial, seg\u00fan explicaron los organizadores.<\/p>\n<p style=\"text-align: justify;\">Cada unidad acad\u00e9mica cuenta con un estand, donde los visitantes pueden plantear sus inquietudes y obtener informaci\u00f3n detallada. Tambi\u00e9n tienen la oportunidad de conversar con estudiantes voluntarios y personal acad\u00e9mico que orienta sobre los cursos, experiencias, campo laboral y aptitudes que se requieren para estudiar las carreras.\u00a0<\/p>\n<p>\u201cLa actividad es bastante interesante. A\u00fan estoy definiendo qu\u00e9 carrera estudiar, este evento me ayudar\u00e1 a tomar una decisi\u00f3n\u201d, dijo Jefrey Castellanos, estudiante de nivel medio.<\/p>\n<p style=\"text-align: justify;\">Katerine Taracena, aspirante a ingresar a la USAC, coment\u00f3 que le brindaron informaci\u00f3n oportuna. \u201cMe llam\u00f3 la atenci\u00f3n la Facultad de Arquitectura\u201d, coment\u00f3. \u00a0<\/p>\n<p style=\"text-align: justify;\">La actividad se est\u00e1 llevando a cabo en las instalaciones del Club Deportivo Los Arcos, ubicado en la zona 14 de la ciudad capital. Estar\u00e1 abierta al p\u00fablico hasta el domingo 6 de noviembre de 8:00 de la ma\u00f1ana a 3:00 de la tarde.<\/p>\n<p><br \/>\u00a1Asiste y participa en las diferentes actividades acad\u00e9micas y deportivas que la universidad ha preparado para ti!<\/p>\n<p>\u00a0<\/p>\n<div id=\"metaslider-id-18915\" style=\"width: 100%;\" class=\"ml-slider-3-106-0 metaslider metaslider-flex metaslider-18915 ml-slider has-dots-nav ms-theme-default\" role=\"region\" aria-label=\"INFOUSAC\" data-height=\"300\" data-width=\"700\">\n    <div id=\"metaslider_container_18915\">\n        <div id=\"metaslider_18915\">\n            <ul class='slides'>\n                <li style=\"display: block; width: 100%;\" class=\"slide-18922 ms-image \" aria-roledescription=\"slide\" data-date=\"2022-11-03 18:23:14\" data-filename=\"WhatsApp-Image-2022-11-03-at-10.13.28-1-700x300.jpeg\" data-slide-type=\"image\"><img loading=\"lazy\" decoding=\"async\" src=\"https:\/\/soy.usac.edu.gt\/wp-content\/uploads\/2022\/11\/WhatsApp-Image-2022-11-03-at-10.13.28-1-700x300.jpeg\" height=\"300\" width=\"700\" alt=\"\" class=\"slider-18915 slide-18922 msDefaultImage\" title=\"WhatsApp Image 2022-11-03 at 10.13.28 (1)\" \/><\/li>\n                <li style=\"display: none; width: 100%;\" class=\"slide-18923 ms-image \" aria-roledescription=\"slide\" data-date=\"2022-11-03 18:23:14\" data-filename=\"WhatsApp-Image-2022-11-03-at-10.13.28-2-700x300.jpeg\" data-slide-type=\"image\"><img loading=\"lazy\" decoding=\"async\" src=\"https:\/\/soy.usac.edu.gt\/wp-content\/uploads\/2022\/11\/WhatsApp-Image-2022-11-03-at-10.13.28-2-700x300.jpeg\" height=\"300\" width=\"700\" alt=\"\" class=\"slider-18915 slide-18923 msDefaultImage\" title=\"WhatsApp Image 2022-11-03 at 10.13.28 (2)\" \/><\/li>\n                <li style=\"display: none; width: 100%;\" class=\"slide-18924 ms-image \" aria-roledescription=\"slide\" data-date=\"2022-11-03 18:23:15\" data-filename=\"WhatsApp-Image-2022-11-03-at-14.18.51-700x300.jpeg\" data-slide-type=\"image\"><img loading=\"lazy\" decoding=\"async\" src=\"https:\/\/soy.usac.edu.gt\/wp-content\/uploads\/2022\/11\/WhatsApp-Image-2022-11-03-at-14.18.51-700x300.jpeg\" height=\"300\" width=\"700\" alt=\"\" class=\"slider-18915 slide-18924 msDefaultImage\" title=\"WhatsApp Image 2022-11-03 at 14.18.51\" \/><\/li>\n                <li style=\"display: none; width: 100%;\" class=\"slide-18925 ms-image \" aria-roledescription=\"slide\" data-date=\"2022-11-03 18:23:15\" data-filename=\"WhatsApp-Image-2022-11-03-at-14.18.52-700x300.jpeg\" data-slide-type=\"image\"><img loading=\"lazy\" decoding=\"async\" src=\"https:\/\/soy.usac.edu.gt\/wp-content\/uploads\/2022\/11\/WhatsApp-Image-2022-11-03-at-14.18.52-700x300.jpeg\" height=\"300\" width=\"700\" alt=\"\" class=\"slider-18915 slide-18925 msDefaultImage\" title=\"WhatsApp Image 2022-11-03 at 14.18.52\" \/><\/li>\n                <li style=\"display: none; width: 100%;\" class=\"slide-18926 ms-image \" aria-roledescription=\"slide\" data-date=\"2022-11-03 18:23:15\" data-filename=\"WhatsApp-Image-2022-11-03-at-14.20.40-700x300.jpeg\" data-slide-type=\"image\"><img loading=\"lazy\" decoding=\"async\" src=\"https:\/\/soy.usac.edu.gt\/wp-content\/uploads\/2022\/11\/WhatsApp-Image-2022-11-03-at-14.20.40-700x300.jpeg\" height=\"300\" width=\"700\" alt=\"\" class=\"slider-18915 slide-18926 msDefaultImage\" title=\"WhatsApp Image 2022-11-03 at 14.20.40\" \/><\/li>\n                <li style=\"display: none; width: 100%;\" class=\"slide-18927 ms-image \" aria-roledescription=\"slide\" data-date=\"2022-11-03 18:23:15\" data-filename=\"WhatsApp-Image-2022-11-03-at-14.20.42-700x300.jpeg\" data-slide-type=\"image\"><img loading=\"lazy\" decoding=\"async\" src=\"https:\/\/soy.usac.edu.gt\/wp-content\/uploads\/2022\/11\/WhatsApp-Image-2022-11-03-at-14.20.42-700x300.jpeg\" height=\"300\" width=\"700\" alt=\"\" class=\"slider-18915 slide-18927 msDefaultImage\" title=\"WhatsApp Image 2022-11-03 at 14.20.42\" \/><\/li>\n            <\/ul>\n        <\/div>\n        \n    <\/div>\n<\/div>\n<p>\u00a0<\/p>\n<blockquote>\n<h5><strong>Habr\u00e1 una quinta oportunidad<\/strong><\/h5>\n<p style=\"text-align: justify;\">Las personas interesadas en ingresar a la USAC en 2023 que a\u00fan no han realizado el proceso de admisi\u00f3n tendr\u00e1n una quinta oportunidad. Del 12 al 14 de enero de 2023 estar\u00e1 habilitado el pago de la Prueba de Orientaci\u00f3n Vocacional en el siguiente enlace: <a href=\"https:\/\/vocacional.usac.edu.gt\/\">https:\/\/vocacional.usac.edu.gt\/<\/a><\/p>\n<\/blockquote>\n<p><strong>\u00a0<\/strong><\/p>\n<p><strong>\u00a0<\/strong><\/p>\n<p><strong>\u00a0<\/strong><\/p>\n<p><strong>\u00a0<\/strong><\/p>\n","protected":false},"excerpt":{"rendered":"<p>Del 3 al 6 de noviembre, en el Club Deportivo Los Arcos, las personas interesadas podr\u00e1n obtener informaci\u00f3n sobre las facultades, escuelas, carreras y procesos de admisi\u00f3n de esta casa de estudios.<\/p>\n","protected":false},"author":1,"featured_media":18909,"comment_status":"closed","ping_status":"open","sticky":false,"template":"","format":"standard","meta":{"_exactmetrics_skip_tracking":false,"_exactmetrics_sitenote_active":false,"_exactmetrics_sitenote_note":"","_exactmetrics_sitenote_category":0,"_jetpack_memberships_contains_paid_content":false,"footnotes":""},"categories":[585,29],"tags":[130,472],"class_list":["post-18904","post","type-post","status-publish","format-standard","has-post-thumbnail","hentry","category-estudiantes","category-noticias","tag-estudiantes","tag-infousac"],"aioseo_notices":[],"jetpack_featured_media_url":"https:\/\/soy.usac.edu.gt\/wp-content\/uploads\/2022\/11\/WhatsApp-Image-2022-11-03-at-10.13.28.jpeg","views":"","jetpack-related-posts":[{"id":5798,"url":"https:\/\/soy.usac.edu.gt\/?p=5798","url_meta":{"origin":18904,"position":0},"title":"USAC realizar\u00e1 feria informativa para graduandos","author":"Divisi\u00f3n de Publicidad","date":"3 mayo, 2019","format":false,"excerpt":"Del 14 al 17 mayo \u00a0la USAC llevar\u00e1 a cabo una feria informativa dirigida a establecimientos educativos y graduandos que desean conocer la oferta educativa de la Tricentenaria.","rel":"","context":"En \u00abM\u00e1s Noticias\u00bb","block_context":{"text":"M\u00e1s Noticias","link":"https:\/\/soy.usac.edu.gt\/?cat=96"},"img":{"alt_text":"","src":"https:\/\/i0.wp.com\/soy.usac.edu.gt\/wp-content\/uploads\/2019\/05\/IMG_1696.jpg?resize=350%2C200&ssl=1","width":350,"height":200,"srcset":"https:\/\/i0.wp.com\/soy.usac.edu.gt\/wp-content\/uploads\/2019\/05\/IMG_1696.jpg?resize=350%2C200&ssl=1 1x, https:\/\/i0.wp.com\/soy.usac.edu.gt\/wp-content\/uploads\/2019\/05\/IMG_1696.jpg?resize=525%2C300&ssl=1 1.5x, https:\/\/i0.wp.com\/soy.usac.edu.gt\/wp-content\/uploads\/2019\/05\/IMG_1696.jpg?resize=700%2C400&ssl=1 2x, https:\/\/i0.wp.com\/soy.usac.edu.gt\/wp-content\/uploads\/2019\/05\/IMG_1696.jpg?resize=1050%2C600&ssl=1 3x, https:\/\/i0.wp.com\/soy.usac.edu.gt\/wp-content\/uploads\/2019\/05\/IMG_1696.jpg?resize=1400%2C800&ssl=1 4x"},"classes":[]},{"id":6019,"url":"https:\/\/soy.usac.edu.gt\/?p=6019","url_meta":{"origin":18904,"position":1},"title":"M\u00e1s de 25 mil estudiantes visitar\u00e1n INFOUSAC 2019","author":"Divisi\u00f3n de Publicidad","date":"14 mayo, 2019","format":false,"excerpt":"La feria informativa InfoUSAC 2019 abri\u00f3 sus puertas a los alumnos de nivel medio para mostrarles el cronograma de actividades y la oferta acad\u00e9mica de la Universidad de San Carlos de Guatemala.","rel":"","context":"En \u00abNoticias\u00bb","block_context":{"text":"Noticias","link":"https:\/\/soy.usac.edu.gt\/?cat=29"},"img":{"alt_text":"","src":"https:\/\/i0.wp.com\/soy.usac.edu.gt\/wp-content\/uploads\/2019\/05\/1-3.jpg?resize=350%2C200&ssl=1","width":350,"height":200,"srcset":"https:\/\/i0.wp.com\/soy.usac.edu.gt\/wp-content\/uploads\/2019\/05\/1-3.jpg?resize=350%2C200&ssl=1 1x, https:\/\/i0.wp.com\/soy.usac.edu.gt\/wp-content\/uploads\/2019\/05\/1-3.jpg?resize=525%2C300&ssl=1 1.5x, https:\/\/i0.wp.com\/soy.usac.edu.gt\/wp-content\/uploads\/2019\/05\/1-3.jpg?resize=700%2C400&ssl=1 2x, https:\/\/i0.wp.com\/soy.usac.edu.gt\/wp-content\/uploads\/2019\/05\/1-3.jpg?resize=1050%2C600&ssl=1 3x, https:\/\/i0.wp.com\/soy.usac.edu.gt\/wp-content\/uploads\/2019\/05\/1-3.jpg?resize=1400%2C800&ssl=1 4x"},"classes":[]},{"id":13656,"url":"https:\/\/soy.usac.edu.gt\/?p=13656","url_meta":{"origin":18904,"position":2},"title":"En mayo se realizar\u00e1 INFOUSAC 2021","author":"Divisi\u00f3n de Publicidad","date":"25 marzo, 2021","format":false,"excerpt":"El evento tiene por objetivo que los estudiantes de nivel medio conozcan informaci\u00f3n importante para iniciar los estudios superiores.","rel":"","context":"En \u00abEstudiantes\u00bb","block_context":{"text":"Estudiantes","link":"https:\/\/soy.usac.edu.gt\/?cat=585"},"img":{"alt_text":"","src":"https:\/\/i0.wp.com\/soy.usac.edu.gt\/wp-content\/uploads\/2019\/05\/CSC_0023.jpg?resize=350%2C200&ssl=1","width":350,"height":200,"srcset":"https:\/\/i0.wp.com\/soy.usac.edu.gt\/wp-content\/uploads\/2019\/05\/CSC_0023.jpg?resize=350%2C200&ssl=1 1x, https:\/\/i0.wp.com\/soy.usac.edu.gt\/wp-content\/uploads\/2019\/05\/CSC_0023.jpg?resize=525%2C300&ssl=1 1.5x, https:\/\/i0.wp.com\/soy.usac.edu.gt\/wp-content\/uploads\/2019\/05\/CSC_0023.jpg?resize=700%2C400&ssl=1 2x, https:\/\/i0.wp.com\/soy.usac.edu.gt\/wp-content\/uploads\/2019\/05\/CSC_0023.jpg?resize=1050%2C600&ssl=1 3x, https:\/\/i0.wp.com\/soy.usac.edu.gt\/wp-content\/uploads\/2019\/05\/CSC_0023.jpg?resize=1400%2C800&ssl=1 4x"},"classes":[]},{"id":17164,"url":"https:\/\/soy.usac.edu.gt\/?p=17164","url_meta":{"origin":18904,"position":3},"title":"Se realizar\u00e1 INFOUSAC 2022","author":"Edwin Medina","date":"22 abril, 2022","format":false,"excerpt":"La feria informativa para conocer la oferta acad\u00e9mica y el proceso de ingreso a la Universidad de San Carlos de Guatemala se llevar\u00e1 a cabo pr\u00f3ximamente.","rel":"","context":"En \u00abEstudiantes\u00bb","block_context":{"text":"Estudiantes","link":"https:\/\/soy.usac.edu.gt\/?cat=585"},"img":{"alt_text":"","src":"https:\/\/i0.wp.com\/soy.usac.edu.gt\/wp-content\/uploads\/2022\/04\/WhatsApp-Image-2022-04-22-at-12.21.40-PM-1.jpeg?resize=350%2C200&ssl=1","width":350,"height":200,"srcset":"https:\/\/i0.wp.com\/soy.usac.edu.gt\/wp-content\/uploads\/2022\/04\/WhatsApp-Image-2022-04-22-at-12.21.40-PM-1.jpeg?resize=350%2C200&ssl=1 1x, https:\/\/i0.wp.com\/soy.usac.edu.gt\/wp-content\/uploads\/2022\/04\/WhatsApp-Image-2022-04-22-at-12.21.40-PM-1.jpeg?resize=525%2C300&ssl=1 1.5x, https:\/\/i0.wp.com\/soy.usac.edu.gt\/wp-content\/uploads\/2022\/04\/WhatsApp-Image-2022-04-22-at-12.21.40-PM-1.jpeg?resize=700%2C400&ssl=1 2x, https:\/\/i0.wp.com\/soy.usac.edu.gt\/wp-content\/uploads\/2022\/04\/WhatsApp-Image-2022-04-22-at-12.21.40-PM-1.jpeg?resize=1050%2C600&ssl=1 3x"},"classes":[]},{"id":21378,"url":"https:\/\/soy.usac.edu.gt\/?p=21378","url_meta":{"origin":18904,"position":4},"title":"INFOUSAC abre sus puertas a los futuros Sancarlistas","author":"Divisi\u00f3n de Publicidad","date":"25 marzo, 2025","format":false,"excerpt":"Las autoridades universitarias dieron la bienvenida a cientos de estudiantes de nivel medio que asistieron al acto inaugural de INFOUSAC y los invitaron a visitar distintos estands informativos para que conozcan la oferta acad\u00e9mica de esta instituci\u00f3n. El Rector M. A. Walter Mazariegos destac\u00f3 que la USAC es la mejor\u2026","rel":"","context":"En \u00abSin categor\u00eda\u00bb","block_context":{"text":"Sin categor\u00eda","link":"https:\/\/soy.usac.edu.gt\/?cat=1"},"img":{"alt_text":"","src":"https:\/\/i0.wp.com\/soy.usac.edu.gt\/wp-content\/uploads\/2025\/03\/WhatsApp-Image-2025-03-25-at-4.46.28-PM.jpeg?resize=350%2C200&ssl=1","width":350,"height":200,"srcset":"https:\/\/i0.wp.com\/soy.usac.edu.gt\/wp-content\/uploads\/2025\/03\/WhatsApp-Image-2025-03-25-at-4.46.28-PM.jpeg?resize=350%2C200&ssl=1 1x, https:\/\/i0.wp.com\/soy.usac.edu.gt\/wp-content\/uploads\/2025\/03\/WhatsApp-Image-2025-03-25-at-4.46.28-PM.jpeg?resize=525%2C300&ssl=1 1.5x, https:\/\/i0.wp.com\/soy.usac.edu.gt\/wp-content\/uploads\/2025\/03\/WhatsApp-Image-2025-03-25-at-4.46.28-PM.jpeg?resize=700%2C400&ssl=1 2x, https:\/\/i0.wp.com\/soy.usac.edu.gt\/wp-content\/uploads\/2025\/03\/WhatsApp-Image-2025-03-25-at-4.46.28-PM.jpeg?resize=1050%2C600&ssl=1 3x, https:\/\/i0.wp.com\/soy.usac.edu.gt\/wp-content\/uploads\/2025\/03\/WhatsApp-Image-2025-03-25-at-4.46.28-PM.jpeg?resize=1400%2C800&ssl=1 4x"},"classes":[]},{"id":17186,"url":"https:\/\/soy.usac.edu.gt\/?p=17186","url_meta":{"origin":18904,"position":5},"title":"Muy pronto se realizar\u00e1 INFOUSAC","author":"Divisi\u00f3n de Publicidad","date":"29 abril, 2022","format":false,"excerpt":"Con el lema \u201cLa visi\u00f3n de tu futuro\u201d, la Semana Informativa brindar\u00e1 orientaci\u00f3n del 3 al 6 de mayo a quienes deseen ingresar a la USAC.","rel":"","context":"En \u00abNoticias\u00bb","block_context":{"text":"Noticias","link":"https:\/\/soy.usac.edu.gt\/?cat=29"},"img":{"alt_text":"","src":"https:\/\/i0.wp.com\/soy.usac.edu.gt\/wp-content\/uploads\/2022\/04\/WhatsApp-Image-2022-04-29-at-4.36.26-PM-4.jpeg?resize=350%2C200&ssl=1","width":350,"height":200,"srcset":"https:\/\/i0.wp.com\/soy.usac.edu.gt\/wp-content\/uploads\/2022\/04\/WhatsApp-Image-2022-04-29-at-4.36.26-PM-4.jpeg?resize=350%2C200&ssl=1 1x, https:\/\/i0.wp.com\/soy.usac.edu.gt\/wp-content\/uploads\/2022\/04\/WhatsApp-Image-2022-04-29-at-4.36.26-PM-4.jpeg?resize=525%2C300&ssl=1 1.5x, https:\/\/i0.wp.com\/soy.usac.edu.gt\/wp-content\/uploads\/2022\/04\/WhatsApp-Image-2022-04-29-at-4.36.26-PM-4.jpeg?resize=700%2C400&ssl=1 2x, https:\/\/i0.wp.com\/soy.usac.edu.gt\/wp-content\/uploads\/2022\/04\/WhatsApp-Image-2022-04-29-at-4.36.26-PM-4.jpeg?resize=1050%2C600&ssl=1 3x"},"classes":[]}],"jetpack_sharing_enabled":true,"_links":{"self":[{"href":"https:\/\/soy.usac.edu.gt\/index.php?rest_route=\/wp\/v2\/posts\/18904","targetHints":{"allow":["GET"]}}],"collection":[{"href":"https:\/\/soy.usac.edu.gt\/index.php?rest_route=\/wp\/v2\/posts"}],"about":[{"href":"https:\/\/soy.usac.edu.gt\/index.php?rest_route=\/wp\/v2\/types\/post"}],"author":[{"embeddable":true,"href":"https:\/\/soy.usac.edu.gt\/index.php?rest_route=\/wp\/v2\/users\/1"}],"replies":[{"embeddable":true,"href":"https:\/\/soy.usac.edu.gt\/index.php?rest_route=%2Fwp%2Fv2%2Fcomments&post=18904"}],"version-history":[{"count":10,"href":"https:\/\/soy.usac.edu.gt\/index.php?rest_route=\/wp\/v2\/posts\/18904\/revisions"}],"predecessor-version":[{"id":18935,"href":"https:\/\/soy.usac.edu.gt\/index.php?rest_route=\/wp\/v2\/posts\/18904\/revisions\/18935"}],"wp:featuredmedia":[{"embeddable":true,"href":"https:\/\/soy.usac.edu.gt\/index.php?rest_route=\/wp\/v2\/media\/18909"}],"wp:attachment":[{"href":"https:\/\/soy.usac.edu.gt\/index.php?rest_route=%2Fwp%2Fv2%2Fmedia&parent=18904"}],"wp:term":[{"taxonomy":"category","embeddable":true,"href":"https:\/\/soy.usac.edu.gt\/index.php?rest_route=%2Fwp%2Fv2%2Fcategories&post=18904"},{"taxonomy":"post_tag","embeddable":true,"href":"https:\/\/soy.usac.edu.gt\/index.php?rest_route=%2Fwp%2Fv2%2Ftags&post=18904"}],"curies":[{"name":"wp","href":"https:\/\/api.w.org\/{rel}","templated":true}]}}