{"id":18994,"date":"2022-12-12T14:24:54","date_gmt":"2022-12-12T20:24:54","guid":{"rendered":"https:\/\/soy.usac.edu.gt\/?p=18994"},"modified":"2022-12-12T14:25:00","modified_gmt":"2022-12-12T20:25:00","slug":"csu-anuncia-retorno-a-la-presencialidad-en-2023","status":"publish","type":"post","link":"https:\/\/soy.usac.edu.gt\/?p=18994","title":{"rendered":"CSU anuncia retorno a la presencialidad en 2023"},"content":{"rendered":"\n<p>El CSU instruy\u00f3 a todas las Unidades Acad\u00e9micas de esta Casa de Estudios Superiores para que, en el primer semestre del ciclo acad\u00e9mico 2023, las clases sean impartidas en la modalidad presencial, a excepci\u00f3n de las Unidades Acad\u00e9micas que no re\u00fanan las condiciones t\u00e9cnico pedag\u00f3gicas y\/o de infraestructura, en cuyo caso deber\u00e1n programarse las clases en la modalidad h\u00edbrida.<\/p>\n<blockquote>\n<p style=\"text-align: justify;\">El 13 de marzo de 2020 en conferencia de prensa desde el edificio de rector\u00eda, el CSU anunci\u00f3 la suspensi\u00f3n de actividades presenciales a partir del d\u00eda siguiente, como medida de prevenci\u00f3n por la pandemia del COVID-19.<\/p>\n<\/blockquote>\n<p>\u00a0<\/p>\n\n\n<a href=\"https:\/\/soy.usac.edu.gt\/wp-content\/uploads\/2022\/12\/TRIGESIMOSEGUNDO-Unidades-Ejecutoras-1-1.pdf\" class=\"pdfemb-viewer\" style=\"\" data-width=\"max\" data-height=\"max\" data-toolbar=\"bottom\" data-toolbar-fixed=\"off\">TRIGESIMOSEGUNDO-Unidades-Ejecutoras-1-1<\/a>\n<p class=\"wp-block-pdfemb-pdf-embedder-viewer\"><\/p>\n\n\n","protected":false},"excerpt":{"rendered":"<p>El CSU instruy\u00f3 a todas las Unidades Acad\u00e9micas de esta Casa de Estudios Superiores para que, en el primer semestre del ciclo acad\u00e9mico 2023<\/p>\n","protected":false},"author":1,"featured_media":13097,"comment_status":"closed","ping_status":"open","sticky":false,"template":"","format":"standard","meta":{"_exactmetrics_skip_tracking":false,"_exactmetrics_sitenote_active":false,"_exactmetrics_sitenote_note":"","_exactmetrics_sitenote_category":0,"_jetpack_memberships_contains_paid_content":false,"footnotes":""},"categories":[29,125,636],"tags":[],"class_list":["post-18994","post","type-post","status-publish","format-standard","has-post-thumbnail","hentry","category-noticias","category-opiniones","category-seccion-legal"],"aioseo_notices":[],"jetpack_featured_media_url":"https:\/\/soy.usac.edu.gt\/wp-content\/uploads\/2021\/02\/COMUNICADO-IMAGEN-WEB.jpeg","views":"","jetpack-related-posts":[{"id":16019,"url":"https:\/\/soy.usac.edu.gt\/?p=16019","url_meta":{"origin":18994,"position":0},"title":"Primer semestre de 2022 continuar\u00e1 siendo virtual","author":"Divisi\u00f3n de Publicidad","date":"5 noviembre, 2021","format":false,"excerpt":"El Consejo Superior Universitario (CSU) autoriz\u00f3 que, durante el primer semestre de 2022, las actividades acad\u00e9micas contin\u00faen en modalidad virtual, pero cada unidad acad\u00e9mica tendr\u00e1 la libertad y responsabilidad de tomar esta decisi\u00f3n.","rel":"","context":"En \u00abNoticias\u00bb","block_context":{"text":"Noticias","link":"https:\/\/soy.usac.edu.gt\/?cat=29"},"img":{"alt_text":"","src":"https:\/\/i0.wp.com\/soy.usac.edu.gt\/wp-content\/uploads\/2021\/07\/ESTUDIANTES-CON-MASCARILLA-FRENTE-A-RECTORIA.jpeg?resize=350%2C200&ssl=1","width":350,"height":200,"srcset":"https:\/\/i0.wp.com\/soy.usac.edu.gt\/wp-content\/uploads\/2021\/07\/ESTUDIANTES-CON-MASCARILLA-FRENTE-A-RECTORIA.jpeg?resize=350%2C200&ssl=1 1x, https:\/\/i0.wp.com\/soy.usac.edu.gt\/wp-content\/uploads\/2021\/07\/ESTUDIANTES-CON-MASCARILLA-FRENTE-A-RECTORIA.jpeg?resize=525%2C300&ssl=1 1.5x, https:\/\/i0.wp.com\/soy.usac.edu.gt\/wp-content\/uploads\/2021\/07\/ESTUDIANTES-CON-MASCARILLA-FRENTE-A-RECTORIA.jpeg?resize=700%2C400&ssl=1 2x, https:\/\/i0.wp.com\/soy.usac.edu.gt\/wp-content\/uploads\/2021\/07\/ESTUDIANTES-CON-MASCARILLA-FRENTE-A-RECTORIA.jpeg?resize=1050%2C600&ssl=1 3x"},"classes":[]},{"id":17592,"url":"https:\/\/soy.usac.edu.gt\/?p=17592","url_meta":{"origin":18994,"position":1},"title":"Segundo semestre seguir\u00e1 en modalidad virtual","author":"Divisi\u00f3n de Publicidad","date":"5 julio, 2022","format":false,"excerpt":"La Universidad de San Carlos de Guatemala ha determinado que las clases continuar\u00e1n siendo impartidas a distancia durante los pr\u00f3ximos seis meses.","rel":"","context":"En \u00abNoticias\u00bb","block_context":{"text":"Noticias","link":"https:\/\/soy.usac.edu.gt\/?cat=29"},"img":{"alt_text":"","src":"https:\/\/i0.wp.com\/soy.usac.edu.gt\/wp-content\/uploads\/2022\/07\/WhatsApp-Image-2022-07-05-at-4.04.43-PM.jpeg?resize=350%2C200&ssl=1","width":350,"height":200,"srcset":"https:\/\/i0.wp.com\/soy.usac.edu.gt\/wp-content\/uploads\/2022\/07\/WhatsApp-Image-2022-07-05-at-4.04.43-PM.jpeg?resize=350%2C200&ssl=1 1x, https:\/\/i0.wp.com\/soy.usac.edu.gt\/wp-content\/uploads\/2022\/07\/WhatsApp-Image-2022-07-05-at-4.04.43-PM.jpeg?resize=525%2C300&ssl=1 1.5x, https:\/\/i0.wp.com\/soy.usac.edu.gt\/wp-content\/uploads\/2022\/07\/WhatsApp-Image-2022-07-05-at-4.04.43-PM.jpeg?resize=700%2C400&ssl=1 2x, https:\/\/i0.wp.com\/soy.usac.edu.gt\/wp-content\/uploads\/2022\/07\/WhatsApp-Image-2022-07-05-at-4.04.43-PM.jpeg?resize=1050%2C600&ssl=1 3x"},"classes":[]},{"id":12217,"url":"https:\/\/soy.usac.edu.gt\/?p=12217","url_meta":{"origin":18994,"position":2},"title":"CSU ratifica la virtualidad en todos los procesos acad\u00e9micos y administrativos de la USAC","author":"Divisi\u00f3n de Publicidad","date":"15 agosto, 2020","format":false,"excerpt":"Todos los procesos administrativos y acad\u00e9micos se llevar\u00e1n a cabo de forma electr\u00f3nica.","rel":"","context":"En \u00abNoticias\u00bb","block_context":{"text":"Noticias","link":"https:\/\/soy.usac.edu.gt\/?cat=29"},"img":{"alt_text":"","src":"","width":0,"height":0},"classes":[]},{"id":14506,"url":"https:\/\/soy.usac.edu.gt\/?p=14506","url_meta":{"origin":18994,"position":3},"title":"En el segundo semestre la USAC seguir\u00e1 impartiendo clases en l\u00ednea","author":"Divisi\u00f3n de Publicidad","date":"9 junio, 2021","format":false,"excerpt":"Algunas actividades acad\u00e9micas podr\u00edan ser presenciales, como los laboratorios.","rel":"","context":"En \u00abEstudiantes\u00bb","block_context":{"text":"Estudiantes","link":"https:\/\/soy.usac.edu.gt\/?cat=585"},"img":{"alt_text":"","src":"https:\/\/i0.wp.com\/soy.usac.edu.gt\/wp-content\/uploads\/2021\/06\/ESTUDIANTES-DURANTE-PANDEMIA15.jpeg?resize=350%2C200&ssl=1","width":350,"height":200,"srcset":"https:\/\/i0.wp.com\/soy.usac.edu.gt\/wp-content\/uploads\/2021\/06\/ESTUDIANTES-DURANTE-PANDEMIA15.jpeg?resize=350%2C200&ssl=1 1x, https:\/\/i0.wp.com\/soy.usac.edu.gt\/wp-content\/uploads\/2021\/06\/ESTUDIANTES-DURANTE-PANDEMIA15.jpeg?resize=525%2C300&ssl=1 1.5x, https:\/\/i0.wp.com\/soy.usac.edu.gt\/wp-content\/uploads\/2021\/06\/ESTUDIANTES-DURANTE-PANDEMIA15.jpeg?resize=700%2C400&ssl=1 2x, https:\/\/i0.wp.com\/soy.usac.edu.gt\/wp-content\/uploads\/2021\/06\/ESTUDIANTES-DURANTE-PANDEMIA15.jpeg?resize=1050%2C600&ssl=1 3x"},"classes":[]},{"id":11279,"url":"https:\/\/soy.usac.edu.gt\/?p=11279","url_meta":{"origin":18994,"position":4},"title":"Nuevas medidas adoptadas por el CSU, ante la emergencia global del COVID19","author":"Divisi\u00f3n de Publicidad","date":"15 marzo, 2020","format":false,"excerpt":"con base en la emergencia global relacionada con el nuevo coronavirus y la enfermedad asociada denominada Covid-19, la informaci\u00f3n emitida por la Organizaci\u00f3n Mundial de la Salud y el Ministerio de Salud P\u00fablica y Asistencia Social, emite el segundo:","rel":"","context":"En \u00abEntrevistas\u00bb","block_context":{"text":"Entrevistas","link":"https:\/\/soy.usac.edu.gt\/?cat=152"},"img":{"alt_text":"","src":"https:\/\/i0.wp.com\/soy.usac.edu.gt\/wp-content\/uploads\/2020\/03\/RESOLUCION-Consejo1-150x150.jpg?resize=350%2C200&ssl=1","width":350,"height":200,"srcset":"https:\/\/i0.wp.com\/soy.usac.edu.gt\/wp-content\/uploads\/2020\/03\/RESOLUCION-Consejo1-150x150.jpg?resize=350%2C200&ssl=1 1x, https:\/\/i0.wp.com\/soy.usac.edu.gt\/wp-content\/uploads\/2020\/03\/RESOLUCION-Consejo1-150x150.jpg?resize=525%2C300&ssl=1 1.5x, https:\/\/i0.wp.com\/soy.usac.edu.gt\/wp-content\/uploads\/2020\/03\/RESOLUCION-Consejo1-150x150.jpg?resize=700%2C400&ssl=1 2x, https:\/\/i0.wp.com\/soy.usac.edu.gt\/wp-content\/uploads\/2020\/03\/RESOLUCION-Consejo1-150x150.jpg?resize=1050%2C600&ssl=1 3x, https:\/\/i0.wp.com\/soy.usac.edu.gt\/wp-content\/uploads\/2020\/03\/RESOLUCION-Consejo1-150x150.jpg?resize=1400%2C800&ssl=1 4x"},"classes":[]},{"id":8000,"url":"https:\/\/soy.usac.edu.gt\/?p=8000","url_meta":{"origin":18994,"position":5},"title":"CSU buscar\u00e1 hoy la entrega de las instalaciones de la USAC","author":"Divisi\u00f3n de Publicidad","date":"27 agosto, 2019","format":false,"excerpt":"A trav\u00e9s del di\u00e1logo, el Consejo Superior Universitario (CSU) buscar\u00e1 la entrega de las instalaciones de la universidad hoy a las cuatro de la tarde.","rel":"","context":"En \u00abNoticias\u00bb","block_context":{"text":"Noticias","link":"https:\/\/soy.usac.edu.gt\/?cat=29"},"img":{"alt_text":"","src":"https:\/\/i0.wp.com\/soy.usac.edu.gt\/wp-content\/uploads\/2019\/08\/WhatsApp-Image-2019-08-27-at-13.50.41.jpeg?resize=350%2C200&ssl=1","width":350,"height":200,"srcset":"https:\/\/i0.wp.com\/soy.usac.edu.gt\/wp-content\/uploads\/2019\/08\/WhatsApp-Image-2019-08-27-at-13.50.41.jpeg?resize=350%2C200&ssl=1 1x, https:\/\/i0.wp.com\/soy.usac.edu.gt\/wp-content\/uploads\/2019\/08\/WhatsApp-Image-2019-08-27-at-13.50.41.jpeg?resize=525%2C300&ssl=1 1.5x, https:\/\/i0.wp.com\/soy.usac.edu.gt\/wp-content\/uploads\/2019\/08\/WhatsApp-Image-2019-08-27-at-13.50.41.jpeg?resize=700%2C400&ssl=1 2x, https:\/\/i0.wp.com\/soy.usac.edu.gt\/wp-content\/uploads\/2019\/08\/WhatsApp-Image-2019-08-27-at-13.50.41.jpeg?resize=1050%2C600&ssl=1 3x"},"classes":[]}],"jetpack_sharing_enabled":true,"_links":{"self":[{"href":"https:\/\/soy.usac.edu.gt\/index.php?rest_route=\/wp\/v2\/posts\/18994","targetHints":{"allow":["GET"]}}],"collection":[{"href":"https:\/\/soy.usac.edu.gt\/index.php?rest_route=\/wp\/v2\/posts"}],"about":[{"href":"https:\/\/soy.usac.edu.gt\/index.php?rest_route=\/wp\/v2\/types\/post"}],"author":[{"embeddable":true,"href":"https:\/\/soy.usac.edu.gt\/index.php?rest_route=\/wp\/v2\/users\/1"}],"replies":[{"embeddable":true,"href":"https:\/\/soy.usac.edu.gt\/index.php?rest_route=%2Fwp%2Fv2%2Fcomments&post=18994"}],"version-history":[{"count":2,"href":"https:\/\/soy.usac.edu.gt\/index.php?rest_route=\/wp\/v2\/posts\/18994\/revisions"}],"predecessor-version":[{"id":18997,"href":"https:\/\/soy.usac.edu.gt\/index.php?rest_route=\/wp\/v2\/posts\/18994\/revisions\/18997"}],"wp:featuredmedia":[{"embeddable":true,"href":"https:\/\/soy.usac.edu.gt\/index.php?rest_route=\/wp\/v2\/media\/13097"}],"wp:attachment":[{"href":"https:\/\/soy.usac.edu.gt\/index.php?rest_route=%2Fwp%2Fv2%2Fmedia&parent=18994"}],"wp:term":[{"taxonomy":"category","embeddable":true,"href":"https:\/\/soy.usac.edu.gt\/index.php?rest_route=%2Fwp%2Fv2%2Fcategories&post=18994"},{"taxonomy":"post_tag","embeddable":true,"href":"https:\/\/soy.usac.edu.gt\/index.php?rest_route=%2Fwp%2Fv2%2Ftags&post=18994"}],"curies":[{"name":"wp","href":"https:\/\/api.w.org\/{rel}","templated":true}]}}