{"id":19099,"date":"2023-02-09T17:39:47","date_gmt":"2023-02-09T23:39:47","guid":{"rendered":"https:\/\/soy.usac.edu.gt\/?p=19099"},"modified":"2023-02-09T17:39:48","modified_gmt":"2023-02-09T23:39:48","slug":"un-grupo-de-312-sancarlistas-desarrollara-proyectos-sociales-en-toda-la-republica","status":"publish","type":"post","link":"https:\/\/soy.usac.edu.gt\/?p=19099","title":{"rendered":"Un grupo de 312 sancarlistas desarrollar\u00e1 proyectos sociales en toda la Rep\u00fablica\u00a0"},"content":{"rendered":"\n<p style=\"text-align: justify;\"><strong><i>Hoy se llev\u00f3 a cabo la presentaci\u00f3n oficial de la primera cohorte del Ejercicio Profesional Supervisado (EPS) y Pr\u00e1ctica Profesional Supervisada (PPS) 2023 del Ejercicio Profesional Supervisado Multidisciplinario (EPSUM).<\/i>\u00a0<\/strong><\/p>\n<p style=\"text-align: justify;\"><span data-contrast=\"auto\">EPSUM est\u00e1 integrado por equipos multidisciplinarios de estudiantes, a los que se les brinda una ayuda becaria para que lleven a cabo pr\u00e1cticas en distintas comunidades.<\/span><span data-ccp-props=\"{&quot;201341983&quot;:0,&quot;335559739&quot;:160,&quot;335559740&quot;:259}\">\u00a0<\/span><\/p>\n<p style=\"text-align: justify;\"><span data-contrast=\"auto\">A trav\u00e9s de un acto virtual, un total de 312 estudiantes de treinta carreras inici\u00f3 un proceso de capacitaci\u00f3n antes de viajar a 78 municipios del pa\u00eds, en los cuales, en conjunto con municipalidades e instituciones, dise\u00f1ar\u00e1n<\/span><span data-contrast=\"auto\"> y ejecutar\u00e1n proyectos de desarrollo integral con pertinencia local y sostenibilidad para mejorar las condiciones de vida de la poblaci\u00f3n.<\/span><span data-ccp-props=\"{&quot;201341983&quot;:0,&quot;335551550&quot;:6,&quot;335551620&quot;:6,&quot;335559739&quot;:0,&quot;335559740&quot;:276}\">\u00a0<\/span><\/p>\n<p style=\"text-align: justify;\"><span data-contrast=\"auto\">\u201cFelicito a los epesistas por haber cerrado el proceso acad\u00e9mico de su carrera. Ser estudiantes y profesionales de la USAC representa un gran orgullo y compromiso con la sociedad. Los apoyaremos en todo, estamos comprometidos con EPSUM. Ustedes son nuestra carta de presentaci\u00f3n en todo el pa\u00eds\u201d, declar\u00f3 el Rector M. A. Walter Mazariegos.\u00a0<\/span><span data-ccp-props=\"{&quot;201341983&quot;:0,&quot;335559739&quot;:160,&quot;335559740&quot;:259}\">\u00a0<\/span><\/p>\n<p style=\"text-align: justify;\"><span data-contrast=\"auto\">\u201cLes deseo a los estudiantes que tengan una experiencia enriquecedora en los \u00e1mbitos profesional y humano. Llegar\u00e1n a las comunidades a ser l\u00edderes, los invito a que tomen su labor con mucha responsabilidad y aprovechen al m\u00e1ximo el aprendizaje\u201d, dijo la Ing. Wendy L\u00f3pez, Directora General de Extensi\u00f3n Universitaria.\u00a0<\/span><span data-ccp-props=\"{&quot;201341983&quot;:0,&quot;335559739&quot;:160,&quot;335559740&quot;:259}\">\u00a0<\/span><\/p>\n<p style=\"text-align: justify;\"><span data-contrast=\"auto\">Tambi\u00e9n se realiz\u00f3 un taller de inducci\u00f3n dirigido a los estudiantes, para socializar los instrumentos de trabajo y la transferencia de conocimientos en tem\u00e1ticas aplicadas en el desarrollo de la pr\u00e1ctica.\u00a0<\/span><span data-ccp-props=\"{&quot;201341983&quot;:0,&quot;335551550&quot;:6,&quot;335551620&quot;:6,&quot;335559739&quot;:0,&quot;335559740&quot;:276}\">\u00a0<\/span><\/p>\n<p><span data-ccp-props=\"{&quot;201341983&quot;:0,&quot;335551550&quot;:6,&quot;335551620&quot;:6,&quot;335559739&quot;:0,&quot;335559740&quot;:276}\">\u00a0<\/span><\/p>\n<p>\u00a0<\/p>\n<div id=\"metaslider-id-19102\" style=\"width: 100%;\" class=\"ml-slider-3-106-0 metaslider metaslider-flex metaslider-19102 ml-slider has-dots-nav ms-theme-default\" role=\"region\" aria-label=\"nueva cohorte epsum\" data-height=\"300\" data-width=\"700\">\n    <div id=\"metaslider_container_19102\">\n        <div id=\"metaslider_19102\">\n            <ul class='slides'>\n                <li style=\"display: block; width: 100%;\" class=\"slide-19112 ms-image \" aria-roledescription=\"slide\" data-date=\"2023-02-09 17:37:20\" data-filename=\"9-de-febrero-1-700x300.jpg\" data-slide-type=\"image\"><img loading=\"lazy\" decoding=\"async\" src=\"https:\/\/soy.usac.edu.gt\/wp-content\/uploads\/2023\/02\/9-de-febrero-1-700x300.jpg\" height=\"300\" width=\"700\" alt=\"\" class=\"slider-19102 slide-19112 msDefaultImage\" title=\"9 de febrero 1\" \/><\/li>\n                <li style=\"display: none; width: 100%;\" class=\"slide-19111 ms-image \" aria-roledescription=\"slide\" data-date=\"2023-02-09 17:37:20\" data-filename=\"9-de-febrero-2-700x300.jpg\" data-slide-type=\"image\"><img loading=\"lazy\" decoding=\"async\" src=\"https:\/\/soy.usac.edu.gt\/wp-content\/uploads\/2023\/02\/9-de-febrero-2-700x300.jpg\" height=\"300\" width=\"700\" alt=\"\" class=\"slider-19102 slide-19111 msDefaultImage\" title=\"9 de febrero 2\" \/><\/li>\n                <li style=\"display: none; width: 100%;\" class=\"slide-19108 ms-image \" aria-roledescription=\"slide\" data-date=\"2023-02-09 17:37:20\" data-filename=\"8-de-febreo-4-700x300.jpg\" data-slide-type=\"image\"><img loading=\"lazy\" decoding=\"async\" src=\"https:\/\/soy.usac.edu.gt\/wp-content\/uploads\/2023\/02\/8-de-febreo-4-700x300.jpg\" height=\"300\" width=\"700\" alt=\"\" class=\"slider-19102 slide-19108 msDefaultImage\" title=\"8 de febreo 4\" \/><\/li>\n                <li style=\"display: none; width: 100%;\" class=\"slide-19109 ms-image \" aria-roledescription=\"slide\" data-date=\"2023-02-09 17:37:20\" data-filename=\"8-de-febreo-2-700x300.jpg\" data-slide-type=\"image\"><img loading=\"lazy\" decoding=\"async\" src=\"https:\/\/soy.usac.edu.gt\/wp-content\/uploads\/2023\/02\/8-de-febreo-2-700x300.jpg\" height=\"300\" width=\"700\" alt=\"\" class=\"slider-19102 slide-19109 msDefaultImage\" title=\"8 de febreo 2\" \/><\/li>\n                <li style=\"display: none; width: 100%;\" class=\"slide-19110 ms-image \" aria-roledescription=\"slide\" data-date=\"2023-02-09 17:37:20\" data-filename=\"8-de-febreo-1-700x300.jpg\" data-slide-type=\"image\"><img loading=\"lazy\" decoding=\"async\" src=\"https:\/\/soy.usac.edu.gt\/wp-content\/uploads\/2023\/02\/8-de-febreo-1-700x300.jpg\" height=\"300\" width=\"700\" alt=\"\" class=\"slider-19102 slide-19110 msDefaultImage\" title=\"8 de febreo 1\" \/><\/li>\n            <\/ul>\n        <\/div>\n        \n    <\/div>\n<\/div>\n<p>\u00a0<\/p>\n<h3><b><span data-contrast=\"auto\">En cifras<\/span><\/b><span data-ccp-props=\"{&quot;201341983&quot;:0,&quot;335559739&quot;:160,&quot;335559740&quot;:259}\">\u00a0<\/span><\/h3>\n<p style=\"text-align: justify;\"><span data-contrast=\"auto\">Esta primera cohorte est\u00e1 integrada por 160 hombres y 152 mujeres, para un total de 312 estudiantes que ser\u00e1n distribuidos en 78 municipios priorizados por tener mayor incidencia de pobreza extrema.\u00a0<\/span><span data-ccp-props=\"{&quot;201341983&quot;:0,&quot;335559739&quot;:160,&quot;335559740&quot;:259}\">\u00a0<\/span><\/p>\n<p style=\"text-align: justify;\"><span data-ccp-props=\"{&quot;201341983&quot;:0,&quot;335559739&quot;:160,&quot;335559740&quot;:259}\">\u00a0<\/span><span data-contrast=\"auto\">Entre los municipios est\u00e1n <\/span><span data-contrast=\"auto\">Santa Cruz Verapaz, Tamah\u00fa, Raxruh\u00e1, Tactic, Chahal, Chisec, La Tinta, San Juan Chamelco, San Pedro Carch\u00e1, Fray Bartolom\u00e9 de las Casas, Santa Mar\u00eda Cahab\u00f3n y Lanqu\u00edn.\u00a0<\/span><span data-ccp-props=\"{&quot;201341983&quot;:0,&quot;335559739&quot;:160,&quot;335559740&quot;:259}\">\u00a0<\/span><\/p>\n<p style=\"text-align: justify;\"><span data-contrast=\"auto\">Algunas carreras que participan son Medicina, Arquitectura, varias ingenier\u00edas, Trabajo Social, Ciencias Psicol\u00f3gicas, Agronom\u00eda, Turismo y Ciencias de la Comunicaci\u00f3n.\u00a0<\/span><span data-ccp-props=\"{&quot;201341983&quot;:0,&quot;335559739&quot;:160,&quot;335559740&quot;:259}\">\u00a0<\/span><\/p>\n<p>\u00a0<\/p>\n<p><span data-ccp-props=\"{&quot;201341983&quot;:0,&quot;335559739&quot;:160,&quot;335559740&quot;:259}\">\u00a0<\/span><\/p>\n","protected":false},"excerpt":{"rendered":"","protected":false},"author":1,"featured_media":15332,"comment_status":"closed","ping_status":"open","sticky":false,"template":"","format":"standard","meta":{"_exactmetrics_skip_tracking":false,"_exactmetrics_sitenote_active":false,"_exactmetrics_sitenote_note":"","_exactmetrics_sitenote_category":0,"_jetpack_memberships_contains_paid_content":false,"footnotes":""},"categories":[1],"tags":[],"class_list":["post-19099","post","type-post","status-publish","format-standard","has-post-thumbnail","hentry","category-sin-categoria"],"aioseo_notices":[],"jetpack_featured_media_url":"https:\/\/soy.usac.edu.gt\/wp-content\/uploads\/2021\/10\/epsum-2.jpg","views":"","jetpack-related-posts":[{"id":9199,"url":"https:\/\/soy.usac.edu.gt\/?p=9199","url_meta":{"origin":19099,"position":0},"title":"EPSUM\u00a0\u00a0recibe premio internacional","author":"Divisi\u00f3n de Publicidad","date":"24 octubre, 2019","format":false,"excerpt":"Vivimos el lema \u201cId y ense\u00f1ad a todos\u201d","rel":"","context":"En \u00abNoticias\u00bb","block_context":{"text":"Noticias","link":"https:\/\/soy.usac.edu.gt\/?cat=29"},"img":{"alt_text":"","src":"https:\/\/i0.wp.com\/soy.usac.edu.gt\/wp-content\/uploads\/2019\/10\/destacada-premio.png?resize=350%2C200&ssl=1","width":350,"height":200,"srcset":"https:\/\/i0.wp.com\/soy.usac.edu.gt\/wp-content\/uploads\/2019\/10\/destacada-premio.png?resize=350%2C200&ssl=1 1x, https:\/\/i0.wp.com\/soy.usac.edu.gt\/wp-content\/uploads\/2019\/10\/destacada-premio.png?resize=525%2C300&ssl=1 1.5x, https:\/\/i0.wp.com\/soy.usac.edu.gt\/wp-content\/uploads\/2019\/10\/destacada-premio.png?resize=700%2C400&ssl=1 2x, https:\/\/i0.wp.com\/soy.usac.edu.gt\/wp-content\/uploads\/2019\/10\/destacada-premio.png?resize=1050%2C600&ssl=1 3x"},"classes":[]},{"id":19309,"url":"https:\/\/soy.usac.edu.gt\/?p=19309","url_meta":{"origin":19099,"position":1},"title":"Realizan jornada integral de salud en Huehuetenango","author":"Divisi\u00f3n de Publicidad","date":"29 mayo, 2023","format":false,"excerpt":"Estudiantes del Ejercicio Profesional Supervisado Multidisciplinario (EPSUM) y de Ciencias M\u00e9dicas han impartido servicios gratuitos a la poblaci\u00f3n.","rel":"","context":"En \u00abEstudiantes\u00bb","block_context":{"text":"Estudiantes","link":"https:\/\/soy.usac.edu.gt\/?cat=585"},"img":{"alt_text":"","src":"https:\/\/i0.wp.com\/soy.usac.edu.gt\/wp-content\/uploads\/2023\/05\/5.jpg?resize=350%2C200&ssl=1","width":350,"height":200,"srcset":"https:\/\/i0.wp.com\/soy.usac.edu.gt\/wp-content\/uploads\/2023\/05\/5.jpg?resize=350%2C200&ssl=1 1x, https:\/\/i0.wp.com\/soy.usac.edu.gt\/wp-content\/uploads\/2023\/05\/5.jpg?resize=525%2C300&ssl=1 1.5x, https:\/\/i0.wp.com\/soy.usac.edu.gt\/wp-content\/uploads\/2023\/05\/5.jpg?resize=700%2C400&ssl=1 2x, https:\/\/i0.wp.com\/soy.usac.edu.gt\/wp-content\/uploads\/2023\/05\/5.jpg?resize=1050%2C600&ssl=1 3x, https:\/\/i0.wp.com\/soy.usac.edu.gt\/wp-content\/uploads\/2023\/05\/5.jpg?resize=1400%2C800&ssl=1 4x"},"classes":[]},{"id":18069,"url":"https:\/\/soy.usac.edu.gt\/?p=18069","url_meta":{"origin":19099,"position":2},"title":"USAC realiza jornadas m\u00e9dicas para poblaci\u00f3n vulnerable","author":"Divisi\u00f3n de Publicidad","date":"23 agosto, 2022","format":false,"excerpt":"M\u00e1s de 500 personas fueron beneficiadas como parte de esta iniciativa.","rel":"","context":"En \u00abNoticias\u00bb","block_context":{"text":"Noticias","link":"https:\/\/soy.usac.edu.gt\/?cat=29"},"img":{"alt_text":"","src":"https:\/\/i0.wp.com\/soy.usac.edu.gt\/wp-content\/uploads\/2022\/08\/WhatsApp-Image-2022-08-23-at-11.40.18-AM.jpeg?resize=350%2C200&ssl=1","width":350,"height":200,"srcset":"https:\/\/i0.wp.com\/soy.usac.edu.gt\/wp-content\/uploads\/2022\/08\/WhatsApp-Image-2022-08-23-at-11.40.18-AM.jpeg?resize=350%2C200&ssl=1 1x, https:\/\/i0.wp.com\/soy.usac.edu.gt\/wp-content\/uploads\/2022\/08\/WhatsApp-Image-2022-08-23-at-11.40.18-AM.jpeg?resize=525%2C300&ssl=1 1.5x, https:\/\/i0.wp.com\/soy.usac.edu.gt\/wp-content\/uploads\/2022\/08\/WhatsApp-Image-2022-08-23-at-11.40.18-AM.jpeg?resize=700%2C400&ssl=1 2x"},"classes":[]},{"id":19520,"url":"https:\/\/soy.usac.edu.gt\/?p=19520","url_meta":{"origin":19099,"position":3},"title":"Jornada m\u00e9dica organizada por EPSUM atiende a cientos de pobladores","author":"Divisi\u00f3n de Publicidad","date":"19 junio, 2023","format":false,"excerpt":"El 13 de junio se llev\u00f3 a cabo la 3.\u00aa Jornada M\u00e9dica Integral en el Centro de Recuperaci\u00f3n Nacional (CRN), San Andr\u00e9s Semetabaj, municipio de Solol\u00e1.","rel":"","context":"En \u00abNoticias\u00bb","block_context":{"text":"Noticias","link":"https:\/\/soy.usac.edu.gt\/?cat=29"},"img":{"alt_text":"","src":"https:\/\/i0.wp.com\/soy.usac.edu.gt\/wp-content\/uploads\/2023\/06\/WhatsApp-Image-2023-06-19-at-10.05.37-2.jpeg?resize=350%2C200&ssl=1","width":350,"height":200,"srcset":"https:\/\/i0.wp.com\/soy.usac.edu.gt\/wp-content\/uploads\/2023\/06\/WhatsApp-Image-2023-06-19-at-10.05.37-2.jpeg?resize=350%2C200&ssl=1 1x, https:\/\/i0.wp.com\/soy.usac.edu.gt\/wp-content\/uploads\/2023\/06\/WhatsApp-Image-2023-06-19-at-10.05.37-2.jpeg?resize=525%2C300&ssl=1 1.5x, https:\/\/i0.wp.com\/soy.usac.edu.gt\/wp-content\/uploads\/2023\/06\/WhatsApp-Image-2023-06-19-at-10.05.37-2.jpeg?resize=700%2C400&ssl=1 2x, https:\/\/i0.wp.com\/soy.usac.edu.gt\/wp-content\/uploads\/2023\/06\/WhatsApp-Image-2023-06-19-at-10.05.37-2.jpeg?resize=1050%2C600&ssl=1 3x, https:\/\/i0.wp.com\/soy.usac.edu.gt\/wp-content\/uploads\/2023\/06\/WhatsApp-Image-2023-06-19-at-10.05.37-2.jpeg?resize=1400%2C800&ssl=1 4x"},"classes":[]},{"id":19324,"url":"https:\/\/soy.usac.edu.gt\/?p=19324","url_meta":{"origin":19099,"position":4},"title":"EPSUM recibe donaci\u00f3n","author":"Divisi\u00f3n de Publicidad","date":"29 mayo, 2023","format":false,"excerpt":"La organizaci\u00f3n Colgate, S. A. aport\u00f3 25,000 kits de cepillo y pasta dental para la implementaci\u00f3n de jornadas de educaci\u00f3n bucal, en las que participan estudiantes.","rel":"","context":"En \u00abSin categor\u00eda\u00bb","block_context":{"text":"Sin categor\u00eda","link":"https:\/\/soy.usac.edu.gt\/?cat=1"},"img":{"alt_text":"","src":"https:\/\/i0.wp.com\/soy.usac.edu.gt\/wp-content\/uploads\/2023\/05\/WhatsApp-Image-2023-05-26-at-09.05.30-1.jpeg?resize=350%2C200&ssl=1","width":350,"height":200,"srcset":"https:\/\/i0.wp.com\/soy.usac.edu.gt\/wp-content\/uploads\/2023\/05\/WhatsApp-Image-2023-05-26-at-09.05.30-1.jpeg?resize=350%2C200&ssl=1 1x, https:\/\/i0.wp.com\/soy.usac.edu.gt\/wp-content\/uploads\/2023\/05\/WhatsApp-Image-2023-05-26-at-09.05.30-1.jpeg?resize=525%2C300&ssl=1 1.5x, https:\/\/i0.wp.com\/soy.usac.edu.gt\/wp-content\/uploads\/2023\/05\/WhatsApp-Image-2023-05-26-at-09.05.30-1.jpeg?resize=700%2C400&ssl=1 2x"},"classes":[]},{"id":7547,"url":"https:\/\/soy.usac.edu.gt\/?p=7547","url_meta":{"origin":19099,"position":5},"title":"Estudiantes apoyan Jornadas Libres de Caries\u00a0en escuelas de Quich\u00e9","author":"Divisi\u00f3n de Publicidad","date":"16 julio, 2019","format":false,"excerpt":"Durante la jornada se concientiz\u00f3 a los\u00a0 alumnos sobre la importancia de la higiene bucal,\u00a0 adem\u00e1s se entregaron kits de cepillos y pastas dentales.","rel":"","context":"En \u00abNoticias\u00bb","block_context":{"text":"Noticias","link":"https:\/\/soy.usac.edu.gt\/?cat=29"},"img":{"alt_text":"","src":"https:\/\/i0.wp.com\/soy.usac.edu.gt\/wp-content\/uploads\/2019\/07\/SAM3786.jpg?resize=350%2C200&ssl=1","width":350,"height":200,"srcset":"https:\/\/i0.wp.com\/soy.usac.edu.gt\/wp-content\/uploads\/2019\/07\/SAM3786.jpg?resize=350%2C200&ssl=1 1x, https:\/\/i0.wp.com\/soy.usac.edu.gt\/wp-content\/uploads\/2019\/07\/SAM3786.jpg?resize=525%2C300&ssl=1 1.5x, https:\/\/i0.wp.com\/soy.usac.edu.gt\/wp-content\/uploads\/2019\/07\/SAM3786.jpg?resize=700%2C400&ssl=1 2x, https:\/\/i0.wp.com\/soy.usac.edu.gt\/wp-content\/uploads\/2019\/07\/SAM3786.jpg?resize=1050%2C600&ssl=1 3x, https:\/\/i0.wp.com\/soy.usac.edu.gt\/wp-content\/uploads\/2019\/07\/SAM3786.jpg?resize=1400%2C800&ssl=1 4x"},"classes":[]}],"jetpack_sharing_enabled":true,"_links":{"self":[{"href":"https:\/\/soy.usac.edu.gt\/index.php?rest_route=\/wp\/v2\/posts\/19099","targetHints":{"allow":["GET"]}}],"collection":[{"href":"https:\/\/soy.usac.edu.gt\/index.php?rest_route=\/wp\/v2\/posts"}],"about":[{"href":"https:\/\/soy.usac.edu.gt\/index.php?rest_route=\/wp\/v2\/types\/post"}],"author":[{"embeddable":true,"href":"https:\/\/soy.usac.edu.gt\/index.php?rest_route=\/wp\/v2\/users\/1"}],"replies":[{"embeddable":true,"href":"https:\/\/soy.usac.edu.gt\/index.php?rest_route=%2Fwp%2Fv2%2Fcomments&post=19099"}],"version-history":[{"count":3,"href":"https:\/\/soy.usac.edu.gt\/index.php?rest_route=\/wp\/v2\/posts\/19099\/revisions"}],"predecessor-version":[{"id":19114,"href":"https:\/\/soy.usac.edu.gt\/index.php?rest_route=\/wp\/v2\/posts\/19099\/revisions\/19114"}],"wp:featuredmedia":[{"embeddable":true,"href":"https:\/\/soy.usac.edu.gt\/index.php?rest_route=\/wp\/v2\/media\/15332"}],"wp:attachment":[{"href":"https:\/\/soy.usac.edu.gt\/index.php?rest_route=%2Fwp%2Fv2%2Fmedia&parent=19099"}],"wp:term":[{"taxonomy":"category","embeddable":true,"href":"https:\/\/soy.usac.edu.gt\/index.php?rest_route=%2Fwp%2Fv2%2Fcategories&post=19099"},{"taxonomy":"post_tag","embeddable":true,"href":"https:\/\/soy.usac.edu.gt\/index.php?rest_route=%2Fwp%2Fv2%2Ftags&post=19099"}],"curies":[{"name":"wp","href":"https:\/\/api.w.org\/{rel}","templated":true}]}}