{"id":19804,"date":"2024-01-11T13:47:27","date_gmt":"2024-01-11T19:47:27","guid":{"rendered":"https:\/\/soy.usac.edu.gt\/?p=19804"},"modified":"2024-01-11T13:47:29","modified_gmt":"2024-01-11T19:47:29","slug":"conoce-tu-universidad","status":"publish","type":"post","link":"https:\/\/soy.usac.edu.gt\/?p=19804","title":{"rendered":"Conoce tu universidad"},"content":{"rendered":"\n<blockquote>\n<h2><em><strong>Este es el mapa del Campus Central<\/strong><\/em><\/h2>\n<\/blockquote>\n\n\n\n<figure class=\"wp-block-image size-full\"><img loading=\"lazy\" decoding=\"async\" width=\"1284\" height=\"1600\" src=\"https:\/\/soy.usac.edu.gt\/wp-content\/uploads\/2024\/01\/WhatsApp-Image-2024-01-11-at-1.34.40-PM.jpeg\" alt=\"\" class=\"wp-image-19805\"\/><\/figure>\n","protected":false},"excerpt":{"rendered":"","protected":false},"author":1,"featured_media":4064,"comment_status":"closed","ping_status":"closed","sticky":false,"template":"","format":"image","meta":{"_exactmetrics_skip_tracking":false,"_exactmetrics_sitenote_active":false,"_exactmetrics_sitenote_note":"","_exactmetrics_sitenote_category":0,"_jetpack_memberships_contains_paid_content":false,"footnotes":""},"categories":[585],"tags":[],"class_list":["post-19804","post","type-post","status-publish","format-image","has-post-thumbnail","hentry","category-estudiantes","post_format-post-format-image"],"aioseo_notices":[],"jetpack_featured_media_url":"https:\/\/soy.usac.edu.gt\/wp-content\/uploads\/2019\/02\/Rector\u00eda2.jpg","views":"","jetpack-related-posts":[{"id":4144,"url":"https:\/\/soy.usac.edu.gt\/?p=4144","url_meta":{"origin":19804,"position":0},"title":"Mapa del campus central de la USAC","author":"Divisi\u00f3n de Publicidad","date":"19 febrero, 2019","format":false,"excerpt":"Aqu\u00ed puedes descargar el mapa del campus central No te pierdas en la USAC,\u00a0la ciudad universitaria cuenta con m\u00e1s de 35 edificios, en donde se ubican las diferentes unidades acad\u00e9micas, laboratorios y\u00a0 centros de investigaci\u00f3n. El campus actual se debe a la visi\u00f3n futurista del exrector Carlos Mart\u00ednez Dur\u00e1n, quien\u2026","rel":"","context":"En \u00abMapa del Campus Central\u00bb","block_context":{"text":"Mapa del Campus Central","link":"https:\/\/soy.usac.edu.gt\/?cat=339"},"img":{"alt_text":"","src":"https:\/\/i0.wp.com\/soy.usac.edu.gt\/wp-content\/uploads\/2019\/02\/Imagen-destacada-Mapa.jpg?resize=350%2C200&ssl=1","width":350,"height":200,"srcset":"https:\/\/i0.wp.com\/soy.usac.edu.gt\/wp-content\/uploads\/2019\/02\/Imagen-destacada-Mapa.jpg?resize=350%2C200&ssl=1 1x, https:\/\/i0.wp.com\/soy.usac.edu.gt\/wp-content\/uploads\/2019\/02\/Imagen-destacada-Mapa.jpg?resize=525%2C300&ssl=1 1.5x, https:\/\/i0.wp.com\/soy.usac.edu.gt\/wp-content\/uploads\/2019\/02\/Imagen-destacada-Mapa.jpg?resize=700%2C400&ssl=1 2x, https:\/\/i0.wp.com\/soy.usac.edu.gt\/wp-content\/uploads\/2019\/02\/Imagen-destacada-Mapa.jpg?resize=1050%2C600&ssl=1 3x, https:\/\/i0.wp.com\/soy.usac.edu.gt\/wp-content\/uploads\/2019\/02\/Imagen-destacada-Mapa.jpg?resize=1400%2C800&ssl=1 4x"},"classes":[]},{"id":17256,"url":"https:\/\/soy.usac.edu.gt\/?p=17256","url_meta":{"origin":19804,"position":1},"title":"Conoce la oferta acad\u00e9mica de la USAC para el a\u00f1o 2023","author":"Divisi\u00f3n de Publicidad","date":"3 mayo, 2022","format":false,"excerpt":"Est\u00e1 edici\u00f3n especial del Peri\u00f3dico de la USAC, cuenta con toda la oferta educativa de la Universidad de San Carlos de Guatemala, es un PDF interactivo en el que los aspirantes podr\u00e1n acceder a los contactos de las unidades acad\u00e9micas, e informaci\u00f3n vital para conocer el Campus Central,\u00a0 el proceso\u2026","rel":"","context":"En \u00abINFOUSAC\u00bb","block_context":{"text":"INFOUSAC","link":"https:\/\/soy.usac.edu.gt\/?cat=764"},"img":{"alt_text":"","src":"https:\/\/i0.wp.com\/soy.usac.edu.gt\/wp-content\/uploads\/2022\/05\/portada-INFOUSACWEB.jpeg?resize=350%2C200&ssl=1","width":350,"height":200,"srcset":"https:\/\/i0.wp.com\/soy.usac.edu.gt\/wp-content\/uploads\/2022\/05\/portada-INFOUSACWEB.jpeg?resize=350%2C200&ssl=1 1x, https:\/\/i0.wp.com\/soy.usac.edu.gt\/wp-content\/uploads\/2022\/05\/portada-INFOUSACWEB.jpeg?resize=525%2C300&ssl=1 1.5x, https:\/\/i0.wp.com\/soy.usac.edu.gt\/wp-content\/uploads\/2022\/05\/portada-INFOUSACWEB.jpeg?resize=700%2C400&ssl=1 2x, https:\/\/i0.wp.com\/soy.usac.edu.gt\/wp-content\/uploads\/2022\/05\/portada-INFOUSACWEB.jpeg?resize=1050%2C600&ssl=1 3x"},"classes":[]},{"id":5184,"url":"https:\/\/soy.usac.edu.gt\/?p=5184","url_meta":{"origin":19804,"position":2},"title":"Estudiantes de Quich\u00e9 visitan el campus central","author":"Divisi\u00f3n de Publicidad","date":"22 marzo, 2019","format":false,"excerpt":"Cerca de 70 estudiantes del primer ciclo de la Facultad de Humanidades provenientes del Centro Universitario de Quich\u00e9 visitaron el campus central.","rel":"","context":"En \u00abM\u00e1s Noticias\u00bb","block_context":{"text":"M\u00e1s Noticias","link":"https:\/\/soy.usac.edu.gt\/?cat=96"},"img":{"alt_text":"","src":"https:\/\/i0.wp.com\/soy.usac.edu.gt\/wp-content\/uploads\/2019\/03\/portada-1.jpg?resize=350%2C200&ssl=1","width":350,"height":200,"srcset":"https:\/\/i0.wp.com\/soy.usac.edu.gt\/wp-content\/uploads\/2019\/03\/portada-1.jpg?resize=350%2C200&ssl=1 1x, https:\/\/i0.wp.com\/soy.usac.edu.gt\/wp-content\/uploads\/2019\/03\/portada-1.jpg?resize=525%2C300&ssl=1 1.5x, https:\/\/i0.wp.com\/soy.usac.edu.gt\/wp-content\/uploads\/2019\/03\/portada-1.jpg?resize=700%2C400&ssl=1 2x, https:\/\/i0.wp.com\/soy.usac.edu.gt\/wp-content\/uploads\/2019\/03\/portada-1.jpg?resize=1050%2C600&ssl=1 3x, https:\/\/i0.wp.com\/soy.usac.edu.gt\/wp-content\/uploads\/2019\/03\/portada-1.jpg?resize=1400%2C800&ssl=1 4x"},"classes":[]},{"id":5798,"url":"https:\/\/soy.usac.edu.gt\/?p=5798","url_meta":{"origin":19804,"position":3},"title":"USAC realizar\u00e1 feria informativa para graduandos","author":"Divisi\u00f3n de Publicidad","date":"3 mayo, 2019","format":false,"excerpt":"Del 14 al 17 mayo \u00a0la USAC llevar\u00e1 a cabo una feria informativa dirigida a establecimientos educativos y graduandos que desean conocer la oferta educativa de la Tricentenaria.","rel":"","context":"En \u00abM\u00e1s Noticias\u00bb","block_context":{"text":"M\u00e1s Noticias","link":"https:\/\/soy.usac.edu.gt\/?cat=96"},"img":{"alt_text":"","src":"https:\/\/i0.wp.com\/soy.usac.edu.gt\/wp-content\/uploads\/2019\/05\/IMG_1696.jpg?resize=350%2C200&ssl=1","width":350,"height":200,"srcset":"https:\/\/i0.wp.com\/soy.usac.edu.gt\/wp-content\/uploads\/2019\/05\/IMG_1696.jpg?resize=350%2C200&ssl=1 1x, https:\/\/i0.wp.com\/soy.usac.edu.gt\/wp-content\/uploads\/2019\/05\/IMG_1696.jpg?resize=525%2C300&ssl=1 1.5x, https:\/\/i0.wp.com\/soy.usac.edu.gt\/wp-content\/uploads\/2019\/05\/IMG_1696.jpg?resize=700%2C400&ssl=1 2x, https:\/\/i0.wp.com\/soy.usac.edu.gt\/wp-content\/uploads\/2019\/05\/IMG_1696.jpg?resize=1050%2C600&ssl=1 3x, https:\/\/i0.wp.com\/soy.usac.edu.gt\/wp-content\/uploads\/2019\/05\/IMG_1696.jpg?resize=1400%2C800&ssl=1 4x"},"classes":[]},{"id":20695,"url":"https:\/\/soy.usac.edu.gt\/?p=20695","url_meta":{"origin":19804,"position":4},"title":"Oferta Acad\u00e9mica de la USAC 2024","author":"Divisi\u00f3n de Publicidad","date":"30 agosto, 2024","format":false,"excerpt":"","rel":"","context":"En \u00abActividades\u00bb","block_context":{"text":"Actividades","link":"https:\/\/soy.usac.edu.gt\/?cat=126"},"img":{"alt_text":"","src":"https:\/\/i0.wp.com\/soy.usac.edu.gt\/wp-content\/uploads\/2024\/08\/INFOUSAC-FINALISIMO-2024_compressed-1-2.jpg?resize=350%2C200&ssl=1","width":350,"height":200,"srcset":"https:\/\/i0.wp.com\/soy.usac.edu.gt\/wp-content\/uploads\/2024\/08\/INFOUSAC-FINALISIMO-2024_compressed-1-2.jpg?resize=350%2C200&ssl=1 1x, https:\/\/i0.wp.com\/soy.usac.edu.gt\/wp-content\/uploads\/2024\/08\/INFOUSAC-FINALISIMO-2024_compressed-1-2.jpg?resize=525%2C300&ssl=1 1.5x, https:\/\/i0.wp.com\/soy.usac.edu.gt\/wp-content\/uploads\/2024\/08\/INFOUSAC-FINALISIMO-2024_compressed-1-2.jpg?resize=700%2C400&ssl=1 2x, https:\/\/i0.wp.com\/soy.usac.edu.gt\/wp-content\/uploads\/2024\/08\/INFOUSAC-FINALISIMO-2024_compressed-1-2.jpg?resize=1050%2C600&ssl=1 3x, https:\/\/i0.wp.com\/soy.usac.edu.gt\/wp-content\/uploads\/2024\/08\/INFOUSAC-FINALISIMO-2024_compressed-1-2.jpg?resize=1400%2C800&ssl=1 4x"},"classes":[]},{"id":3815,"url":"https:\/\/soy.usac.edu.gt\/?p=3815","url_meta":{"origin":19804,"position":5},"title":"La Tricentenaria: una universidad en expansi\u00f3n","author":"Divisi\u00f3n de Publicidad","date":"4 febrero, 2019","format":false,"excerpt":"La USAC es una de las universidades m\u00e1s longevas y de mayor crecimiento geogr\u00e1fico de Latinoam\u00e9rica. Pas\u00f3 de tener 2,322 estudiantes inscritos en 1950 a 200,000 en 2019. A mediados de la d\u00e9cada de 1940, empezaron los trabajos de infraestructura b\u00e1sica y urbanizaci\u00f3n para la construcci\u00f3n de la sede metropolitana\u2026","rel":"","context":"En \u00abNoticias\u00bb","block_context":{"text":"Noticias","link":"https:\/\/soy.usac.edu.gt\/?cat=29"},"img":{"alt_text":"","src":"https:\/\/i0.wp.com\/soy.usac.edu.gt\/wp-content\/uploads\/2019\/02\/DSC_5200.jpg?resize=350%2C200&ssl=1","width":350,"height":200,"srcset":"https:\/\/i0.wp.com\/soy.usac.edu.gt\/wp-content\/uploads\/2019\/02\/DSC_5200.jpg?resize=350%2C200&ssl=1 1x, https:\/\/i0.wp.com\/soy.usac.edu.gt\/wp-content\/uploads\/2019\/02\/DSC_5200.jpg?resize=525%2C300&ssl=1 1.5x, https:\/\/i0.wp.com\/soy.usac.edu.gt\/wp-content\/uploads\/2019\/02\/DSC_5200.jpg?resize=700%2C400&ssl=1 2x, https:\/\/i0.wp.com\/soy.usac.edu.gt\/wp-content\/uploads\/2019\/02\/DSC_5200.jpg?resize=1050%2C600&ssl=1 3x, https:\/\/i0.wp.com\/soy.usac.edu.gt\/wp-content\/uploads\/2019\/02\/DSC_5200.jpg?resize=1400%2C800&ssl=1 4x"},"classes":[]}],"jetpack_sharing_enabled":true,"_links":{"self":[{"href":"https:\/\/soy.usac.edu.gt\/index.php?rest_route=\/wp\/v2\/posts\/19804","targetHints":{"allow":["GET"]}}],"collection":[{"href":"https:\/\/soy.usac.edu.gt\/index.php?rest_route=\/wp\/v2\/posts"}],"about":[{"href":"https:\/\/soy.usac.edu.gt\/index.php?rest_route=\/wp\/v2\/types\/post"}],"author":[{"embeddable":true,"href":"https:\/\/soy.usac.edu.gt\/index.php?rest_route=\/wp\/v2\/users\/1"}],"replies":[{"embeddable":true,"href":"https:\/\/soy.usac.edu.gt\/index.php?rest_route=%2Fwp%2Fv2%2Fcomments&post=19804"}],"version-history":[{"count":2,"href":"https:\/\/soy.usac.edu.gt\/index.php?rest_route=\/wp\/v2\/posts\/19804\/revisions"}],"predecessor-version":[{"id":19808,"href":"https:\/\/soy.usac.edu.gt\/index.php?rest_route=\/wp\/v2\/posts\/19804\/revisions\/19808"}],"wp:featuredmedia":[{"embeddable":true,"href":"https:\/\/soy.usac.edu.gt\/index.php?rest_route=\/wp\/v2\/media\/4064"}],"wp:attachment":[{"href":"https:\/\/soy.usac.edu.gt\/index.php?rest_route=%2Fwp%2Fv2%2Fmedia&parent=19804"}],"wp:term":[{"taxonomy":"category","embeddable":true,"href":"https:\/\/soy.usac.edu.gt\/index.php?rest_route=%2Fwp%2Fv2%2Fcategories&post=19804"},{"taxonomy":"post_tag","embeddable":true,"href":"https:\/\/soy.usac.edu.gt\/index.php?rest_route=%2Fwp%2Fv2%2Ftags&post=19804"}],"curies":[{"name":"wp","href":"https:\/\/api.w.org\/{rel}","templated":true}]}}