{"id":19908,"date":"2024-02-13T12:08:36","date_gmt":"2024-02-13T18:08:36","guid":{"rendered":"https:\/\/soy.usac.edu.gt\/?p=19908"},"modified":"2024-02-13T14:10:08","modified_gmt":"2024-02-13T20:10:08","slug":"capacitan-al-personal-sancarlista","status":"publish","type":"post","link":"https:\/\/soy.usac.edu.gt\/?p=19908","title":{"rendered":"Capacitan al personal sancarlista"},"content":{"rendered":"\n<p style=\"text-align: justify;\"><strong>La Direcci\u00f3n General de Docencia y la Divisi\u00f3n de Administraci\u00f3n de Recursos Humanos organizaron la actividad \u00abLa nueva presencialidad en el entorno laboral\u00bb con el fin de incentivar la convivencia entre los trabajadores e impartir conocimientos de utilidad para la vida laboral.<\/strong><\/p>\n<p>Fotos: Edson Lozano<\/p>\n<p style=\"text-align: justify;\"><br \/>La M. A. Brenda Marroqu\u00edn, Directora General de Docencia, indic\u00f3: \u00abEsta capacitaci\u00f3n busca actualizar los conocimientos del personal, fortalecer las capacidades y los v\u00ednculos de los trabajadores\u00bb. Participaron las distintas dependencias de la Direcci\u00f3n General de Docencia; entre estas, la Divisi\u00f3n de Desarrollo Acad\u00e9mico, Divisi\u00f3n de Bienestar Estudiantil, Unidad de Salud, Divisi\u00f3n de Educaci\u00f3n a Distancia en Entornos Virtuales, Divisi\u00f3n de Evaluaci\u00f3n Acad\u00e9mica e Institucional, Sistema de Ubicaci\u00f3n y Nivelaci\u00f3n.<\/p>\n<p style=\"text-align: justify;\"><br \/>Los asistentes realizaron din\u00e1micas en las que pudieron interactuar, conocerse, identificar sus rasgos de personalidad y reflexionar sobre la importancia de la diversidad en los grupos para fomentar el trabajo en equipo y mejorar las relaciones interpersonales. Estas actividades fueron dirigidas por las psic\u00f3logas Melina Romero y Adriana Huitz, de la Divisi\u00f3n de Administraci\u00f3n de Recursos Humanos.<\/p>\n<p>\u00a0<\/p>\n<div id=\"metaslider-id-19916\" style=\"width: 100%;\" class=\"ml-slider-3-106-0 metaslider metaslider-flex metaslider-19916 ml-slider has-dots-nav ms-theme-default\" role=\"region\" aria-label=\"Nueva presentaci\u00f3n de diapositivas\" data-height=\"300\" data-width=\"700\">\n    <div id=\"metaslider_container_19916\">\n        <div id=\"metaslider_19916\">\n            <ul class='slides'>\n                <li style=\"display: block; width: 100%;\" class=\"slide-19923 ms-image \" aria-roledescription=\"slide\" data-date=\"2024-02-13 12:02:13\" data-filename=\"docencia-700x300.png\" data-slide-type=\"image\"><img loading=\"lazy\" decoding=\"async\" src=\"https:\/\/soy.usac.edu.gt\/wp-content\/uploads\/2024\/02\/docencia-700x300.png\" height=\"300\" width=\"700\" alt=\"\" class=\"slider-19916 slide-19923 msDefaultImage\" title=\"docencia\" \/><\/li>\n                <li style=\"display: none; width: 100%;\" class=\"slide-19917 ms-image \" aria-roledescription=\"slide\" data-date=\"2024-02-13 11:57:04\" data-filename=\"6-700x300.jpg\" data-slide-type=\"image\"><img loading=\"lazy\" decoding=\"async\" src=\"https:\/\/soy.usac.edu.gt\/wp-content\/uploads\/2024\/02\/6-700x300.jpg\" height=\"300\" width=\"700\" alt=\"\" class=\"slider-19916 slide-19917 msDefaultImage\" title=\"6\" \/><\/li>\n                <li style=\"display: none; width: 100%;\" class=\"slide-19920 ms-image \" aria-roledescription=\"slide\" data-date=\"2024-02-13 11:57:04\" data-filename=\"2-700x300.jpg\" data-slide-type=\"image\"><img loading=\"lazy\" decoding=\"async\" src=\"https:\/\/soy.usac.edu.gt\/wp-content\/uploads\/2024\/02\/2-700x300.jpg\" height=\"300\" width=\"700\" alt=\"\" class=\"slider-19916 slide-19920 msDefaultImage\" title=\"2\" \/><\/li>\n                <li style=\"display: none; width: 100%;\" class=\"slide-19918 ms-image \" aria-roledescription=\"slide\" data-date=\"2024-02-13 11:57:04\" data-filename=\"4-700x300.jpg\" data-slide-type=\"image\"><img loading=\"lazy\" decoding=\"async\" src=\"https:\/\/soy.usac.edu.gt\/wp-content\/uploads\/2024\/02\/4-700x300.jpg\" height=\"300\" width=\"700\" alt=\"\" class=\"slider-19916 slide-19918 msDefaultImage\" title=\"4\" \/><\/li>\n                <li style=\"display: none; width: 100%;\" class=\"slide-19919 ms-image \" aria-roledescription=\"slide\" data-date=\"2024-02-13 11:57:04\" data-filename=\"3-700x300.jpg\" data-slide-type=\"image\"><img loading=\"lazy\" decoding=\"async\" src=\"https:\/\/soy.usac.edu.gt\/wp-content\/uploads\/2024\/02\/3-700x300.jpg\" height=\"300\" width=\"700\" alt=\"\" class=\"slider-19916 slide-19919 msDefaultImage\" title=\"3\" \/><\/li>\n                <li style=\"display: none; width: 100%;\" class=\"slide-19921 ms-image \" aria-roledescription=\"slide\" data-date=\"2024-02-13 11:57:04\" data-filename=\"1-700x300.jpg\" data-slide-type=\"image\"><img loading=\"lazy\" decoding=\"async\" src=\"https:\/\/soy.usac.edu.gt\/wp-content\/uploads\/2024\/02\/1-700x300.jpg\" height=\"300\" width=\"700\" alt=\"\" class=\"slider-19916 slide-19921 msDefaultImage\" title=\"1\" \/><\/li>\n            <\/ul>\n        <\/div>\n        \n    <\/div>\n<\/div>\n<p>\u00a0<\/p>\n<p style=\"text-align: justify;\">\u00abLa universidad es una instituci\u00f3n muy noble y, por sus cualidades de servicio a la poblaci\u00f3n, debe promover relaciones humanas sanas\u00bb, afirm\u00f3 la Lcda. Adriana Huitz.<\/p>\n<p style=\"text-align: justify;\">En el contexto del retorno a la presencialidad, esta capacitaci\u00f3n concientiz\u00f3 sobre la importancia de las relaciones interpersonales para mejorar la atenci\u00f3n y brindar servicios de calidad.<\/p>\n\n\n\n<hr class=\"wp-block-separator has-alpha-channel-opacity\"\/>\n","protected":false},"excerpt":{"rendered":"","protected":false},"author":1,"featured_media":19914,"comment_status":"closed","ping_status":"closed","sticky":false,"template":"","format":"standard","meta":{"_exactmetrics_skip_tracking":false,"_exactmetrics_sitenote_active":false,"_exactmetrics_sitenote_note":"","_exactmetrics_sitenote_category":0,"_jetpack_memberships_contains_paid_content":false,"footnotes":""},"categories":[29],"tags":[693,879,264],"class_list":["post-19908","post","type-post","status-publish","format-standard","has-post-thumbnail","hentry","category-noticias","tag-direccion-general-de-docencia","tag-trabajadores","tag-usac"],"aioseo_notices":[],"jetpack_featured_media_url":"https:\/\/soy.usac.edu.gt\/wp-content\/uploads\/2024\/02\/5.jpg","views":"","jetpack-related-posts":[{"id":22395,"url":"https:\/\/soy.usac.edu.gt\/?p=22395","url_meta":{"origin":19908,"position":0},"title":"Innovaci\u00f3n y calidad acad\u00e9mica en el I Festival de Buenas Pr\u00e1cticas USAC","author":"Divisi\u00f3n de Publicidad","date":"17 noviembre, 2025","format":false,"excerpt":"La Universidad de San Carlos de Guatemala llev\u00f3 a cabo el I Festival de Buenas Pr\u00e1cticas de Integraci\u00f3n de las Funciones Sustantivas 2025, un espacio donde nuestras unidades acad\u00e9micas compartieron proyectos que fortalecen la docencia, la investigaci\u00f3n y la extensi\u00f3n. En su mensaje de bienvenida, la M.A. Brenda Marroqu\u00edn, Directora\u2026","rel":"","context":"En \u00abActividades\u00bb","block_context":{"text":"Actividades","link":"https:\/\/soy.usac.edu.gt\/?cat=126"},"img":{"alt_text":"","src":"https:\/\/i0.wp.com\/soy.usac.edu.gt\/wp-content\/uploads\/2025\/11\/WhatsApp-Image-2025-11-19-at-9.42.40-AM-1.jpeg?resize=350%2C200&ssl=1","width":350,"height":200,"srcset":"https:\/\/i0.wp.com\/soy.usac.edu.gt\/wp-content\/uploads\/2025\/11\/WhatsApp-Image-2025-11-19-at-9.42.40-AM-1.jpeg?resize=350%2C200&ssl=1 1x, https:\/\/i0.wp.com\/soy.usac.edu.gt\/wp-content\/uploads\/2025\/11\/WhatsApp-Image-2025-11-19-at-9.42.40-AM-1.jpeg?resize=525%2C300&ssl=1 1.5x, https:\/\/i0.wp.com\/soy.usac.edu.gt\/wp-content\/uploads\/2025\/11\/WhatsApp-Image-2025-11-19-at-9.42.40-AM-1.jpeg?resize=700%2C400&ssl=1 2x, https:\/\/i0.wp.com\/soy.usac.edu.gt\/wp-content\/uploads\/2025\/11\/WhatsApp-Image-2025-11-19-at-9.42.40-AM-1.jpeg?resize=1050%2C600&ssl=1 3x, https:\/\/i0.wp.com\/soy.usac.edu.gt\/wp-content\/uploads\/2025\/11\/WhatsApp-Image-2025-11-19-at-9.42.40-AM-1.jpeg?resize=1400%2C800&ssl=1 4x"},"classes":[]},{"id":18583,"url":"https:\/\/soy.usac.edu.gt\/?p=18583","url_meta":{"origin":19908,"position":1},"title":"USAC reivindica los aportes de las mujeres en la historia","author":"Divisi\u00f3n de Publicidad","date":"6 octubre, 2022","format":false,"excerpt":"La C\u00e1tedra Historia, G\u00e9nero y Educaci\u00f3n Superior concientiz\u00f3 sobre la importancia de fortalecer la memoria hist\u00f3rica y reconocer el papel de la mujer en distintos contextos.","rel":"","context":"En \u00abNoticias\u00bb","block_context":{"text":"Noticias","link":"https:\/\/soy.usac.edu.gt\/?cat=29"},"img":{"alt_text":"","src":"https:\/\/i0.wp.com\/soy.usac.edu.gt\/wp-content\/uploads\/2022\/10\/4-1.jpg?resize=350%2C200&ssl=1","width":350,"height":200,"srcset":"https:\/\/i0.wp.com\/soy.usac.edu.gt\/wp-content\/uploads\/2022\/10\/4-1.jpg?resize=350%2C200&ssl=1 1x, https:\/\/i0.wp.com\/soy.usac.edu.gt\/wp-content\/uploads\/2022\/10\/4-1.jpg?resize=525%2C300&ssl=1 1.5x, https:\/\/i0.wp.com\/soy.usac.edu.gt\/wp-content\/uploads\/2022\/10\/4-1.jpg?resize=700%2C400&ssl=1 2x"},"classes":[]},{"id":10528,"url":"https:\/\/soy.usac.edu.gt\/?p=10528","url_meta":{"origin":19908,"position":2},"title":"DIGED reconoce trayectoria y compromiso de trabajadores retirados","author":"Divisi\u00f3n de Publicidad","date":"30 enero, 2020","format":false,"excerpt":"Tras una vida de compromiso, la maestra Alba Am\u00e9rica Acevedo y el Dr. Carlos Catal\u00e1n fueron homenajeados antes de jubilarse de la instituci\u00f3n.","rel":"","context":"En \u00abNoticias\u00bb","block_context":{"text":"Noticias","link":"https:\/\/soy.usac.edu.gt\/?cat=29"},"img":{"alt_text":"","src":"https:\/\/i0.wp.com\/soy.usac.edu.gt\/wp-content\/uploads\/2020\/01\/11-copia.jpg?resize=350%2C200&ssl=1","width":350,"height":200,"srcset":"https:\/\/i0.wp.com\/soy.usac.edu.gt\/wp-content\/uploads\/2020\/01\/11-copia.jpg?resize=350%2C200&ssl=1 1x, https:\/\/i0.wp.com\/soy.usac.edu.gt\/wp-content\/uploads\/2020\/01\/11-copia.jpg?resize=525%2C300&ssl=1 1.5x, https:\/\/i0.wp.com\/soy.usac.edu.gt\/wp-content\/uploads\/2020\/01\/11-copia.jpg?resize=700%2C400&ssl=1 2x, https:\/\/i0.wp.com\/soy.usac.edu.gt\/wp-content\/uploads\/2020\/01\/11-copia.jpg?resize=1050%2C600&ssl=1 3x"},"classes":[]},{"id":22550,"url":"https:\/\/soy.usac.edu.gt\/?p=22550","url_meta":{"origin":19908,"position":3},"title":"Excelencia con Pertinencia Social, USAC premia la labor Extensionista e Integral en su 350 Aniversario.","author":"Divisi\u00f3n de Publicidad","date":"27 enero, 2026","format":false,"excerpt":"En el marco de los 350 a\u00f1os de fundaci\u00f3n de la Universidad de San Carlos de Guatemala, nuestra casa de estudios reafirma su compromiso con el pueblo guatemalteco al reconocer el impacto transformador de su comunidad acad\u00e9mica. El Premio al Proyecto Extensionista destaca aquellas iniciativas que han logrado romper las\u2026","rel":"","context":"En \u00abActividades\u00bb","block_context":{"text":"Actividades","link":"https:\/\/soy.usac.edu.gt\/?cat=126"},"img":{"alt_text":"","src":"https:\/\/i0.wp.com\/soy.usac.edu.gt\/wp-content\/uploads\/2026\/01\/WhatsApp-Image-2026-01-27-at-4.16.18-PM-9.jpeg?resize=350%2C200&ssl=1","width":350,"height":200,"srcset":"https:\/\/i0.wp.com\/soy.usac.edu.gt\/wp-content\/uploads\/2026\/01\/WhatsApp-Image-2026-01-27-at-4.16.18-PM-9.jpeg?resize=350%2C200&ssl=1 1x, https:\/\/i0.wp.com\/soy.usac.edu.gt\/wp-content\/uploads\/2026\/01\/WhatsApp-Image-2026-01-27-at-4.16.18-PM-9.jpeg?resize=525%2C300&ssl=1 1.5x, https:\/\/i0.wp.com\/soy.usac.edu.gt\/wp-content\/uploads\/2026\/01\/WhatsApp-Image-2026-01-27-at-4.16.18-PM-9.jpeg?resize=700%2C400&ssl=1 2x, https:\/\/i0.wp.com\/soy.usac.edu.gt\/wp-content\/uploads\/2026\/01\/WhatsApp-Image-2026-01-27-at-4.16.18-PM-9.jpeg?resize=1050%2C600&ssl=1 3x, https:\/\/i0.wp.com\/soy.usac.edu.gt\/wp-content\/uploads\/2026\/01\/WhatsApp-Image-2026-01-27-at-4.16.18-PM-9.jpeg?resize=1400%2C800&ssl=1 4x"},"classes":[]},{"id":14771,"url":"https:\/\/soy.usac.edu.gt\/?p=14771","url_meta":{"origin":19908,"position":4},"title":"Conoce la programaci\u00f3n de vacunaci\u00f3n al personal administrativo y de servicios del Campus Central","author":"Divisi\u00f3n de Publicidad","date":"23 julio, 2021","format":false,"excerpt":"Conoce la fecha de vacunaci\u00f3n de tu unidad acad\u00e9mica.","rel":"","context":"En \u00abSin categor\u00eda\u00bb","block_context":{"text":"Sin categor\u00eda","link":"https:\/\/soy.usac.edu.gt\/?cat=1"},"img":{"alt_text":"","src":"https:\/\/i0.wp.com\/soy.usac.edu.gt\/wp-content\/uploads\/2021\/02\/COMUNICADO-IMAGEN-WEB.jpeg?resize=350%2C200&ssl=1","width":350,"height":200,"srcset":"https:\/\/i0.wp.com\/soy.usac.edu.gt\/wp-content\/uploads\/2021\/02\/COMUNICADO-IMAGEN-WEB.jpeg?resize=350%2C200&ssl=1 1x, https:\/\/i0.wp.com\/soy.usac.edu.gt\/wp-content\/uploads\/2021\/02\/COMUNICADO-IMAGEN-WEB.jpeg?resize=525%2C300&ssl=1 1.5x, https:\/\/i0.wp.com\/soy.usac.edu.gt\/wp-content\/uploads\/2021\/02\/COMUNICADO-IMAGEN-WEB.jpeg?resize=700%2C400&ssl=1 2x"},"classes":[]},{"id":7218,"url":"https:\/\/soy.usac.edu.gt\/?p=7218","url_meta":{"origin":19908,"position":5},"title":"Presentan el libro \u00abJuan Jos\u00e9 Ar\u00e9valo, fil\u00f3sofo, educador y estadista\u201d","author":"Divisi\u00f3n de Publicidad","date":"4 julio, 2019","format":false,"excerpt":"La Embajada de M\u00e9xico y la Direcci\u00f3n General de Docencia de la USAC (DIGED), en conjunto con el Instituto Cultural de M\u00e9xico, auspiciaron un foro sobre Juan Jos\u00e9 Ar\u00e9valo.\u00a0","rel":"","context":"En \u00abCultura\u00bb","block_context":{"text":"Cultura","link":"https:\/\/soy.usac.edu.gt\/?cat=97"},"img":{"alt_text":"","src":"https:\/\/i0.wp.com\/soy.usac.edu.gt\/wp-content\/uploads\/2019\/06\/presentaci%C3%B3n-del-libro-de-juan-jos%C3%A9-%C3%A1revalo-3.jpeg?resize=350%2C200&ssl=1","width":350,"height":200,"srcset":"https:\/\/i0.wp.com\/soy.usac.edu.gt\/wp-content\/uploads\/2019\/06\/presentaci%C3%B3n-del-libro-de-juan-jos%C3%A9-%C3%A1revalo-3.jpeg?resize=350%2C200&ssl=1 1x, https:\/\/i0.wp.com\/soy.usac.edu.gt\/wp-content\/uploads\/2019\/06\/presentaci%C3%B3n-del-libro-de-juan-jos%C3%A9-%C3%A1revalo-3.jpeg?resize=525%2C300&ssl=1 1.5x, https:\/\/i0.wp.com\/soy.usac.edu.gt\/wp-content\/uploads\/2019\/06\/presentaci%C3%B3n-del-libro-de-juan-jos%C3%A9-%C3%A1revalo-3.jpeg?resize=700%2C400&ssl=1 2x, https:\/\/i0.wp.com\/soy.usac.edu.gt\/wp-content\/uploads\/2019\/06\/presentaci%C3%B3n-del-libro-de-juan-jos%C3%A9-%C3%A1revalo-3.jpeg?resize=1050%2C600&ssl=1 3x"},"classes":[]}],"jetpack_sharing_enabled":true,"_links":{"self":[{"href":"https:\/\/soy.usac.edu.gt\/index.php?rest_route=\/wp\/v2\/posts\/19908","targetHints":{"allow":["GET"]}}],"collection":[{"href":"https:\/\/soy.usac.edu.gt\/index.php?rest_route=\/wp\/v2\/posts"}],"about":[{"href":"https:\/\/soy.usac.edu.gt\/index.php?rest_route=\/wp\/v2\/types\/post"}],"author":[{"embeddable":true,"href":"https:\/\/soy.usac.edu.gt\/index.php?rest_route=\/wp\/v2\/users\/1"}],"replies":[{"embeddable":true,"href":"https:\/\/soy.usac.edu.gt\/index.php?rest_route=%2Fwp%2Fv2%2Fcomments&post=19908"}],"version-history":[{"count":5,"href":"https:\/\/soy.usac.edu.gt\/index.php?rest_route=\/wp\/v2\/posts\/19908\/revisions"}],"predecessor-version":[{"id":19931,"href":"https:\/\/soy.usac.edu.gt\/index.php?rest_route=\/wp\/v2\/posts\/19908\/revisions\/19931"}],"wp:featuredmedia":[{"embeddable":true,"href":"https:\/\/soy.usac.edu.gt\/index.php?rest_route=\/wp\/v2\/media\/19914"}],"wp:attachment":[{"href":"https:\/\/soy.usac.edu.gt\/index.php?rest_route=%2Fwp%2Fv2%2Fmedia&parent=19908"}],"wp:term":[{"taxonomy":"category","embeddable":true,"href":"https:\/\/soy.usac.edu.gt\/index.php?rest_route=%2Fwp%2Fv2%2Fcategories&post=19908"},{"taxonomy":"post_tag","embeddable":true,"href":"https:\/\/soy.usac.edu.gt\/index.php?rest_route=%2Fwp%2Fv2%2Ftags&post=19908"}],"curies":[{"name":"wp","href":"https:\/\/api.w.org\/{rel}","templated":true}]}}