{"id":19934,"date":"2024-02-16T11:40:55","date_gmt":"2024-02-16T17:40:55","guid":{"rendered":"https:\/\/soy.usac.edu.gt\/?p=19934"},"modified":"2024-02-16T13:05:28","modified_gmt":"2024-02-16T19:05:28","slug":"usac-implementara-acciones-para-resguardar-la-integridad-de-los-sancarlistas","status":"publish","type":"post","link":"https:\/\/soy.usac.edu.gt\/?p=19934","title":{"rendered":"USAC implementar\u00e1 acciones para resguardar la integridad de los sancarlistas"},"content":{"rendered":"\n<p style=\"text-align: justify;\"><strong>Se instruye a unidades acad\u00e9micas, administrativas y centros universitarios para que implementen controles y mecanismos que garanticen la seguridad en sus \u00e1reas de influencia dentro de las instalaciones universitarias, con el fin de resguardar la integridad de los estudiantes, docentes y trabajadores.<\/strong><\/p>\n<p style=\"text-align: justify;\"><span style=\"font-weight: 400;\">El Consejo Superior Universitario (CSU) aprob\u00f3 reformar el Reglamento para el Desarrollo de Actividades P\u00fablicas dentro de las instalaciones de la USAC.<\/span><\/p>\n<p style=\"text-align: justify;\"><span style=\"font-weight: 400;\">Estas medidas respetan la tradicional Huelga de Dolores, declarada Patrimonio Cultural Intangible de la Naci\u00f3n, que buscan contrarrestar las actividades que han tergiversado el esp\u00edritu de la huelga provocando hechos il\u00edcitos y vej\u00e1menes a la comunidad universitaria, as\u00ed como el menoscabo del prestigio de la USAC.<\/span><\/p>\n<blockquote>\n<p style=\"text-align: justify;\"><span style=\"font-weight: 400;\">El reglamento respeta el derecho de asociaci\u00f3n estudiantil, reconoce a las asociaciones acreditadas y conformadas legalmente seg\u00fan la normativa universitaria. A la vez, se\u00f1ala que los comit\u00e9s y subcomit\u00e9s de huelga, agrupaci\u00f3n o cualquiera que sea su denominaci\u00f3n que no se encuentren regulados en la normativa universitaria no son susceptibles de actuar jur\u00eddico.&nbsp;<\/span><\/p>\n<\/blockquote>\n<h3><br><b><i><\/i><\/b><\/h3>\n\n\n\n<h2 class=\"wp-block-heading\">Prohibiciones<\/h2>\n\n\n\n<div class=\"wp-block-buttons is-layout-flex wp-block-buttons-is-layout-flex\">\n<div class=\"wp-block-button\"><a class=\"wp-block-button__link has-vivid-cyan-blue-background-color has-background wp-element-button\" href=\"https:\/\/soy.usac.edu.gt\/wp-content\/uploads\/2024\/02\/MODIFICACION-REGLAMENTO-ACTIVIDAES-PUBLICAS-A-UNIDADES-EJECUTORAS.pdf\" target=\"_blank\" rel=\"noreferrer noopener\"><strong>Descarga ac\u00e1 el reglamento<\/strong><\/a><\/div>\n<\/div>\n\n\n<p><b><i>El reglamento establece varias prohibiciones dentro de las instalaciones de esta casa de estudios:\u00a0<\/i><\/b><\/p>\n<p><img loading=\"lazy\" decoding=\"async\" class=\"aligncenter size-full wp-image-19940\" src=\"https:\/\/soy.usac.edu.gt\/wp-content\/uploads\/2024\/02\/426568847_725703979703475_3069696196545734906_n.jpg\" alt=\"\" width=\"2048\" height=\"1152\" \/><\/p>\n<ul>\n<li style=\"text-align: justify;\"><span style=\"font-weight: 400;\">Las personas que se encuentren dentro del campus central est\u00e1n obligadas a identificarse cuando sea requerido.\u00a0<\/span><\/li>\n<li style=\"text-align: justify;\"><span style=\"font-weight: 400;\">Se proh\u00edben actividades de \u201cbautizo\u201d y \u201cbienvenidas\u201d o cualquier actividad que denigre o ponga en peligro la vida e integridad de la comunidad sancarlista. Asimismo, todo tipo de intimidaci\u00f3n, amedrentamiento, violencia f\u00edsica, psicol\u00f3gica y sexual.<\/span><\/li>\n<li style=\"text-align: justify;\">Se proh\u00edbe portar y utilizar armas letales y no letales, como armas de fuego, armas blancas, armas de artes marciales, bates o palos con alambre de p\u00faas o clavos, hachas, piedras, entre otras.<\/li>\n<li style=\"text-align: justify;\">Se proh\u00edbe interrumpir el desarrollo normal de actividades acad\u00e9micas y administrativas, por lo que queda prohibido el paso por aulas o instalaciones universitarias, hacer uso de altoparlantes, equipos de sonido, amplificadores, bocinas, instrumentos musicales y otros dispositivos.<\/li>\n<li style=\"text-align: justify;\">Se proh\u00edbe cobrar el ingreso a las instalaciones universitarias, la toma y cobro ilegal de parqueos. Igualmente, el cobro indebido a comercios que funcionan dentro de la universidad y obstaculizar la libre locomoci\u00f3n de la comunidad universitaria.<\/li>\n<li style=\"text-align: justify;\">Se proh\u00edbe la venta y consumo de cualquier tipo de drogas y el ingreso, elaboraci\u00f3n, comercializaci\u00f3n, expendio y consumo de bebidas alcoh\u00f3licas.<\/li>\n<li style=\"text-align: justify;\">Se proh\u00edbe da\u00f1ar o vandalizar de cualquier forma las instalaciones de la universidad, colocar y distribuir material publicitario o de cualquier otra \u00edndole \u2014como r\u00f3tulos, afiches, materiales adhesivos en paredes, ventanales, postes, quioscos de informaci\u00f3n y de actividad comercial, garitas, columnas, murales, salones de clases, puertas y cualquier otra infraestructura, bien mueble o inmueble de la universidad\u2014que da\u00f1en su patrimonio y en las que se convoque a actividades de \u201cbautizo\u201d y \u201cbienvenida\u201d, entre otras.<\/li>\n<li style=\"text-align: justify;\">Se proh\u00edbe ejercer actividades de venta y comercio que no est\u00e9n autorizadas de conformidad con el Reglamento de la Actividad Comercial.<\/li>\n<li style=\"text-align: justify;\">Se reitera la prohibici\u00f3n de ocupar, usurpar, tomar (o cualquiera que sea su denominaci\u00f3n) instalaciones de la Universidad de San Carlos de Guatemala que impidan el desarrollo de las actividades acad\u00e9micas y administrativas.<\/li>\n<li style=\"text-align: justify;\">Con el objeto de evitar que cualquier persona de forma arbitraria pernocte o permanezca en las instalaciones del campus central sin autorizaci\u00f3n, este permanecer\u00e1 cerrado entre las 22:00 y las 5:00 horas del d\u00eda siguiente de lunes a domingo.<\/li>\n<li style=\"text-align: justify;\">Queda prohibido el ingreso y retiro de veh\u00edculos desde las 22:00 hasta las 5:00 horas del d\u00eda siguiente, as\u00ed como los d\u00edas y horarios en que la Universidad de San Carlos de Guatemala se encuentre cerrada.<\/li>\n<li style=\"text-align: justify;\">Se establece que las actividades p\u00fablicas deber\u00e1n realizarse dentro del horario de 06:00 a 21:00.<\/li>\n<\/ul>\n<p style=\"text-align: justify;\"><span style=\"font-weight: 400;\">A cualquier estudiante que incumpla lo dispuesto en este acuerdo se <\/span><span style=\"font-weight: 400;\">le iniciar\u00e1 un proceso de disciplina estudiantil, regulado en el Estatuto de la <\/span><span style=\"font-weight: 400;\">Universidad de San Carlos de Guatemala. <\/span><span style=\"font-weight: 400;\">De igual forma, se proceder\u00e1 a imponer la sanci\u00f3n disciplinaria a personal docente, <\/span><span style=\"font-weight: 400;\">administrativo y de servicios, de acuerdo con las normas universitarias.<\/span><\/p>\n<p style=\"text-align: justify;\"><span style=\"font-weight: 400;\">Cuando en dichas actividades se identifique a profesionales egresados se proceder\u00e1 <\/span><span style=\"font-weight: 400;\">ante el tribunal de honor de sus respectivos colegios profesionales. Si se tratare de <\/span><span style=\"font-weight: 400;\">personas ajenas a la Universidad de San Carlos de Guatemala o que no puedan <\/span><span style=\"font-weight: 400;\">ser identificadas legalmente, se pondr\u00e1 en conocimiento de las autoridades <\/span><span style=\"font-weight: 400;\">competentes.<\/span><\/p>\n<blockquote>\n<p><span style=\"font-weight: 400;\">Esta normativa se enmarca dentro de la Declaraci\u00f3n Universal de los Derechos Humanos, que establece: \u201cTodos los seres humanos nacen libres e iguales en dignidad y derechos y, dotados como est\u00e1n de raz\u00f3n y conciencia, deben comportarse fraternalmente los unos con los otros\u201d; y el art\u00edculo 5 de la Convenci\u00f3n Americana sobre Derechos Humanos, que establece: \u201cToda persona tiene derecho a que se respete su integridad f\u00edsica, ps\u00edquica y moral\u201d.<\/span><\/p>\n<\/blockquote>\n\n\n<hr class=\"wp-block-separator has-alpha-channel-opacity\"\/>\n\n\n\n<h2 class=\"wp-block-heading\">Lee ac\u00e1 el reglamento<\/h2>\n\n\n<a href=\"https:\/\/soy.usac.edu.gt\/wp-content\/uploads\/2024\/02\/REGLAMENTO-DE-ACTIVIDADES-PUBLICAS-USAC-45-56.pdf\" class=\"pdfemb-viewer\" style=\"\" data-width=\"max\" data-height=\"max\" data-toolbar=\"bottom\" data-toolbar-fixed=\"off\">REGLAMENTO-DE-ACTIVIDADES-PUBLICAS-USAC-45-56<\/a>\n<p class=\"wp-block-pdfemb-pdf-embedder-viewer\"><\/p>\n","protected":false},"excerpt":{"rendered":"<p>Prohibiciones El reglamento establece varias prohibiciones dentro de las instalaciones de esta casa de estudios:\u00a0 Las personas que se encuentren dentro del campus central est\u00e1n obligadas a identificarse cuando sea requerido.\u00a0 Se proh\u00edben actividades de \u201cbautizo\u201d y \u201cbienvenidas\u201d o cualquier actividad que denigre o ponga en peligro la vida e integridad de la comunidad sancarlista. [&hellip;]<\/p>\n","protected":false},"author":1,"featured_media":19948,"comment_status":"closed","ping_status":"closed","sticky":false,"template":"","format":"standard","meta":{"_exactmetrics_skip_tracking":false,"_exactmetrics_sitenote_active":false,"_exactmetrics_sitenote_note":"","_exactmetrics_sitenote_category":0,"_jetpack_memberships_contains_paid_content":false,"footnotes":""},"categories":[29,636],"tags":[317,113,881,402,264],"class_list":["post-19934","post","type-post","status-publish","format-standard","has-post-thumbnail","hentry","category-noticias","category-seccion-legal","tag-consejo-superior-universitario","tag-rector","tag-reglamento-para-el-desarrollo-de-actividades-publicas-dentro-de-las-instalaciones-de-la-usac","tag-seguridad","tag-usac"],"aioseo_notices":[],"jetpack_featured_media_url":"https:\/\/soy.usac.edu.gt\/wp-content\/uploads\/2024\/02\/420924669_712316901042183_6956354843069816791_n.jpg","views":"","jetpack-related-posts":[{"id":11716,"url":"https:\/\/soy.usac.edu.gt\/?p=11716","url_meta":{"origin":19934,"position":0},"title":"USAC ofrece instalaciones ante emergencia del Covid-19","author":"Divisi\u00f3n de Publicidad","date":"25 mayo, 2020","format":false,"excerpt":"USAC se compromete a ceder inicialmente durante la crisis las instalaciones de la Residencia Universitaria.","rel":"","context":"En \u00abNoticias\u00bb","block_context":{"text":"Noticias","link":"https:\/\/soy.usac.edu.gt\/?cat=29"},"img":{"alt_text":"","src":"https:\/\/i0.wp.com\/soy.usac.edu.gt\/wp-content\/uploads\/2020\/02\/IMG_1408.jpg?resize=350%2C200&ssl=1","width":350,"height":200,"srcset":"https:\/\/i0.wp.com\/soy.usac.edu.gt\/wp-content\/uploads\/2020\/02\/IMG_1408.jpg?resize=350%2C200&ssl=1 1x, https:\/\/i0.wp.com\/soy.usac.edu.gt\/wp-content\/uploads\/2020\/02\/IMG_1408.jpg?resize=525%2C300&ssl=1 1.5x, https:\/\/i0.wp.com\/soy.usac.edu.gt\/wp-content\/uploads\/2020\/02\/IMG_1408.jpg?resize=700%2C400&ssl=1 2x, https:\/\/i0.wp.com\/soy.usac.edu.gt\/wp-content\/uploads\/2020\/02\/IMG_1408.jpg?resize=1050%2C600&ssl=1 3x, https:\/\/i0.wp.com\/soy.usac.edu.gt\/wp-content\/uploads\/2020\/02\/IMG_1408.jpg?resize=1400%2C800&ssl=1 4x"},"classes":[]},{"id":3426,"url":"https:\/\/soy.usac.edu.gt\/?p=3426","url_meta":{"origin":19934,"position":1},"title":"\u00bfC\u00f3mo se desarrolla la actividad comercial en la USAC?","author":"Divisi\u00f3n de Publicidad","date":"14 enero, 2019","format":false,"excerpt":"En 2013 entr\u00f3 en vigencia el Reglamento General para el Desarrollo de la Actividad Comercial que se aplica en las instalaciones de la Universidad de San Carlos de Guatemala. M\u00e1s de 300 mil personas \u2014entre trabajadores administrativos, catedr\u00e1ticos y estudiantes\u2014 utilizan a diario las diferentes instalaciones de la USAC en\u2026","rel":"","context":"En \u00abNoticias\u00bb","block_context":{"text":"Noticias","link":"https:\/\/soy.usac.edu.gt\/?cat=29"},"img":{"alt_text":"","src":"https:\/\/i0.wp.com\/soy.usac.edu.gt\/wp-content\/uploads\/2019\/01\/1.-actividad-comercial.jpg?resize=350%2C200&ssl=1","width":350,"height":200,"srcset":"https:\/\/i0.wp.com\/soy.usac.edu.gt\/wp-content\/uploads\/2019\/01\/1.-actividad-comercial.jpg?resize=350%2C200&ssl=1 1x, https:\/\/i0.wp.com\/soy.usac.edu.gt\/wp-content\/uploads\/2019\/01\/1.-actividad-comercial.jpg?resize=525%2C300&ssl=1 1.5x, https:\/\/i0.wp.com\/soy.usac.edu.gt\/wp-content\/uploads\/2019\/01\/1.-actividad-comercial.jpg?resize=700%2C400&ssl=1 2x, https:\/\/i0.wp.com\/soy.usac.edu.gt\/wp-content\/uploads\/2019\/01\/1.-actividad-comercial.jpg?resize=1050%2C600&ssl=1 3x, https:\/\/i0.wp.com\/soy.usac.edu.gt\/wp-content\/uploads\/2019\/01\/1.-actividad-comercial.jpg?resize=1400%2C800&ssl=1 4x"},"classes":[]},{"id":12345,"url":"https:\/\/soy.usac.edu.gt\/?p=12345","url_meta":{"origin":19934,"position":2},"title":"CSU se pronuncia ante ocupaci\u00f3n de edificio de rector\u00eda","author":"Divisi\u00f3n de Publicidad","date":"11 septiembre, 2020","format":false,"excerpt":"Un llamado a los participantes en esta indebida acci\u00f3n de fuerza a deponer las medidas de hecho.","rel":"","context":"En \u00abNoticias\u00bb","block_context":{"text":"Noticias","link":"https:\/\/soy.usac.edu.gt\/?cat=29"},"img":{"alt_text":"","src":"","width":0,"height":0},"classes":[]},{"id":22540,"url":"https:\/\/soy.usac.edu.gt\/?p=22540","url_meta":{"origin":19934,"position":3},"title":"USAC reitera prohibici\u00f3n de bautizos para estudiantes de primer ingreso en 2026","author":"Divisi\u00f3n de Publicidad","date":"26 enero, 2026","format":false,"excerpt":"La Universidad recuerda que la medida se mantiene vigente en todas sus instalaciones para garantizar la seguridad e integridad de la comunidad universitaria La medida aplica en todas las instalaciones universitarias, propias o en uso, y busca garantizar la seguridad, integridad y dignidad de la comunidad universitaria. Seg\u00fan lo establecido\u2026","rel":"","context":"En \u00abM\u00e1s Noticias\u00bb","block_context":{"text":"M\u00e1s Noticias","link":"https:\/\/soy.usac.edu.gt\/?cat=96"},"img":{"alt_text":"","src":"https:\/\/i0.wp.com\/soy.usac.edu.gt\/wp-content\/uploads\/2026\/01\/DPI07074-scaled.jpg?resize=350%2C200&ssl=1","width":350,"height":200,"srcset":"https:\/\/i0.wp.com\/soy.usac.edu.gt\/wp-content\/uploads\/2026\/01\/DPI07074-scaled.jpg?resize=350%2C200&ssl=1 1x, https:\/\/i0.wp.com\/soy.usac.edu.gt\/wp-content\/uploads\/2026\/01\/DPI07074-scaled.jpg?resize=525%2C300&ssl=1 1.5x, https:\/\/i0.wp.com\/soy.usac.edu.gt\/wp-content\/uploads\/2026\/01\/DPI07074-scaled.jpg?resize=700%2C400&ssl=1 2x, https:\/\/i0.wp.com\/soy.usac.edu.gt\/wp-content\/uploads\/2026\/01\/DPI07074-scaled.jpg?resize=1050%2C600&ssl=1 3x, https:\/\/i0.wp.com\/soy.usac.edu.gt\/wp-content\/uploads\/2026\/01\/DPI07074-scaled.jpg?resize=1400%2C800&ssl=1 4x"},"classes":[]},{"id":7646,"url":"https:\/\/soy.usac.edu.gt\/?p=7646","url_meta":{"origin":19934,"position":4},"title":"USAC realizar\u00e1 simulacros de evacuaci\u00f3n","author":"Divisi\u00f3n de Publicidad","date":"22 julio, 2019","format":false,"excerpt":"Las actividades se desarrollar\u00e1n en todas las dependencias universitarias.","rel":"","context":"En \u00abNoticias\u00bb","block_context":{"text":"Noticias","link":"https:\/\/soy.usac.edu.gt\/?cat=29"},"img":{"alt_text":"","src":"https:\/\/i0.wp.com\/soy.usac.edu.gt\/wp-content\/uploads\/2019\/07\/DESTACADA-SIMULACRO.jpg?resize=350%2C200&ssl=1","width":350,"height":200,"srcset":"https:\/\/i0.wp.com\/soy.usac.edu.gt\/wp-content\/uploads\/2019\/07\/DESTACADA-SIMULACRO.jpg?resize=350%2C200&ssl=1 1x, https:\/\/i0.wp.com\/soy.usac.edu.gt\/wp-content\/uploads\/2019\/07\/DESTACADA-SIMULACRO.jpg?resize=525%2C300&ssl=1 1.5x, https:\/\/i0.wp.com\/soy.usac.edu.gt\/wp-content\/uploads\/2019\/07\/DESTACADA-SIMULACRO.jpg?resize=700%2C400&ssl=1 2x, https:\/\/i0.wp.com\/soy.usac.edu.gt\/wp-content\/uploads\/2019\/07\/DESTACADA-SIMULACRO.jpg?resize=1050%2C600&ssl=1 3x, https:\/\/i0.wp.com\/soy.usac.edu.gt\/wp-content\/uploads\/2019\/07\/DESTACADA-SIMULACRO.jpg?resize=1400%2C800&ssl=1 4x"},"classes":[]},{"id":7901,"url":"https:\/\/soy.usac.edu.gt\/?p=7901","url_meta":{"origin":19934,"position":5},"title":"Avanza di\u00e1logo para la apertura de la universidad","author":"Edwin Medina","date":"8 agosto, 2019","format":false,"excerpt":"Ayer la Comisi\u00f3n de Di\u00e1logo del Consejo Superior Universitario (CSU) se reuni\u00f3 con los representantes del Colectivo Estudiantil Universitario (CEU) con el prop\u00f3sito de lograr consensos que permitan reactivar las actividades en las instalaciones universitarias, en una jornada que inici\u00f3 a las 9 a. m.","rel":"","context":"En \u00abNoticias\u00bb","block_context":{"text":"Noticias","link":"https:\/\/soy.usac.edu.gt\/?cat=29"},"img":{"alt_text":"","src":"https:\/\/i0.wp.com\/soy.usac.edu.gt\/wp-content\/uploads\/2018\/07\/rector%C3%ADa.jpg?resize=350%2C200&ssl=1","width":350,"height":200,"srcset":"https:\/\/i0.wp.com\/soy.usac.edu.gt\/wp-content\/uploads\/2018\/07\/rector%C3%ADa.jpg?resize=350%2C200&ssl=1 1x, https:\/\/i0.wp.com\/soy.usac.edu.gt\/wp-content\/uploads\/2018\/07\/rector%C3%ADa.jpg?resize=525%2C300&ssl=1 1.5x, https:\/\/i0.wp.com\/soy.usac.edu.gt\/wp-content\/uploads\/2018\/07\/rector%C3%ADa.jpg?resize=700%2C400&ssl=1 2x"},"classes":[]}],"jetpack_sharing_enabled":true,"_links":{"self":[{"href":"https:\/\/soy.usac.edu.gt\/index.php?rest_route=\/wp\/v2\/posts\/19934","targetHints":{"allow":["GET"]}}],"collection":[{"href":"https:\/\/soy.usac.edu.gt\/index.php?rest_route=\/wp\/v2\/posts"}],"about":[{"href":"https:\/\/soy.usac.edu.gt\/index.php?rest_route=\/wp\/v2\/types\/post"}],"author":[{"embeddable":true,"href":"https:\/\/soy.usac.edu.gt\/index.php?rest_route=\/wp\/v2\/users\/1"}],"replies":[{"embeddable":true,"href":"https:\/\/soy.usac.edu.gt\/index.php?rest_route=%2Fwp%2Fv2%2Fcomments&post=19934"}],"version-history":[{"count":6,"href":"https:\/\/soy.usac.edu.gt\/index.php?rest_route=\/wp\/v2\/posts\/19934\/revisions"}],"predecessor-version":[{"id":19952,"href":"https:\/\/soy.usac.edu.gt\/index.php?rest_route=\/wp\/v2\/posts\/19934\/revisions\/19952"}],"wp:featuredmedia":[{"embeddable":true,"href":"https:\/\/soy.usac.edu.gt\/index.php?rest_route=\/wp\/v2\/media\/19948"}],"wp:attachment":[{"href":"https:\/\/soy.usac.edu.gt\/index.php?rest_route=%2Fwp%2Fv2%2Fmedia&parent=19934"}],"wp:term":[{"taxonomy":"category","embeddable":true,"href":"https:\/\/soy.usac.edu.gt\/index.php?rest_route=%2Fwp%2Fv2%2Fcategories&post=19934"},{"taxonomy":"post_tag","embeddable":true,"href":"https:\/\/soy.usac.edu.gt\/index.php?rest_route=%2Fwp%2Fv2%2Ftags&post=19934"}],"curies":[{"name":"wp","href":"https:\/\/api.w.org\/{rel}","templated":true}]}}