{"id":20047,"date":"2024-04-02T14:23:45","date_gmt":"2024-04-02T20:23:45","guid":{"rendered":"https:\/\/soy.usac.edu.gt\/?p=20047"},"modified":"2024-04-02T16:24:02","modified_gmt":"2024-04-02T22:24:02","slug":"agenda-cultural-de-la-usac-abril-2024","status":"publish","type":"post","link":"https:\/\/soy.usac.edu.gt\/?p=20047","title":{"rendered":"Agenda cultural de la USAC, abril 2024"},"content":{"rendered":"\n<p><strong>Conoce la agenda cultural del mes de abril, informaci\u00f3n sobre foros, exposiciones, cursos, conversatorios y m\u00e1s, que realiza la Universidad de San Carlos de Guatemala. Est\u00e1s actividades son llevadas a cabo por la Direcci\u00f3n General de Extensi\u00f3n Universitaria (DIGEU)<\/strong><a href=\"https:\/\/soy.usac.edu.gt\/?author=8\"><\/a><\/p>\n\n\n\n<div class=\"wp-block-buttons is-layout-flex wp-block-buttons-is-layout-flex\">\n<div class=\"wp-block-button\"><a class=\"wp-block-button__link has-white-color has-vivid-cyan-blue-background-color has-text-color has-background has-link-color wp-element-button\" href=\"https:\/\/soy.usac.edu.gt\/wp-content\/uploads\/2024\/04\/AGENDA-ABRIL-2024-2.pdf\" target=\"_blank\" rel=\"noreferrer noopener\"><strong>Descargar<\/strong><\/a><\/div>\n<\/div>\n\n\n\n<div style=\"text-align: center;\">\n<div style=\"margin: 8px 0px 4px;\"><a href=\"https:\/\/www.calameo.com\/books\/0076372707a5cf6449c0f\" target=\"_blank\" rel=\"noopener\">Agenda Abril 2024<\/a><\/div>\n<iframe loading=\"lazy\" style=\"margin: 0 auto;\" src=\"\/\/v.calameo.com\/?bkcode=0076372707a5cf6449c0f\" width=\"300\" height=\"194\" frameborder=\"0\" scrolling=\"no\" allowfullscreen=\"allowfullscreen\"><\/iframe>\n<div style=\"margin: 4px 0px 8px;\"><a href=\"http:\/\/www.calameo.com\/\">Publish at Calameo<\/a><\/div>\n<\/div>\n\n\n<a href=\"https:\/\/soy.usac.edu.gt\/wp-content\/uploads\/2024\/04\/AGENDA-ABRIL-2024-2.pdf\" class=\"pdfemb-viewer\" style=\"\" data-width=\"max\" data-height=\"max\" data-toolbar=\"bottom\" data-toolbar-fixed=\"off\">AGENDA-ABRIL-2024-2<\/a>\n<p class=\"wp-block-pdfemb-pdf-embedder-viewer\"><\/p>\n\n\n\n<div class=\"wp-block-buttons is-layout-flex wp-block-buttons-is-layout-flex\"><\/div>\n\n\n","protected":false},"excerpt":{"rendered":"<p>Conoce la agenda cultural del mes de abril, informaci\u00f3n sobre foros, exposiciones, cursos, conversatorios y m\u00e1s, que realiza la Universidad de San Carlos de Guatemala. <\/p>\n","protected":false},"author":1,"featured_media":20053,"comment_status":"closed","ping_status":"closed","sticky":false,"template":"","format":"standard","meta":{"_exactmetrics_skip_tracking":false,"_exactmetrics_sitenote_active":false,"_exactmetrics_sitenote_note":"","_exactmetrics_sitenote_category":0,"_jetpack_memberships_contains_paid_content":false,"footnotes":""},"categories":[97,123,124,29],"tags":[882,413],"class_list":["post-20047","post","type-post","status-publish","format-standard","has-post-thumbnail","hentry","category-cultura-noticias","category-cultura-mas","category-deportes","category-noticias","tag-agenda-cultural","tag-departamento-de-deportes"],"aioseo_notices":[],"jetpack_featured_media_url":"https:\/\/soy.usac.edu.gt\/wp-content\/uploads\/2024\/04\/img1392.jpg","views":"","jetpack-related-posts":[{"id":19783,"url":"https:\/\/soy.usac.edu.gt\/?p=19783","url_meta":{"origin":20047,"position":0},"title":"Agenda cultural de la USAC, diciembre 2023","author":"Divisi\u00f3n de Publicidad","date":"29 noviembre, 2023","format":false,"excerpt":"Conoce la agenda cultural del mes de diciembre, informaci\u00f3n sobre foros, exposiciones, cursos, conversatorios y m\u00e1s, que realiza la Universidad de San Carlos de Guatemala. Est\u00e1s actividades son llevadas a cabo por la Direcci\u00f3n General de Extensi\u00f3n Universitaria (DIGEU).","rel":"","context":"En \u00abCultura\u00bb","block_context":{"text":"Cultura","link":"https:\/\/soy.usac.edu.gt\/?cat=97"},"img":{"alt_text":"","src":"https:\/\/i0.wp.com\/soy.usac.edu.gt\/wp-content\/uploads\/2023\/11\/Captura-de-pantalla-2023-11-29-090110.png?resize=350%2C200&ssl=1","width":350,"height":200},"classes":[]},{"id":17826,"url":"https:\/\/soy.usac.edu.gt\/?p=17826","url_meta":{"origin":20047,"position":1},"title":"Agenda cultural de la USAC agosto 2022","author":"Divisi\u00f3n de Publicidad","date":"2 agosto, 2022","format":false,"excerpt":"Conoce la agenda cultural del mes de agosto, informaci\u00f3n sobre foros, exposiciones, cursos, conversatorios y m\u00e1s, que realiza la Universidad de San Carlos de Guatemala. Est\u00e1s actividades son llevadas a cabo por la Direcci\u00f3n General de Extensi\u00f3n Universitaria (DIGEU)","rel":"","context":"En \u00abCultura\u00bb","block_context":{"text":"Cultura","link":"https:\/\/soy.usac.edu.gt\/?cat=123"},"img":{"alt_text":"","src":"https:\/\/i0.wp.com\/soy.usac.edu.gt\/wp-content\/uploads\/2022\/08\/agenda-cultural.png?resize=350%2C200&ssl=1","width":350,"height":200,"srcset":"https:\/\/i0.wp.com\/soy.usac.edu.gt\/wp-content\/uploads\/2022\/08\/agenda-cultural.png?resize=350%2C200&ssl=1 1x, https:\/\/i0.wp.com\/soy.usac.edu.gt\/wp-content\/uploads\/2022\/08\/agenda-cultural.png?resize=525%2C300&ssl=1 1.5x"},"classes":[]},{"id":19690,"url":"https:\/\/soy.usac.edu.gt\/?p=19690","url_meta":{"origin":20047,"position":2},"title":"Agenda cultural de la USAC agosto 2023","author":"Divisi\u00f3n de Publicidad","date":"31 julio, 2023","format":false,"excerpt":"Conoce la agenda cultural del mes de julio, informaci\u00f3n sobre foros, exposiciones, cursos, conversatorios y m\u00e1s, que realiza la Universidad de San Carlos de Guatemala. Est\u00e1s actividades son llevadas a cabo por la Direcci\u00f3n General de Extensi\u00f3n Universitaria (DIGEU).\u00a0","rel":"","context":"En \u00abCultura\u00bb","block_context":{"text":"Cultura","link":"https:\/\/soy.usac.edu.gt\/?cat=97"},"img":{"alt_text":"","src":"https:\/\/i0.wp.com\/soy.usac.edu.gt\/wp-content\/uploads\/2023\/07\/WhatsApp-Image-2023-07-31-at-11.13.35.jpeg?resize=350%2C200&ssl=1","width":350,"height":200},"classes":[]},{"id":19747,"url":"https:\/\/soy.usac.edu.gt\/?p=19747","url_meta":{"origin":20047,"position":3},"title":"Agenda cultural de la USAC, noviembre 2023","author":"Divisi\u00f3n de Publicidad","date":"2 noviembre, 2023","format":false,"excerpt":"Conoce la agenda cultural del mes de noviembre, informaci\u00f3n sobre foros, exposiciones, cursos, conversatorios y m\u00e1s, que realiza la Universidad de San Carlos de Guatemala. Est\u00e1s actividades son llevadas a cabo por la Direcci\u00f3n General de Extensi\u00f3n Universitaria (DIGEU).\u00a0","rel":"","context":"En \u00abCultura\u00bb","block_context":{"text":"Cultura","link":"https:\/\/soy.usac.edu.gt\/?cat=123"},"img":{"alt_text":"","src":"https:\/\/i0.wp.com\/soy.usac.edu.gt\/wp-content\/uploads\/2023\/11\/Captura-de-pantalla-2023-11-02-151243.png?resize=350%2C200&ssl=1","width":350,"height":200},"classes":[]},{"id":18340,"url":"https:\/\/soy.usac.edu.gt\/?p=18340","url_meta":{"origin":20047,"position":4},"title":"Agenda cultural de la USAC septiembre 2022","author":"Divisi\u00f3n de Publicidad","date":"1 septiembre, 2022","format":false,"excerpt":"Conoce la agenda cultural del mes de septiembre, informaci\u00f3n sobre foros, exposiciones, cursos, conversatorios y m\u00e1s, que realiza la Universidad de San Carlos de Guatemala. Est\u00e1s actividades son llevadas a cabo por la Direcci\u00f3n General de Extensi\u00f3n Universitaria (DIGEU).\u00a0","rel":"","context":"En \u00abCultura\u00bb","block_context":{"text":"Cultura","link":"https:\/\/soy.usac.edu.gt\/?cat=97"},"img":{"alt_text":"","src":"https:\/\/i0.wp.com\/soy.usac.edu.gt\/wp-content\/uploads\/2022\/09\/Sin-titulo.png?resize=350%2C200&ssl=1","width":350,"height":200,"srcset":"https:\/\/i0.wp.com\/soy.usac.edu.gt\/wp-content\/uploads\/2022\/09\/Sin-titulo.png?resize=350%2C200&ssl=1 1x, https:\/\/i0.wp.com\/soy.usac.edu.gt\/wp-content\/uploads\/2022\/09\/Sin-titulo.png?resize=525%2C300&ssl=1 1.5x, https:\/\/i0.wp.com\/soy.usac.edu.gt\/wp-content\/uploads\/2022\/09\/Sin-titulo.png?resize=700%2C400&ssl=1 2x"},"classes":[]},{"id":18560,"url":"https:\/\/soy.usac.edu.gt\/?p=18560","url_meta":{"origin":20047,"position":5},"title":"Agenda cultural de la USAC octubre 2022","author":"Divisi\u00f3n de Publicidad","date":"4 octubre, 2022","format":false,"excerpt":"Conoce la agenda cultural del mes de octubre, informaci\u00f3n sobre foros, exposiciones, cursos, conversatorios y m\u00e1s, que realiza la Universidad de San Carlos de Guatemala. Est\u00e1s actividades son llevadas a cabo por la Direcci\u00f3n General de Extensi\u00f3n Universitaria (DIGEU).\u00a0","rel":"","context":"En \u00abCultura\u00bb","block_context":{"text":"Cultura","link":"https:\/\/soy.usac.edu.gt\/?cat=97"},"img":{"alt_text":"","src":"https:\/\/i0.wp.com\/soy.usac.edu.gt\/wp-content\/uploads\/2022\/10\/leyendas.png?resize=350%2C200&ssl=1","width":350,"height":200,"srcset":"https:\/\/i0.wp.com\/soy.usac.edu.gt\/wp-content\/uploads\/2022\/10\/leyendas.png?resize=350%2C200&ssl=1 1x, https:\/\/i0.wp.com\/soy.usac.edu.gt\/wp-content\/uploads\/2022\/10\/leyendas.png?resize=525%2C300&ssl=1 1.5x, https:\/\/i0.wp.com\/soy.usac.edu.gt\/wp-content\/uploads\/2022\/10\/leyendas.png?resize=700%2C400&ssl=1 2x"},"classes":[]}],"jetpack_sharing_enabled":true,"_links":{"self":[{"href":"https:\/\/soy.usac.edu.gt\/index.php?rest_route=\/wp\/v2\/posts\/20047","targetHints":{"allow":["GET"]}}],"collection":[{"href":"https:\/\/soy.usac.edu.gt\/index.php?rest_route=\/wp\/v2\/posts"}],"about":[{"href":"https:\/\/soy.usac.edu.gt\/index.php?rest_route=\/wp\/v2\/types\/post"}],"author":[{"embeddable":true,"href":"https:\/\/soy.usac.edu.gt\/index.php?rest_route=\/wp\/v2\/users\/1"}],"replies":[{"embeddable":true,"href":"https:\/\/soy.usac.edu.gt\/index.php?rest_route=%2Fwp%2Fv2%2Fcomments&post=20047"}],"version-history":[{"count":12,"href":"https:\/\/soy.usac.edu.gt\/index.php?rest_route=\/wp\/v2\/posts\/20047\/revisions"}],"predecessor-version":[{"id":20075,"href":"https:\/\/soy.usac.edu.gt\/index.php?rest_route=\/wp\/v2\/posts\/20047\/revisions\/20075"}],"wp:featuredmedia":[{"embeddable":true,"href":"https:\/\/soy.usac.edu.gt\/index.php?rest_route=\/wp\/v2\/media\/20053"}],"wp:attachment":[{"href":"https:\/\/soy.usac.edu.gt\/index.php?rest_route=%2Fwp%2Fv2%2Fmedia&parent=20047"}],"wp:term":[{"taxonomy":"category","embeddable":true,"href":"https:\/\/soy.usac.edu.gt\/index.php?rest_route=%2Fwp%2Fv2%2Fcategories&post=20047"},{"taxonomy":"post_tag","embeddable":true,"href":"https:\/\/soy.usac.edu.gt\/index.php?rest_route=%2Fwp%2Fv2%2Ftags&post=20047"}],"curies":[{"name":"wp","href":"https:\/\/api.w.org\/{rel}","templated":true}]}}