{"id":20628,"date":"2024-06-24T15:54:59","date_gmt":"2024-06-24T21:54:59","guid":{"rendered":"https:\/\/soy.usac.edu.gt\/?p=20628"},"modified":"2024-06-24T15:55:00","modified_gmt":"2024-06-24T21:55:00","slug":"cuidando-sonrisas-jornada-dental-de-la-usac","status":"publish","type":"post","link":"https:\/\/soy.usac.edu.gt\/?p=20628","title":{"rendered":"Cuidando Sonrisas: Jornada Dental de la USAC"},"content":{"rendered":"\n<p>La Facultad de Odontolog\u00eda de la Universidad de San Carlos de Guatemala llev\u00f3 a cabo una jornada dental en beneficio de aproximadamente 150 colaboradores del Ministerio de Cultura y Deportes. Esta iniciativa, que forma parte de los esfuerzos continuos de la universidad para promover la salud bucal en la comunidad, fue realizada por estudiantes altamente capacitados de esta casa de estudios.<\/p>\n\n\n\n<p>Durante la jornada, los participantes recibieron una variedad de tratamientos que incluyeron educaci\u00f3n en salud bucal, limpieza de enc\u00edas y dientes, entre otros procedimientos especializados ofrecidos por la facultad. Estos servicios no solo mejoran la salud dental de los colaboradores, sino que tambi\u00e9n fomentan pr\u00e1cticas preventivas que pueden tener un impacto positivo a largo plazo.<\/p>\n\n\n\n<p><\/p>\n\n\n\n<figure class=\"wp-block-image size-full\"><img loading=\"lazy\" decoding=\"async\" width=\"4160\" height=\"2768\" src=\"https:\/\/soy.usac.edu.gt\/wp-content\/uploads\/2024\/06\/WhatsApp-Image-2024-06-24-at-2.37.57-PM-1.jpeg\" alt=\"\" class=\"wp-image-20630\"\/><\/figure>\n\n\n\n<p><strong><em>El Dr. Erwin Gonz\u00e1lez, encargado de las jornadas dentales, extendi\u00f3 una invitaci\u00f3n a la poblaci\u00f3n en general para que est\u00e9n atentos a las pr\u00f3ximas actividades que realizar\u00e1 la Facultad de Odontolog\u00eda.<\/em><\/strong><\/p>\n\n\n\n<p><em>La Dra. Sara Fuentes, quien dirige la Cl\u00ednica de Atenci\u00f3n para los trabajadores del Ministerio de Cultura y Deportes, expres\u00f3 su agradecimiento a la Universidad de San Carlos y a la Facultad de Odontolog\u00eda por su colaboraci\u00f3n. \u00abAgradecemos profundamente su apoyo y siempre ser\u00e1n bienvenidos\u00bb, afirm\u00f3 la Dra. Fuentes\u201d.<\/em><\/p>\n\n\n\n<p>La Facultad de Odontolog\u00eda, junto con la Universidad de San Carlos, reafirma su compromiso con el bienestar de la poblaci\u00f3n guatemalteca a trav\u00e9s de iniciativas como esta jornada dental. Estas acciones no solo mejoran la salud bucal de los participantes, sino que tambi\u00e9n fortalecen los lazos entre las instituciones y la comunidad.<\/p>\n\n\n\n<p>\u201cJuntos hacemos la Universidad\u201d.<\/p>\n\n\n\n<p><\/p>\n\n\n\n<p><\/p>\n\n\n\n<figure class=\"wp-block-gallery has-nested-images columns-default is-cropped wp-block-gallery-1 is-layout-flex wp-block-gallery-is-layout-flex\">\n<figure class=\"wp-block-image size-large\"><img loading=\"lazy\" decoding=\"async\" width=\"4160\" height=\"2768\" data-id=\"20634\" src=\"https:\/\/soy.usac.edu.gt\/wp-content\/uploads\/2024\/06\/WhatsApp-Image-2024-06-24-at-2.37.56-PM.jpeg\" alt=\"\" class=\"wp-image-20634\"\/><\/figure>\n\n\n\n<figure class=\"wp-block-image size-large\"><img loading=\"lazy\" decoding=\"async\" width=\"4160\" height=\"2768\" data-id=\"20632\" src=\"https:\/\/soy.usac.edu.gt\/wp-content\/uploads\/2024\/06\/WhatsApp-Image-2024-06-24-at-2.37.56-PM-1.jpeg\" alt=\"\" class=\"wp-image-20632\"\/><\/figure>\n\n\n\n<figure class=\"wp-block-image size-large\"><img loading=\"lazy\" decoding=\"async\" width=\"4160\" height=\"2768\" data-id=\"20631\" src=\"https:\/\/soy.usac.edu.gt\/wp-content\/uploads\/2024\/06\/WhatsApp-Image-2024-06-24-at-2.37.56-PM-2.jpeg\" alt=\"\" class=\"wp-image-20631\"\/><\/figure>\n\n\n\n<figure class=\"wp-block-image size-large\"><img loading=\"lazy\" decoding=\"async\" width=\"4160\" height=\"2768\" data-id=\"20636\" src=\"https:\/\/soy.usac.edu.gt\/wp-content\/uploads\/2024\/06\/WhatsApp-Image-2024-06-24-at-2.37.56-PM-3.jpeg\" alt=\"\" class=\"wp-image-20636\"\/><\/figure>\n\n\n\n<figure class=\"wp-block-image size-large\"><img loading=\"lazy\" decoding=\"async\" width=\"4160\" height=\"2768\" data-id=\"20635\" src=\"https:\/\/soy.usac.edu.gt\/wp-content\/uploads\/2024\/06\/WhatsApp-Image-2024-06-24-at-2.37.56-PM-4.jpeg\" alt=\"\" class=\"wp-image-20635\"\/><\/figure>\n\n\n\n<figure class=\"wp-block-image size-large\"><img loading=\"lazy\" decoding=\"async\" width=\"4160\" height=\"2768\" data-id=\"20633\" src=\"https:\/\/soy.usac.edu.gt\/wp-content\/uploads\/2024\/06\/WhatsApp-Image-2024-06-24-at-2.37.56-PM-5-1.jpeg\" alt=\"\" class=\"wp-image-20633\"\/><\/figure>\n\n\n\n<figure class=\"wp-block-image size-large\"><img loading=\"lazy\" decoding=\"async\" width=\"4160\" height=\"2768\" data-id=\"20637\" src=\"https:\/\/soy.usac.edu.gt\/wp-content\/uploads\/2024\/06\/WhatsApp-Image-2024-06-24-at-2.37.57-PM.jpeg\" alt=\"\" class=\"wp-image-20637\"\/><\/figure>\n<\/figure>\n","protected":false},"excerpt":{"rendered":"<p>La Facultad de Odontolog\u00eda de la Universidad de San Carlos de Guatemala llev\u00f3 a cabo una jornada dental en beneficio de aproximadamente 150 colaboradores del Ministerio de Cultura y Deportes. Esta iniciativa, que forma parte de los esfuerzos continuos de la universidad para promover la salud bucal en la comunidad, fue realizada por estudiantes altamente [&hellip;]<\/p>\n","protected":false},"author":19,"featured_media":20629,"comment_status":"closed","ping_status":"closed","sticky":false,"template":"","format":"standard","meta":{"_exactmetrics_skip_tracking":false,"_exactmetrics_sitenote_active":false,"_exactmetrics_sitenote_note":"","_exactmetrics_sitenote_category":0,"_jetpack_memberships_contains_paid_content":false,"footnotes":""},"categories":[126,585,96],"tags":[],"class_list":["post-20628","post","type-post","status-publish","format-standard","has-post-thumbnail","hentry","category-actividades","category-estudiantes","category-mas-noticias"],"aioseo_notices":[],"jetpack_featured_media_url":"https:\/\/soy.usac.edu.gt\/wp-content\/uploads\/2024\/06\/WhatsApp-Image-2024-06-24-at-2.37.56-PM-5.jpeg","views":"","jetpack-related-posts":[{"id":19324,"url":"https:\/\/soy.usac.edu.gt\/?p=19324","url_meta":{"origin":20628,"position":0},"title":"EPSUM recibe donaci\u00f3n","author":"Divisi\u00f3n de Publicidad","date":"29 mayo, 2023","format":false,"excerpt":"La organizaci\u00f3n Colgate, S. A. aport\u00f3 25,000 kits de cepillo y pasta dental para la implementaci\u00f3n de jornadas de educaci\u00f3n bucal, en las que participan estudiantes.","rel":"","context":"En \u00abSin categor\u00eda\u00bb","block_context":{"text":"Sin categor\u00eda","link":"https:\/\/soy.usac.edu.gt\/?cat=1"},"img":{"alt_text":"","src":"https:\/\/i0.wp.com\/soy.usac.edu.gt\/wp-content\/uploads\/2023\/05\/WhatsApp-Image-2023-05-26-at-09.05.30-1.jpeg?resize=350%2C200&ssl=1","width":350,"height":200,"srcset":"https:\/\/i0.wp.com\/soy.usac.edu.gt\/wp-content\/uploads\/2023\/05\/WhatsApp-Image-2023-05-26-at-09.05.30-1.jpeg?resize=350%2C200&ssl=1 1x, https:\/\/i0.wp.com\/soy.usac.edu.gt\/wp-content\/uploads\/2023\/05\/WhatsApp-Image-2023-05-26-at-09.05.30-1.jpeg?resize=525%2C300&ssl=1 1.5x, https:\/\/i0.wp.com\/soy.usac.edu.gt\/wp-content\/uploads\/2023\/05\/WhatsApp-Image-2023-05-26-at-09.05.30-1.jpeg?resize=700%2C400&ssl=1 2x"},"classes":[]},{"id":7547,"url":"https:\/\/soy.usac.edu.gt\/?p=7547","url_meta":{"origin":20628,"position":1},"title":"Estudiantes apoyan Jornadas Libres de Caries\u00a0en escuelas de Quich\u00e9","author":"Divisi\u00f3n de Publicidad","date":"16 julio, 2019","format":false,"excerpt":"Durante la jornada se concientiz\u00f3 a los\u00a0 alumnos sobre la importancia de la higiene bucal,\u00a0 adem\u00e1s se entregaron kits de cepillos y pastas dentales.","rel":"","context":"En \u00abNoticias\u00bb","block_context":{"text":"Noticias","link":"https:\/\/soy.usac.edu.gt\/?cat=29"},"img":{"alt_text":"","src":"https:\/\/i0.wp.com\/soy.usac.edu.gt\/wp-content\/uploads\/2019\/07\/SAM3786.jpg?resize=350%2C200&ssl=1","width":350,"height":200,"srcset":"https:\/\/i0.wp.com\/soy.usac.edu.gt\/wp-content\/uploads\/2019\/07\/SAM3786.jpg?resize=350%2C200&ssl=1 1x, https:\/\/i0.wp.com\/soy.usac.edu.gt\/wp-content\/uploads\/2019\/07\/SAM3786.jpg?resize=525%2C300&ssl=1 1.5x, https:\/\/i0.wp.com\/soy.usac.edu.gt\/wp-content\/uploads\/2019\/07\/SAM3786.jpg?resize=700%2C400&ssl=1 2x, https:\/\/i0.wp.com\/soy.usac.edu.gt\/wp-content\/uploads\/2019\/07\/SAM3786.jpg?resize=1050%2C600&ssl=1 3x, https:\/\/i0.wp.com\/soy.usac.edu.gt\/wp-content\/uploads\/2019\/07\/SAM3786.jpg?resize=1400%2C800&ssl=1 4x"},"classes":[]},{"id":18069,"url":"https:\/\/soy.usac.edu.gt\/?p=18069","url_meta":{"origin":20628,"position":2},"title":"USAC realiza jornadas m\u00e9dicas para poblaci\u00f3n vulnerable","author":"Divisi\u00f3n de Publicidad","date":"23 agosto, 2022","format":false,"excerpt":"M\u00e1s de 500 personas fueron beneficiadas como parte de esta iniciativa.","rel":"","context":"En \u00abNoticias\u00bb","block_context":{"text":"Noticias","link":"https:\/\/soy.usac.edu.gt\/?cat=29"},"img":{"alt_text":"","src":"https:\/\/i0.wp.com\/soy.usac.edu.gt\/wp-content\/uploads\/2022\/08\/WhatsApp-Image-2022-08-23-at-11.40.18-AM.jpeg?resize=350%2C200&ssl=1","width":350,"height":200,"srcset":"https:\/\/i0.wp.com\/soy.usac.edu.gt\/wp-content\/uploads\/2022\/08\/WhatsApp-Image-2022-08-23-at-11.40.18-AM.jpeg?resize=350%2C200&ssl=1 1x, https:\/\/i0.wp.com\/soy.usac.edu.gt\/wp-content\/uploads\/2022\/08\/WhatsApp-Image-2022-08-23-at-11.40.18-AM.jpeg?resize=525%2C300&ssl=1 1.5x, https:\/\/i0.wp.com\/soy.usac.edu.gt\/wp-content\/uploads\/2022\/08\/WhatsApp-Image-2022-08-23-at-11.40.18-AM.jpeg?resize=700%2C400&ssl=1 2x"},"classes":[]},{"id":19309,"url":"https:\/\/soy.usac.edu.gt\/?p=19309","url_meta":{"origin":20628,"position":3},"title":"Realizan jornada integral de salud en Huehuetenango","author":"Divisi\u00f3n de Publicidad","date":"29 mayo, 2023","format":false,"excerpt":"Estudiantes del Ejercicio Profesional Supervisado Multidisciplinario (EPSUM) y de Ciencias M\u00e9dicas han impartido servicios gratuitos a la poblaci\u00f3n.","rel":"","context":"En \u00abEstudiantes\u00bb","block_context":{"text":"Estudiantes","link":"https:\/\/soy.usac.edu.gt\/?cat=585"},"img":{"alt_text":"","src":"https:\/\/i0.wp.com\/soy.usac.edu.gt\/wp-content\/uploads\/2023\/05\/5.jpg?resize=350%2C200&ssl=1","width":350,"height":200,"srcset":"https:\/\/i0.wp.com\/soy.usac.edu.gt\/wp-content\/uploads\/2023\/05\/5.jpg?resize=350%2C200&ssl=1 1x, https:\/\/i0.wp.com\/soy.usac.edu.gt\/wp-content\/uploads\/2023\/05\/5.jpg?resize=525%2C300&ssl=1 1.5x, https:\/\/i0.wp.com\/soy.usac.edu.gt\/wp-content\/uploads\/2023\/05\/5.jpg?resize=700%2C400&ssl=1 2x, https:\/\/i0.wp.com\/soy.usac.edu.gt\/wp-content\/uploads\/2023\/05\/5.jpg?resize=1050%2C600&ssl=1 3x, https:\/\/i0.wp.com\/soy.usac.edu.gt\/wp-content\/uploads\/2023\/05\/5.jpg?resize=1400%2C800&ssl=1 4x"},"classes":[]},{"id":21295,"url":"https:\/\/soy.usac.edu.gt\/?p=21295","url_meta":{"origin":20628,"position":4},"title":"Nuevo espacio para la innovaci\u00f3n","author":"Divisi\u00f3n de Publicidad","date":"4 marzo, 2025","format":false,"excerpt":"Y el aprendizaje en Odontolog\u00eda. La Facultad de Odontolog\u00eda de la Universidad de San Carlos de Guatemala contin\u00faa avanzando con pasos firmes hacia el fortalecimiento de su infraestructura acad\u00e9mica. Con la inauguraci\u00f3n del Laboratorio Multidisciplinario No. 1, ubicado en el tercer nivel del edificio M3, creamos un entorno moderno y\u2026","rel":"","context":"En \u00abCiencia y Tecnolog\u00eda\u00bb","block_context":{"text":"Ciencia y Tecnolog\u00eda","link":"https:\/\/soy.usac.edu.gt\/?cat=122"},"img":{"alt_text":"","src":"https:\/\/i0.wp.com\/soy.usac.edu.gt\/wp-content\/uploads\/2025\/03\/WhatsApp-Image-2025-03-04-at-3.14.05-PM.jpeg?resize=350%2C200&ssl=1","width":350,"height":200,"srcset":"https:\/\/i0.wp.com\/soy.usac.edu.gt\/wp-content\/uploads\/2025\/03\/WhatsApp-Image-2025-03-04-at-3.14.05-PM.jpeg?resize=350%2C200&ssl=1 1x, https:\/\/i0.wp.com\/soy.usac.edu.gt\/wp-content\/uploads\/2025\/03\/WhatsApp-Image-2025-03-04-at-3.14.05-PM.jpeg?resize=525%2C300&ssl=1 1.5x, https:\/\/i0.wp.com\/soy.usac.edu.gt\/wp-content\/uploads\/2025\/03\/WhatsApp-Image-2025-03-04-at-3.14.05-PM.jpeg?resize=700%2C400&ssl=1 2x, https:\/\/i0.wp.com\/soy.usac.edu.gt\/wp-content\/uploads\/2025\/03\/WhatsApp-Image-2025-03-04-at-3.14.05-PM.jpeg?resize=1050%2C600&ssl=1 3x"},"classes":[]},{"id":20945,"url":"https:\/\/soy.usac.edu.gt\/?p=20945","url_meta":{"origin":20628,"position":5},"title":"Presentaci\u00f3n de resultados de ITC Seminars en la USAC: Un convenio que transforma sonrisas","author":"Luis Pedro Barrios Quinteros","date":"8 octubre, 2024","format":false,"excerpt":"En el marco de un exitoso convenio de colaboraci\u00f3n, la Universidad de San Carlos de Guatemala present\u00f3 los avances del programa de intercambio acad\u00e9mico con ITC Seminars, enfocado en el \u00e1rea de implantes dentales. Este acuerdo ha permitido no solo la capacitaci\u00f3n de los estudiantes y profesionales de la Facultad\u2026","rel":"","context":"En \u00abCiencia y Tecnolog\u00eda\u00bb","block_context":{"text":"Ciencia y Tecnolog\u00eda","link":"https:\/\/soy.usac.edu.gt\/?cat=122"},"img":{"alt_text":"","src":"https:\/\/i0.wp.com\/soy.usac.edu.gt\/wp-content\/uploads\/2024\/10\/WhatsApp-Image-2024-10-08-at-11.47.57-AM.jpeg?resize=350%2C200&ssl=1","width":350,"height":200,"srcset":"https:\/\/i0.wp.com\/soy.usac.edu.gt\/wp-content\/uploads\/2024\/10\/WhatsApp-Image-2024-10-08-at-11.47.57-AM.jpeg?resize=350%2C200&ssl=1 1x, https:\/\/i0.wp.com\/soy.usac.edu.gt\/wp-content\/uploads\/2024\/10\/WhatsApp-Image-2024-10-08-at-11.47.57-AM.jpeg?resize=525%2C300&ssl=1 1.5x, https:\/\/i0.wp.com\/soy.usac.edu.gt\/wp-content\/uploads\/2024\/10\/WhatsApp-Image-2024-10-08-at-11.47.57-AM.jpeg?resize=700%2C400&ssl=1 2x, https:\/\/i0.wp.com\/soy.usac.edu.gt\/wp-content\/uploads\/2024\/10\/WhatsApp-Image-2024-10-08-at-11.47.57-AM.jpeg?resize=1050%2C600&ssl=1 3x, https:\/\/i0.wp.com\/soy.usac.edu.gt\/wp-content\/uploads\/2024\/10\/WhatsApp-Image-2024-10-08-at-11.47.57-AM.jpeg?resize=1400%2C800&ssl=1 4x"},"classes":[]}],"jetpack_sharing_enabled":true,"_links":{"self":[{"href":"https:\/\/soy.usac.edu.gt\/index.php?rest_route=\/wp\/v2\/posts\/20628","targetHints":{"allow":["GET"]}}],"collection":[{"href":"https:\/\/soy.usac.edu.gt\/index.php?rest_route=\/wp\/v2\/posts"}],"about":[{"href":"https:\/\/soy.usac.edu.gt\/index.php?rest_route=\/wp\/v2\/types\/post"}],"author":[{"embeddable":true,"href":"https:\/\/soy.usac.edu.gt\/index.php?rest_route=\/wp\/v2\/users\/19"}],"replies":[{"embeddable":true,"href":"https:\/\/soy.usac.edu.gt\/index.php?rest_route=%2Fwp%2Fv2%2Fcomments&post=20628"}],"version-history":[{"count":2,"href":"https:\/\/soy.usac.edu.gt\/index.php?rest_route=\/wp\/v2\/posts\/20628\/revisions"}],"predecessor-version":[{"id":20639,"href":"https:\/\/soy.usac.edu.gt\/index.php?rest_route=\/wp\/v2\/posts\/20628\/revisions\/20639"}],"wp:featuredmedia":[{"embeddable":true,"href":"https:\/\/soy.usac.edu.gt\/index.php?rest_route=\/wp\/v2\/media\/20629"}],"wp:attachment":[{"href":"https:\/\/soy.usac.edu.gt\/index.php?rest_route=%2Fwp%2Fv2%2Fmedia&parent=20628"}],"wp:term":[{"taxonomy":"category","embeddable":true,"href":"https:\/\/soy.usac.edu.gt\/index.php?rest_route=%2Fwp%2Fv2%2Fcategories&post=20628"},{"taxonomy":"post_tag","embeddable":true,"href":"https:\/\/soy.usac.edu.gt\/index.php?rest_route=%2Fwp%2Fv2%2Ftags&post=20628"}],"curies":[{"name":"wp","href":"https:\/\/api.w.org\/{rel}","templated":true}]}}