{"id":20704,"date":"2024-08-31T09:30:22","date_gmt":"2024-08-31T15:30:22","guid":{"rendered":"https:\/\/soy.usac.edu.gt\/?p=20704"},"modified":"2024-08-31T09:38:46","modified_gmt":"2024-08-31T15:38:46","slug":"exito-en-la-feria-virtual-para-ingresar-a-la-usac-en-2025","status":"publish","type":"post","link":"https:\/\/soy.usac.edu.gt\/?p=20704","title":{"rendered":"\u00c9xito en la Feria Virtual para ingresar a la USAC en 2025"},"content":{"rendered":"\n\n\n<p>La Secci\u00f3n de Orientaci\u00f3n Vocacional celebr\u00f3 su primera feria virtual con el objetivo de informar sobre el proceso de ingreso a la universidad en el ciclo 2025. El Lic. Marco Ramazzini, Jefe de Orientaci\u00f3n Vocacional, explic\u00f3 que participaron los cuatro departamentos que realizan gestiones de inscripci\u00f3n anual: Orientaci\u00f3n Vocacional, Sistema de Ubicaci\u00f3n y Nivelaci\u00f3n, \u00c1rea de Pruebas Espec\u00edficas y Departamento de Registro y Estad\u00edstica.<\/p>\n\n\n\n<p>Durante la actividad se proporcion\u00f3 informaci\u00f3n a m\u00e1s de 500 personas conectadas y se respondieron dudas. Adem\u00e1s, se ofreci\u00f3 una inducci\u00f3n detallada sobre c\u00f3mo realizar los tr\u00e1mites en cada etapa del proceso de inscripci\u00f3n, el uso de las plataformas y las fechas importantes para las evaluaciones restantes.<\/p>\n\n\n\n<p>Si te perdiste la feria virtual, por este link puedes ingresar y verla: <\/p>\n\n\n\n<p><\/p>\n\n\n\n<p>https:\/\/www.facebook.com\/watch\/live\/?mibextid=WC7FNe&#038;ref=watch_permalink&#038;v=1235401444138277&#038;rdid=LsCnEWHTlD1lf2LR<\/p>\n\n\n\n<p><\/p>\n\n\n\n<figure class=\"wp-block-image size-full\"><img loading=\"lazy\" decoding=\"async\" width=\"1156\" height=\"597\" src=\"https:\/\/soy.usac.edu.gt\/wp-content\/uploads\/2024\/08\/nota-3.png\" alt=\"\" class=\"wp-image-20705\"\/><\/figure>\n\n\n\n<p><strong>A\u00fan te queda tiempo<\/strong><\/p>\n\n\n\n<p>Estas son las fechas pendientes para realizar las evaluaciones e ingresar a la universidad:<\/p>\n\n\n\n<p><strong>Orientaci\u00f3n Vocacional<\/strong>: &nbsp;la generaci\u00f3n de orden de pago se efect\u00faa del 25 de abril al 17 de septiembre.<\/p>\n\n\n\n<p><strong>Asignaci\u00f3n en l\u00ednea:<\/strong> del 30 de abril al 24 de septiembre.<\/p>\n\n\n\n<p><strong>Aplicaci\u00f3n de la prueba: <\/strong>el sistema te dar\u00e1 la fecha, hora y lugar de evaluaci\u00f3n.<\/p>\n\n\n\n<p><strong>Pruebas de Conocimientos B\u00e1sicos<\/strong><\/p>\n\n\n\n<p><strong>Tercera fecha:<\/strong> la asignaci\u00f3n se realizar\u00e1 del 10 al 12 de septiembre. Aplicaci\u00f3n: del 23 al 30 de septiembre; resultados: a partir del 3 de octubre.<\/p>\n\n\n\n<p><strong>Cuarta fecha:<\/strong> la asignaci\u00f3n es del 8 al 10 de octubre. Aplicaci\u00f3n: del 22 al 29 de octubre; resultados: a partir del 4 de noviembre.<\/p>\n\n\n\n<p>Ramazzini recalc\u00f3 que, en el caso de Orientaci\u00f3n Vocacional, se realizar\u00e1 la evaluaci\u00f3n a diario hasta que finalice la fecha de corte. Para el campus central y los centros universitarios, conforme se llenen las salas se habilitar\u00e1n nuevas fechas. &nbsp;<\/p>\n","protected":false},"excerpt":{"rendered":"<p>La Secci\u00f3n de Orientaci\u00f3n Vocacional celebr\u00f3 su primera feria virtual con el objetivo de informar sobre el proceso de ingreso a la universidad en el ciclo 2025. El Lic. Marco Ramazzini, Jefe de Orientaci\u00f3n Vocacional, explic\u00f3 que participaron los cuatro departamentos que realizan gestiones de inscripci\u00f3n anual: Orientaci\u00f3n Vocacional, Sistema de Ubicaci\u00f3n y Nivelaci\u00f3n, \u00c1rea [&hellip;]<\/p>\n","protected":false},"author":1,"featured_media":20706,"comment_status":"closed","ping_status":"closed","sticky":false,"template":"","format":"standard","meta":{"_exactmetrics_skip_tracking":false,"_exactmetrics_sitenote_active":false,"_exactmetrics_sitenote_note":"","_exactmetrics_sitenote_category":0,"_jetpack_memberships_contains_paid_content":false,"footnotes":""},"categories":[233,29],"tags":[],"class_list":["post-20704","post","type-post","status-publish","format-standard","has-post-thumbnail","hentry","category-becas-y-convocatorias-2","category-noticias"],"aioseo_notices":[],"jetpack_featured_media_url":"https:\/\/soy.usac.edu.gt\/wp-content\/uploads\/2024\/08\/nota-4.png","views":"","jetpack-related-posts":[{"id":13848,"url":"https:\/\/soy.usac.edu.gt\/?p=13848","url_meta":{"origin":20704,"position":0},"title":"Inicia el proceso de admisi\u00f3n a la USAC","author":"Divisi\u00f3n de Publicidad","date":"14 abril, 2021","format":false,"excerpt":"Todas las personas interesadas en estudiar en la universidad ya pueden seguir el proceso de admisi\u00f3n para el ciclo acad\u00e9mico 2022.","rel":"","context":"En \u00abEstudiantes\u00bb","block_context":{"text":"Estudiantes","link":"https:\/\/soy.usac.edu.gt\/?cat=585"},"img":{"alt_text":"","src":"https:\/\/i0.wp.com\/soy.usac.edu.gt\/wp-content\/uploads\/2021\/04\/nueva-bandera.jpeg?resize=350%2C200&ssl=1","width":350,"height":200,"srcset":"https:\/\/i0.wp.com\/soy.usac.edu.gt\/wp-content\/uploads\/2021\/04\/nueva-bandera.jpeg?resize=350%2C200&ssl=1 1x, https:\/\/i0.wp.com\/soy.usac.edu.gt\/wp-content\/uploads\/2021\/04\/nueva-bandera.jpeg?resize=525%2C300&ssl=1 1.5x, https:\/\/i0.wp.com\/soy.usac.edu.gt\/wp-content\/uploads\/2021\/04\/nueva-bandera.jpeg?resize=700%2C400&ssl=1 2x, https:\/\/i0.wp.com\/soy.usac.edu.gt\/wp-content\/uploads\/2021\/04\/nueva-bandera.jpeg?resize=1050%2C600&ssl=1 3x, https:\/\/i0.wp.com\/soy.usac.edu.gt\/wp-content\/uploads\/2021\/04\/nueva-bandera.jpeg?resize=1400%2C800&ssl=1 4x"},"classes":[]},{"id":17287,"url":"https:\/\/soy.usac.edu.gt\/?p=17287","url_meta":{"origin":20704,"position":1},"title":"Ya puedes iniciar el proceso de ingreso a la USAC para 2023","author":"Divisi\u00f3n de Publicidad","date":"9 mayo, 2022","format":false,"excerpt":"Conoce las fechas y pasos para realizar la Prueba de Orientaci\u00f3n Vocacional, que constituye el primer requerimiento para ingresar en la universidad.","rel":"","context":"En \u00abEstudiantes\u00bb","block_context":{"text":"Estudiantes","link":"https:\/\/soy.usac.edu.gt\/?cat=585"},"img":{"alt_text":"","src":"https:\/\/i0.wp.com\/soy.usac.edu.gt\/wp-content\/uploads\/2022\/05\/WhatsApp-Image-2022-05-09-at-4.06.50-PM.jpeg?resize=350%2C200&ssl=1","width":350,"height":200,"srcset":"https:\/\/i0.wp.com\/soy.usac.edu.gt\/wp-content\/uploads\/2022\/05\/WhatsApp-Image-2022-05-09-at-4.06.50-PM.jpeg?resize=350%2C200&ssl=1 1x, https:\/\/i0.wp.com\/soy.usac.edu.gt\/wp-content\/uploads\/2022\/05\/WhatsApp-Image-2022-05-09-at-4.06.50-PM.jpeg?resize=525%2C300&ssl=1 1.5x, https:\/\/i0.wp.com\/soy.usac.edu.gt\/wp-content\/uploads\/2022\/05\/WhatsApp-Image-2022-05-09-at-4.06.50-PM.jpeg?resize=700%2C400&ssl=1 2x, https:\/\/i0.wp.com\/soy.usac.edu.gt\/wp-content\/uploads\/2022\/05\/WhatsApp-Image-2022-05-09-at-4.06.50-PM.jpeg?resize=1050%2C600&ssl=1 3x"},"classes":[]},{"id":16227,"url":"https:\/\/soy.usac.edu.gt\/?p=16227","url_meta":{"origin":20704,"position":2},"title":"Conoce todo sobre el proceso de inscripci\u00f3n 2022","author":"Divisi\u00f3n de Publicidad","date":"12 enero, 2022","format":false,"excerpt":"Este doce de enero inician las inscripciones de primer ingreso para el ciclo acad\u00e9mico 2022","rel":"","context":"En \u00abEstudiantes\u00bb","block_context":{"text":"Estudiantes","link":"https:\/\/soy.usac.edu.gt\/?cat=585"},"img":{"alt_text":"","src":"https:\/\/i0.wp.com\/soy.usac.edu.gt\/wp-content\/uploads\/2022\/01\/WhatsApp-Image-2022-01-11-at-12.54.58.jpeg?resize=350%2C200&ssl=1","width":350,"height":200,"srcset":"https:\/\/i0.wp.com\/soy.usac.edu.gt\/wp-content\/uploads\/2022\/01\/WhatsApp-Image-2022-01-11-at-12.54.58.jpeg?resize=350%2C200&ssl=1 1x, https:\/\/i0.wp.com\/soy.usac.edu.gt\/wp-content\/uploads\/2022\/01\/WhatsApp-Image-2022-01-11-at-12.54.58.jpeg?resize=525%2C300&ssl=1 1.5x, https:\/\/i0.wp.com\/soy.usac.edu.gt\/wp-content\/uploads\/2022\/01\/WhatsApp-Image-2022-01-11-at-12.54.58.jpeg?resize=700%2C400&ssl=1 2x, https:\/\/i0.wp.com\/soy.usac.edu.gt\/wp-content\/uploads\/2022\/01\/WhatsApp-Image-2022-01-11-at-12.54.58.jpeg?resize=1050%2C600&ssl=1 3x"},"classes":[]},{"id":11474,"url":"https:\/\/soy.usac.edu.gt\/?p=11474","url_meta":{"origin":20704,"position":3},"title":"Conoce todo el proceso de ingreso a la USAC para el 2021","author":"Divisi\u00f3n de Publicidad","date":"12 mayo, 2020","format":false,"excerpt":"Aspirante, estos son los cuatro pasos que debes seguir para inscribirte en el ciclo acad\u00e9mico 2021.","rel":"","context":"En \u00abEstudiantes\u00bb","block_context":{"text":"Estudiantes","link":"https:\/\/soy.usac.edu.gt\/?cat=585"},"img":{"alt_text":"","src":"https:\/\/i0.wp.com\/soy.usac.edu.gt\/wp-content\/uploads\/2020\/05\/destacada1.jpg?resize=350%2C200&ssl=1","width":350,"height":200,"srcset":"https:\/\/i0.wp.com\/soy.usac.edu.gt\/wp-content\/uploads\/2020\/05\/destacada1.jpg?resize=350%2C200&ssl=1 1x, https:\/\/i0.wp.com\/soy.usac.edu.gt\/wp-content\/uploads\/2020\/05\/destacada1.jpg?resize=525%2C300&ssl=1 1.5x, https:\/\/i0.wp.com\/soy.usac.edu.gt\/wp-content\/uploads\/2020\/05\/destacada1.jpg?resize=700%2C400&ssl=1 2x"},"classes":[]},{"id":4447,"url":"https:\/\/soy.usac.edu.gt\/?p=4447","url_meta":{"origin":20704,"position":4},"title":"Alertan sobre cobros ilegales","author":"Divisi\u00f3n de Publicidad","date":"5 marzo, 2019","format":false,"excerpt":"El Consejo Superior Universitario (CSU) alerta a los aspirantes a ingresar a esta casa de estudios sobre cobros ilegales.","rel":"","context":"En \u00abNoticias\u00bb","block_context":{"text":"Noticias","link":"https:\/\/soy.usac.edu.gt\/?cat=29"},"img":{"alt_text":"","src":"https:\/\/i0.wp.com\/soy.usac.edu.gt\/wp-content\/uploads\/2019\/03\/2.jpg?resize=350%2C200&ssl=1","width":350,"height":200,"srcset":"https:\/\/i0.wp.com\/soy.usac.edu.gt\/wp-content\/uploads\/2019\/03\/2.jpg?resize=350%2C200&ssl=1 1x, https:\/\/i0.wp.com\/soy.usac.edu.gt\/wp-content\/uploads\/2019\/03\/2.jpg?resize=525%2C300&ssl=1 1.5x, https:\/\/i0.wp.com\/soy.usac.edu.gt\/wp-content\/uploads\/2019\/03\/2.jpg?resize=700%2C400&ssl=1 2x, https:\/\/i0.wp.com\/soy.usac.edu.gt\/wp-content\/uploads\/2019\/03\/2.jpg?resize=1050%2C600&ssl=1 3x, https:\/\/i0.wp.com\/soy.usac.edu.gt\/wp-content\/uploads\/2019\/03\/2.jpg?resize=1400%2C800&ssl=1 4x"},"classes":[]},{"id":6011,"url":"https:\/\/soy.usac.edu.gt\/?p=6011","url_meta":{"origin":20704,"position":5},"title":"Este es el calendario de las Pruebas B\u00e1sicas 2019","author":"Divisi\u00f3n de Publicidad","date":"14 mayo, 2019","format":false,"excerpt":"A partir de junio los aspirantes podr\u00e1n realizarse las pruebas de conocimientos b\u00e1sicos.","rel":"","context":"En \u00abNoticias\u00bb","block_context":{"text":"Noticias","link":"https:\/\/soy.usac.edu.gt\/?cat=29"},"img":{"alt_text":"","src":"https:\/\/i0.wp.com\/soy.usac.edu.gt\/wp-content\/uploads\/2019\/05\/CSC_0023.jpg?resize=350%2C200&ssl=1","width":350,"height":200,"srcset":"https:\/\/i0.wp.com\/soy.usac.edu.gt\/wp-content\/uploads\/2019\/05\/CSC_0023.jpg?resize=350%2C200&ssl=1 1x, https:\/\/i0.wp.com\/soy.usac.edu.gt\/wp-content\/uploads\/2019\/05\/CSC_0023.jpg?resize=525%2C300&ssl=1 1.5x, https:\/\/i0.wp.com\/soy.usac.edu.gt\/wp-content\/uploads\/2019\/05\/CSC_0023.jpg?resize=700%2C400&ssl=1 2x, https:\/\/i0.wp.com\/soy.usac.edu.gt\/wp-content\/uploads\/2019\/05\/CSC_0023.jpg?resize=1050%2C600&ssl=1 3x, https:\/\/i0.wp.com\/soy.usac.edu.gt\/wp-content\/uploads\/2019\/05\/CSC_0023.jpg?resize=1400%2C800&ssl=1 4x"},"classes":[]}],"jetpack_sharing_enabled":true,"_links":{"self":[{"href":"https:\/\/soy.usac.edu.gt\/index.php?rest_route=\/wp\/v2\/posts\/20704","targetHints":{"allow":["GET"]}}],"collection":[{"href":"https:\/\/soy.usac.edu.gt\/index.php?rest_route=\/wp\/v2\/posts"}],"about":[{"href":"https:\/\/soy.usac.edu.gt\/index.php?rest_route=\/wp\/v2\/types\/post"}],"author":[{"embeddable":true,"href":"https:\/\/soy.usac.edu.gt\/index.php?rest_route=\/wp\/v2\/users\/1"}],"replies":[{"embeddable":true,"href":"https:\/\/soy.usac.edu.gt\/index.php?rest_route=%2Fwp%2Fv2%2Fcomments&post=20704"}],"version-history":[{"count":2,"href":"https:\/\/soy.usac.edu.gt\/index.php?rest_route=\/wp\/v2\/posts\/20704\/revisions"}],"predecessor-version":[{"id":20709,"href":"https:\/\/soy.usac.edu.gt\/index.php?rest_route=\/wp\/v2\/posts\/20704\/revisions\/20709"}],"wp:featuredmedia":[{"embeddable":true,"href":"https:\/\/soy.usac.edu.gt\/index.php?rest_route=\/wp\/v2\/media\/20706"}],"wp:attachment":[{"href":"https:\/\/soy.usac.edu.gt\/index.php?rest_route=%2Fwp%2Fv2%2Fmedia&parent=20704"}],"wp:term":[{"taxonomy":"category","embeddable":true,"href":"https:\/\/soy.usac.edu.gt\/index.php?rest_route=%2Fwp%2Fv2%2Fcategories&post=20704"},{"taxonomy":"post_tag","embeddable":true,"href":"https:\/\/soy.usac.edu.gt\/index.php?rest_route=%2Fwp%2Fv2%2Ftags&post=20704"}],"curies":[{"name":"wp","href":"https:\/\/api.w.org\/{rel}","templated":true}]}}