{"id":20840,"date":"2024-09-24T16:07:25","date_gmt":"2024-09-24T22:07:25","guid":{"rendered":"https:\/\/soy.usac.edu.gt\/?p=20840"},"modified":"2024-09-24T16:14:10","modified_gmt":"2024-09-24T22:14:10","slug":"conmemoran-el-dia-del-abogado","status":"publish","type":"post","link":"https:\/\/soy.usac.edu.gt\/?p=20840","title":{"rendered":"Conmemoran el D\u00eda del Abogado"},"content":{"rendered":"\n<p>Esta casa de estudios organiz\u00f3 una conferencia sobre la pena de muerte y tendencias internacionales, a cargo del experto puertorrique\u00f1o Kevin Rivera, con el fin de capacitar y fomentar el pensamiento cr\u00edtico en los estudiantes y profesionales del derecho en el marco del D\u00eda del Abogado.<\/p>\n\n\n\n<p>La Directora de Asuntos Jur\u00eddicos, Lcda. Astrid Garc\u00eda, se refiri\u00f3 a la celebraci\u00f3n como una oportunidad para recordar el valor de esta disciplina en m\u00faltiples \u00e1reas sociales y acad\u00e9micas.<\/p>\n\n\n\n<p><\/p>\n\n\n\n<figure class=\"wp-block-image size-full\"><img loading=\"lazy\" decoding=\"async\" width=\"5472\" height=\"3080\" src=\"https:\/\/soy.usac.edu.gt\/wp-content\/uploads\/2024\/09\/DSC00623.jpg\" alt=\"\" class=\"wp-image-20844\"\/><\/figure>\n\n\n\n<blockquote class=\"wp-block-quote is-layout-flow wp-block-quote-is-layout-flow\">\n<p>\u201cEsta es una de las profesiones m\u00e1s nobles y esenciales. Ha evolucionado a lo largo de los siglos para hacer valer la ley y luchar por sociedades justas. La universidad ha tenido una extensa trayectoria acad\u00e9mica y de compromiso social, que sostienen miles de egresados y estudiantes, quienes protegen los principios fundacionales y derechos de esta instituci\u00f3n\u201d, expuso.<\/p>\n\n\n\n<p>El abogado Luis Cord\u00f3n, Secretario General, destac\u00f3 que la USAC es un pilar para la instrucci\u00f3n en la rama del derecho.<\/p>\n<\/blockquote>\n\n\n\n<figure class=\"wp-block-image size-full\"><img loading=\"lazy\" decoding=\"async\" width=\"5472\" height=\"3080\" src=\"https:\/\/soy.usac.edu.gt\/wp-content\/uploads\/2024\/09\/DSC00592.jpg\" alt=\"\" class=\"wp-image-20845\"\/><\/figure>\n\n\n\n<p>\u201cA partir de la fundaci\u00f3n de la Facultad de Ciencias Jur\u00eddicas y Sociales, se desarrollan destrezas de an\u00e1lisis, negociaci\u00f3n y comunicaci\u00f3n para que los profesionales puedan defender y representar los derechos de las personas en los diferentes estrados, en el ejercicio de un rol social que vela por la justicia\u201d.<\/p>\n\n\n\n<p>En su disertaci\u00f3n, Kevin Rivera expuso sobre legislaci\u00f3n internacional de la pena de muerte, los mitos que existen en torno a esta, ejemplificaci\u00f3n de casos y circunstancias particulares, los costos que representa y estad\u00edsticas sobre las tendencias abolicionistas.<\/p>\n\n\n\n<p>Destac\u00f3 que una ejecuci\u00f3n, econ\u00f3micamente, representa el costo de 75 a\u00f1os de prisi\u00f3n de una persona. Actualmente el 74 % de los pa\u00edses han dejado de aplicarla y un 26 % la conserva.<\/p>\n\n\n\n<p>\u201cLa aprobaci\u00f3n de la pena de muerte no disminuye la criminalidad. Esto solo se logra con el acompa\u00f1amiento de acciones para mitigar las problem\u00e1ticas sociales, como la desigualdad\u201d, afirm\u00f3.<\/p>\n\n\n\n<p>Esta actividad fue un espacio de reflexi\u00f3n donde los participantes pudieron fortalecer conocimientos y recordar los valores institucionales para la construcci\u00f3n del Estado de derecho.<\/p>\n\n\n\n<p><\/p>\n\n\n\n<figure class=\"wp-block-gallery has-nested-images columns-default is-cropped wp-block-gallery-1 is-layout-flex wp-block-gallery-is-layout-flex\">\n<figure class=\"wp-block-image size-large\"><img loading=\"lazy\" decoding=\"async\" width=\"5472\" height=\"3080\" data-id=\"20849\" src=\"https:\/\/soy.usac.edu.gt\/wp-content\/uploads\/2024\/09\/DSC00566.jpg\" alt=\"\" class=\"wp-image-20849\"\/><\/figure>\n\n\n\n<figure class=\"wp-block-image size-large\"><img loading=\"lazy\" decoding=\"async\" width=\"5472\" height=\"3080\" data-id=\"20848\" src=\"https:\/\/soy.usac.edu.gt\/wp-content\/uploads\/2024\/09\/DSC00576.jpg\" alt=\"\" class=\"wp-image-20848\"\/><\/figure>\n\n\n\n<figure class=\"wp-block-image size-large\"><img loading=\"lazy\" decoding=\"async\" width=\"5472\" height=\"3080\" data-id=\"20847\" src=\"https:\/\/soy.usac.edu.gt\/wp-content\/uploads\/2024\/09\/DSC00583.jpg\" alt=\"\" class=\"wp-image-20847\"\/><\/figure>\n\n\n\n<figure class=\"wp-block-image size-large\"><img loading=\"lazy\" decoding=\"async\" width=\"5472\" height=\"3080\" data-id=\"20846\" src=\"https:\/\/soy.usac.edu.gt\/wp-content\/uploads\/2024\/09\/DSC00585.jpg\" alt=\"\" class=\"wp-image-20846\"\/><\/figure>\n\n\n\n<figure class=\"wp-block-image size-large\"><img loading=\"lazy\" decoding=\"async\" width=\"5472\" height=\"3080\" data-id=\"20850\" src=\"https:\/\/soy.usac.edu.gt\/wp-content\/uploads\/2024\/09\/DSC00587.jpg\" alt=\"\" class=\"wp-image-20850\"\/><\/figure>\n\n\n\n<figure class=\"wp-block-image size-large\"><img loading=\"lazy\" decoding=\"async\" width=\"5472\" height=\"3080\" data-id=\"20851\" src=\"https:\/\/soy.usac.edu.gt\/wp-content\/uploads\/2024\/09\/DSC00588.jpg\" alt=\"\" class=\"wp-image-20851\"\/><\/figure>\n\n\n\n<figure class=\"wp-block-image size-large\"><img loading=\"lazy\" decoding=\"async\" width=\"5472\" height=\"3080\" data-id=\"20853\" src=\"https:\/\/soy.usac.edu.gt\/wp-content\/uploads\/2024\/09\/DSC00589.jpg\" alt=\"\" class=\"wp-image-20853\"\/><\/figure>\n\n\n\n<figure class=\"wp-block-image size-large\"><img loading=\"lazy\" decoding=\"async\" width=\"5472\" height=\"3080\" data-id=\"20854\" src=\"https:\/\/soy.usac.edu.gt\/wp-content\/uploads\/2024\/09\/DSC00591.jpg\" alt=\"\" class=\"wp-image-20854\"\/><\/figure>\n\n\n\n<figure class=\"wp-block-image size-large\"><img loading=\"lazy\" decoding=\"async\" width=\"5472\" height=\"3080\" data-id=\"20852\" src=\"https:\/\/soy.usac.edu.gt\/wp-content\/uploads\/2024\/09\/DSC00594.jpg\" alt=\"\" class=\"wp-image-20852\"\/><\/figure>\n\n\n\n<figure class=\"wp-block-image size-large\"><img loading=\"lazy\" decoding=\"async\" width=\"5472\" height=\"3080\" data-id=\"20855\" src=\"https:\/\/soy.usac.edu.gt\/wp-content\/uploads\/2024\/09\/DSC00603.jpg\" alt=\"\" class=\"wp-image-20855\"\/><\/figure>\n<\/figure>\n","protected":false},"excerpt":{"rendered":"<p>Esta casa de estudios organiz\u00f3 una conferencia sobre la pena de muerte y tendencias internacionales, a cargo del experto puertorrique\u00f1o Kevin Rivera, con el fin de capacitar y fomentar el pensamiento cr\u00edtico en los estudiantes y profesionales del derecho en el marco del D\u00eda del Abogado. La Directora de Asuntos Jur\u00eddicos, Lcda. Astrid Garc\u00eda, se [&hellip;]<\/p>\n","protected":false},"author":1,"featured_media":20841,"comment_status":"closed","ping_status":"closed","sticky":false,"template":"","format":"standard","meta":{"_exactmetrics_skip_tracking":false,"_exactmetrics_sitenote_active":false,"_exactmetrics_sitenote_note":"","_exactmetrics_sitenote_category":0,"_jetpack_memberships_contains_paid_content":false,"footnotes":""},"categories":[126],"tags":[],"class_list":["post-20840","post","type-post","status-publish","format-standard","has-post-thumbnail","hentry","category-actividades"],"aioseo_notices":[],"jetpack_featured_media_url":"https:\/\/soy.usac.edu.gt\/wp-content\/uploads\/2024\/09\/DSC00620.jpg","views":"","jetpack-related-posts":[{"id":17388,"url":"https:\/\/soy.usac.edu.gt\/?p=17388","url_meta":{"origin":20840,"position":0},"title":"Estudiantes destacados son reconocidos","author":"Divisi\u00f3n de Publicidad","date":"1 junio, 2022","format":false,"excerpt":"En el marco de la conmemoraci\u00f3n del D\u00eda del Estudiante Universitario, la USAC premi\u00f3 la disciplina, entrega, dedicaci\u00f3n y esfuerzo de los alumnos que han obtenido los promedios m\u00e1s altos en cada una de las unidades acad\u00e9micas.","rel":"","context":"En \u00abEstudiantes\u00bb","block_context":{"text":"Estudiantes","link":"https:\/\/soy.usac.edu.gt\/?cat=585"},"img":{"alt_text":"","src":"https:\/\/i0.wp.com\/soy.usac.edu.gt\/wp-content\/uploads\/2021\/01\/cropped-edificios-usac3.png?resize=350%2C200&ssl=1","width":350,"height":200,"srcset":"https:\/\/i0.wp.com\/soy.usac.edu.gt\/wp-content\/uploads\/2021\/01\/cropped-edificios-usac3.png?resize=350%2C200&ssl=1 1x, https:\/\/i0.wp.com\/soy.usac.edu.gt\/wp-content\/uploads\/2021\/01\/cropped-edificios-usac3.png?resize=525%2C300&ssl=1 1.5x, https:\/\/i0.wp.com\/soy.usac.edu.gt\/wp-content\/uploads\/2021\/01\/cropped-edificios-usac3.png?resize=700%2C400&ssl=1 2x, https:\/\/i0.wp.com\/soy.usac.edu.gt\/wp-content\/uploads\/2021\/01\/cropped-edificios-usac3.png?resize=1050%2C600&ssl=1 3x, https:\/\/i0.wp.com\/soy.usac.edu.gt\/wp-content\/uploads\/2021\/01\/cropped-edificios-usac3.png?resize=1400%2C800&ssl=1 4x"},"classes":[]},{"id":19649,"url":"https:\/\/soy.usac.edu.gt\/?p=19649","url_meta":{"origin":20840,"position":1},"title":"Jornada de oportunidades y vinculaci\u00f3n para estudiantes USAC y empresa HUAWEI","author":"Divisi\u00f3n de Publicidad","date":"27 julio, 2023","format":false,"excerpt":"Un grupo de estudiantes de la USAC, realizaron una visita en las instalaciones de Huawei Guatemala","rel":"","context":"En \u00abNoticias\u00bb","block_context":{"text":"Noticias","link":"https:\/\/soy.usac.edu.gt\/?cat=29"},"img":{"alt_text":"","src":"https:\/\/i0.wp.com\/soy.usac.edu.gt\/wp-content\/uploads\/2023\/07\/WhatsApp-Image-2023-07-28-at-07.37.46.jpeg?resize=350%2C200&ssl=1","width":350,"height":200,"srcset":"https:\/\/i0.wp.com\/soy.usac.edu.gt\/wp-content\/uploads\/2023\/07\/WhatsApp-Image-2023-07-28-at-07.37.46.jpeg?resize=350%2C200&ssl=1 1x, https:\/\/i0.wp.com\/soy.usac.edu.gt\/wp-content\/uploads\/2023\/07\/WhatsApp-Image-2023-07-28-at-07.37.46.jpeg?resize=525%2C300&ssl=1 1.5x, https:\/\/i0.wp.com\/soy.usac.edu.gt\/wp-content\/uploads\/2023\/07\/WhatsApp-Image-2023-07-28-at-07.37.46.jpeg?resize=700%2C400&ssl=1 2x, https:\/\/i0.wp.com\/soy.usac.edu.gt\/wp-content\/uploads\/2023\/07\/WhatsApp-Image-2023-07-28-at-07.37.46.jpeg?resize=1050%2C600&ssl=1 3x, https:\/\/i0.wp.com\/soy.usac.edu.gt\/wp-content\/uploads\/2023\/07\/WhatsApp-Image-2023-07-28-at-07.37.46.jpeg?resize=1400%2C800&ssl=1 4x"},"classes":[]},{"id":21378,"url":"https:\/\/soy.usac.edu.gt\/?p=21378","url_meta":{"origin":20840,"position":2},"title":"INFOUSAC abre sus puertas a los futuros Sancarlistas","author":"Divisi\u00f3n de Publicidad","date":"25 marzo, 2025","format":false,"excerpt":"Las autoridades universitarias dieron la bienvenida a cientos de estudiantes de nivel medio que asistieron al acto inaugural de INFOUSAC y los invitaron a visitar distintos estands informativos para que conozcan la oferta acad\u00e9mica de esta instituci\u00f3n. El Rector M. A. Walter Mazariegos destac\u00f3 que la USAC es la mejor\u2026","rel":"","context":"En \u00abSin categor\u00eda\u00bb","block_context":{"text":"Sin categor\u00eda","link":"https:\/\/soy.usac.edu.gt\/?cat=1"},"img":{"alt_text":"","src":"https:\/\/i0.wp.com\/soy.usac.edu.gt\/wp-content\/uploads\/2025\/03\/WhatsApp-Image-2025-03-25-at-4.46.28-PM.jpeg?resize=350%2C200&ssl=1","width":350,"height":200,"srcset":"https:\/\/i0.wp.com\/soy.usac.edu.gt\/wp-content\/uploads\/2025\/03\/WhatsApp-Image-2025-03-25-at-4.46.28-PM.jpeg?resize=350%2C200&ssl=1 1x, https:\/\/i0.wp.com\/soy.usac.edu.gt\/wp-content\/uploads\/2025\/03\/WhatsApp-Image-2025-03-25-at-4.46.28-PM.jpeg?resize=525%2C300&ssl=1 1.5x, https:\/\/i0.wp.com\/soy.usac.edu.gt\/wp-content\/uploads\/2025\/03\/WhatsApp-Image-2025-03-25-at-4.46.28-PM.jpeg?resize=700%2C400&ssl=1 2x, https:\/\/i0.wp.com\/soy.usac.edu.gt\/wp-content\/uploads\/2025\/03\/WhatsApp-Image-2025-03-25-at-4.46.28-PM.jpeg?resize=1050%2C600&ssl=1 3x, https:\/\/i0.wp.com\/soy.usac.edu.gt\/wp-content\/uploads\/2025\/03\/WhatsApp-Image-2025-03-25-at-4.46.28-PM.jpeg?resize=1400%2C800&ssl=1 4x"},"classes":[]},{"id":13221,"url":"https:\/\/soy.usac.edu.gt\/?p=13221","url_meta":{"origin":20840,"position":3},"title":"Estas son las posturas de los aspirantes a magistrados ante la CC sobre diversos temas de inter\u00e9s nacional y sus respuestas a se\u00f1alamientos","author":"Divisi\u00f3n de Publicidad","date":"23 febrero, 2021","format":false,"excerpt":"Los siete candidatos tuvieron un per\u00edodo de 15 minutos para presentarse y 45 minutos para resolver preguntas directas y abiertas del Consejo Superior Universitario (CSU).","rel":"","context":"En \u00abNoticias\u00bb","block_context":{"text":"Noticias","link":"https:\/\/soy.usac.edu.gt\/?cat=29"},"img":{"alt_text":"","src":"https:\/\/i0.wp.com\/soy.usac.edu.gt\/wp-content\/uploads\/2021\/02\/todos-los-entrevistados-1.jpeg?resize=350%2C200&ssl=1","width":350,"height":200,"srcset":"https:\/\/i0.wp.com\/soy.usac.edu.gt\/wp-content\/uploads\/2021\/02\/todos-los-entrevistados-1.jpeg?resize=350%2C200&ssl=1 1x, https:\/\/i0.wp.com\/soy.usac.edu.gt\/wp-content\/uploads\/2021\/02\/todos-los-entrevistados-1.jpeg?resize=525%2C300&ssl=1 1.5x, https:\/\/i0.wp.com\/soy.usac.edu.gt\/wp-content\/uploads\/2021\/02\/todos-los-entrevistados-1.jpeg?resize=700%2C400&ssl=1 2x, https:\/\/i0.wp.com\/soy.usac.edu.gt\/wp-content\/uploads\/2021\/02\/todos-los-entrevistados-1.jpeg?resize=1050%2C600&ssl=1 3x"},"classes":[]},{"id":20801,"url":"https:\/\/soy.usac.edu.gt\/?p=20801","url_meta":{"origin":20840,"position":4},"title":"Inauguraci\u00f3n del Banco de Sangre para la Zona Sur en Popt\u00fan","author":"Divisi\u00f3n de Publicidad","date":"20 septiembre, 2024","format":false,"excerpt":"La Universidad de San Carlos de Guatemala se complace en anunciar la inauguraci\u00f3n del Banco de Sangre para la Zona Sur, un logro que resalta el compromiso de nuestra instituci\u00f3n con la salud y bienestar de la comunidad. Este proyecto es el resultado del esfuerzo conjunto de la Secci\u00f3n de\u2026","rel":"","context":"En \u00abDepartamentales\u00bb","block_context":{"text":"Departamentales","link":"https:\/\/soy.usac.edu.gt\/?cat=66"},"img":{"alt_text":"","src":"https:\/\/i0.wp.com\/soy.usac.edu.gt\/wp-content\/uploads\/2024\/09\/WhatsApp-Image-2024-09-13-at-10.25.37-AM.jpeg?resize=350%2C200&ssl=1","width":350,"height":200,"srcset":"https:\/\/i0.wp.com\/soy.usac.edu.gt\/wp-content\/uploads\/2024\/09\/WhatsApp-Image-2024-09-13-at-10.25.37-AM.jpeg?resize=350%2C200&ssl=1 1x, https:\/\/i0.wp.com\/soy.usac.edu.gt\/wp-content\/uploads\/2024\/09\/WhatsApp-Image-2024-09-13-at-10.25.37-AM.jpeg?resize=525%2C300&ssl=1 1.5x, https:\/\/i0.wp.com\/soy.usac.edu.gt\/wp-content\/uploads\/2024\/09\/WhatsApp-Image-2024-09-13-at-10.25.37-AM.jpeg?resize=700%2C400&ssl=1 2x, https:\/\/i0.wp.com\/soy.usac.edu.gt\/wp-content\/uploads\/2024\/09\/WhatsApp-Image-2024-09-13-at-10.25.37-AM.jpeg?resize=1050%2C600&ssl=1 3x, https:\/\/i0.wp.com\/soy.usac.edu.gt\/wp-content\/uploads\/2024\/09\/WhatsApp-Image-2024-09-13-at-10.25.37-AM.jpeg?resize=1400%2C800&ssl=1 4x"},"classes":[]},{"id":13596,"url":"https:\/\/soy.usac.edu.gt\/?p=13596","url_meta":{"origin":20840,"position":5},"title":"Inauguraci\u00f3n de la C\u00e1tedra Virtual Benito Ju\u00e1rez","author":"Divisi\u00f3n de Publicidad","date":"21 marzo, 2021","format":false,"excerpt":"En el marco del natalicio del abogado, expol\u00edtico y expresidente mexicano nacido en 1806, la Universidad de San Carlos de Guatemala y el Instituto de la Cultura de M\u00e9xico inauguraron hoy la C\u00e1tedra Benito Ju\u00e1rez, a trav\u00e9s de la cual se pretende crear un espacio acad\u00e9mico de engrandecimiento humano.","rel":"","context":"En \u00abCultura\u00bb","block_context":{"text":"Cultura","link":"https:\/\/soy.usac.edu.gt\/?cat=97"},"img":{"alt_text":"","src":"https:\/\/i0.wp.com\/soy.usac.edu.gt\/wp-content\/uploads\/2021\/03\/81188.jpg?resize=350%2C200&ssl=1","width":350,"height":200,"srcset":"https:\/\/i0.wp.com\/soy.usac.edu.gt\/wp-content\/uploads\/2021\/03\/81188.jpg?resize=350%2C200&ssl=1 1x, https:\/\/i0.wp.com\/soy.usac.edu.gt\/wp-content\/uploads\/2021\/03\/81188.jpg?resize=525%2C300&ssl=1 1.5x, https:\/\/i0.wp.com\/soy.usac.edu.gt\/wp-content\/uploads\/2021\/03\/81188.jpg?resize=700%2C400&ssl=1 2x, https:\/\/i0.wp.com\/soy.usac.edu.gt\/wp-content\/uploads\/2021\/03\/81188.jpg?resize=1050%2C600&ssl=1 3x"},"classes":[]}],"jetpack_sharing_enabled":true,"_links":{"self":[{"href":"https:\/\/soy.usac.edu.gt\/index.php?rest_route=\/wp\/v2\/posts\/20840","targetHints":{"allow":["GET"]}}],"collection":[{"href":"https:\/\/soy.usac.edu.gt\/index.php?rest_route=\/wp\/v2\/posts"}],"about":[{"href":"https:\/\/soy.usac.edu.gt\/index.php?rest_route=\/wp\/v2\/types\/post"}],"author":[{"embeddable":true,"href":"https:\/\/soy.usac.edu.gt\/index.php?rest_route=\/wp\/v2\/users\/1"}],"replies":[{"embeddable":true,"href":"https:\/\/soy.usac.edu.gt\/index.php?rest_route=%2Fwp%2Fv2%2Fcomments&post=20840"}],"version-history":[{"count":2,"href":"https:\/\/soy.usac.edu.gt\/index.php?rest_route=\/wp\/v2\/posts\/20840\/revisions"}],"predecessor-version":[{"id":20859,"href":"https:\/\/soy.usac.edu.gt\/index.php?rest_route=\/wp\/v2\/posts\/20840\/revisions\/20859"}],"wp:featuredmedia":[{"embeddable":true,"href":"https:\/\/soy.usac.edu.gt\/index.php?rest_route=\/wp\/v2\/media\/20841"}],"wp:attachment":[{"href":"https:\/\/soy.usac.edu.gt\/index.php?rest_route=%2Fwp%2Fv2%2Fmedia&parent=20840"}],"wp:term":[{"taxonomy":"category","embeddable":true,"href":"https:\/\/soy.usac.edu.gt\/index.php?rest_route=%2Fwp%2Fv2%2Fcategories&post=20840"},{"taxonomy":"post_tag","embeddable":true,"href":"https:\/\/soy.usac.edu.gt\/index.php?rest_route=%2Fwp%2Fv2%2Ftags&post=20840"}],"curies":[{"name":"wp","href":"https:\/\/api.w.org\/{rel}","templated":true}]}}