{"id":21005,"date":"2024-11-02T09:02:46","date_gmt":"2024-11-02T15:02:46","guid":{"rendered":"https:\/\/soy.usac.edu.gt\/?p=21005"},"modified":"2025-02-03T09:17:25","modified_gmt":"2025-02-03T15:17:25","slug":"agenda-cultural-de-la-usac-noviembre-2024","status":"publish","type":"post","link":"https:\/\/soy.usac.edu.gt\/?p=21005","title":{"rendered":"Agenda cultural de la USAC, noviembre 2024"},"content":{"rendered":"\n<p><strong>Conoce la agenda cultural del mes de noviembre , informaci\u00f3n sobre foros, exposiciones, cursos, conversatorios y m\u00e1s, que realiza la Universidad de San Carlos de Guatemala. Est\u00e1s actividades son llevadas a cabo por la Direcci\u00f3n General de Extensi\u00f3n Universitaria (DIGEU).&nbsp;<\/strong><\/p>\n\n\n\n<div style=\"text-align: center;\">\n<div style=\"margin: 8px 0px 4px;\"><a href=\"https:\/\/www.calameo.com\/books\/00633892687952f62dbc0\" target=\"_blank\" rel=\"noopener\">Agenda 11<\/a><\/div>\n<iframe loading=\"lazy\" style=\"margin: 0 auto;\" src=\"\/\/v.calameo.com\/?bkcode=00633892687952f62dbc0&amp;mode=mini\" width=\"480\" height=\"300\" frameborder=\"0\" scrolling=\"no\" allowfullscreen=\"allowfullscreen\"><\/iframe>\n<div style=\"margin: 4px 0px 8px;\"><a href=\"http:\/\/www.calameo.com\/\" target=\"_blank\" rel=\"noopener\">Leer m\u00e1s publicaciones en Calam\u00e9o<\/a><\/div>\n<\/div>\n\n\n\n<p><\/p>\n\n\n<a href=\"https:\/\/soy.usac.edu.gt\/wp-content\/uploads\/2024\/11\/AGENDA-FEBRERO-2025-1.pdf\" class=\"pdfemb-viewer\" style=\"\" data-width=\"max\" data-height=\"max\" data-toolbar=\"bottom\" data-toolbar-fixed=\"off\">AGENDA-FEBRERO-2025-1<\/a>\n<p class=\"wp-block-pdfemb-pdf-embedder-viewer\"><\/p>\n\n\n\n<p><a href=\"https:\/\/soy.usac.edu.gt\/?author=8\"><\/a><\/p>\n","protected":false},"excerpt":{"rendered":"<p>Conoce la agenda cultural del mes de noviembre , informaci\u00f3n sobre foros, exposiciones, cursos, conversatorios y m\u00e1s, que realiza la Universidad de San Carlos de Guatemala. Est\u00e1s actividades son llevadas a cabo por la Direcci\u00f3n General de Extensi\u00f3n Universitaria (DIGEU).&nbsp;<\/p>\n","protected":false},"author":1,"featured_media":21006,"comment_status":"closed","ping_status":"closed","sticky":false,"template":"","format":"standard","meta":{"_exactmetrics_skip_tracking":false,"_exactmetrics_sitenote_active":false,"_exactmetrics_sitenote_note":"","_exactmetrics_sitenote_category":0,"_jetpack_memberships_contains_paid_content":false,"footnotes":""},"categories":[97,123,124],"tags":[882,487,130],"class_list":["post-21005","post","type-post","status-publish","format-standard","has-post-thumbnail","hentry","category-cultura-noticias","category-cultura-mas","category-deportes","tag-agenda-cultural","tag-direccion-general-de-extension","tag-estudiantes"],"aioseo_notices":[],"jetpack_featured_media_url":"https:\/\/soy.usac.edu.gt\/wp-content\/uploads\/2024\/11\/AGENDA-11-1.jpg","views":"","jetpack-related-posts":[{"id":19747,"url":"https:\/\/soy.usac.edu.gt\/?p=19747","url_meta":{"origin":21005,"position":0},"title":"Agenda cultural de la USAC, noviembre 2023","author":"Divisi\u00f3n de Publicidad","date":"2 noviembre, 2023","format":false,"excerpt":"Conoce la agenda cultural del mes de noviembre, informaci\u00f3n sobre foros, exposiciones, cursos, conversatorios y m\u00e1s, que realiza la Universidad de San Carlos de Guatemala. Est\u00e1s actividades son llevadas a cabo por la Direcci\u00f3n General de Extensi\u00f3n Universitaria (DIGEU).\u00a0","rel":"","context":"En \u00abCultura\u00bb","block_context":{"text":"Cultura","link":"https:\/\/soy.usac.edu.gt\/?cat=123"},"img":{"alt_text":"","src":"https:\/\/i0.wp.com\/soy.usac.edu.gt\/wp-content\/uploads\/2023\/11\/Captura-de-pantalla-2023-11-02-151243.png?resize=350%2C200&ssl=1","width":350,"height":200},"classes":[]},{"id":17826,"url":"https:\/\/soy.usac.edu.gt\/?p=17826","url_meta":{"origin":21005,"position":1},"title":"Agenda cultural de la USAC agosto 2022","author":"Divisi\u00f3n de Publicidad","date":"2 agosto, 2022","format":false,"excerpt":"Conoce la agenda cultural del mes de agosto, informaci\u00f3n sobre foros, exposiciones, cursos, conversatorios y m\u00e1s, que realiza la Universidad de San Carlos de Guatemala. Est\u00e1s actividades son llevadas a cabo por la Direcci\u00f3n General de Extensi\u00f3n Universitaria (DIGEU)","rel":"","context":"En \u00abCultura\u00bb","block_context":{"text":"Cultura","link":"https:\/\/soy.usac.edu.gt\/?cat=123"},"img":{"alt_text":"","src":"https:\/\/i0.wp.com\/soy.usac.edu.gt\/wp-content\/uploads\/2022\/08\/agenda-cultural.png?resize=350%2C200&ssl=1","width":350,"height":200,"srcset":"https:\/\/i0.wp.com\/soy.usac.edu.gt\/wp-content\/uploads\/2022\/08\/agenda-cultural.png?resize=350%2C200&ssl=1 1x, https:\/\/i0.wp.com\/soy.usac.edu.gt\/wp-content\/uploads\/2022\/08\/agenda-cultural.png?resize=525%2C300&ssl=1 1.5x"},"classes":[]},{"id":22289,"url":"https:\/\/soy.usac.edu.gt\/?p=22289","url_meta":{"origin":21005,"position":2},"title":"Agenda cultural de la USAC noviembre 2025","author":"Divisi\u00f3n de Publicidad","date":"1 noviembre, 2025","format":false,"excerpt":"Conoce la agenda cultural del mes de noviembre, informaci\u00f3n sobre foros, exposiciones, cursos, conversatorios y m\u00e1s, que realiza la Universidad de San Carlos de Guatemala a trav\u00e9s de la Direcci\u00f3n General de Extensi\u00f3n Universitaria (DIGEU).\u00a0","rel":"","context":"En \u00abActividades\u00bb","block_context":{"text":"Actividades","link":"https:\/\/soy.usac.edu.gt\/?cat=126"},"img":{"alt_text":"","src":"https:\/\/i0.wp.com\/soy.usac.edu.gt\/wp-content\/uploads\/2025\/11\/Agenda-NOVIEMBRE_Mesa-de-trabajo-1-copia-3-1.png?resize=350%2C200&ssl=1","width":350,"height":200,"srcset":"https:\/\/i0.wp.com\/soy.usac.edu.gt\/wp-content\/uploads\/2025\/11\/Agenda-NOVIEMBRE_Mesa-de-trabajo-1-copia-3-1.png?resize=350%2C200&ssl=1 1x, https:\/\/i0.wp.com\/soy.usac.edu.gt\/wp-content\/uploads\/2025\/11\/Agenda-NOVIEMBRE_Mesa-de-trabajo-1-copia-3-1.png?resize=525%2C300&ssl=1 1.5x, https:\/\/i0.wp.com\/soy.usac.edu.gt\/wp-content\/uploads\/2025\/11\/Agenda-NOVIEMBRE_Mesa-de-trabajo-1-copia-3-1.png?resize=700%2C400&ssl=1 2x, https:\/\/i0.wp.com\/soy.usac.edu.gt\/wp-content\/uploads\/2025\/11\/Agenda-NOVIEMBRE_Mesa-de-trabajo-1-copia-3-1.png?resize=1050%2C600&ssl=1 3x, https:\/\/i0.wp.com\/soy.usac.edu.gt\/wp-content\/uploads\/2025\/11\/Agenda-NOVIEMBRE_Mesa-de-trabajo-1-copia-3-1.png?resize=1400%2C800&ssl=1 4x"},"classes":[]},{"id":19783,"url":"https:\/\/soy.usac.edu.gt\/?p=19783","url_meta":{"origin":21005,"position":3},"title":"Agenda cultural de la USAC, diciembre 2023","author":"Divisi\u00f3n de Publicidad","date":"29 noviembre, 2023","format":false,"excerpt":"Conoce la agenda cultural del mes de diciembre, informaci\u00f3n sobre foros, exposiciones, cursos, conversatorios y m\u00e1s, que realiza la Universidad de San Carlos de Guatemala. Est\u00e1s actividades son llevadas a cabo por la Direcci\u00f3n General de Extensi\u00f3n Universitaria (DIGEU).","rel":"","context":"En \u00abCultura\u00bb","block_context":{"text":"Cultura","link":"https:\/\/soy.usac.edu.gt\/?cat=97"},"img":{"alt_text":"","src":"https:\/\/i0.wp.com\/soy.usac.edu.gt\/wp-content\/uploads\/2023\/11\/Captura-de-pantalla-2023-11-29-090110.png?resize=350%2C200&ssl=1","width":350,"height":200},"classes":[]},{"id":18560,"url":"https:\/\/soy.usac.edu.gt\/?p=18560","url_meta":{"origin":21005,"position":4},"title":"Agenda cultural de la USAC octubre 2022","author":"Divisi\u00f3n de Publicidad","date":"4 octubre, 2022","format":false,"excerpt":"Conoce la agenda cultural del mes de octubre, informaci\u00f3n sobre foros, exposiciones, cursos, conversatorios y m\u00e1s, que realiza la Universidad de San Carlos de Guatemala. Est\u00e1s actividades son llevadas a cabo por la Direcci\u00f3n General de Extensi\u00f3n Universitaria (DIGEU).\u00a0","rel":"","context":"En \u00abCultura\u00bb","block_context":{"text":"Cultura","link":"https:\/\/soy.usac.edu.gt\/?cat=97"},"img":{"alt_text":"","src":"https:\/\/i0.wp.com\/soy.usac.edu.gt\/wp-content\/uploads\/2022\/10\/leyendas.png?resize=350%2C200&ssl=1","width":350,"height":200,"srcset":"https:\/\/i0.wp.com\/soy.usac.edu.gt\/wp-content\/uploads\/2022\/10\/leyendas.png?resize=350%2C200&ssl=1 1x, https:\/\/i0.wp.com\/soy.usac.edu.gt\/wp-content\/uploads\/2022\/10\/leyendas.png?resize=525%2C300&ssl=1 1.5x, https:\/\/i0.wp.com\/soy.usac.edu.gt\/wp-content\/uploads\/2022\/10\/leyendas.png?resize=700%2C400&ssl=1 2x"},"classes":[]},{"id":18340,"url":"https:\/\/soy.usac.edu.gt\/?p=18340","url_meta":{"origin":21005,"position":5},"title":"Agenda cultural de la USAC septiembre 2022","author":"Divisi\u00f3n de Publicidad","date":"1 septiembre, 2022","format":false,"excerpt":"Conoce la agenda cultural del mes de septiembre, informaci\u00f3n sobre foros, exposiciones, cursos, conversatorios y m\u00e1s, que realiza la Universidad de San Carlos de Guatemala. Est\u00e1s actividades son llevadas a cabo por la Direcci\u00f3n General de Extensi\u00f3n Universitaria (DIGEU).\u00a0","rel":"","context":"En \u00abCultura\u00bb","block_context":{"text":"Cultura","link":"https:\/\/soy.usac.edu.gt\/?cat=97"},"img":{"alt_text":"","src":"https:\/\/i0.wp.com\/soy.usac.edu.gt\/wp-content\/uploads\/2022\/09\/Sin-titulo.png?resize=350%2C200&ssl=1","width":350,"height":200,"srcset":"https:\/\/i0.wp.com\/soy.usac.edu.gt\/wp-content\/uploads\/2022\/09\/Sin-titulo.png?resize=350%2C200&ssl=1 1x, https:\/\/i0.wp.com\/soy.usac.edu.gt\/wp-content\/uploads\/2022\/09\/Sin-titulo.png?resize=525%2C300&ssl=1 1.5x, https:\/\/i0.wp.com\/soy.usac.edu.gt\/wp-content\/uploads\/2022\/09\/Sin-titulo.png?resize=700%2C400&ssl=1 2x"},"classes":[]}],"jetpack_sharing_enabled":true,"_links":{"self":[{"href":"https:\/\/soy.usac.edu.gt\/index.php?rest_route=\/wp\/v2\/posts\/21005","targetHints":{"allow":["GET"]}}],"collection":[{"href":"https:\/\/soy.usac.edu.gt\/index.php?rest_route=\/wp\/v2\/posts"}],"about":[{"href":"https:\/\/soy.usac.edu.gt\/index.php?rest_route=\/wp\/v2\/types\/post"}],"author":[{"embeddable":true,"href":"https:\/\/soy.usac.edu.gt\/index.php?rest_route=\/wp\/v2\/users\/1"}],"replies":[{"embeddable":true,"href":"https:\/\/soy.usac.edu.gt\/index.php?rest_route=%2Fwp%2Fv2%2Fcomments&post=21005"}],"version-history":[{"count":4,"href":"https:\/\/soy.usac.edu.gt\/index.php?rest_route=\/wp\/v2\/posts\/21005\/revisions"}],"predecessor-version":[{"id":21218,"href":"https:\/\/soy.usac.edu.gt\/index.php?rest_route=\/wp\/v2\/posts\/21005\/revisions\/21218"}],"wp:featuredmedia":[{"embeddable":true,"href":"https:\/\/soy.usac.edu.gt\/index.php?rest_route=\/wp\/v2\/media\/21006"}],"wp:attachment":[{"href":"https:\/\/soy.usac.edu.gt\/index.php?rest_route=%2Fwp%2Fv2%2Fmedia&parent=21005"}],"wp:term":[{"taxonomy":"category","embeddable":true,"href":"https:\/\/soy.usac.edu.gt\/index.php?rest_route=%2Fwp%2Fv2%2Fcategories&post=21005"},{"taxonomy":"post_tag","embeddable":true,"href":"https:\/\/soy.usac.edu.gt\/index.php?rest_route=%2Fwp%2Fv2%2Ftags&post=21005"}],"curies":[{"name":"wp","href":"https:\/\/api.w.org\/{rel}","templated":true}]}}