{"id":21229,"date":"2025-02-20T15:32:10","date_gmt":"2025-02-20T21:32:10","guid":{"rendered":"https:\/\/soy.usac.edu.gt\/?p=21229"},"modified":"2025-02-20T15:49:43","modified_gmt":"2025-02-20T21:49:43","slug":"donacion-de-sangre-en-la-usac","status":"publish","type":"post","link":"https:\/\/soy.usac.edu.gt\/?p=21229","title":{"rendered":"Donaci\u00f3n de Sangre en la USAC"},"content":{"rendered":"\n<p>La Universidad de San Carlos de Guatemala fue el escenario de una importante colecta m\u00f3vil de donaci\u00f3n voluntaria de sangre, organizada por la Unidad de Salud USAC y el Ministerio de Salud P\u00fablica y Asistencia Social.<\/p>\n\n\n\n<figure class=\"wp-block-image size-full\"><img loading=\"lazy\" decoding=\"async\" width=\"1560\" height=\"1040\" src=\"https:\/\/soy.usac.edu.gt\/wp-content\/uploads\/2025\/02\/WhatsApp-Image-2025-02-20-at-15.05.16-1.jpeg\" alt=\"\" class=\"wp-image-21231\"\/><\/figure>\n\n\n\n<p>Estudiantes, docentes y personal administrativo se acercaron en las diferentes fechas y edificios con el prop\u00f3sito de contribuir a salvar vidas.<\/p>\n\n\n\n<p>Con un ambiente de solidaridad y compromiso, cada donante demuestra que con un peque\u00f1o gesto puede marcar una gran diferencia.<\/p>\n\n\n\n<p>Agradecemos a cada San Carlista que se sum\u00f3 y dono, demostrando que la solidaridad y compromiso siguen vivos en nuestra comunidad. Al igual que las instituciones organizadoras.<\/p>\n\n\n\n\n\n<figure class=\"wp-block-gallery has-nested-images columns-default is-cropped wp-block-gallery-1 is-layout-flex wp-block-gallery-is-layout-flex\">\n<figure class=\"wp-block-image size-large\"><img loading=\"lazy\" decoding=\"async\" width=\"720\" height=\"480\" data-id=\"21230\" src=\"https:\/\/soy.usac.edu.gt\/wp-content\/uploads\/2025\/02\/WhatsApp-Image-2025-02-20-at-15.05.15.jpeg\" alt=\"\" class=\"wp-image-21230\"\/><\/figure>\n\n\n\n<figure class=\"wp-block-image size-large\"><img loading=\"lazy\" decoding=\"async\" width=\"4160\" height=\"2339\" data-id=\"21232\" src=\"https:\/\/soy.usac.edu.gt\/wp-content\/uploads\/2025\/02\/WhatsApp-Image-2025-02-20-at-15.05.16.jpeg\" alt=\"\" class=\"wp-image-21232\"\/><\/figure>\n<\/figure>\n\n\n","protected":false},"excerpt":{"rendered":"<p>La Universidad de San Carlos de Guatemala fue el escenario de una importante colecta m\u00f3vil de donaci\u00f3n voluntaria de sangre, organizada por la Unidad de Salud USAC y el Ministerio de Salud P\u00fablica y Asistencia Social. Estudiantes, docentes y personal administrativo se acercaron en las diferentes fechas y edificios con el prop\u00f3sito de contribuir a [&hellip;]<\/p>\n","protected":false},"author":1,"featured_media":21231,"comment_status":"closed","ping_status":"closed","sticky":false,"template":"","format":"standard","meta":{"_exactmetrics_skip_tracking":false,"_exactmetrics_sitenote_active":false,"_exactmetrics_sitenote_note":"","_exactmetrics_sitenote_category":0,"_jetpack_memberships_contains_paid_content":false,"footnotes":""},"categories":[126],"tags":[],"class_list":["post-21229","post","type-post","status-publish","format-standard","has-post-thumbnail","hentry","category-actividades"],"aioseo_notices":[],"jetpack_featured_media_url":"https:\/\/soy.usac.edu.gt\/wp-content\/uploads\/2025\/02\/WhatsApp-Image-2025-02-20-at-15.05.16-1.jpeg","views":"","jetpack-related-posts":[{"id":5663,"url":"https:\/\/soy.usac.edu.gt\/?p=5663","url_meta":{"origin":21229,"position":0},"title":"Participa en las jornadas de donaci\u00f3n de sangre","author":"Divisi\u00f3n de Publicidad","date":"24 abril, 2019","format":false,"excerpt":"Con una unidad de sangre que donen, se puede salvar la vida de 3 adultos o 10 beb\u00e9s.","rel":"","context":"En \u00abNoticias\u00bb","block_context":{"text":"Noticias","link":"https:\/\/soy.usac.edu.gt\/?cat=29"},"img":{"alt_text":"","src":"https:\/\/i0.wp.com\/soy.usac.edu.gt\/wp-content\/uploads\/2019\/04\/IMG_0563.jpg?resize=350%2C200&ssl=1","width":350,"height":200,"srcset":"https:\/\/i0.wp.com\/soy.usac.edu.gt\/wp-content\/uploads\/2019\/04\/IMG_0563.jpg?resize=350%2C200&ssl=1 1x, https:\/\/i0.wp.com\/soy.usac.edu.gt\/wp-content\/uploads\/2019\/04\/IMG_0563.jpg?resize=525%2C300&ssl=1 1.5x, https:\/\/i0.wp.com\/soy.usac.edu.gt\/wp-content\/uploads\/2019\/04\/IMG_0563.jpg?resize=700%2C400&ssl=1 2x, https:\/\/i0.wp.com\/soy.usac.edu.gt\/wp-content\/uploads\/2019\/04\/IMG_0563.jpg?resize=1050%2C600&ssl=1 3x, https:\/\/i0.wp.com\/soy.usac.edu.gt\/wp-content\/uploads\/2019\/04\/IMG_0563.jpg?resize=1400%2C800&ssl=1 4x"},"classes":[]},{"id":8495,"url":"https:\/\/soy.usac.edu.gt\/?p=8495","url_meta":{"origin":21229,"position":1},"title":"Sancarlistas fomentan la donaci\u00f3n de sangre","author":"Divisi\u00f3n de Publicidad","date":"2 octubre, 2019","format":false,"excerpt":"Estudiantes del Quinto grado de la carrera de Qu\u00edmica y Biolog\u00eda organizaron una jornada de donaci\u00f3n de sangre con el fin de suministrar a los hospitales del pa\u00eds para la atenci\u00f3n de emergencias.","rel":"","context":"En \u00abNoticias\u00bb","block_context":{"text":"Noticias","link":"https:\/\/soy.usac.edu.gt\/?cat=29"},"img":{"alt_text":"","src":"https:\/\/i0.wp.com\/soy.usac.edu.gt\/wp-content\/uploads\/2019\/10\/destacada.jpg?resize=350%2C200&ssl=1","width":350,"height":200,"srcset":"https:\/\/i0.wp.com\/soy.usac.edu.gt\/wp-content\/uploads\/2019\/10\/destacada.jpg?resize=350%2C200&ssl=1 1x, https:\/\/i0.wp.com\/soy.usac.edu.gt\/wp-content\/uploads\/2019\/10\/destacada.jpg?resize=525%2C300&ssl=1 1.5x, https:\/\/i0.wp.com\/soy.usac.edu.gt\/wp-content\/uploads\/2019\/10\/destacada.jpg?resize=700%2C400&ssl=1 2x, https:\/\/i0.wp.com\/soy.usac.edu.gt\/wp-content\/uploads\/2019\/10\/destacada.jpg?resize=1050%2C600&ssl=1 3x, https:\/\/i0.wp.com\/soy.usac.edu.gt\/wp-content\/uploads\/2019\/10\/destacada.jpg?resize=1400%2C800&ssl=1 4x"},"classes":[]},{"id":20801,"url":"https:\/\/soy.usac.edu.gt\/?p=20801","url_meta":{"origin":21229,"position":2},"title":"Inauguraci\u00f3n del Banco de Sangre para la Zona Sur en Popt\u00fan","author":"Divisi\u00f3n de Publicidad","date":"20 septiembre, 2024","format":false,"excerpt":"La Universidad de San Carlos de Guatemala se complace en anunciar la inauguraci\u00f3n del Banco de Sangre para la Zona Sur, un logro que resalta el compromiso de nuestra instituci\u00f3n con la salud y bienestar de la comunidad. Este proyecto es el resultado del esfuerzo conjunto de la Secci\u00f3n de\u2026","rel":"","context":"En \u00abDepartamentales\u00bb","block_context":{"text":"Departamentales","link":"https:\/\/soy.usac.edu.gt\/?cat=66"},"img":{"alt_text":"","src":"https:\/\/i0.wp.com\/soy.usac.edu.gt\/wp-content\/uploads\/2024\/09\/WhatsApp-Image-2024-09-13-at-10.25.37-AM.jpeg?resize=350%2C200&ssl=1","width":350,"height":200,"srcset":"https:\/\/i0.wp.com\/soy.usac.edu.gt\/wp-content\/uploads\/2024\/09\/WhatsApp-Image-2024-09-13-at-10.25.37-AM.jpeg?resize=350%2C200&ssl=1 1x, https:\/\/i0.wp.com\/soy.usac.edu.gt\/wp-content\/uploads\/2024\/09\/WhatsApp-Image-2024-09-13-at-10.25.37-AM.jpeg?resize=525%2C300&ssl=1 1.5x, https:\/\/i0.wp.com\/soy.usac.edu.gt\/wp-content\/uploads\/2024\/09\/WhatsApp-Image-2024-09-13-at-10.25.37-AM.jpeg?resize=700%2C400&ssl=1 2x, https:\/\/i0.wp.com\/soy.usac.edu.gt\/wp-content\/uploads\/2024\/09\/WhatsApp-Image-2024-09-13-at-10.25.37-AM.jpeg?resize=1050%2C600&ssl=1 3x, https:\/\/i0.wp.com\/soy.usac.edu.gt\/wp-content\/uploads\/2024\/09\/WhatsApp-Image-2024-09-13-at-10.25.37-AM.jpeg?resize=1400%2C800&ssl=1 4x"},"classes":[]},{"id":6186,"url":"https:\/\/soy.usac.edu.gt\/?p=6186","url_meta":{"origin":21229,"position":3},"title":"Feria\u00a0 \u00abUSAC, te quiero saludable\u201d","author":"Divisi\u00f3n de Publicidad","date":"21 mayo, 2019","format":false,"excerpt":"Desde ayer la feria de la salud de la USAC atender\u00e1 al p\u00fablico de 8:30 a 13:00 horas.","rel":"","context":"En \u00abM\u00e1s Noticias\u00bb","block_context":{"text":"M\u00e1s Noticias","link":"https:\/\/soy.usac.edu.gt\/?cat=96"},"img":{"alt_text":"","src":"https:\/\/i0.wp.com\/soy.usac.edu.gt\/wp-content\/uploads\/2019\/05\/IMG_2907.jpg?resize=350%2C200&ssl=1","width":350,"height":200,"srcset":"https:\/\/i0.wp.com\/soy.usac.edu.gt\/wp-content\/uploads\/2019\/05\/IMG_2907.jpg?resize=350%2C200&ssl=1 1x, https:\/\/i0.wp.com\/soy.usac.edu.gt\/wp-content\/uploads\/2019\/05\/IMG_2907.jpg?resize=525%2C300&ssl=1 1.5x, https:\/\/i0.wp.com\/soy.usac.edu.gt\/wp-content\/uploads\/2019\/05\/IMG_2907.jpg?resize=700%2C400&ssl=1 2x, https:\/\/i0.wp.com\/soy.usac.edu.gt\/wp-content\/uploads\/2019\/05\/IMG_2907.jpg?resize=1050%2C600&ssl=1 3x, https:\/\/i0.wp.com\/soy.usac.edu.gt\/wp-content\/uploads\/2019\/05\/IMG_2907.jpg?resize=1400%2C800&ssl=1 4x"},"classes":[]},{"id":3222,"url":"https:\/\/soy.usac.edu.gt\/?p=3222","url_meta":{"origin":21229,"position":4},"title":"Mesa t\u00e9cnica acuerda buscar fondos para la USAC","author":"Divisi\u00f3n de Publicidad","date":"21 noviembre, 2018","format":false,"excerpt":"En la reuni\u00f3n con la mesa t\u00e9cnica, en Casa Larraz\u00e1bal del Organismo Legislativo, estuvo presente el Ing. Murphy Paiz, rector de la USAC; directores de los diferentes centros universitarios, sindicatos de esta casa de estudios; y el equipo de profesionales. El objetivo fue discutir el presupuesto de la USAC. El\u2026","rel":"","context":"En \u00abNoticias\u00bb","block_context":{"text":"Noticias","link":"https:\/\/soy.usac.edu.gt\/?cat=29"},"img":{"alt_text":"","src":"https:\/\/i0.wp.com\/soy.usac.edu.gt\/wp-content\/uploads\/2018\/11\/IMG_1005.jpg?resize=350%2C200&ssl=1","width":350,"height":200,"srcset":"https:\/\/i0.wp.com\/soy.usac.edu.gt\/wp-content\/uploads\/2018\/11\/IMG_1005.jpg?resize=350%2C200&ssl=1 1x, https:\/\/i0.wp.com\/soy.usac.edu.gt\/wp-content\/uploads\/2018\/11\/IMG_1005.jpg?resize=525%2C300&ssl=1 1.5x, https:\/\/i0.wp.com\/soy.usac.edu.gt\/wp-content\/uploads\/2018\/11\/IMG_1005.jpg?resize=700%2C400&ssl=1 2x, https:\/\/i0.wp.com\/soy.usac.edu.gt\/wp-content\/uploads\/2018\/11\/IMG_1005.jpg?resize=1050%2C600&ssl=1 3x, https:\/\/i0.wp.com\/soy.usac.edu.gt\/wp-content\/uploads\/2018\/11\/IMG_1005.jpg?resize=1400%2C800&ssl=1 4x"},"classes":[]},{"id":12031,"url":"https:\/\/soy.usac.edu.gt\/?p=12031","url_meta":{"origin":21229,"position":5},"title":"USAC apoyar\u00e1 la elaboraci\u00f3n de asistentes respiratorios para tratar a pacientes con coronavirus","author":"Divisi\u00f3n de Publicidad","date":"12 julio, 2020","format":false,"excerpt":"La universidad brindar\u00e1 300 mil quetzales a la iniciativa Aire-USAC para la producci\u00f3n de los dispositivos.","rel":"","context":"En \u00abCiencia y Tecnolog\u00eda\u00bb","block_context":{"text":"Ciencia y Tecnolog\u00eda","link":"https:\/\/soy.usac.edu.gt\/?cat=122"},"img":{"alt_text":"","src":"https:\/\/i0.wp.com\/soy.usac.edu.gt\/wp-content\/uploads\/2020\/07\/destacada.jpg?resize=350%2C200&ssl=1","width":350,"height":200,"srcset":"https:\/\/i0.wp.com\/soy.usac.edu.gt\/wp-content\/uploads\/2020\/07\/destacada.jpg?resize=350%2C200&ssl=1 1x, https:\/\/i0.wp.com\/soy.usac.edu.gt\/wp-content\/uploads\/2020\/07\/destacada.jpg?resize=525%2C300&ssl=1 1.5x, https:\/\/i0.wp.com\/soy.usac.edu.gt\/wp-content\/uploads\/2020\/07\/destacada.jpg?resize=700%2C400&ssl=1 2x"},"classes":[]}],"jetpack_sharing_enabled":true,"_links":{"self":[{"href":"https:\/\/soy.usac.edu.gt\/index.php?rest_route=\/wp\/v2\/posts\/21229","targetHints":{"allow":["GET"]}}],"collection":[{"href":"https:\/\/soy.usac.edu.gt\/index.php?rest_route=\/wp\/v2\/posts"}],"about":[{"href":"https:\/\/soy.usac.edu.gt\/index.php?rest_route=\/wp\/v2\/types\/post"}],"author":[{"embeddable":true,"href":"https:\/\/soy.usac.edu.gt\/index.php?rest_route=\/wp\/v2\/users\/1"}],"replies":[{"embeddable":true,"href":"https:\/\/soy.usac.edu.gt\/index.php?rest_route=%2Fwp%2Fv2%2Fcomments&post=21229"}],"version-history":[{"count":2,"href":"https:\/\/soy.usac.edu.gt\/index.php?rest_route=\/wp\/v2\/posts\/21229\/revisions"}],"predecessor-version":[{"id":21235,"href":"https:\/\/soy.usac.edu.gt\/index.php?rest_route=\/wp\/v2\/posts\/21229\/revisions\/21235"}],"wp:featuredmedia":[{"embeddable":true,"href":"https:\/\/soy.usac.edu.gt\/index.php?rest_route=\/wp\/v2\/media\/21231"}],"wp:attachment":[{"href":"https:\/\/soy.usac.edu.gt\/index.php?rest_route=%2Fwp%2Fv2%2Fmedia&parent=21229"}],"wp:term":[{"taxonomy":"category","embeddable":true,"href":"https:\/\/soy.usac.edu.gt\/index.php?rest_route=%2Fwp%2Fv2%2Fcategories&post=21229"},{"taxonomy":"post_tag","embeddable":true,"href":"https:\/\/soy.usac.edu.gt\/index.php?rest_route=%2Fwp%2Fv2%2Ftags&post=21229"}],"curies":[{"name":"wp","href":"https:\/\/api.w.org\/{rel}","templated":true}]}}