{"id":2146,"date":"2018-07-06T12:17:02","date_gmt":"2018-07-06T18:17:02","guid":{"rendered":"http:\/\/c2.usac.edu.gt\/periodico_propuesta\/?p=2146"},"modified":"2018-10-29T12:00:30","modified_gmt":"2018-10-29T18:00:30","slug":"radio-usac","status":"publish","type":"post","link":"https:\/\/soy.usac.edu.gt\/?p=2146","title":{"rendered":"Esc\u00fachanos en vivo"},"content":{"rendered":"<div id=\"wrap\" style=\"z-index: -1999;\">\n<blockquote class=\"td_box_center\">\n<blockquote class=\"td_quote_box td_box_center\">\n<h2 class=\"logo\">Escucha ac\u00e1 toda la programaci\u00f3n de Radio Universidad<\/h2>\n<p><img loading=\"lazy\" decoding=\"async\" class=\"alignnone size-full wp-image-2468\" src=\"http:\/\/c2.usac.edu.gt\/periodico_propuesta\/wp-content\/uploads\/2018\/07\/imagen_radio_usac_2018_b-1.jpg\" alt=\"radio usac\" width=\"300\" height=\"300\" srcset=\"https:\/\/soy.usac.edu.gt\/wp-content\/uploads\/2018\/07\/imagen_radio_usac_2018_b-1.jpg 300w, https:\/\/soy.usac.edu.gt\/wp-content\/uploads\/2018\/07\/imagen_radio_usac_2018_b-1-150x150.jpg 150w\" sizes=\"auto, (max-width: 300px) 100vw, 300px\" \/><\/p><\/blockquote>\n<\/blockquote>\n<div class=\"logo\"><\/div>\n<div class=\"publicidad\">\n<div class=\"reproductor\"><audio src=\"http:\/\/zenorad.io:10908\/;stream.nsvtype=mp3amp\" autoplay=\"autoplay\" controls=\"controls\"><source src=\"http:\/\/zenorad.io:10908\/;stream.nsvtype=mp3amp\" type=\"audio\/mpeg\" \/>Your browser does not support the audio element. \/ Su navegador no soporte este elemento de audio<\/audio><\/div>\n<p><!--Reproductor --><\/p>\n<\/div>\n<p><!-- fin de wrap --><\/p>\n<\/div>\n","protected":false},"excerpt":{"rendered":"<p>Escucha ac\u00e1 toda la programaci\u00f3n de Radio Universidad Your browser does not support the audio element. \/ Su navegador no soporte este elemento de audio<\/p>\n","protected":false},"author":1,"featured_media":2468,"comment_status":"closed","ping_status":"open","sticky":false,"template":"","format":"video","meta":{"_exactmetrics_skip_tracking":false,"_exactmetrics_sitenote_active":false,"_exactmetrics_sitenote_note":"","_exactmetrics_sitenote_category":0,"_jetpack_memberships_contains_paid_content":false,"footnotes":""},"categories":[128],"tags":[106],"class_list":["post-2146","post","type-post","status-publish","format-video","has-post-thumbnail","hentry","category-radio-usac","tag-radio-usac","post_format-post-format-video"],"aioseo_notices":[],"jetpack_featured_media_url":"https:\/\/soy.usac.edu.gt\/wp-content\/uploads\/2018\/07\/imagen_radio_usac_2018_b-1.jpg","views":"","jetpack-related-posts":[{"id":6648,"url":"https:\/\/soy.usac.edu.gt\/?p=6648","url_meta":{"origin":2146,"position":0},"title":"Entregan radios de \u00faltima generaci\u00f3n a seguridad interna de la USAC","author":"Edwin Medina","date":"10 junio, 2019","format":"video","excerpt":"Los radios son de \u00faltima generaci\u00f3n y contribuyen a tener una comunicaci\u00f3n m\u00e1s eficiente.","rel":"","context":"En \u00abVideos\u00bb","block_context":{"text":"Videos","link":"https:\/\/soy.usac.edu.gt\/?cat=31"},"img":{"alt_text":"","src":"https:\/\/i0.wp.com\/soy.usac.edu.gt\/wp-content\/uploads\/2019\/06\/maxresdefault-2.jpg?resize=350%2C200&ssl=1","width":350,"height":200,"srcset":"https:\/\/i0.wp.com\/soy.usac.edu.gt\/wp-content\/uploads\/2019\/06\/maxresdefault-2.jpg?resize=350%2C200&ssl=1 1x, https:\/\/i0.wp.com\/soy.usac.edu.gt\/wp-content\/uploads\/2019\/06\/maxresdefault-2.jpg?resize=525%2C300&ssl=1 1.5x, https:\/\/i0.wp.com\/soy.usac.edu.gt\/wp-content\/uploads\/2019\/06\/maxresdefault-2.jpg?resize=700%2C400&ssl=1 2x, https:\/\/i0.wp.com\/soy.usac.edu.gt\/wp-content\/uploads\/2019\/06\/maxresdefault-2.jpg?resize=1050%2C600&ssl=1 3x"},"classes":[]},{"id":20695,"url":"https:\/\/soy.usac.edu.gt\/?p=20695","url_meta":{"origin":2146,"position":1},"title":"Oferta Acad\u00e9mica de la USAC 2024","author":"Divisi\u00f3n de Publicidad","date":"30 agosto, 2024","format":false,"excerpt":"","rel":"","context":"En \u00abActividades\u00bb","block_context":{"text":"Actividades","link":"https:\/\/soy.usac.edu.gt\/?cat=126"},"img":{"alt_text":"","src":"https:\/\/i0.wp.com\/soy.usac.edu.gt\/wp-content\/uploads\/2024\/08\/INFOUSAC-FINALISIMO-2024_compressed-1-2.jpg?resize=350%2C200&ssl=1","width":350,"height":200,"srcset":"https:\/\/i0.wp.com\/soy.usac.edu.gt\/wp-content\/uploads\/2024\/08\/INFOUSAC-FINALISIMO-2024_compressed-1-2.jpg?resize=350%2C200&ssl=1 1x, https:\/\/i0.wp.com\/soy.usac.edu.gt\/wp-content\/uploads\/2024\/08\/INFOUSAC-FINALISIMO-2024_compressed-1-2.jpg?resize=525%2C300&ssl=1 1.5x, https:\/\/i0.wp.com\/soy.usac.edu.gt\/wp-content\/uploads\/2024\/08\/INFOUSAC-FINALISIMO-2024_compressed-1-2.jpg?resize=700%2C400&ssl=1 2x, https:\/\/i0.wp.com\/soy.usac.edu.gt\/wp-content\/uploads\/2024\/08\/INFOUSAC-FINALISIMO-2024_compressed-1-2.jpg?resize=1050%2C600&ssl=1 3x, https:\/\/i0.wp.com\/soy.usac.edu.gt\/wp-content\/uploads\/2024\/08\/INFOUSAC-FINALISIMO-2024_compressed-1-2.jpg?resize=1400%2C800&ssl=1 4x"},"classes":[]},{"id":21795,"url":"https:\/\/soy.usac.edu.gt\/?p=21795","url_meta":{"origin":2146,"position":2},"title":"DALE PLAY al Segundo Semestre 2025","author":"Divisi\u00f3n de Publicidad","date":"8 agosto, 2025","format":false,"excerpt":"La Universidad de San Carlos de Guatemala dio la bienvenida al segundo semestre 2025 con una jornada llena de energ\u00eda, m\u00fasica y actividades para toda la comunidad universitaria. El evento \u201cDALE PLAY al Segundo Semestre\u201d, realizado el jueves 7 de agosto en la Plaza de los M\u00e1rtires, reuni\u00f3 a estudiantes,\u2026","rel":"","context":"En \u00abActividades\u00bb","block_context":{"text":"Actividades","link":"https:\/\/soy.usac.edu.gt\/?cat=126"},"img":{"alt_text":"","src":"https:\/\/i0.wp.com\/soy.usac.edu.gt\/wp-content\/uploads\/2025\/08\/DPI01738-scaled.jpg?resize=350%2C200&ssl=1","width":350,"height":200,"srcset":"https:\/\/i0.wp.com\/soy.usac.edu.gt\/wp-content\/uploads\/2025\/08\/DPI01738-scaled.jpg?resize=350%2C200&ssl=1 1x, https:\/\/i0.wp.com\/soy.usac.edu.gt\/wp-content\/uploads\/2025\/08\/DPI01738-scaled.jpg?resize=525%2C300&ssl=1 1.5x, https:\/\/i0.wp.com\/soy.usac.edu.gt\/wp-content\/uploads\/2025\/08\/DPI01738-scaled.jpg?resize=700%2C400&ssl=1 2x, https:\/\/i0.wp.com\/soy.usac.edu.gt\/wp-content\/uploads\/2025\/08\/DPI01738-scaled.jpg?resize=1050%2C600&ssl=1 3x, https:\/\/i0.wp.com\/soy.usac.edu.gt\/wp-content\/uploads\/2025\/08\/DPI01738-scaled.jpg?resize=1400%2C800&ssl=1 4x"},"classes":[]},{"id":5406,"url":"https:\/\/soy.usac.edu.gt\/?p=5406","url_meta":{"origin":2146,"position":3},"title":"MUSAC reconoce labor cultural del Peri\u00f3dico de la USAC","author":"Divisi\u00f3n de Publicidad","date":"29 marzo, 2019","format":false,"excerpt":"Representantes de Radio Universidad, TV USAC, el Peri\u00f3dico de la USAC y otros medios nacionales fueron invitados al MUSAC para la entrega de un reconocimiento por el apoyo brindado al museo durante su trayectoria.","rel":"","context":"En \u00abNoticias\u00bb","block_context":{"text":"Noticias","link":"https:\/\/soy.usac.edu.gt\/?cat=29"},"img":{"alt_text":"","src":"https:\/\/i0.wp.com\/soy.usac.edu.gt\/wp-content\/uploads\/2019\/03\/DESTACADA-1.jpg?resize=350%2C200&ssl=1","width":350,"height":200,"srcset":"https:\/\/i0.wp.com\/soy.usac.edu.gt\/wp-content\/uploads\/2019\/03\/DESTACADA-1.jpg?resize=350%2C200&ssl=1 1x, https:\/\/i0.wp.com\/soy.usac.edu.gt\/wp-content\/uploads\/2019\/03\/DESTACADA-1.jpg?resize=525%2C300&ssl=1 1.5x, https:\/\/i0.wp.com\/soy.usac.edu.gt\/wp-content\/uploads\/2019\/03\/DESTACADA-1.jpg?resize=700%2C400&ssl=1 2x, https:\/\/i0.wp.com\/soy.usac.edu.gt\/wp-content\/uploads\/2019\/03\/DESTACADA-1.jpg?resize=1050%2C600&ssl=1 3x, https:\/\/i0.wp.com\/soy.usac.edu.gt\/wp-content\/uploads\/2019\/03\/DESTACADA-1.jpg?resize=1400%2C800&ssl=1 4x"},"classes":[]},{"id":6656,"url":"https:\/\/soy.usac.edu.gt\/?p=6656","url_meta":{"origin":2146,"position":4},"title":"USAC fortalece sistema de vigilancia","author":"Erick Iv\u00e1n de Le\u00f3n","date":"11 junio, 2019","format":false,"excerpt":"Entregan radios de \u00faltima generaci\u00f3n a seguridad interna de la USAC La administraci\u00f3n central de la Universidad de San Carlos de Guatemala entreg\u00f3 un sistema nuevo de comunicaci\u00f3n digital a los agentes de seguridad de la Ciudad Universitaria \u201cpara sustituir los dispositivos an\u00e1logos y mejorar la vigilancia y el control\u2026","rel":"","context":"En \u00abNoticias\u00bb","block_context":{"text":"Noticias","link":"https:\/\/soy.usac.edu.gt\/?cat=29"},"img":{"alt_text":"","src":"https:\/\/i0.wp.com\/soy.usac.edu.gt\/wp-content\/uploads\/2019\/06\/20190610_164522.jpg?resize=350%2C200&ssl=1","width":350,"height":200,"srcset":"https:\/\/i0.wp.com\/soy.usac.edu.gt\/wp-content\/uploads\/2019\/06\/20190610_164522.jpg?resize=350%2C200&ssl=1 1x, https:\/\/i0.wp.com\/soy.usac.edu.gt\/wp-content\/uploads\/2019\/06\/20190610_164522.jpg?resize=525%2C300&ssl=1 1.5x, https:\/\/i0.wp.com\/soy.usac.edu.gt\/wp-content\/uploads\/2019\/06\/20190610_164522.jpg?resize=700%2C400&ssl=1 2x, https:\/\/i0.wp.com\/soy.usac.edu.gt\/wp-content\/uploads\/2019\/06\/20190610_164522.jpg?resize=1050%2C600&ssl=1 3x, https:\/\/i0.wp.com\/soy.usac.edu.gt\/wp-content\/uploads\/2019\/06\/20190610_164522.jpg?resize=1400%2C800&ssl=1 4x"},"classes":[]},{"id":13274,"url":"https:\/\/soy.usac.edu.gt\/?p=13274","url_meta":{"origin":2146,"position":5},"title":"Dr. Gustavo Taracena asume como rector en funciones de la universidad","author":"Divisi\u00f3n de Publicidad","date":"27 febrero, 2021","format":false,"excerpt":"Ante los hechos suscitados el d\u00eda 26 de febrero de 2021","rel":"","context":"En \u00abNoticias\u00bb","block_context":{"text":"Noticias","link":"https:\/\/soy.usac.edu.gt\/?cat=29"},"img":{"alt_text":"","src":"https:\/\/i0.wp.com\/soy.usac.edu.gt\/wp-content\/uploads\/2021\/02\/COMUNICADO-IMAGEN-WEB.jpeg?resize=350%2C200&ssl=1","width":350,"height":200,"srcset":"https:\/\/i0.wp.com\/soy.usac.edu.gt\/wp-content\/uploads\/2021\/02\/COMUNICADO-IMAGEN-WEB.jpeg?resize=350%2C200&ssl=1 1x, https:\/\/i0.wp.com\/soy.usac.edu.gt\/wp-content\/uploads\/2021\/02\/COMUNICADO-IMAGEN-WEB.jpeg?resize=525%2C300&ssl=1 1.5x, https:\/\/i0.wp.com\/soy.usac.edu.gt\/wp-content\/uploads\/2021\/02\/COMUNICADO-IMAGEN-WEB.jpeg?resize=700%2C400&ssl=1 2x"},"classes":[]}],"jetpack_sharing_enabled":true,"_links":{"self":[{"href":"https:\/\/soy.usac.edu.gt\/index.php?rest_route=\/wp\/v2\/posts\/2146","targetHints":{"allow":["GET"]}}],"collection":[{"href":"https:\/\/soy.usac.edu.gt\/index.php?rest_route=\/wp\/v2\/posts"}],"about":[{"href":"https:\/\/soy.usac.edu.gt\/index.php?rest_route=\/wp\/v2\/types\/post"}],"author":[{"embeddable":true,"href":"https:\/\/soy.usac.edu.gt\/index.php?rest_route=\/wp\/v2\/users\/1"}],"replies":[{"embeddable":true,"href":"https:\/\/soy.usac.edu.gt\/index.php?rest_route=%2Fwp%2Fv2%2Fcomments&post=2146"}],"version-history":[{"count":0,"href":"https:\/\/soy.usac.edu.gt\/index.php?rest_route=\/wp\/v2\/posts\/2146\/revisions"}],"wp:featuredmedia":[{"embeddable":true,"href":"https:\/\/soy.usac.edu.gt\/index.php?rest_route=\/wp\/v2\/media\/2468"}],"wp:attachment":[{"href":"https:\/\/soy.usac.edu.gt\/index.php?rest_route=%2Fwp%2Fv2%2Fmedia&parent=2146"}],"wp:term":[{"taxonomy":"category","embeddable":true,"href":"https:\/\/soy.usac.edu.gt\/index.php?rest_route=%2Fwp%2Fv2%2Fcategories&post=2146"},{"taxonomy":"post_tag","embeddable":true,"href":"https:\/\/soy.usac.edu.gt\/index.php?rest_route=%2Fwp%2Fv2%2Ftags&post=2146"}],"curies":[{"name":"wp","href":"https:\/\/api.w.org\/{rel}","templated":true}]}}