{"id":2170,"date":"2018-08-11T11:23:19","date_gmt":"2018-08-11T17:23:19","guid":{"rendered":"http:\/\/c2.usac.edu.gt\/periodico_propuesta\/?p=2170"},"modified":"2018-08-11T11:23:57","modified_gmt":"2018-08-11T17:23:57","slug":"por-una-usac-inclusiva","status":"publish","type":"post","link":"https:\/\/soy.usac.edu.gt\/?p=2170","title":{"rendered":"\u00a1Por una USAC inclusiva!"},"content":{"rendered":"<p>Las Pol\u00edticas de Atenci\u00f3n a las Personas con Discapacidad, en la Universidad de San Carlos de Guatemala, constituyen un marco institucional orientado a dirigir las acciones prioritarias que deben tomar las unidades acad\u00e9micas y administrativas para la inclusi\u00f3n efectiva de las personas con discapacidad en la educaci\u00f3n superior.<\/p>\n<p>En relaci\u00f3n con este proceso, la Secci\u00f3n de Orientaci\u00f3n Vocacional, de la Divisi\u00f3n de Bienestar Estudiantil Universitario, desarrolla actualmente un programa de atenci\u00f3n para estudiantes con discapacidad, tanto de preingreso como en permanencia.<\/p>\n<p>Al momento, esta secci\u00f3n se encarga de las gestiones para exonerar de las pruebas de ingreso a personas con discapacidad, mientras realiza \u2014en conjunto con las dem\u00e1s unidades que conforman la Subcomisi\u00f3n T\u00e9cnica de Adaptaci\u00f3n de Pruebas de Ingreso\u2014 los ajustes a las metodolog\u00edas de evaluaci\u00f3n adecuadas a las necesidades de las distintas condiciones de discapacidad. Est\u00e1 ubicada en el edificio de Bienestar Estudiantil, Secci\u00f3n de Orientaci\u00f3n Vocacional, tercer nivel.<\/p>\n<p>Se ha contado con el apoyo del Benem\u00e9rito Comit\u00e9 Pro Ciegos y Sordos de Guatemala para impartir cursos de lengua de se\u00f1as gratuitos a la comunidad sancarlista: docentes, estudiantes y personal administrativo.<\/p>\n<p>Los cursos han sido organizados por Bienestar Estudiantil Universitario en conjunto con la Unidad de Bienestar y Desarrollo Estudiantil de la Facultad de Arquitectura. Se imparten los lunes de 11:00 a 13: 00 y de 14:00 a 16:00 horas en la facultad mencionada. Se planea impartir futuros talleres de braille, \u00e1baco y recursos tecnol\u00f3gicos para personas con discapacidad.<\/p>\n","protected":false},"excerpt":{"rendered":"<p>Las Pol\u00edticas de Atenci\u00f3n a las Personas con Discapacidad, en la Universidad de San Carlos de Guatemala, constituyen un marco institucional orientado a dirigir las acciones prioritarias que deben tomar las unidades acad\u00e9micas y administrativas para la inclusi\u00f3n efectiva de las personas con discapacidad en la educaci\u00f3n superior. En relaci\u00f3n con este proceso, la Secci\u00f3n [&hellip;]<\/p>\n","protected":false},"author":1,"featured_media":2171,"comment_status":"closed","ping_status":"open","sticky":false,"template":"","format":"standard","meta":{"_exactmetrics_skip_tracking":false,"_exactmetrics_sitenote_active":false,"_exactmetrics_sitenote_note":"","_exactmetrics_sitenote_category":0,"_jetpack_memberships_contains_paid_content":false,"footnotes":""},"categories":[29],"tags":[130,129],"class_list":["post-2170","post","type-post","status-publish","format-standard","has-post-thumbnail","hentry","category-noticias","tag-estudiantes","tag-formacion"],"aioseo_notices":[],"jetpack_featured_media_url":"https:\/\/soy.usac.edu.gt\/wp-content\/uploads\/2018\/08\/foto-discapacidad.jpg","views":"","jetpack-related-posts":[{"id":9501,"url":"https:\/\/soy.usac.edu.gt\/?p=9501","url_meta":{"origin":2170,"position":0},"title":"Capacitan a trabajadores para mejorar la atenci\u00f3n a estudiantes","author":"Divisi\u00f3n de Publicidad","date":"31 octubre, 2019","format":false,"excerpt":"Trabajadores administrativos recibieron una capacitaci\u00f3n para mejorar la atenci\u00f3n de orientaci\u00f3n a los usuarios.","rel":"","context":"En \u00abNoticias\u00bb","block_context":{"text":"Noticias","link":"https:\/\/soy.usac.edu.gt\/?cat=29"},"img":{"alt_text":"","src":"https:\/\/i0.wp.com\/soy.usac.edu.gt\/wp-content\/uploads\/2019\/10\/3-9.jpg?resize=350%2C200&ssl=1","width":350,"height":200,"srcset":"https:\/\/i0.wp.com\/soy.usac.edu.gt\/wp-content\/uploads\/2019\/10\/3-9.jpg?resize=350%2C200&ssl=1 1x, https:\/\/i0.wp.com\/soy.usac.edu.gt\/wp-content\/uploads\/2019\/10\/3-9.jpg?resize=525%2C300&ssl=1 1.5x, https:\/\/i0.wp.com\/soy.usac.edu.gt\/wp-content\/uploads\/2019\/10\/3-9.jpg?resize=700%2C400&ssl=1 2x, https:\/\/i0.wp.com\/soy.usac.edu.gt\/wp-content\/uploads\/2019\/10\/3-9.jpg?resize=1050%2C600&ssl=1 3x, https:\/\/i0.wp.com\/soy.usac.edu.gt\/wp-content\/uploads\/2019\/10\/3-9.jpg?resize=1400%2C800&ssl=1 4x"},"classes":[]},{"id":12999,"url":"https:\/\/soy.usac.edu.gt\/?p=12999","url_meta":{"origin":2170,"position":1},"title":"CSU hace un llamado para que se brinde mayor atenci\u00f3n a personas con discapacidad.","author":"Divisi\u00f3n de Publicidad","date":"3 diciembre, 2020","format":false,"excerpt":"Proponen acciones efectivas sobre las causas que pueden prevenir la discapacidad, entre ellas, las que emergen por razones de pobreza y violencia.","rel":"","context":"En \u00abNoticias\u00bb","block_context":{"text":"Noticias","link":"https:\/\/soy.usac.edu.gt\/?cat=29"},"img":{"alt_text":"","src":"","width":0,"height":0},"classes":[]},{"id":2649,"url":"https:\/\/soy.usac.edu.gt\/?p=2649","url_meta":{"origin":2170,"position":2},"title":"\u00a1Universidad para todos!","author":"Divisi\u00f3n de Publicidad","date":"24 octubre, 2018","format":false,"excerpt":"La Universidad de San Carlos est\u00e1 trabajando\u00a0en favor de la inclusi\u00f3n y accesibilidad de la educaci\u00f3n superior. \u201cMi mayor reto es la movilidad, se me dificulta subir escalones y recibo clases hasta el cuarto nivel del edificio, adem\u00e1s el tama\u00f1o de los escritorios no me ayudan a la salud porque\u2026","rel":"","context":"En \u00abReportajes\u00bb","block_context":{"text":"Reportajes","link":"https:\/\/soy.usac.edu.gt\/?cat=150"},"img":{"alt_text":"","src":"https:\/\/i0.wp.com\/soy.usac.edu.gt\/wp-content\/uploads\/2018\/08\/foto-discapacidad.jpg?resize=350%2C200&ssl=1","width":350,"height":200,"srcset":"https:\/\/i0.wp.com\/soy.usac.edu.gt\/wp-content\/uploads\/2018\/08\/foto-discapacidad.jpg?resize=350%2C200&ssl=1 1x, https:\/\/i0.wp.com\/soy.usac.edu.gt\/wp-content\/uploads\/2018\/08\/foto-discapacidad.jpg?resize=525%2C300&ssl=1 1.5x, https:\/\/i0.wp.com\/soy.usac.edu.gt\/wp-content\/uploads\/2018\/08\/foto-discapacidad.jpg?resize=700%2C400&ssl=1 2x"},"classes":[]},{"id":11770,"url":"https:\/\/soy.usac.edu.gt\/?p=11770","url_meta":{"origin":2170,"position":3},"title":"CSU hace un llamado a no desatender a personas con discapacidad durante la pandemia","author":"Divisi\u00f3n de Publicidad","date":"3 junio, 2020","format":false,"excerpt":"Ante la situaci\u00f3n de vulnerabilidad de la poblaci\u00f3n Guatemalteca en condici\u00f3n de discapacidad en la presente pandemia del COVID-19.","rel":"","context":"En \u00abNoticias\u00bb","block_context":{"text":"Noticias","link":"https:\/\/soy.usac.edu.gt\/?cat=29"},"img":{"alt_text":"","src":"","width":0,"height":0},"classes":[]},{"id":12217,"url":"https:\/\/soy.usac.edu.gt\/?p=12217","url_meta":{"origin":2170,"position":4},"title":"CSU ratifica la virtualidad en todos los procesos acad\u00e9micos y administrativos de la USAC","author":"Divisi\u00f3n de Publicidad","date":"15 agosto, 2020","format":false,"excerpt":"Todos los procesos administrativos y acad\u00e9micos se llevar\u00e1n a cabo de forma electr\u00f3nica.","rel":"","context":"En \u00abNoticias\u00bb","block_context":{"text":"Noticias","link":"https:\/\/soy.usac.edu.gt\/?cat=29"},"img":{"alt_text":"","src":"","width":0,"height":0},"classes":[]},{"id":14355,"url":"https:\/\/soy.usac.edu.gt\/?p=14355","url_meta":{"origin":2170,"position":5},"title":"Por una educaci\u00f3n superior inclusiva","author":"Divisi\u00f3n de Publicidad","date":"26 mayo, 2021","format":false,"excerpt":"La USAC, con el apoyo del Benem\u00e9rito Comit\u00e9 Prociegos y Sordos de Guatemala, implementar\u00e1 cinco programas que facilitan el acceso de las personas con discapacidad a la academia y \u00e1mbitos laborales.","rel":"","context":"En \u00abEstudiantes\u00bb","block_context":{"text":"Estudiantes","link":"https:\/\/soy.usac.edu.gt\/?cat=585"},"img":{"alt_text":"","src":"https:\/\/i0.wp.com\/soy.usac.edu.gt\/wp-content\/uploads\/2021\/05\/WhatsApp-Image-2021-05-26-at-16.59.56.jpeg?resize=350%2C200&ssl=1","width":350,"height":200,"srcset":"https:\/\/i0.wp.com\/soy.usac.edu.gt\/wp-content\/uploads\/2021\/05\/WhatsApp-Image-2021-05-26-at-16.59.56.jpeg?resize=350%2C200&ssl=1 1x, https:\/\/i0.wp.com\/soy.usac.edu.gt\/wp-content\/uploads\/2021\/05\/WhatsApp-Image-2021-05-26-at-16.59.56.jpeg?resize=525%2C300&ssl=1 1.5x, https:\/\/i0.wp.com\/soy.usac.edu.gt\/wp-content\/uploads\/2021\/05\/WhatsApp-Image-2021-05-26-at-16.59.56.jpeg?resize=700%2C400&ssl=1 2x, https:\/\/i0.wp.com\/soy.usac.edu.gt\/wp-content\/uploads\/2021\/05\/WhatsApp-Image-2021-05-26-at-16.59.56.jpeg?resize=1050%2C600&ssl=1 3x"},"classes":[]}],"jetpack_sharing_enabled":true,"_links":{"self":[{"href":"https:\/\/soy.usac.edu.gt\/index.php?rest_route=\/wp\/v2\/posts\/2170","targetHints":{"allow":["GET"]}}],"collection":[{"href":"https:\/\/soy.usac.edu.gt\/index.php?rest_route=\/wp\/v2\/posts"}],"about":[{"href":"https:\/\/soy.usac.edu.gt\/index.php?rest_route=\/wp\/v2\/types\/post"}],"author":[{"embeddable":true,"href":"https:\/\/soy.usac.edu.gt\/index.php?rest_route=\/wp\/v2\/users\/1"}],"replies":[{"embeddable":true,"href":"https:\/\/soy.usac.edu.gt\/index.php?rest_route=%2Fwp%2Fv2%2Fcomments&post=2170"}],"version-history":[{"count":0,"href":"https:\/\/soy.usac.edu.gt\/index.php?rest_route=\/wp\/v2\/posts\/2170\/revisions"}],"wp:featuredmedia":[{"embeddable":true,"href":"https:\/\/soy.usac.edu.gt\/index.php?rest_route=\/wp\/v2\/media\/2171"}],"wp:attachment":[{"href":"https:\/\/soy.usac.edu.gt\/index.php?rest_route=%2Fwp%2Fv2%2Fmedia&parent=2170"}],"wp:term":[{"taxonomy":"category","embeddable":true,"href":"https:\/\/soy.usac.edu.gt\/index.php?rest_route=%2Fwp%2Fv2%2Fcategories&post=2170"},{"taxonomy":"post_tag","embeddable":true,"href":"https:\/\/soy.usac.edu.gt\/index.php?rest_route=%2Fwp%2Fv2%2Ftags&post=2170"}],"curies":[{"name":"wp","href":"https:\/\/api.w.org\/{rel}","templated":true}]}}